{"id":2672,"date":"2008-06-02T00:00:00","date_gmt":"2008-06-01T22:00:00","guid":{"rendered":"https:\/\/lightweb.dev\/l\/svm-temp\/sa-haller-sig-kungen-ung\/"},"modified":"2008-06-02T00:00:00","modified_gmt":"2008-06-01T22:00:00","slug":"sa-haller-sig-kungen-ung","status":"publish","type":"post","link":"https:\/\/lightweb.dev\/l\/svm-temp\/artiklar\/sa-haller-sig-kungen-ung\/","title":{"rendered":"S\u00e5 h\u00e5ller sig kungen ung"},"content":{"rendered":"<p> Spaniens Don Juan Carlos m\u00e5r som en prins. Vid 70 \u00e5rs \u00e5lder f\u00f6rs\u00f6ker han skapa de b\u00e4sta m\u00f6jliga f\u00f6ruts\u00e4ttningarna. Sedan en tid tillbaka f\u00e5\u00a8r han regelbundna behandling mot \u00e5ldrandets effekter p\u00e5 Clinica Planas i Barcelona Av Elin Petersson<\/p>\n<p>Behandlingen handlar varken om mirakel, plastikkirurgi eller ansiktslyft. Hans majest\u00e4t v\u00e4ljer ist\u00e4llet att dra f\u00f6rdel av vetenskapliga fynd f\u00f6r att i st\u00f6rsta m\u00f6jliga m\u00e5n f\u00f6rdr\u00f6ja den naturliga \u00e5ldringsprocessen och beh\u00e5lla kroppens och intellektets prestanda, skriver dagstidningen ABC i en artikel \u00f6ver hur kung Juan Carlos h\u00e5ller sig i form.<br \/>\nDoktorerna J\u00falian Bay\u00f3n och Manuel S\u00e1nchez har utarbetat en personlig behandlingsplan till Don Juan Carlos, allt f\u00f6r att beh\u00e5lla hans nuvarande mentala och kroppsliga fysik och p\u00e5 s\u00e5 s\u00e4tt h\u00f6ja livskvaliteten och f\u00f6rhindra sjukdomar.<\/p>\n<p>Belastningar<br \/>\nBehandlingen utg\u00e5r fr\u00e5n skillnaden i individens kronologiska \u00e5lder (det som h\u00e4nder fr\u00e5n f\u00f6delsen till idag) och den biologiska \u00e5ldern, som avg\u00f6rs av p\u00e5frestningar under livets g\u00e5ng.<br \/>\nBelastningar p\u00e5 kroppen best\u00e5r av obalanserad kost, brist p\u00e5 s\u00f6mn, mycket stillasittande och stress exempelvis. Det \u00e4r sv\u00e5rt att undvika en del av dessa, men en del kan vi kontrollera eller kompensera.<br \/>\nClinica Planas unders\u00f6ker noggrant patientens biologiska \u00e5lder. Genom blodprov, urinprov, salivprov, ekografi och r\u00f6ntgen avg\u00f6rs drygt 300 biokemiska, immunologiska och genetiska parametrar som fastst\u00e4ller \u00e5ldrandets effekt p\u00e5 kroppen. Kliniken utv\u00e4rderar fettsyrorna, hormonniv\u00e5erna, risker f\u00f6r tum\u00f6rer och andra hj\u00e4rt- och k\u00e4rl sjukdomar samt genomf\u00f6r en genetisk och immunologisk studie. Resultaten j\u00e4mf\u00f6rs d\u00e4refter med statistik \u00f6ver resten av befolkningen.<\/p>\n<p>\u00c5ldrandeprofil<br \/>\nEfter \u00e4nnu fler prover av bland annat lungor, njurar och lever genomf\u00f6rs ocks\u00e5 en neuropsykologisk utv\u00e4rdering d\u00e4r man ser \u00f6ver patientens kostvanor, fysik, kroppens sammans\u00e4ttning av fett, muskler och vatten och unders\u00f6ker de faktorer som styr nedbrytningen av cellerna.<br \/>\nSumman av alla dessa prover och unders\u00f6kningar \u00e4r en \u00e5ldrandeprofil d\u00e4r patientens svagheter i \u00e5ldrandeprocessen pekas ut, d\u00e4refter rekommenderas en viss behandlingsmetod. Mest intressant av allt \u00e4r dock bilden \u00f6ver den biologiska \u00e5ldringen d\u00e4r nedbrytningshastighet och m\u00f6jligheten att stoppa upp den m\u00e5las upp \u00f6ver varje del av individen.<\/p>\n<p>Behandlingsplan<br \/>\nBehandlingen \u00e4r personligt anpassad d\u00e4r kost, motion, h\u00e4lsotillskott, vitaminer, och i en del fall \u00e4ven mediciner, rekommenderas. Behandlingsplanen inkluderar ocks\u00e5 f\u00f6r\u00e4ndringar i ens livsstil, motionsf\u00f6rslag samt \u00f6vningar f\u00f6r att kontrollera stress, st\u00e4rka minnet, uppm\u00e4rksamheten och koncentrationen. Med j\u00e4mna mellanrum, genomf\u00f6rs kontroller f\u00f6r att utv\u00e4rdera \u00e5ldrandets utveckling i kombination med behandlingen.<br \/>\nEn av behandlingens viktigaste punkter \u00e4r kosten, d\u00e5 det \u00e4r bevisat att en personligt anpassad kosth\u00e5llning f\u00f6rl\u00e4nger livet. Kostr\u00e5den brukar komplimenteras med extra vitaminer, mineraler, mikron\u00e4rings\u00e4mnen, antioxidanter och andra preparat.<\/p>\n<p>Sportintresse<br \/>\nHans majest\u00e4t Don Juan Carlos har det dock sv\u00e5rt med behandlingsplanen emellan\u00e5t. Hemma p\u00e5 Palacio de la Zarzuela f\u00e5r han alltid n\u00e4ringsrik mat. Men under hans resor och representationsmiddagar (framf\u00f6r allt alla kanap\u00e9er) \u00e4r det tuffare, skriver ABC. Dock har kungen tur, f\u00f6r sport och fysiska aktiviteter har alltid st\u00e5tt i centrum i hans liv. Tack vare hans disciplinerade s\u00e4tt, finner han alltid tid f\u00f6r sin fysiska tr\u00e4ning.<br \/>\nBehandlingen som Clinica Planas i Barcelona erbjuder \u00f6kad muskelmassa, b\u00e4ttre sp\u00e4nst, mindre fettprocent och ett st\u00f6rre v\u00e4lm\u00e5ende, om behandlingsplanen f\u00f6ljs. Immunsystemet st\u00e4rks, kroppen st\u00e5r b\u00e4ttre emot f\u00f6rkylningar och andra infektioner. Cellf\u00f6rnyelsen f\u00f6rb\u00e4ttras som ger b\u00e4ttre livskraftighet, mindre celler f\u00f6rst\u00f6rs, huden f\u00e5r b\u00e4ttre fuktniv\u00e5 och elasticitet och s\u00e5r l\u00e4ks snabbare.<br \/>\nOch sj\u00e4lvfallet, de intellektuella f\u00f6rdelarna \u00e4r viktiga: b\u00e4ttre minne, koncentrationsf\u00f6rm\u00e5ga, mental r\u00f6rlighet, reflexer och st\u00f6rre stresskontroll. Tiden stoppas inte men f\u00f6rhoppningsvis f\u00f6rsenas dess effekter, s\u00e4ger kliniken till dagstidningen ABC. <\/p>\n","protected":false},"excerpt":{"rendered":"<p>Spaniens Don Juan Carlos m\u00e5r som en prins. Vid 70 \u00e5rs \u00e5lder f\u00f6rs\u00f6ker han skapa de b\u00e4sta m\u00f6jliga f\u00f6ruts\u00e4ttningarna. Sedan en tid tillbaka f\u00e5\u00a8r han regelbundna behandling mot \u00e5ldrandets effekter p\u00e5 Clinica Planas i Barcelona Av Elin Petersson Behandlingen handlar varken om mirakel, plastikkirurgi eller ansiktslyft. Hans majest\u00e4t v\u00e4ljer ist\u00e4llet att dra f\u00f6rdel av vetenskapliga [&hellip;]<\/p>\n","protected":false},"author":8,"featured_media":2673,"comment_status":"open","ping_status":"open","sticky":false,"template":"","format":"standard","meta":{"_et_pb_use_builder":"","_et_pb_old_content":"","_et_gb_content_width":"","footnotes":""},"categories":[396,4],"tags":[],"class_list":["post-2672","post","type-post","status-publish","format-standard","has-post-thumbnail","hentry","category-arkiv-artiklar","category-artiklar"],"yoast_head":"<!-- This site is optimized with the Yoast SEO Premium plugin v26.2 (Yoast SEO v27.4) - https:\/\/yoast.com\/product\/yoast-seo-premium-wordpress\/ -->\n<title>S\u00e5 h\u00e5ller sig kungen ung - Svenska Magasinet<\/title>\n<meta name=\"robots\" content=\"noindex, follow, max-snippet:-1, max-image-preview:large, max-video-preview:-1\" \/>\n<meta property=\"og:locale\" content=\"sv_SE\" \/>\n<meta property=\"og:type\" content=\"article\" \/>\n<meta property=\"og:title\" content=\"S\u00e5 h\u00e5ller sig kungen ung\" \/>\n<meta property=\"og:description\" content=\"Spaniens Don Juan Carlos m\u00e5r som en prins. Vid 70 \u00e5rs \u00e5lder f\u00f6rs\u00f6ker han skapa de b\u00e4sta m\u00f6jliga f\u00f6ruts\u00e4ttningarna. Sedan en tid tillbaka f\u00e5\u00a8r han regelbundna behandling mot \u00e5ldrandets effekter p\u00e5 Clinica Planas i Barcelona Av Elin Petersson Behandlingen handlar varken om mirakel, plastikkirurgi eller ansiktslyft. Hans majest\u00e4t v\u00e4ljer ist\u00e4llet att dra f\u00f6rdel av vetenskapliga [&hellip;]\" \/>\n<meta property=\"og:url\" content=\"https:\/\/lightweb.dev\/l\/svm-temp\/artiklar\/sa-haller-sig-kungen-ung\/\" \/>\n<meta property=\"og:site_name\" content=\"Svenska Magasinet\" \/>\n<meta property=\"article:publisher\" content=\"https:\/\/www.facebook.com\/svenskamagasinet\" \/>\n<meta property=\"article:published_time\" content=\"2008-06-01T22:00:00+00:00\" \/>\n<meta property=\"og:image\" content=\"https:\/\/lightweb.dev\/l\/svm-temp\/wp-content\/uploads\/2022\/04\/s-hller-sig-kungen-ung.png\" \/>\n\t<meta property=\"og:image:width\" content=\"283\" \/>\n\t<meta property=\"og:image:height\" content=\"200\" \/>\n\t<meta property=\"og:image:type\" content=\"image\/png\" \/>\n<meta name=\"author\" content=\"Redaktionen SvM\" \/>\n<meta name=\"twitter:card\" content=\"summary_large_image\" \/>\n<meta name=\"twitter:creator\" content=\"@SvenskaMagasine\" \/>\n<meta name=\"twitter:site\" content=\"@SvenskaMagasine\" \/>\n<script type=\"application\/ld+json\" class=\"yoast-schema-graph\">{\"@context\":\"https:\\\/\\\/schema.org\",\"@graph\":[{\"@type\":\"Article\",\"@id\":\"https:\\\/\\\/lightweb.dev\\\/l\\\/svm-temp\\\/artiklar\\\/sa-haller-sig-kungen-ung\\\/#article\",\"isPartOf\":{\"@id\":\"https:\\\/\\\/lightweb.dev\\\/l\\\/svm-temp\\\/artiklar\\\/sa-haller-sig-kungen-ung\\\/\"},\"author\":{\"name\":\"Redaktionen SvM\",\"@id\":\"https:\\\/\\\/lightweb.dev\\\/l\\\/svm-temp\\\/#\\\/schema\\\/person\\\/206a3bda5b607b0c25e1749191e4d837\"},\"headline\":\"S\u00e5 h\u00e5ller sig kungen ung\",\"datePublished\":\"2008-06-01T22:00:00+00:00\",\"mainEntityOfPage\":{\"@id\":\"https:\\\/\\\/lightweb.dev\\\/l\\\/svm-temp\\\/artiklar\\\/sa-haller-sig-kungen-ung\\\/\"},\"wordCount\":681,\"commentCount\":0,\"publisher\":{\"@id\":\"https:\\\/\\\/lightweb.dev\\\/l\\\/svm-temp\\\/#organization\"},\"image\":{\"@id\":\"https:\\\/\\\/lightweb.dev\\\/l\\\/svm-temp\\\/artiklar\\\/sa-haller-sig-kungen-ung\\\/#primaryimage\"},\"thumbnailUrl\":\"https:\\\/\\\/lightweb.dev\\\/l\\\/svm-temp\\\/wp-content\\\/uploads\\\/2022\\\/04\\\/s-hller-sig-kungen-ung.png\",\"articleSection\":[\"Arkiv\",\"Artiklar\"],\"inLanguage\":\"sv-SE\"},{\"@type\":\"WebPage\",\"@id\":\"https:\\\/\\\/lightweb.dev\\\/l\\\/svm-temp\\\/artiklar\\\/sa-haller-sig-kungen-ung\\\/\",\"url\":\"https:\\\/\\\/lightweb.dev\\\/l\\\/svm-temp\\\/artiklar\\\/sa-haller-sig-kungen-ung\\\/\",\"name\":\"S\u00e5 h\u00e5ller sig kungen ung - Svenska Magasinet\",\"isPartOf\":{\"@id\":\"https:\\\/\\\/lightweb.dev\\\/l\\\/svm-temp\\\/#website\"},\"primaryImageOfPage\":{\"@id\":\"https:\\\/\\\/lightweb.dev\\\/l\\\/svm-temp\\\/artiklar\\\/sa-haller-sig-kungen-ung\\\/#primaryimage\"},\"image\":{\"@id\":\"https:\\\/\\\/lightweb.dev\\\/l\\\/svm-temp\\\/artiklar\\\/sa-haller-sig-kungen-ung\\\/#primaryimage\"},\"thumbnailUrl\":\"https:\\\/\\\/lightweb.dev\\\/l\\\/svm-temp\\\/wp-content\\\/uploads\\\/2022\\\/04\\\/s-hller-sig-kungen-ung.png\",\"datePublished\":\"2008-06-01T22:00:00+00:00\",\"breadcrumb\":{\"@id\":\"https:\\\/\\\/lightweb.dev\\\/l\\\/svm-temp\\\/artiklar\\\/sa-haller-sig-kungen-ung\\\/#breadcrumb\"},\"inLanguage\":\"sv-SE\",\"potentialAction\":[{\"@type\":\"ReadAction\",\"target\":[\"https:\\\/\\\/lightweb.dev\\\/l\\\/svm-temp\\\/artiklar\\\/sa-haller-sig-kungen-ung\\\/\"]}]},{\"@type\":\"ImageObject\",\"inLanguage\":\"sv-SE\",\"@id\":\"https:\\\/\\\/lightweb.dev\\\/l\\\/svm-temp\\\/artiklar\\\/sa-haller-sig-kungen-ung\\\/#primaryimage\",\"url\":\"https:\\\/\\\/lightweb.dev\\\/l\\\/svm-temp\\\/wp-content\\\/uploads\\\/2022\\\/04\\\/s-hller-sig-kungen-ung.png\",\"contentUrl\":\"https:\\\/\\\/lightweb.dev\\\/l\\\/svm-temp\\\/wp-content\\\/uploads\\\/2022\\\/04\\\/s-hller-sig-kungen-ung.png\",\"width\":283,\"height\":200},{\"@type\":\"BreadcrumbList\",\"@id\":\"https:\\\/\\\/lightweb.dev\\\/l\\\/svm-temp\\\/artiklar\\\/sa-haller-sig-kungen-ung\\\/#breadcrumb\",\"itemListElement\":[{\"@type\":\"ListItem\",\"position\":1,\"name\":\"Hem\",\"item\":\"https:\\\/\\\/lightweb.dev\\\/l\\\/svm-temp\\\/\"},{\"@type\":\"ListItem\",\"position\":2,\"name\":\"S\u00e5 h\u00e5ller sig kungen ung\"}]},{\"@type\":\"WebSite\",\"@id\":\"https:\\\/\\\/lightweb.dev\\\/l\\\/svm-temp\\\/#website\",\"url\":\"https:\\\/\\\/lightweb.dev\\\/l\\\/svm-temp\\\/\",\"name\":\"Svenska Magasinet\",\"description\":\"Dina Spanska nyheter p&aring; Svenska\",\"publisher\":{\"@id\":\"https:\\\/\\\/lightweb.dev\\\/l\\\/svm-temp\\\/#organization\"},\"potentialAction\":[{\"@type\":\"SearchAction\",\"target\":{\"@type\":\"EntryPoint\",\"urlTemplate\":\"https:\\\/\\\/lightweb.dev\\\/l\\\/svm-temp\\\/?s={search_term_string}\"},\"query-input\":{\"@type\":\"PropertyValueSpecification\",\"valueRequired\":true,\"valueName\":\"search_term_string\"}}],\"inLanguage\":\"sv-SE\"},{\"@type\":\"Organization\",\"@id\":\"https:\\\/\\\/lightweb.dev\\\/l\\\/svm-temp\\\/#organization\",\"name\":\"Melkerson y Nott SL\",\"alternateName\":\"Svenska Magasinet\",\"url\":\"https:\\\/\\\/lightweb.dev\\\/l\\\/svm-temp\\\/\",\"logo\":{\"@type\":\"ImageObject\",\"inLanguage\":\"sv-SE\",\"@id\":\"https:\\\/\\\/lightweb.dev\\\/l\\\/svm-temp\\\/#\\\/schema\\\/logo\\\/image\\\/\",\"url\":\"https:\\\/\\\/lightweb.dev\\\/l\\\/svm-temp\\\/wp-content\\\/uploads\\\/2025\\\/02\\\/SvM-logo-Xtra-Centrerad-SVART.png\",\"contentUrl\":\"https:\\\/\\\/lightweb.dev\\\/l\\\/svm-temp\\\/wp-content\\\/uploads\\\/2025\\\/02\\\/SvM-logo-Xtra-Centrerad-SVART.png\",\"width\":300,\"height\":99,\"caption\":\"Melkerson y Nott SL\"},\"image\":{\"@id\":\"https:\\\/\\\/lightweb.dev\\\/l\\\/svm-temp\\\/#\\\/schema\\\/logo\\\/image\\\/\"},\"sameAs\":[\"https:\\\/\\\/www.facebook.com\\\/svenskamagasinet\",\"https:\\\/\\\/x.com\\\/SvenskaMagasine\"]},{\"@type\":\"Person\",\"@id\":\"https:\\\/\\\/lightweb.dev\\\/l\\\/svm-temp\\\/#\\\/schema\\\/person\\\/206a3bda5b607b0c25e1749191e4d837\",\"name\":\"Redaktionen SvM\",\"description\":\"Redaktionen\",\"sameAs\":[\"https:\\\/\\\/lightweb.dev\\\/l\\\/svm-temp\"],\"url\":\"https:\\\/\\\/lightweb.dev\\\/l\\\/svm-temp\\\/reporter\\\/redaktionen\\\/\"}]}<\/script>\n<!-- \/ Yoast SEO Premium plugin. -->","yoast_head_json":{"title":"S\u00e5 h\u00e5ller sig kungen ung - Svenska Magasinet","robots":{"index":"noindex","follow":"follow","max-snippet":"max-snippet:-1","max-image-preview":"max-image-preview:large","max-video-preview":"max-video-preview:-1"},"og_locale":"sv_SE","og_type":"article","og_title":"S\u00e5 h\u00e5ller sig kungen ung","og_description":"Spaniens Don Juan Carlos m\u00e5r som en prins. Vid 70 \u00e5rs \u00e5lder f\u00f6rs\u00f6ker han skapa de b\u00e4sta m\u00f6jliga f\u00f6ruts\u00e4ttningarna. Sedan en tid tillbaka f\u00e5\u00a8r han regelbundna behandling mot \u00e5ldrandets effekter p\u00e5 Clinica Planas i Barcelona Av Elin Petersson Behandlingen handlar varken om mirakel, plastikkirurgi eller ansiktslyft. Hans majest\u00e4t v\u00e4ljer ist\u00e4llet att dra f\u00f6rdel av vetenskapliga [&hellip;]","og_url":"https:\/\/lightweb.dev\/l\/svm-temp\/artiklar\/sa-haller-sig-kungen-ung\/","og_site_name":"Svenska Magasinet","article_publisher":"https:\/\/www.facebook.com\/svenskamagasinet","article_published_time":"2008-06-01T22:00:00+00:00","og_image":[{"width":283,"height":200,"url":"https:\/\/lightweb.dev\/l\/svm-temp\/wp-content\/uploads\/2022\/04\/s-hller-sig-kungen-ung.png","type":"image\/png"}],"author":"Redaktionen SvM","twitter_card":"summary_large_image","twitter_creator":"@SvenskaMagasine","twitter_site":"@SvenskaMagasine","schema":{"@context":"https:\/\/schema.org","@graph":[{"@type":"Article","@id":"https:\/\/lightweb.dev\/l\/svm-temp\/artiklar\/sa-haller-sig-kungen-ung\/#article","isPartOf":{"@id":"https:\/\/lightweb.dev\/l\/svm-temp\/artiklar\/sa-haller-sig-kungen-ung\/"},"author":{"name":"Redaktionen SvM","@id":"https:\/\/lightweb.dev\/l\/svm-temp\/#\/schema\/person\/206a3bda5b607b0c25e1749191e4d837"},"headline":"S\u00e5 h\u00e5ller sig kungen ung","datePublished":"2008-06-01T22:00:00+00:00","mainEntityOfPage":{"@id":"https:\/\/lightweb.dev\/l\/svm-temp\/artiklar\/sa-haller-sig-kungen-ung\/"},"wordCount":681,"commentCount":0,"publisher":{"@id":"https:\/\/lightweb.dev\/l\/svm-temp\/#organization"},"image":{"@id":"https:\/\/lightweb.dev\/l\/svm-temp\/artiklar\/sa-haller-sig-kungen-ung\/#primaryimage"},"thumbnailUrl":"https:\/\/lightweb.dev\/l\/svm-temp\/wp-content\/uploads\/2022\/04\/s-hller-sig-kungen-ung.png","articleSection":["Arkiv","Artiklar"],"inLanguage":"sv-SE"},{"@type":"WebPage","@id":"https:\/\/lightweb.dev\/l\/svm-temp\/artiklar\/sa-haller-sig-kungen-ung\/","url":"https:\/\/lightweb.dev\/l\/svm-temp\/artiklar\/sa-haller-sig-kungen-ung\/","name":"S\u00e5 h\u00e5ller sig kungen ung - Svenska Magasinet","isPartOf":{"@id":"https:\/\/lightweb.dev\/l\/svm-temp\/#website"},"primaryImageOfPage":{"@id":"https:\/\/lightweb.dev\/l\/svm-temp\/artiklar\/sa-haller-sig-kungen-ung\/#primaryimage"},"image":{"@id":"https:\/\/lightweb.dev\/l\/svm-temp\/artiklar\/sa-haller-sig-kungen-ung\/#primaryimage"},"thumbnailUrl":"https:\/\/lightweb.dev\/l\/svm-temp\/wp-content\/uploads\/2022\/04\/s-hller-sig-kungen-ung.png","datePublished":"2008-06-01T22:00:00+00:00","breadcrumb":{"@id":"https:\/\/lightweb.dev\/l\/svm-temp\/artiklar\/sa-haller-sig-kungen-ung\/#breadcrumb"},"inLanguage":"sv-SE","potentialAction":[{"@type":"ReadAction","target":["https:\/\/lightweb.dev\/l\/svm-temp\/artiklar\/sa-haller-sig-kungen-ung\/"]}]},{"@type":"ImageObject","inLanguage":"sv-SE","@id":"https:\/\/lightweb.dev\/l\/svm-temp\/artiklar\/sa-haller-sig-kungen-ung\/#primaryimage","url":"https:\/\/lightweb.dev\/l\/svm-temp\/wp-content\/uploads\/2022\/04\/s-hller-sig-kungen-ung.png","contentUrl":"https:\/\/lightweb.dev\/l\/svm-temp\/wp-content\/uploads\/2022\/04\/s-hller-sig-kungen-ung.png","width":283,"height":200},{"@type":"BreadcrumbList","@id":"https:\/\/lightweb.dev\/l\/svm-temp\/artiklar\/sa-haller-sig-kungen-ung\/#breadcrumb","itemListElement":[{"@type":"ListItem","position":1,"name":"Hem","item":"https:\/\/lightweb.dev\/l\/svm-temp\/"},{"@type":"ListItem","position":2,"name":"S\u00e5 h\u00e5ller sig kungen ung"}]},{"@type":"WebSite","@id":"https:\/\/lightweb.dev\/l\/svm-temp\/#website","url":"https:\/\/lightweb.dev\/l\/svm-temp\/","name":"Svenska Magasinet","description":"Dina Spanska nyheter p&aring; Svenska","publisher":{"@id":"https:\/\/lightweb.dev\/l\/svm-temp\/#organization"},"potentialAction":[{"@type":"SearchAction","target":{"@type":"EntryPoint","urlTemplate":"https:\/\/lightweb.dev\/l\/svm-temp\/?s={search_term_string}"},"query-input":{"@type":"PropertyValueSpecification","valueRequired":true,"valueName":"search_term_string"}}],"inLanguage":"sv-SE"},{"@type":"Organization","@id":"https:\/\/lightweb.dev\/l\/svm-temp\/#organization","name":"Melkerson y Nott SL","alternateName":"Svenska Magasinet","url":"https:\/\/lightweb.dev\/l\/svm-temp\/","logo":{"@type":"ImageObject","inLanguage":"sv-SE","@id":"https:\/\/lightweb.dev\/l\/svm-temp\/#\/schema\/logo\/image\/","url":"https:\/\/lightweb.dev\/l\/svm-temp\/wp-content\/uploads\/2025\/02\/SvM-logo-Xtra-Centrerad-SVART.png","contentUrl":"https:\/\/lightweb.dev\/l\/svm-temp\/wp-content\/uploads\/2025\/02\/SvM-logo-Xtra-Centrerad-SVART.png","width":300,"height":99,"caption":"Melkerson y Nott SL"},"image":{"@id":"https:\/\/lightweb.dev\/l\/svm-temp\/#\/schema\/logo\/image\/"},"sameAs":["https:\/\/www.facebook.com\/svenskamagasinet","https:\/\/x.com\/SvenskaMagasine"]},{"@type":"Person","@id":"https:\/\/lightweb.dev\/l\/svm-temp\/#\/schema\/person\/206a3bda5b607b0c25e1749191e4d837","name":"Redaktionen SvM","description":"Redaktionen","sameAs":["https:\/\/lightweb.dev\/l\/svm-temp"],"url":"https:\/\/lightweb.dev\/l\/svm-temp\/reporter\/redaktionen\/"}]}},"_links":{"self":[{"href":"https:\/\/lightweb.dev\/l\/svm-temp\/wp-json\/wp\/v2\/posts\/2672","targetHints":{"allow":["GET"]}}],"collection":[{"href":"https:\/\/lightweb.dev\/l\/svm-temp\/wp-json\/wp\/v2\/posts"}],"about":[{"href":"https:\/\/lightweb.dev\/l\/svm-temp\/wp-json\/wp\/v2\/types\/post"}],"author":[{"embeddable":true,"href":"https:\/\/lightweb.dev\/l\/svm-temp\/wp-json\/wp\/v2\/users\/8"}],"replies":[{"embeddable":true,"href":"https:\/\/lightweb.dev\/l\/svm-temp\/wp-json\/wp\/v2\/comments?post=2672"}],"version-history":[{"count":0,"href":"https:\/\/lightweb.dev\/l\/svm-temp\/wp-json\/wp\/v2\/posts\/2672\/revisions"}],"wp:featuredmedia":[{"embeddable":true,"href":"https:\/\/lightweb.dev\/l\/svm-temp\/wp-json\/wp\/v2\/media\/2673"}],"wp:attachment":[{"href":"https:\/\/lightweb.dev\/l\/svm-temp\/wp-json\/wp\/v2\/media?parent=2672"}],"wp:term":[{"taxonomy":"category","embeddable":true,"href":"https:\/\/lightweb.dev\/l\/svm-temp\/wp-json\/wp\/v2\/categories?post=2672"},{"taxonomy":"post_tag","embeddable":true,"href":"https:\/\/lightweb.dev\/l\/svm-temp\/wp-json\/wp\/v2\/tags?post=2672"}],"curies":[{"name":"wp","href":"https:\/\/api.w.org\/{rel}","templated":true}]}}