{"id":2681,"date":"2008-05-09T00:00:00","date_gmt":"2008-05-08T22:00:00","guid":{"rendered":"https:\/\/lightweb.dev\/l\/svm-temp\/i-fem-ar-har-hon-vantat-pa-att-fa-begrava-sin-mordade-son\/"},"modified":"2008-05-09T00:00:00","modified_gmt":"2008-05-08T22:00:00","slug":"i-fem-ar-har-hon-vantat-pa-att-fa-begrava-sin-mordade-son","status":"publish","type":"post","link":"https:\/\/lightweb.dev\/l\/svm-temp\/artiklar\/i-fem-ar-har-hon-vantat-pa-att-fa-begrava-sin-mordade-son\/","title":{"rendered":"I fem \u00e5r har hon v\u00e4ntat p\u00e5 att f\u00e5 begrava sin m\u00f6rdade son"},"content":{"rendered":"<p> N\u00e4r polisen fann likdelar av Johan Str\u00f6mnes p\u00e5 flera platser h\u00f6sten 2003 pekade mycket p\u00e5 att det r\u00f6rde sig om ett styckmord. Enligt nya uppgifter blev svensken avr\u00e4ttad med tv\u00e5 skott Av Ola Josefsson<\/p>\n<p>Det var den 13 oktober 2003 som likdelar uppt\u00e4cktes av en slump vid sophanteringsanl\u00e4ggningen i Casares. Ett dygn senare p\u00e5tr\u00e4ffades fler likdelar vid La Campana i Nueva Andalucia, ett av de mest svenskt\u00e4ta omr\u00e5dena p\u00e5 Solkusten.<\/p>\n<p>Tr\u00e4ff i register<br \/>\nTv\u00e5 dagar senare bekr\u00e4ftade polisen att kroppen tillh\u00f6rde den 34-\u00e5rige svensken Johan Str\u00f6mnes bosatt i Estepona. En hand var v\u00e4lbeh\u00e5llen och det gick att f\u00e5 fram fingeravtryck. Han fanns sedan tidigare i polisens register d\u00e5 svensken f\u00f6rekommit i utkanten av en mordutredning som g\u00e4llde den 41-\u00e5rig Jan Nylander som hittades i ett skogsparti utanf\u00f6r Marbella.<br \/>\n34-\u00e5ringen var \u00e4ven misst\u00e4nkt f\u00f6r mord p\u00e5 sin f\u00f6r detta flickv\u00e4n \u00e5r 2000, en kvinna i 20-\u00e5rs\u00e5ldern, amerikansk medborgare men ursprungligen fr\u00e5n Brasilien. Den utredningen lades senare ned i brist p\u00e5 bevis med motiveringen att det eventuellt var kvinnan som hade skjutit sig sj\u00e4lv med svenskens pistol.<\/p>\n<p>Snart fem \u00e5r<br \/>\nDet skulle dr\u00f6ja ett \u00e5r innan mamman till den m\u00f6rdade 34-\u00e5rig Johan, fick det officiella d\u00f6dsbeskedet. Max fem \u00e5r, sedan ska fallet vara avklarat, och saker och ting ska vara p\u00e5 plats, var beskedet hon senare fick. I oktober har det g\u00e5tt fem \u00e5r.<br \/>\n-Jag f\u00f6rs\u00f6ker att inte t\u00e4nka p\u00e5 det. Man undrar verkligen om polisen kommer till ett avslut eller om hela fallet skjuts p\u00e5 framtiden, s\u00e4ger mamman till Svenska Magasinet.<br \/>\nNya uppgifter tyder p\u00e5 att det inte handlade om n\u00e5got styckmord. Polisen ska ha hittat alla kroppsdelar samtidigt som det har blivit konstaterat att svensken blev skjuten med tv\u00e5 skott, d\u00e4refter ska kroppen ha blivit styckad.<br \/>\n-Det g\u00f6r att det k\u00e4nns lite l\u00e4ttare. T\u00e4nk vilka scenarier man i b\u00f6rjan t\u00e4nkte p\u00e5, vad Johan hade kunnat bli utsatt f\u00f6r, s\u00e4ger en f\u00f6rtvivlad mamma.<\/p>\n<p>Minnesstund<br \/>\nEtt \u00e5r efter mordet p\u00e5 Johan Str\u00f6mnes hade de n\u00e4rmaste, sl\u00e4kt och v\u00e4nner en minnesh\u00f6gtid. Runt 100 personer kom till kyrkan i Dalarna.<br \/>\n-Det var sk\u00f6nt att f\u00e5 h\u00e5lla en minnesstund \u00f6ver Johan. Det k\u00e4ndes som ett fint avslut inf\u00f6r v\u00e4nner och bekanta.<br \/>\nMen trots att det snart har g\u00e5tt fem \u00e5r s\u00e5 har hon inte kunnat h\u00e5lla en begravning f\u00f6r sin son. Det kostar mellan 80.000 till 90.000 SEK f\u00f6r att ta hem kroppen. Samtidigt har myndigheterna beslutat att kroppen ska vara nedfrusen tills utredningen \u00e4r klar.<\/p>\n<p>Krav<br \/>\nI augusti 2004 fick dessutom mamman ett krav fr\u00e5n de spanska myndigheterna att hon skulle betala 53 euro per dygn f\u00f6r att myndigheterna skulle ha kroppen nedfryst.<br \/>\n-Det verkar inte klokt att jag ska betala det, s\u00e4ger hon, som efter att ha sagt nej, inte har h\u00f6rt n\u00e5got mer fr\u00e5n de spanska myndigheterna.<br \/>\n-Jag kan inte g\u00f6ra s\u00e5 mycket mer \u00e4n att avvakta ett beslut som ska komma i h\u00f6st, s\u00e4ger en bedr\u00f6vad mamma i Sverige. Samma sak g\u00e4ller mitt barnbarn och dennes mamma som lever p\u00e5 Solkusten.<\/p>\n<p>Uppg\u00f6relse<br \/>\nJohan Str\u00f6mnes r\u00f6rde sig i en stor umg\u00e4ngeskrets med mycket aff\u00e4rsfolk. Hans stora passion var bilar och han brukade h\u00e4mta lyxbilar p\u00e5 olika h\u00e5ll i Europa f\u00f6r att transportera dem till Solkusten. Han utarbetade dataprogram f\u00f6r golfklubbar och engagerade sig i ett antal restauranger.<br \/>\nI Sverige fick 34-\u00e5ringen villkorlig dom i Stockholms tingsr\u00e4tt 1996 i samband med ett misshandelsfall. Han var just f\u00f6r tillf\u00e4llet inte aktuell i n\u00e5gon utredning i Sverige d\u00e4refter. Enligt den spanska polisens f\u00f6rsta rapporter kan den 34-\u00e5rige Johan Str\u00f6mnes ha blivit m\u00f6rdad p\u00e5 grund av en ekonomisk uppg\u00f6relse som gick fel.<\/p>\n<p>Fem brutalt m\u00f6rdade svenskar<br \/>\nUnder de senaste tio \u00e5ren har fem svenskar brutalts m\u00f6rdats p\u00e5 Costa del Sol och Costa Blanca. Samtliga fall \u00e4r ouppklarade.<br \/>\nDen 41-\u00e5rige g\u00f6teborgaren Jan Nylander f\u00f6rsvinner under mystiska omst\u00e4ndigheter i samband med en semester- och aff\u00e4rsresa 1997. Drygt ett \u00e5r senare hittas kroppen i ett skogsparti ovanf\u00f6r Marbella. 41-\u00e5ringen hade kopplingar till en p\u00e5g\u00e5ende momssvindelutredning i Sverige.<br \/>\n\u00c5r 2000 m\u00f6rdas den 41-\u00e5rige svenske aff\u00e4rsmannen Nikola Stupar n\u00e4r han var p\u00e5 golfsemester nordv\u00e4st om Marbella. Han avled p\u00e5 Carlos Haya-sjukhuset efter sv\u00e5ra skallskador mannen f\u00e5tt efter ett \u00f6verfall p\u00e5 ett l\u00e4genhetshotell. Han blev slagen i huvudet med en golfklubba, en j\u00e4rnsjua. Mannen hade kopplingar till Stockholms undre v\u00e4rld, enligt uppgifter i svenska medier.<br \/>\n17 september 2003 hittas ett svenskt par i 50-\u00e5rs\u00e5ldern d\u00f6da i sin l\u00e4genhet i Orihuela. Kropparna var illa tilltygade och delvis f\u00f6rruttnade. Mannen dog av tv\u00e5 knivs\u00e5r. Kvinnan hade en trasa i munnen och antas ha kv\u00e4vts till d\u00f6ds. B\u00e5da var slagna i huvudet. Polisen utg\u00e5r fr\u00e5n att svenskarna r\u00e5nm\u00f6rdades. Huset, bel\u00e4get i bostadsomr\u00e5det Los Altos de Villas del Duque, var t\u00f6mt p\u00e5 v\u00e4rdef\u00f6rem\u00e5l. Varken d\u00f6rrar eller f\u00f6nster br\u00f6ts upp och larmet l\u00f6ste inte ut. Polisen utg\u00e5r ifr\u00e5n att offren k\u00e4nde g\u00e4rningsmannen.<br \/>\n13 oktober 2003 hittas likdelar p\u00e5 soptippen i Casares. Ett dygn senare hittas ytterligare likdelar i Nueva Andalucia. Likdelarna tillh\u00f6r den 34-\u00e5rige svensken Johan Str\u00f6mnes fr\u00e5n Dalarna, bosatt p\u00e5 Costa del Sol sedan 1996. Mannen har tidigare varit misst\u00e4nkt f\u00f6r mord och har f\u00f6rknippats med narkotika- och vapenaff\u00e4rer, enligt spanska lokala medier.<br \/>\nHj\u00e4lp polisen och offrens anh\u00f6riga l\u00f6sa fallen K\u00e4nner du till n\u00e5got om ovanst\u00e5ende fall? Kontakta polisen p\u00e5 091 eller Svenska Magasinet. <\/p>\n","protected":false},"excerpt":{"rendered":"<p>N\u00e4r polisen fann likdelar av Johan Str\u00f6mnes p\u00e5 flera platser h\u00f6sten 2003 pekade mycket p\u00e5 att det r\u00f6rde sig om ett styckmord. Enligt nya uppgifter blev svensken avr\u00e4ttad med tv\u00e5 skott Av Ola Josefsson Det var den 13 oktober 2003 som likdelar uppt\u00e4cktes av en slump vid sophanteringsanl\u00e4ggningen i Casares. Ett dygn senare p\u00e5tr\u00e4ffades fler [&hellip;]<\/p>\n","protected":false},"author":8,"featured_media":2682,"comment_status":"open","ping_status":"open","sticky":false,"template":"","format":"standard","meta":{"_et_pb_use_builder":"","_et_pb_old_content":"","_et_gb_content_width":"","footnotes":""},"categories":[396,4],"tags":[],"class_list":["post-2681","post","type-post","status-publish","format-standard","has-post-thumbnail","hentry","category-arkiv-artiklar","category-artiklar"],"yoast_head":"<!-- This site is optimized with the Yoast SEO Premium plugin v26.2 (Yoast SEO v27.4) - https:\/\/yoast.com\/product\/yoast-seo-premium-wordpress\/ -->\n<title>I fem \u00e5r har hon v\u00e4ntat p\u00e5 att f\u00e5 begrava sin m\u00f6rdade son - Svenska Magasinet<\/title>\n<meta name=\"robots\" content=\"noindex, follow, max-snippet:-1, max-image-preview:large, max-video-preview:-1\" \/>\n<meta property=\"og:locale\" content=\"sv_SE\" \/>\n<meta property=\"og:type\" content=\"article\" \/>\n<meta property=\"og:title\" content=\"I fem \u00e5r har hon v\u00e4ntat p\u00e5 att f\u00e5 begrava sin m\u00f6rdade son\" \/>\n<meta property=\"og:description\" content=\"N\u00e4r polisen fann likdelar av Johan Str\u00f6mnes p\u00e5 flera platser h\u00f6sten 2003 pekade mycket p\u00e5 att det r\u00f6rde sig om ett styckmord. Enligt nya uppgifter blev svensken avr\u00e4ttad med tv\u00e5 skott Av Ola Josefsson Det var den 13 oktober 2003 som likdelar uppt\u00e4cktes av en slump vid sophanteringsanl\u00e4ggningen i Casares. Ett dygn senare p\u00e5tr\u00e4ffades fler [&hellip;]\" \/>\n<meta property=\"og:url\" content=\"https:\/\/lightweb.dev\/l\/svm-temp\/artiklar\/i-fem-ar-har-hon-vantat-pa-att-fa-begrava-sin-mordade-son\/\" \/>\n<meta property=\"og:site_name\" content=\"Svenska Magasinet\" \/>\n<meta property=\"article:publisher\" content=\"https:\/\/www.facebook.com\/svenskamagasinet\" \/>\n<meta property=\"article:published_time\" content=\"2008-05-08T22:00:00+00:00\" \/>\n<meta property=\"og:image\" content=\"https:\/\/lightweb.dev\/l\/svm-temp\/wp-content\/uploads\/2022\/04\/i-fem-r-har-hon-vntat-p-att-f-begrava-sin-mrdade-son.png\" \/>\n\t<meta property=\"og:image:width\" content=\"280\" \/>\n\t<meta property=\"og:image:height\" content=\"220\" \/>\n\t<meta property=\"og:image:type\" content=\"image\/png\" \/>\n<meta name=\"author\" content=\"Redaktionen SvM\" \/>\n<meta name=\"twitter:card\" content=\"summary_large_image\" \/>\n<meta name=\"twitter:creator\" content=\"@SvenskaMagasine\" \/>\n<meta name=\"twitter:site\" content=\"@SvenskaMagasine\" \/>\n<script type=\"application\/ld+json\" class=\"yoast-schema-graph\">{\"@context\":\"https:\\\/\\\/schema.org\",\"@graph\":[{\"@type\":\"Article\",\"@id\":\"https:\\\/\\\/lightweb.dev\\\/l\\\/svm-temp\\\/artiklar\\\/i-fem-ar-har-hon-vantat-pa-att-fa-begrava-sin-mordade-son\\\/#article\",\"isPartOf\":{\"@id\":\"https:\\\/\\\/lightweb.dev\\\/l\\\/svm-temp\\\/artiklar\\\/i-fem-ar-har-hon-vantat-pa-att-fa-begrava-sin-mordade-son\\\/\"},\"author\":{\"name\":\"Redaktionen SvM\",\"@id\":\"https:\\\/\\\/lightweb.dev\\\/l\\\/svm-temp\\\/#\\\/schema\\\/person\\\/206a3bda5b607b0c25e1749191e4d837\"},\"headline\":\"I fem \u00e5r har hon v\u00e4ntat p\u00e5 att f\u00e5 begrava sin m\u00f6rdade son\",\"datePublished\":\"2008-05-08T22:00:00+00:00\",\"mainEntityOfPage\":{\"@id\":\"https:\\\/\\\/lightweb.dev\\\/l\\\/svm-temp\\\/artiklar\\\/i-fem-ar-har-hon-vantat-pa-att-fa-begrava-sin-mordade-son\\\/\"},\"wordCount\":1013,\"commentCount\":0,\"publisher\":{\"@id\":\"https:\\\/\\\/lightweb.dev\\\/l\\\/svm-temp\\\/#organization\"},\"image\":{\"@id\":\"https:\\\/\\\/lightweb.dev\\\/l\\\/svm-temp\\\/artiklar\\\/i-fem-ar-har-hon-vantat-pa-att-fa-begrava-sin-mordade-son\\\/#primaryimage\"},\"thumbnailUrl\":\"https:\\\/\\\/lightweb.dev\\\/l\\\/svm-temp\\\/wp-content\\\/uploads\\\/2022\\\/04\\\/i-fem-r-har-hon-vntat-p-att-f-begrava-sin-mrdade-son.png\",\"articleSection\":[\"Arkiv\",\"Artiklar\"],\"inLanguage\":\"sv-SE\"},{\"@type\":\"WebPage\",\"@id\":\"https:\\\/\\\/lightweb.dev\\\/l\\\/svm-temp\\\/artiklar\\\/i-fem-ar-har-hon-vantat-pa-att-fa-begrava-sin-mordade-son\\\/\",\"url\":\"https:\\\/\\\/lightweb.dev\\\/l\\\/svm-temp\\\/artiklar\\\/i-fem-ar-har-hon-vantat-pa-att-fa-begrava-sin-mordade-son\\\/\",\"name\":\"I fem \u00e5r har hon v\u00e4ntat p\u00e5 att f\u00e5 begrava sin m\u00f6rdade son - Svenska Magasinet\",\"isPartOf\":{\"@id\":\"https:\\\/\\\/lightweb.dev\\\/l\\\/svm-temp\\\/#website\"},\"primaryImageOfPage\":{\"@id\":\"https:\\\/\\\/lightweb.dev\\\/l\\\/svm-temp\\\/artiklar\\\/i-fem-ar-har-hon-vantat-pa-att-fa-begrava-sin-mordade-son\\\/#primaryimage\"},\"image\":{\"@id\":\"https:\\\/\\\/lightweb.dev\\\/l\\\/svm-temp\\\/artiklar\\\/i-fem-ar-har-hon-vantat-pa-att-fa-begrava-sin-mordade-son\\\/#primaryimage\"},\"thumbnailUrl\":\"https:\\\/\\\/lightweb.dev\\\/l\\\/svm-temp\\\/wp-content\\\/uploads\\\/2022\\\/04\\\/i-fem-r-har-hon-vntat-p-att-f-begrava-sin-mrdade-son.png\",\"datePublished\":\"2008-05-08T22:00:00+00:00\",\"breadcrumb\":{\"@id\":\"https:\\\/\\\/lightweb.dev\\\/l\\\/svm-temp\\\/artiklar\\\/i-fem-ar-har-hon-vantat-pa-att-fa-begrava-sin-mordade-son\\\/#breadcrumb\"},\"inLanguage\":\"sv-SE\",\"potentialAction\":[{\"@type\":\"ReadAction\",\"target\":[\"https:\\\/\\\/lightweb.dev\\\/l\\\/svm-temp\\\/artiklar\\\/i-fem-ar-har-hon-vantat-pa-att-fa-begrava-sin-mordade-son\\\/\"]}]},{\"@type\":\"ImageObject\",\"inLanguage\":\"sv-SE\",\"@id\":\"https:\\\/\\\/lightweb.dev\\\/l\\\/svm-temp\\\/artiklar\\\/i-fem-ar-har-hon-vantat-pa-att-fa-begrava-sin-mordade-son\\\/#primaryimage\",\"url\":\"https:\\\/\\\/lightweb.dev\\\/l\\\/svm-temp\\\/wp-content\\\/uploads\\\/2022\\\/04\\\/i-fem-r-har-hon-vntat-p-att-f-begrava-sin-mrdade-son.png\",\"contentUrl\":\"https:\\\/\\\/lightweb.dev\\\/l\\\/svm-temp\\\/wp-content\\\/uploads\\\/2022\\\/04\\\/i-fem-r-har-hon-vntat-p-att-f-begrava-sin-mrdade-son.png\",\"width\":280,\"height\":220},{\"@type\":\"BreadcrumbList\",\"@id\":\"https:\\\/\\\/lightweb.dev\\\/l\\\/svm-temp\\\/artiklar\\\/i-fem-ar-har-hon-vantat-pa-att-fa-begrava-sin-mordade-son\\\/#breadcrumb\",\"itemListElement\":[{\"@type\":\"ListItem\",\"position\":1,\"name\":\"Hem\",\"item\":\"https:\\\/\\\/lightweb.dev\\\/l\\\/svm-temp\\\/\"},{\"@type\":\"ListItem\",\"position\":2,\"name\":\"I fem \u00e5r har hon v\u00e4ntat p\u00e5 att f\u00e5 begrava sin m\u00f6rdade son\"}]},{\"@type\":\"WebSite\",\"@id\":\"https:\\\/\\\/lightweb.dev\\\/l\\\/svm-temp\\\/#website\",\"url\":\"https:\\\/\\\/lightweb.dev\\\/l\\\/svm-temp\\\/\",\"name\":\"Svenska Magasinet\",\"description\":\"Dina Spanska nyheter p&aring; Svenska\",\"publisher\":{\"@id\":\"https:\\\/\\\/lightweb.dev\\\/l\\\/svm-temp\\\/#organization\"},\"potentialAction\":[{\"@type\":\"SearchAction\",\"target\":{\"@type\":\"EntryPoint\",\"urlTemplate\":\"https:\\\/\\\/lightweb.dev\\\/l\\\/svm-temp\\\/?s={search_term_string}\"},\"query-input\":{\"@type\":\"PropertyValueSpecification\",\"valueRequired\":true,\"valueName\":\"search_term_string\"}}],\"inLanguage\":\"sv-SE\"},{\"@type\":\"Organization\",\"@id\":\"https:\\\/\\\/lightweb.dev\\\/l\\\/svm-temp\\\/#organization\",\"name\":\"Melkerson y Nott SL\",\"alternateName\":\"Svenska Magasinet\",\"url\":\"https:\\\/\\\/lightweb.dev\\\/l\\\/svm-temp\\\/\",\"logo\":{\"@type\":\"ImageObject\",\"inLanguage\":\"sv-SE\",\"@id\":\"https:\\\/\\\/lightweb.dev\\\/l\\\/svm-temp\\\/#\\\/schema\\\/logo\\\/image\\\/\",\"url\":\"https:\\\/\\\/lightweb.dev\\\/l\\\/svm-temp\\\/wp-content\\\/uploads\\\/2025\\\/02\\\/SvM-logo-Xtra-Centrerad-SVART.png\",\"contentUrl\":\"https:\\\/\\\/lightweb.dev\\\/l\\\/svm-temp\\\/wp-content\\\/uploads\\\/2025\\\/02\\\/SvM-logo-Xtra-Centrerad-SVART.png\",\"width\":300,\"height\":99,\"caption\":\"Melkerson y Nott SL\"},\"image\":{\"@id\":\"https:\\\/\\\/lightweb.dev\\\/l\\\/svm-temp\\\/#\\\/schema\\\/logo\\\/image\\\/\"},\"sameAs\":[\"https:\\\/\\\/www.facebook.com\\\/svenskamagasinet\",\"https:\\\/\\\/x.com\\\/SvenskaMagasine\"]},{\"@type\":\"Person\",\"@id\":\"https:\\\/\\\/lightweb.dev\\\/l\\\/svm-temp\\\/#\\\/schema\\\/person\\\/206a3bda5b607b0c25e1749191e4d837\",\"name\":\"Redaktionen SvM\",\"description\":\"Redaktionen\",\"sameAs\":[\"https:\\\/\\\/lightweb.dev\\\/l\\\/svm-temp\"],\"url\":\"https:\\\/\\\/lightweb.dev\\\/l\\\/svm-temp\\\/reporter\\\/redaktionen\\\/\"}]}<\/script>\n<!-- \/ Yoast SEO Premium plugin. -->","yoast_head_json":{"title":"I fem \u00e5r har hon v\u00e4ntat p\u00e5 att f\u00e5 begrava sin m\u00f6rdade son - Svenska Magasinet","robots":{"index":"noindex","follow":"follow","max-snippet":"max-snippet:-1","max-image-preview":"max-image-preview:large","max-video-preview":"max-video-preview:-1"},"og_locale":"sv_SE","og_type":"article","og_title":"I fem \u00e5r har hon v\u00e4ntat p\u00e5 att f\u00e5 begrava sin m\u00f6rdade son","og_description":"N\u00e4r polisen fann likdelar av Johan Str\u00f6mnes p\u00e5 flera platser h\u00f6sten 2003 pekade mycket p\u00e5 att det r\u00f6rde sig om ett styckmord. Enligt nya uppgifter blev svensken avr\u00e4ttad med tv\u00e5 skott Av Ola Josefsson Det var den 13 oktober 2003 som likdelar uppt\u00e4cktes av en slump vid sophanteringsanl\u00e4ggningen i Casares. Ett dygn senare p\u00e5tr\u00e4ffades fler [&hellip;]","og_url":"https:\/\/lightweb.dev\/l\/svm-temp\/artiklar\/i-fem-ar-har-hon-vantat-pa-att-fa-begrava-sin-mordade-son\/","og_site_name":"Svenska Magasinet","article_publisher":"https:\/\/www.facebook.com\/svenskamagasinet","article_published_time":"2008-05-08T22:00:00+00:00","og_image":[{"width":280,"height":220,"url":"https:\/\/lightweb.dev\/l\/svm-temp\/wp-content\/uploads\/2022\/04\/i-fem-r-har-hon-vntat-p-att-f-begrava-sin-mrdade-son.png","type":"image\/png"}],"author":"Redaktionen SvM","twitter_card":"summary_large_image","twitter_creator":"@SvenskaMagasine","twitter_site":"@SvenskaMagasine","schema":{"@context":"https:\/\/schema.org","@graph":[{"@type":"Article","@id":"https:\/\/lightweb.dev\/l\/svm-temp\/artiklar\/i-fem-ar-har-hon-vantat-pa-att-fa-begrava-sin-mordade-son\/#article","isPartOf":{"@id":"https:\/\/lightweb.dev\/l\/svm-temp\/artiklar\/i-fem-ar-har-hon-vantat-pa-att-fa-begrava-sin-mordade-son\/"},"author":{"name":"Redaktionen SvM","@id":"https:\/\/lightweb.dev\/l\/svm-temp\/#\/schema\/person\/206a3bda5b607b0c25e1749191e4d837"},"headline":"I fem \u00e5r har hon v\u00e4ntat p\u00e5 att f\u00e5 begrava sin m\u00f6rdade son","datePublished":"2008-05-08T22:00:00+00:00","mainEntityOfPage":{"@id":"https:\/\/lightweb.dev\/l\/svm-temp\/artiklar\/i-fem-ar-har-hon-vantat-pa-att-fa-begrava-sin-mordade-son\/"},"wordCount":1013,"commentCount":0,"publisher":{"@id":"https:\/\/lightweb.dev\/l\/svm-temp\/#organization"},"image":{"@id":"https:\/\/lightweb.dev\/l\/svm-temp\/artiklar\/i-fem-ar-har-hon-vantat-pa-att-fa-begrava-sin-mordade-son\/#primaryimage"},"thumbnailUrl":"https:\/\/lightweb.dev\/l\/svm-temp\/wp-content\/uploads\/2022\/04\/i-fem-r-har-hon-vntat-p-att-f-begrava-sin-mrdade-son.png","articleSection":["Arkiv","Artiklar"],"inLanguage":"sv-SE"},{"@type":"WebPage","@id":"https:\/\/lightweb.dev\/l\/svm-temp\/artiklar\/i-fem-ar-har-hon-vantat-pa-att-fa-begrava-sin-mordade-son\/","url":"https:\/\/lightweb.dev\/l\/svm-temp\/artiklar\/i-fem-ar-har-hon-vantat-pa-att-fa-begrava-sin-mordade-son\/","name":"I fem \u00e5r har hon v\u00e4ntat p\u00e5 att f\u00e5 begrava sin m\u00f6rdade son - Svenska Magasinet","isPartOf":{"@id":"https:\/\/lightweb.dev\/l\/svm-temp\/#website"},"primaryImageOfPage":{"@id":"https:\/\/lightweb.dev\/l\/svm-temp\/artiklar\/i-fem-ar-har-hon-vantat-pa-att-fa-begrava-sin-mordade-son\/#primaryimage"},"image":{"@id":"https:\/\/lightweb.dev\/l\/svm-temp\/artiklar\/i-fem-ar-har-hon-vantat-pa-att-fa-begrava-sin-mordade-son\/#primaryimage"},"thumbnailUrl":"https:\/\/lightweb.dev\/l\/svm-temp\/wp-content\/uploads\/2022\/04\/i-fem-r-har-hon-vntat-p-att-f-begrava-sin-mrdade-son.png","datePublished":"2008-05-08T22:00:00+00:00","breadcrumb":{"@id":"https:\/\/lightweb.dev\/l\/svm-temp\/artiklar\/i-fem-ar-har-hon-vantat-pa-att-fa-begrava-sin-mordade-son\/#breadcrumb"},"inLanguage":"sv-SE","potentialAction":[{"@type":"ReadAction","target":["https:\/\/lightweb.dev\/l\/svm-temp\/artiklar\/i-fem-ar-har-hon-vantat-pa-att-fa-begrava-sin-mordade-son\/"]}]},{"@type":"ImageObject","inLanguage":"sv-SE","@id":"https:\/\/lightweb.dev\/l\/svm-temp\/artiklar\/i-fem-ar-har-hon-vantat-pa-att-fa-begrava-sin-mordade-son\/#primaryimage","url":"https:\/\/lightweb.dev\/l\/svm-temp\/wp-content\/uploads\/2022\/04\/i-fem-r-har-hon-vntat-p-att-f-begrava-sin-mrdade-son.png","contentUrl":"https:\/\/lightweb.dev\/l\/svm-temp\/wp-content\/uploads\/2022\/04\/i-fem-r-har-hon-vntat-p-att-f-begrava-sin-mrdade-son.png","width":280,"height":220},{"@type":"BreadcrumbList","@id":"https:\/\/lightweb.dev\/l\/svm-temp\/artiklar\/i-fem-ar-har-hon-vantat-pa-att-fa-begrava-sin-mordade-son\/#breadcrumb","itemListElement":[{"@type":"ListItem","position":1,"name":"Hem","item":"https:\/\/lightweb.dev\/l\/svm-temp\/"},{"@type":"ListItem","position":2,"name":"I fem \u00e5r har hon v\u00e4ntat p\u00e5 att f\u00e5 begrava sin m\u00f6rdade son"}]},{"@type":"WebSite","@id":"https:\/\/lightweb.dev\/l\/svm-temp\/#website","url":"https:\/\/lightweb.dev\/l\/svm-temp\/","name":"Svenska Magasinet","description":"Dina Spanska nyheter p&aring; Svenska","publisher":{"@id":"https:\/\/lightweb.dev\/l\/svm-temp\/#organization"},"potentialAction":[{"@type":"SearchAction","target":{"@type":"EntryPoint","urlTemplate":"https:\/\/lightweb.dev\/l\/svm-temp\/?s={search_term_string}"},"query-input":{"@type":"PropertyValueSpecification","valueRequired":true,"valueName":"search_term_string"}}],"inLanguage":"sv-SE"},{"@type":"Organization","@id":"https:\/\/lightweb.dev\/l\/svm-temp\/#organization","name":"Melkerson y Nott SL","alternateName":"Svenska Magasinet","url":"https:\/\/lightweb.dev\/l\/svm-temp\/","logo":{"@type":"ImageObject","inLanguage":"sv-SE","@id":"https:\/\/lightweb.dev\/l\/svm-temp\/#\/schema\/logo\/image\/","url":"https:\/\/lightweb.dev\/l\/svm-temp\/wp-content\/uploads\/2025\/02\/SvM-logo-Xtra-Centrerad-SVART.png","contentUrl":"https:\/\/lightweb.dev\/l\/svm-temp\/wp-content\/uploads\/2025\/02\/SvM-logo-Xtra-Centrerad-SVART.png","width":300,"height":99,"caption":"Melkerson y Nott SL"},"image":{"@id":"https:\/\/lightweb.dev\/l\/svm-temp\/#\/schema\/logo\/image\/"},"sameAs":["https:\/\/www.facebook.com\/svenskamagasinet","https:\/\/x.com\/SvenskaMagasine"]},{"@type":"Person","@id":"https:\/\/lightweb.dev\/l\/svm-temp\/#\/schema\/person\/206a3bda5b607b0c25e1749191e4d837","name":"Redaktionen SvM","description":"Redaktionen","sameAs":["https:\/\/lightweb.dev\/l\/svm-temp"],"url":"https:\/\/lightweb.dev\/l\/svm-temp\/reporter\/redaktionen\/"}]}},"_links":{"self":[{"href":"https:\/\/lightweb.dev\/l\/svm-temp\/wp-json\/wp\/v2\/posts\/2681","targetHints":{"allow":["GET"]}}],"collection":[{"href":"https:\/\/lightweb.dev\/l\/svm-temp\/wp-json\/wp\/v2\/posts"}],"about":[{"href":"https:\/\/lightweb.dev\/l\/svm-temp\/wp-json\/wp\/v2\/types\/post"}],"author":[{"embeddable":true,"href":"https:\/\/lightweb.dev\/l\/svm-temp\/wp-json\/wp\/v2\/users\/8"}],"replies":[{"embeddable":true,"href":"https:\/\/lightweb.dev\/l\/svm-temp\/wp-json\/wp\/v2\/comments?post=2681"}],"version-history":[{"count":0,"href":"https:\/\/lightweb.dev\/l\/svm-temp\/wp-json\/wp\/v2\/posts\/2681\/revisions"}],"wp:featuredmedia":[{"embeddable":true,"href":"https:\/\/lightweb.dev\/l\/svm-temp\/wp-json\/wp\/v2\/media\/2682"}],"wp:attachment":[{"href":"https:\/\/lightweb.dev\/l\/svm-temp\/wp-json\/wp\/v2\/media?parent=2681"}],"wp:term":[{"taxonomy":"category","embeddable":true,"href":"https:\/\/lightweb.dev\/l\/svm-temp\/wp-json\/wp\/v2\/categories?post=2681"},{"taxonomy":"post_tag","embeddable":true,"href":"https:\/\/lightweb.dev\/l\/svm-temp\/wp-json\/wp\/v2\/tags?post=2681"}],"curies":[{"name":"wp","href":"https:\/\/api.w.org\/{rel}","templated":true}]}}