{"id":2692,"date":"2008-05-07T00:00:00","date_gmt":"2008-05-06T22:00:00","guid":{"rendered":"https:\/\/lightweb.dev\/l\/svm-temp\/dubbelbeskattningsavtalet-trots-vallofte-till-spaniensvenskar-ger-anders-borg-kalla-handen\/"},"modified":"2008-05-07T00:00:00","modified_gmt":"2008-05-06T22:00:00","slug":"dubbelbeskattningsavtalet-trots-vallofte-till-spaniensvenskar-ger-anders-borg-kalla-handen","status":"publish","type":"post","link":"https:\/\/lightweb.dev\/l\/svm-temp\/artiklar\/dubbelbeskattningsavtalet-trots-vallofte-till-spaniensvenskar-ger-anders-borg-kalla-handen\/","title":{"rendered":"Dubbelbeskattningsavtalet: Trots vall\u00f6fte till Spaniensvenskar ger Anders Borg kalla handen"},"content":{"rendered":"<p> Inf\u00f6r det svenska riksdagsvalet 2006 skickade Nya Moderaterna en valreklam till utlandssvenskar under temat\u201d Din r\u00f6st kan avg\u00f6ra valet 2006\u201d. I ett PS till svenskar bosatta i Spanien lovade Fredrik Reinfeldt att om Alliansen vann valet skulle den nya regeringen se \u00f6ver dubbelbeskattningsavtalet mellan Sverige och Spanien. Av Ola Josefsson<\/p>\n<p>\u201dPS! F\u00f6r dig som bor i Spanien kan jag snabbt ber\u00e4tta om v\u00e5r inst\u00e4llning till dubbelbeskattningsavtalet. Vi tycker inte att det \u00e4r rimligt att enskilda ska ligga ute med dessa pengar. D\u00e4rf\u00f6r vill vi att avtalet ska omf\u00f6rhandlas s\u00e5 att reglerna liknar de i Frankrike, och vi kommer att driva fr\u00e5gan om en omf\u00f6rhandling och harmonisering av dubbelbeskattningsavtalen\u201d. Signerat Fredrik Reinfeldt.<br \/>\nVad har sedan h\u00e4nt? Inte ett dugg. Kommer n\u00e5got att h\u00e4nda? Knappast troligt. Det ser ut som att denna fr\u00e5ga \u00e4r cementerad f\u00f6r l\u00e5ng tid fram\u00e5t. N\u00e5gon annan slutsats kan vi knappast dra efter att otaliga insatser har gjorts av f\u00f6reningar som Spansk Nordiska S\u00e4llskapet och enskilda svenskar i Spanien.<\/p>\n<p>Of\u00f6rdelaktigt<br \/>\nM\u00e5nga svenska pension\u00e4rer v\u00e4ljer ett liv under den spanska solen d\u00e4r grundorsaken \u00e4r sjukdom och d\u00e4r ett varmare klimat positivt p\u00e5verkar deras livssituation.<br \/>\nDe f\u00e5r v\u00e5ra pensionsinkomster beskattade i Sverige enligt SINK samtidigt som de \u00e4ven deklarerar sina svenska pensioner till den spanska skattemyndigheten (Haciendan).<br \/>\n\u201dDet har m\u00e5nga g\u00e5nger sysselsatt v\u00e5ra tankar varf\u00f6r det aktuella dubbelbeskattningsavtalet mellan Sverige och Spanien \u00e4r utformat s\u00e5 of\u00f6rdelaktigt, speciellt f\u00f6r oss pension\u00e4rer. Vi t\u00e4nker d\u00e5 p\u00e5 det mycket m\u00e4rkliga f\u00f6rh\u00e5llandet att man under en l\u00e4ngre tid under \u00e5ret \u00e4r dubbelbeskattade, eftersom vi f\u00f6rst m\u00e5ste betala svensk skatt direkt under utbetalnings\u00e5ret, och d\u00e4refter m\u00e5ste betala in den spanska skatten p\u00e5 samma pensioner till \u201dHaciendan\u201d. F\u00f6rst d\u00e4refter kan vi beg\u00e4ra tillbaka det belopp som motsvarar den spanska skatten fr\u00e5n svenska Skatteverket\u201d, skriver en svensk pension\u00e4r bosatt i Spanien.<\/p>\n<p>Bankl\u00e5n<br \/>\nF\u00f6r en del pension\u00e4rer (oftast inte alltf\u00f6r v\u00e4lb\u00e4rgade), inneb\u00e4r detta att man m\u00e5ste ta ett bankl\u00e5n f\u00f6r att \u00f6verbrygga tidsmellanrummet fram till att \u00e5terbetalningen sker fr\u00e5n svenska Skatteverket.<br \/>\nDet har varit allt fr\u00e5n tre till fem m\u00e5naders v\u00e4ntan!<br \/>\n\u201d\u00c4r det inte denna situation ett dubbelbeskattningsavtal skulle f\u00f6rhindra\u201d, fr\u00e5gar sig en Spaniensvensk som i mars m\u00e5nad skickade en f\u00f6rfr\u00e5gan till Sveriges finansminister Anders Borg.<br \/>\nM\u00e5nga Spaniensvenskar har samma uppfattning och vill ha en omf\u00f6rhandling av nu g\u00e4llande avtal, eller om Spanien inte vill omf\u00f6rhandla dubbel-<br \/>\nbeskattningsavtalet, att Sverige avr\u00e4knar den spanska skatten direkt det vill s\u00e4ga s\u00e4nker SINK-skatten i motsvarande m\u00e5n. Detta skulle dessutom inneb\u00e4ra en administrativ besparing f\u00f6r staten och avsev\u00e4rt f\u00f6renkla f\u00f6r svenska medborgare bosatta i Spanien.<\/p>\n<p>Tidigare svar<br \/>\nMen enligt Bj\u00f6rn Wretfeldt, politiskt sakkunnig p\u00e5 Finansdepartementet, h\u00e4nvisar bara till finansministern Anders Borgs svar p\u00e5 en liknande fr\u00e5ga.<br \/>\nDen g\u00e5ngen var det socialdemokraten Agneta Lundberg som tog upp dubbelbeskattningsavtal mellan Sverige och Spanien. Hennes fr\u00e5ga var om Anders Borg har f\u00f6r avsikt att omf\u00f6rhandla avtalet med den spanska regeringen s\u00e5 att svenska pension\u00e4rer endast beskattas i hemvistlandet?<br \/>\nAnders Borg menar att \u201den \u00e4ndring i den nuvarande ordningen kr\u00e4ver att skatteavtalet mellan Spanien och Sverige tas upp till f\u00f6rnyade f\u00f6rhandlingar. Detta \u00e4r dock f\u00f6renat med stora sv\u00e5righeter. Skatteavtalet inneh\u00e5ller best\u00e4mmelser p\u00e5 m\u00e5nga andra omr\u00e5den som i s\u00e5 fall skulle kunna komma att bli f\u00f6rem\u00e5l f\u00f6r diskussion. Vid kontakter med v\u00e5ra spanska motsvarigheter har dessutom framkommit att det inte finns n\u00e5got intresse fr\u00e5n spansk sida av att \u00e4ndra avr\u00e4kningsreglerna avseende pensionsbetalningar fr\u00e5n Sverige\u201d.<br \/>\nDet mesta pekar mot att det inte blir n\u00e5gra f\u00f6r\u00e4ndringar i fr\u00e5gan.<\/p>\n<p>Anders Borg svarar:<br \/>\nAgneta Lundberg har fr\u00e5gat mig vad jag avser att g\u00f6ra f\u00f6r att omf\u00f6rhandla skatteavtalet med den spanska regeringen s\u00e5 att svenska pension\u00e4rer endast beskattas i hemvistlandet.<br \/>\nBakgrunden till fr\u00e5gan \u00e4r att skatteavtalet mellan Spanien och Sverige f\u00f6reskriver att utbetalningar enligt socialf\u00f6rs\u00e4kringslagstiftningen och utbetalningar p\u00e5 grund av pensionsf\u00f6rs\u00e4kring som betalas fr\u00e5n Sverige till mottagare med hemvist i Spanien f\u00e5r beskattas i Sverige. Om mottagaren \u00e4r begr\u00e4nsat skattskyldig i Sverige sker beskattningen normalt enligt lagen om s\u00e4rskild inkomstskatt f\u00f6r utomlands bosatta, SINK. Skatteuttaget \u00e4r 25 procent av betalningens belopp. \u00c4ven Spanien som hemviststat har r\u00e4tt enligt avtalet att beskatta s\u00e5dana betalningar. Den dubbelbeskattning som uppkommer undanr\u00f6js genom avr\u00e4kning av den spanska skatten fr\u00e5n den svenska.<br \/>\nDet vanliga s\u00e4ttet att undanr\u00f6ja denna dubbelbeskattning vore att Spanien som hemviststat medgav avr\u00e4kning av den svenska skatten mot spansk skatt. Det hade d\u00e5 varit tillr\u00e4ckligt om den skattskyldige hade betalat in eventuell mellanskillnad mellan den svenska och spanska skatten till spanska skattemyndigheter. Den skattskyldige hade d\u00e5 inte under n\u00e5gon tid beh\u00f6vt ligga ute med skatten.<br \/>\nTyv\u00e4rr var detta en ordning som Spanien vid f\u00f6rhandlingarna om skatteavtalet inte kunde acceptera. Spanien insisterade p\u00e5 att f\u00e5 den prim\u00e4ra beskattningsr\u00e4tten till denna typ av betalningar. Som en eftergift gick Sverige med p\u00e5 att medge avr\u00e4kning av den spanska skatten mot svensk skatt (s\u00e5 kallad omv\u00e4nd avr\u00e4kning). Problemet med denna ordning \u00e4r att den spanska skatten \u00e4r ok\u00e4nd d\u00e5 den svenska skatten dras, det vill s\u00e4ga vid utbetalningen. Svensk skatt \u00e5terbetalas s\u00e5 snart den skattskyldige till Skatteverket redovisat hur stor spansk skatt som erlagts p\u00e5 betalningen.<br \/>\nJag \u00e4r fullt medveten om att detta system inte \u00e4r det enklaste att hantera f\u00f6r de ber\u00f6rda. F\u00f6r m\u00e5nga pension\u00e4rer, framf\u00f6r allt de som lever p\u00e5 sm\u00e5 pensioner, \u00e4r det naturligtvis besv\u00e4rligt att tvingas ligga ute med skatt i tv\u00e5 l\u00e4nder under en tid.<br \/>\nDen ordning som vi har i skatteavtalet med Spanien betr\u00e4ffande dessa betalningar \u00e4r resultatet av att de avtalsslutande staterna haft olika utg\u00e5ngspunkter och gjort olika prioriteringar vid avtalsf\u00f6rhandlingen. Precis som alla andra skatteavtal inneh\u00e5ller \u00e4ven detta avtal kompromissl\u00f6sningar. Den g\u00e4llande ordningen \u00e4r inte i enlighet med den linje som Sverige driver vid f\u00f6rhandlingar om skatteavtal, n\u00e4mligen att Sverige som k\u00e4llstat beskattar utbetalningen och att hemviststaten f\u00e5r avr\u00e4kna denna skatt.<br \/>\nEn \u00e4ndring i den nuvarande ordningen kr\u00e4ver att skatteavtalet mellan Spanien och Sverige tas upp till f\u00f6rnyade f\u00f6rhandlingar. Detta \u00e4r dock f\u00f6renat med stora sv\u00e5righeter. Skatteavtalet inneh\u00e5ller best\u00e4mmelser p\u00e5 m\u00e5nga andra omr\u00e5den som i s\u00e5 fall skulle kunna komma att bli f\u00f6rem\u00e5l f\u00f6r diskussion. Vid kontakter med v\u00e5ra spanska motsvarigheter har dessutom framkommit att det inte finns n\u00e5got intresse fr\u00e5n spansk sida av att \u00e4ndra avr\u00e4kningsreglerna avseende pensionsbetalningar fr\u00e5n Sverige. <\/p>\n","protected":false},"excerpt":{"rendered":"<p>Inf\u00f6r det svenska riksdagsvalet 2006 skickade Nya Moderaterna en valreklam till utlandssvenskar under temat\u201d Din r\u00f6st kan avg\u00f6ra valet 2006\u201d. I ett PS till svenskar bosatta i Spanien lovade Fredrik Reinfeldt att om Alliansen vann valet skulle den nya regeringen se \u00f6ver dubbelbeskattningsavtalet mellan Sverige och Spanien. Av Ola Josefsson \u201dPS! F\u00f6r dig som bor [&hellip;]<\/p>\n","protected":false},"author":8,"featured_media":2693,"comment_status":"open","ping_status":"open","sticky":false,"template":"","format":"standard","meta":{"_et_pb_use_builder":"","_et_pb_old_content":"","_et_gb_content_width":"","footnotes":""},"categories":[396,4],"tags":[],"class_list":["post-2692","post","type-post","status-publish","format-standard","has-post-thumbnail","hentry","category-arkiv-artiklar","category-artiklar"],"yoast_head":"<!-- This site is optimized with the Yoast SEO Premium plugin v26.2 (Yoast SEO v28.2) - https:\/\/yoast.com\/product\/yoast-seo-premium-wordpress\/ -->\n<title>Dubbelbeskattningsavtalet: Trots vall\u00f6fte till Spaniensvenskar ger Anders Borg kalla handen - Svenska Magasinet<\/title>\n<meta name=\"robots\" content=\"noindex, follow, max-snippet:-1, max-image-preview:large, max-video-preview:-1\" \/>\n<meta property=\"og:locale\" content=\"sv_SE\" \/>\n<meta property=\"og:type\" content=\"article\" \/>\n<meta property=\"og:title\" content=\"Dubbelbeskattningsavtalet: Trots vall\u00f6fte till Spaniensvenskar ger Anders Borg kalla handen\" \/>\n<meta property=\"og:description\" content=\"Inf\u00f6r det svenska riksdagsvalet 2006 skickade Nya Moderaterna en valreklam till utlandssvenskar under temat\u201d Din r\u00f6st kan avg\u00f6ra valet 2006\u201d. I ett PS till svenskar bosatta i Spanien lovade Fredrik Reinfeldt att om Alliansen vann valet skulle den nya regeringen se \u00f6ver dubbelbeskattningsavtalet mellan Sverige och Spanien. Av Ola Josefsson \u201dPS! F\u00f6r dig som bor [&hellip;]\" \/>\n<meta property=\"og:url\" content=\"https:\/\/lightweb.dev\/l\/svm-temp\/artiklar\/dubbelbeskattningsavtalet-trots-vallofte-till-spaniensvenskar-ger-anders-borg-kalla-handen\/\" \/>\n<meta property=\"og:site_name\" content=\"Svenska Magasinet\" \/>\n<meta property=\"article:publisher\" content=\"https:\/\/www.facebook.com\/svenskamagasinet\" \/>\n<meta property=\"article:published_time\" content=\"2008-05-06T22:00:00+00:00\" \/>\n<meta property=\"og:image\" content=\"https:\/\/lightweb.dev\/l\/svm-temp\/wp-content\/uploads\/2022\/04\/dubbelbeskattningsavtalet-trots-vallfte-till-spaniensvenskar-ger-anders-borg-kalla-handen.png\" \/>\n\t<meta property=\"og:image:width\" content=\"280\" \/>\n\t<meta property=\"og:image:height\" content=\"420\" \/>\n\t<meta property=\"og:image:type\" content=\"image\/png\" \/>\n<meta name=\"author\" content=\"Redaktionen SvM\" \/>\n<meta name=\"twitter:card\" content=\"summary_large_image\" \/>\n<meta name=\"twitter:creator\" content=\"@SvenskaMagasine\" \/>\n<meta name=\"twitter:site\" content=\"@SvenskaMagasine\" \/>\n<script type=\"application\/ld+json\" class=\"yoast-schema-graph\">{\"@context\":\"https:\\\/\\\/schema.org\",\"@graph\":[{\"@type\":\"Article\",\"@id\":\"https:\\\/\\\/lightweb.dev\\\/l\\\/svm-temp\\\/artiklar\\\/dubbelbeskattningsavtalet-trots-vallofte-till-spaniensvenskar-ger-anders-borg-kalla-handen\\\/#article\",\"isPartOf\":{\"@id\":\"https:\\\/\\\/lightweb.dev\\\/l\\\/svm-temp\\\/artiklar\\\/dubbelbeskattningsavtalet-trots-vallofte-till-spaniensvenskar-ger-anders-borg-kalla-handen\\\/\"},\"author\":{\"name\":\"Redaktionen SvM\",\"@id\":\"https:\\\/\\\/lightweb.dev\\\/l\\\/svm-temp\\\/#\\\/schema\\\/person\\\/206a3bda5b607b0c25e1749191e4d837\"},\"headline\":\"Dubbelbeskattningsavtalet: Trots vall\u00f6fte till Spaniensvenskar ger Anders Borg kalla handen\",\"datePublished\":\"2008-05-06T22:00:00+00:00\",\"mainEntityOfPage\":{\"@id\":\"https:\\\/\\\/lightweb.dev\\\/l\\\/svm-temp\\\/artiklar\\\/dubbelbeskattningsavtalet-trots-vallofte-till-spaniensvenskar-ger-anders-borg-kalla-handen\\\/\"},\"wordCount\":1195,\"commentCount\":0,\"publisher\":{\"@id\":\"https:\\\/\\\/lightweb.dev\\\/l\\\/svm-temp\\\/#organization\"},\"image\":{\"@id\":\"https:\\\/\\\/lightweb.dev\\\/l\\\/svm-temp\\\/artiklar\\\/dubbelbeskattningsavtalet-trots-vallofte-till-spaniensvenskar-ger-anders-borg-kalla-handen\\\/#primaryimage\"},\"thumbnailUrl\":\"https:\\\/\\\/lightweb.dev\\\/l\\\/svm-temp\\\/wp-content\\\/uploads\\\/2022\\\/04\\\/dubbelbeskattningsavtalet-trots-vallfte-till-spaniensvenskar-ger-anders-borg-kalla-handen.png\",\"articleSection\":[\"Arkiv\",\"Artiklar\"],\"inLanguage\":\"sv-SE\"},{\"@type\":\"WebPage\",\"@id\":\"https:\\\/\\\/lightweb.dev\\\/l\\\/svm-temp\\\/artiklar\\\/dubbelbeskattningsavtalet-trots-vallofte-till-spaniensvenskar-ger-anders-borg-kalla-handen\\\/\",\"url\":\"https:\\\/\\\/lightweb.dev\\\/l\\\/svm-temp\\\/artiklar\\\/dubbelbeskattningsavtalet-trots-vallofte-till-spaniensvenskar-ger-anders-borg-kalla-handen\\\/\",\"name\":\"Dubbelbeskattningsavtalet: Trots vall\u00f6fte till Spaniensvenskar ger Anders Borg kalla handen - Svenska Magasinet\",\"isPartOf\":{\"@id\":\"https:\\\/\\\/lightweb.dev\\\/l\\\/svm-temp\\\/#website\"},\"primaryImageOfPage\":{\"@id\":\"https:\\\/\\\/lightweb.dev\\\/l\\\/svm-temp\\\/artiklar\\\/dubbelbeskattningsavtalet-trots-vallofte-till-spaniensvenskar-ger-anders-borg-kalla-handen\\\/#primaryimage\"},\"image\":{\"@id\":\"https:\\\/\\\/lightweb.dev\\\/l\\\/svm-temp\\\/artiklar\\\/dubbelbeskattningsavtalet-trots-vallofte-till-spaniensvenskar-ger-anders-borg-kalla-handen\\\/#primaryimage\"},\"thumbnailUrl\":\"https:\\\/\\\/lightweb.dev\\\/l\\\/svm-temp\\\/wp-content\\\/uploads\\\/2022\\\/04\\\/dubbelbeskattningsavtalet-trots-vallfte-till-spaniensvenskar-ger-anders-borg-kalla-handen.png\",\"datePublished\":\"2008-05-06T22:00:00+00:00\",\"breadcrumb\":{\"@id\":\"https:\\\/\\\/lightweb.dev\\\/l\\\/svm-temp\\\/artiklar\\\/dubbelbeskattningsavtalet-trots-vallofte-till-spaniensvenskar-ger-anders-borg-kalla-handen\\\/#breadcrumb\"},\"inLanguage\":\"sv-SE\",\"potentialAction\":[{\"@type\":\"ReadAction\",\"target\":[\"https:\\\/\\\/lightweb.dev\\\/l\\\/svm-temp\\\/artiklar\\\/dubbelbeskattningsavtalet-trots-vallofte-till-spaniensvenskar-ger-anders-borg-kalla-handen\\\/\"]}]},{\"@type\":\"ImageObject\",\"inLanguage\":\"sv-SE\",\"@id\":\"https:\\\/\\\/lightweb.dev\\\/l\\\/svm-temp\\\/artiklar\\\/dubbelbeskattningsavtalet-trots-vallofte-till-spaniensvenskar-ger-anders-borg-kalla-handen\\\/#primaryimage\",\"url\":\"https:\\\/\\\/lightweb.dev\\\/l\\\/svm-temp\\\/wp-content\\\/uploads\\\/2022\\\/04\\\/dubbelbeskattningsavtalet-trots-vallfte-till-spaniensvenskar-ger-anders-borg-kalla-handen.png\",\"contentUrl\":\"https:\\\/\\\/lightweb.dev\\\/l\\\/svm-temp\\\/wp-content\\\/uploads\\\/2022\\\/04\\\/dubbelbeskattningsavtalet-trots-vallfte-till-spaniensvenskar-ger-anders-borg-kalla-handen.png\",\"width\":280,\"height\":420},{\"@type\":\"BreadcrumbList\",\"@id\":\"https:\\\/\\\/lightweb.dev\\\/l\\\/svm-temp\\\/artiklar\\\/dubbelbeskattningsavtalet-trots-vallofte-till-spaniensvenskar-ger-anders-borg-kalla-handen\\\/#breadcrumb\",\"itemListElement\":[{\"@type\":\"ListItem\",\"position\":1,\"name\":\"Hem\",\"item\":\"https:\\\/\\\/lightweb.dev\\\/l\\\/svm-temp\\\/\"},{\"@type\":\"ListItem\",\"position\":2,\"name\":\"Dubbelbeskattningsavtalet: Trots vall\u00f6fte till Spaniensvenskar ger Anders Borg kalla handen\"}]},{\"@type\":\"WebSite\",\"@id\":\"https:\\\/\\\/lightweb.dev\\\/l\\\/svm-temp\\\/#website\",\"url\":\"https:\\\/\\\/lightweb.dev\\\/l\\\/svm-temp\\\/\",\"name\":\"Svenska Magasinet\",\"description\":\"Dina Spanska nyheter p&aring; Svenska\",\"publisher\":{\"@id\":\"https:\\\/\\\/lightweb.dev\\\/l\\\/svm-temp\\\/#organization\"},\"potentialAction\":[{\"@type\":\"SearchAction\",\"target\":{\"@type\":\"EntryPoint\",\"urlTemplate\":\"https:\\\/\\\/lightweb.dev\\\/l\\\/svm-temp\\\/?s={search_term_string}\"},\"query-input\":{\"@type\":\"PropertyValueSpecification\",\"valueRequired\":true,\"valueName\":\"search_term_string\"}}],\"inLanguage\":\"sv-SE\"},{\"@type\":\"Organization\",\"@id\":\"https:\\\/\\\/lightweb.dev\\\/l\\\/svm-temp\\\/#organization\",\"name\":\"Melkerson y Nott SL\",\"alternateName\":\"Svenska Magasinet\",\"url\":\"https:\\\/\\\/lightweb.dev\\\/l\\\/svm-temp\\\/\",\"logo\":{\"@type\":\"ImageObject\",\"inLanguage\":\"sv-SE\",\"@id\":\"https:\\\/\\\/lightweb.dev\\\/l\\\/svm-temp\\\/#\\\/schema\\\/logo\\\/image\\\/\",\"url\":\"https:\\\/\\\/lightweb.dev\\\/l\\\/svm-temp\\\/wp-content\\\/uploads\\\/2025\\\/02\\\/SvM-logo-Xtra-Centrerad-SVART.png\",\"contentUrl\":\"https:\\\/\\\/lightweb.dev\\\/l\\\/svm-temp\\\/wp-content\\\/uploads\\\/2025\\\/02\\\/SvM-logo-Xtra-Centrerad-SVART.png\",\"width\":300,\"height\":99,\"caption\":\"Melkerson y Nott SL\"},\"image\":{\"@id\":\"https:\\\/\\\/lightweb.dev\\\/l\\\/svm-temp\\\/#\\\/schema\\\/logo\\\/image\\\/\"},\"sameAs\":[\"https:\\\/\\\/www.facebook.com\\\/svenskamagasinet\",\"https:\\\/\\\/x.com\\\/SvenskaMagasine\"]},{\"@type\":\"Person\",\"@id\":\"https:\\\/\\\/lightweb.dev\\\/l\\\/svm-temp\\\/#\\\/schema\\\/person\\\/206a3bda5b607b0c25e1749191e4d837\",\"name\":\"Redaktionen SvM\",\"description\":\"Redaktionen\",\"sameAs\":[\"https:\\\/\\\/lightweb.dev\\\/l\\\/svm-temp\"],\"url\":\"https:\\\/\\\/lightweb.dev\\\/l\\\/svm-temp\\\/reporter\\\/redaktionen\\\/\"}]}<\/script>\n<!-- \/ Yoast SEO Premium plugin. -->","yoast_head_json":{"title":"Dubbelbeskattningsavtalet: Trots vall\u00f6fte till Spaniensvenskar ger Anders Borg kalla handen - Svenska Magasinet","robots":{"index":"noindex","follow":"follow","max-snippet":"max-snippet:-1","max-image-preview":"max-image-preview:large","max-video-preview":"max-video-preview:-1"},"og_locale":"sv_SE","og_type":"article","og_title":"Dubbelbeskattningsavtalet: Trots vall\u00f6fte till Spaniensvenskar ger Anders Borg kalla handen","og_description":"Inf\u00f6r det svenska riksdagsvalet 2006 skickade Nya Moderaterna en valreklam till utlandssvenskar under temat\u201d Din r\u00f6st kan avg\u00f6ra valet 2006\u201d. I ett PS till svenskar bosatta i Spanien lovade Fredrik Reinfeldt att om Alliansen vann valet skulle den nya regeringen se \u00f6ver dubbelbeskattningsavtalet mellan Sverige och Spanien. Av Ola Josefsson \u201dPS! F\u00f6r dig som bor [&hellip;]","og_url":"https:\/\/lightweb.dev\/l\/svm-temp\/artiklar\/dubbelbeskattningsavtalet-trots-vallofte-till-spaniensvenskar-ger-anders-borg-kalla-handen\/","og_site_name":"Svenska Magasinet","article_publisher":"https:\/\/www.facebook.com\/svenskamagasinet","article_published_time":"2008-05-06T22:00:00+00:00","og_image":[{"width":280,"height":420,"url":"https:\/\/lightweb.dev\/l\/svm-temp\/wp-content\/uploads\/2022\/04\/dubbelbeskattningsavtalet-trots-vallfte-till-spaniensvenskar-ger-anders-borg-kalla-handen.png","type":"image\/png"}],"author":"Redaktionen SvM","twitter_card":"summary_large_image","twitter_creator":"@SvenskaMagasine","twitter_site":"@SvenskaMagasine","schema":{"@context":"https:\/\/schema.org","@graph":[{"@type":"Article","@id":"https:\/\/lightweb.dev\/l\/svm-temp\/artiklar\/dubbelbeskattningsavtalet-trots-vallofte-till-spaniensvenskar-ger-anders-borg-kalla-handen\/#article","isPartOf":{"@id":"https:\/\/lightweb.dev\/l\/svm-temp\/artiklar\/dubbelbeskattningsavtalet-trots-vallofte-till-spaniensvenskar-ger-anders-borg-kalla-handen\/"},"author":{"name":"Redaktionen SvM","@id":"https:\/\/lightweb.dev\/l\/svm-temp\/#\/schema\/person\/206a3bda5b607b0c25e1749191e4d837"},"headline":"Dubbelbeskattningsavtalet: Trots vall\u00f6fte till Spaniensvenskar ger Anders Borg kalla handen","datePublished":"2008-05-06T22:00:00+00:00","mainEntityOfPage":{"@id":"https:\/\/lightweb.dev\/l\/svm-temp\/artiklar\/dubbelbeskattningsavtalet-trots-vallofte-till-spaniensvenskar-ger-anders-borg-kalla-handen\/"},"wordCount":1195,"commentCount":0,"publisher":{"@id":"https:\/\/lightweb.dev\/l\/svm-temp\/#organization"},"image":{"@id":"https:\/\/lightweb.dev\/l\/svm-temp\/artiklar\/dubbelbeskattningsavtalet-trots-vallofte-till-spaniensvenskar-ger-anders-borg-kalla-handen\/#primaryimage"},"thumbnailUrl":"https:\/\/lightweb.dev\/l\/svm-temp\/wp-content\/uploads\/2022\/04\/dubbelbeskattningsavtalet-trots-vallfte-till-spaniensvenskar-ger-anders-borg-kalla-handen.png","articleSection":["Arkiv","Artiklar"],"inLanguage":"sv-SE"},{"@type":"WebPage","@id":"https:\/\/lightweb.dev\/l\/svm-temp\/artiklar\/dubbelbeskattningsavtalet-trots-vallofte-till-spaniensvenskar-ger-anders-borg-kalla-handen\/","url":"https:\/\/lightweb.dev\/l\/svm-temp\/artiklar\/dubbelbeskattningsavtalet-trots-vallofte-till-spaniensvenskar-ger-anders-borg-kalla-handen\/","name":"Dubbelbeskattningsavtalet: Trots vall\u00f6fte till Spaniensvenskar ger Anders Borg kalla handen - Svenska Magasinet","isPartOf":{"@id":"https:\/\/lightweb.dev\/l\/svm-temp\/#website"},"primaryImageOfPage":{"@id":"https:\/\/lightweb.dev\/l\/svm-temp\/artiklar\/dubbelbeskattningsavtalet-trots-vallofte-till-spaniensvenskar-ger-anders-borg-kalla-handen\/#primaryimage"},"image":{"@id":"https:\/\/lightweb.dev\/l\/svm-temp\/artiklar\/dubbelbeskattningsavtalet-trots-vallofte-till-spaniensvenskar-ger-anders-borg-kalla-handen\/#primaryimage"},"thumbnailUrl":"https:\/\/lightweb.dev\/l\/svm-temp\/wp-content\/uploads\/2022\/04\/dubbelbeskattningsavtalet-trots-vallfte-till-spaniensvenskar-ger-anders-borg-kalla-handen.png","datePublished":"2008-05-06T22:00:00+00:00","breadcrumb":{"@id":"https:\/\/lightweb.dev\/l\/svm-temp\/artiklar\/dubbelbeskattningsavtalet-trots-vallofte-till-spaniensvenskar-ger-anders-borg-kalla-handen\/#breadcrumb"},"inLanguage":"sv-SE","potentialAction":[{"@type":"ReadAction","target":["https:\/\/lightweb.dev\/l\/svm-temp\/artiklar\/dubbelbeskattningsavtalet-trots-vallofte-till-spaniensvenskar-ger-anders-borg-kalla-handen\/"]}]},{"@type":"ImageObject","inLanguage":"sv-SE","@id":"https:\/\/lightweb.dev\/l\/svm-temp\/artiklar\/dubbelbeskattningsavtalet-trots-vallofte-till-spaniensvenskar-ger-anders-borg-kalla-handen\/#primaryimage","url":"https:\/\/lightweb.dev\/l\/svm-temp\/wp-content\/uploads\/2022\/04\/dubbelbeskattningsavtalet-trots-vallfte-till-spaniensvenskar-ger-anders-borg-kalla-handen.png","contentUrl":"https:\/\/lightweb.dev\/l\/svm-temp\/wp-content\/uploads\/2022\/04\/dubbelbeskattningsavtalet-trots-vallfte-till-spaniensvenskar-ger-anders-borg-kalla-handen.png","width":280,"height":420},{"@type":"BreadcrumbList","@id":"https:\/\/lightweb.dev\/l\/svm-temp\/artiklar\/dubbelbeskattningsavtalet-trots-vallofte-till-spaniensvenskar-ger-anders-borg-kalla-handen\/#breadcrumb","itemListElement":[{"@type":"ListItem","position":1,"name":"Hem","item":"https:\/\/lightweb.dev\/l\/svm-temp\/"},{"@type":"ListItem","position":2,"name":"Dubbelbeskattningsavtalet: Trots vall\u00f6fte till Spaniensvenskar ger Anders Borg kalla handen"}]},{"@type":"WebSite","@id":"https:\/\/lightweb.dev\/l\/svm-temp\/#website","url":"https:\/\/lightweb.dev\/l\/svm-temp\/","name":"Svenska Magasinet","description":"Dina Spanska nyheter p&aring; Svenska","publisher":{"@id":"https:\/\/lightweb.dev\/l\/svm-temp\/#organization"},"potentialAction":[{"@type":"SearchAction","target":{"@type":"EntryPoint","urlTemplate":"https:\/\/lightweb.dev\/l\/svm-temp\/?s={search_term_string}"},"query-input":{"@type":"PropertyValueSpecification","valueRequired":true,"valueName":"search_term_string"}}],"inLanguage":"sv-SE"},{"@type":"Organization","@id":"https:\/\/lightweb.dev\/l\/svm-temp\/#organization","name":"Melkerson y Nott SL","alternateName":"Svenska Magasinet","url":"https:\/\/lightweb.dev\/l\/svm-temp\/","logo":{"@type":"ImageObject","inLanguage":"sv-SE","@id":"https:\/\/lightweb.dev\/l\/svm-temp\/#\/schema\/logo\/image\/","url":"https:\/\/lightweb.dev\/l\/svm-temp\/wp-content\/uploads\/2025\/02\/SvM-logo-Xtra-Centrerad-SVART.png","contentUrl":"https:\/\/lightweb.dev\/l\/svm-temp\/wp-content\/uploads\/2025\/02\/SvM-logo-Xtra-Centrerad-SVART.png","width":300,"height":99,"caption":"Melkerson y Nott SL"},"image":{"@id":"https:\/\/lightweb.dev\/l\/svm-temp\/#\/schema\/logo\/image\/"},"sameAs":["https:\/\/www.facebook.com\/svenskamagasinet","https:\/\/x.com\/SvenskaMagasine"]},{"@type":"Person","@id":"https:\/\/lightweb.dev\/l\/svm-temp\/#\/schema\/person\/206a3bda5b607b0c25e1749191e4d837","name":"Redaktionen SvM","description":"Redaktionen","sameAs":["https:\/\/lightweb.dev\/l\/svm-temp"],"url":"https:\/\/lightweb.dev\/l\/svm-temp\/reporter\/redaktionen\/"}]}},"_links":{"self":[{"href":"https:\/\/lightweb.dev\/l\/svm-temp\/wp-json\/wp\/v2\/posts\/2692","targetHints":{"allow":["GET"]}}],"collection":[{"href":"https:\/\/lightweb.dev\/l\/svm-temp\/wp-json\/wp\/v2\/posts"}],"about":[{"href":"https:\/\/lightweb.dev\/l\/svm-temp\/wp-json\/wp\/v2\/types\/post"}],"author":[{"embeddable":true,"href":"https:\/\/lightweb.dev\/l\/svm-temp\/wp-json\/wp\/v2\/users\/8"}],"replies":[{"embeddable":true,"href":"https:\/\/lightweb.dev\/l\/svm-temp\/wp-json\/wp\/v2\/comments?post=2692"}],"version-history":[{"count":0,"href":"https:\/\/lightweb.dev\/l\/svm-temp\/wp-json\/wp\/v2\/posts\/2692\/revisions"}],"wp:featuredmedia":[{"embeddable":true,"href":"https:\/\/lightweb.dev\/l\/svm-temp\/wp-json\/wp\/v2\/media\/2693"}],"wp:attachment":[{"href":"https:\/\/lightweb.dev\/l\/svm-temp\/wp-json\/wp\/v2\/media?parent=2692"}],"wp:term":[{"taxonomy":"category","embeddable":true,"href":"https:\/\/lightweb.dev\/l\/svm-temp\/wp-json\/wp\/v2\/categories?post=2692"},{"taxonomy":"post_tag","embeddable":true,"href":"https:\/\/lightweb.dev\/l\/svm-temp\/wp-json\/wp\/v2\/tags?post=2692"}],"curies":[{"name":"wp","href":"https:\/\/api.w.org\/{rel}","templated":true}]}}