{"id":2694,"date":"2008-05-07T00:00:00","date_gmt":"2008-05-06T22:00:00","guid":{"rendered":"https:\/\/lightweb.dev\/l\/svm-temp\/200-barn-soks-i-spanien-forsvinnanden-som-forbryllar\/"},"modified":"2008-05-07T00:00:00","modified_gmt":"2008-05-06T22:00:00","slug":"200-barn-soks-i-spanien-forsvinnanden-som-forbryllar","status":"publish","type":"post","link":"https:\/\/lightweb.dev\/l\/svm-temp\/artiklar\/200-barn-soks-i-spanien-forsvinnanden-som-forbryllar\/","title":{"rendered":"200 barn s\u00f6ks i Spanien: F\u00f6rsvinnanden som f\u00f6rbryllar"},"content":{"rendered":"<p> Den 10 mars 2007 f\u00f6rsvann den \u00e5tta\u00e5rige pojken Y\u00e9remi Vargas bara n\u00e5gra f\u00e5 meter fr\u00e5n sitt hem i Vecindario p\u00e5 Gran Canaria. Ingen vet var pojken \u00e4r. Det finns inga sp\u00e5r Av Elin Petersson<\/p>\n<p>Y\u00e9remi Jos\u00e9 Vargas f\u00f6ddes i Las Palmas de Gran Canaria  den 18 Juli, 1999. Han \u00e4r en aktiv kille som gillar karate, motorcyklar, quads och dinosaurier. Y\u00e9remi har m\u00e5nga kompisar men leker helst med sina kusiner. Han \u00e4r en blyg kille som ibland blir r\u00e4dd f\u00f6r vissa djur, till exempel hundar.<br \/>\nY\u00e9remi Jos\u00e9 Vargas har blont h\u00e5r, bruna \u00f6gon och b\u00e4r glas\u00f6gon med gr\u00f6na b\u00e5gar. Vid f\u00f6rsvinnandet var han kl\u00e4dd i en brun tr\u00f6ja med oranga bokst\u00e4ver, kr\u00e4mf\u00e4rgade byxor och gymnastikskor. Yeremi har ett r\u00f6tt f\u00f6delsem\u00e4rke p\u00e5 br\u00f6stet.<br \/>\nY\u00e9remi f\u00f6rsvann l\u00f6rdagen den 10 mars 2007 vid 13.30 tiden d\u00e5 han tillsammans med sina kusiner lekte p\u00e5 en tomt i bostadsomr\u00e5det Los Llanos, bara n\u00e5gra f\u00e5 meter fr\u00e5n sin morfar och 2 morbr\u00f6der. D\u00e5 maten var klar, ropade mormor p\u00e5 familjen och alla kom in f\u00f6r att s\u00e4tta sig till bords f\u00f6rutom Y\u00e9remi.<\/p>\n<p>Hoppet vid liv<br \/>\nEtt \u00e5r efter Y\u00e9remis f\u00f6rsvinnande h\u00e5ller hans mamma Ithaisa Su\u00e1rez fortfarande hoppet vid liv, men hon fr\u00e5gar sig var n\u00e5gon kan h\u00e5lla ett barn g\u00f6mt under s\u00e5 l\u00e5ng tid, enligt nyhetsbyr\u00e5n EFE. Familjen tror fortfarande att n\u00e5gon kidnappat deras son, han \u00e4r en blyg och l\u00e4ttskr\u00e4md pojke som aldrig skulle ha g\u00e5tt iv\u00e4g p\u00e5 eget initiativ. Strax efter f\u00f6rsvinnandet sa dessutom familjens taleskvinna<br \/>\nMilagros Su\u00e1rez att han heller inte skulle ha tappat bort sig, \u201dhan vet mycket v\u00e4l var hans hem \u00e4r, han skulle hitta hem till huset om han skulle komma bort sig.\u201d<br \/>\nFamiljen, grannarna, \u00f6befolkningen och myndigheterna har s\u00f6kt \u00f6verallt efter den f\u00f6rsvunne pojken. Inom en timme efter f\u00f6rsvinnandet var Policia Nacional och Guardia Civil informerade och b\u00f6rjade omedelbart kontrollera alla avg\u00e5ngar vid Gran Canarias hamnar och flygplats. Alla dammar, brunnar, n\u00e4rliggande industriomr\u00e5den, v\u00e4xthus, str\u00e4nder samt kuststr\u00e4ckor i omr\u00e5det har kontrollerats, b\u00e5de p\u00e5 markniv\u00e5 men ocks\u00e5 fr\u00e5n luften.<\/p>\n<p>Tiden har stannat<br \/>\nEtt \u00e5r senare \u00e4r situationen likadan, om inte v\u00e4rre. \u201dVi har tiden emot oss, s\u00e4ger Ithaisa Su\u00e1rez, det blir bara v\u00e4rre och v\u00e4rre f\u00f6r varje dag, vi saknar v\u00e5r son i allt vi g\u00f6r. Tiden har stannat, det k\u00e4nns som om vi fastnat p\u00e5 den dagen, dagen d\u00e5 han f\u00f6rsvann, f\u00f6r d\u00e4refter \u00e4r varje dag precis likadan.\u201d Polisen arbetar fortfarande med fallet och har hj\u00e4lp fr\u00e5n en specialgrupp fr\u00e5n Madrid. Men, som familjen s\u00e4ger, \u201dn\u00e4r vi fr\u00e5gar om deras unders\u00f6kningar g\u00e5r bra, svarar de att om det gick bra skulle v\u00e5r son vara tillbaka hos oss nu. De har ju ingen kristallkula som kan hj\u00e4lpa dem p\u00e5 v\u00e4gen.\u201d<br \/>\nI dagsl\u00e4get letar spansk polis efter 200 f\u00f6rsvunna barn p\u00e5 fastlandet och de spanska \u00f6arna. Bara ett \u00e5r tidigare, i juli 2006, f\u00f6rsvann 14 \u00e5riga Sara Morales fr\u00e5n Las Palmas p\u00e5 Gran Canaria n\u00e4r hon var p\u00e5 v\u00e4g till ett k\u00f6pcenter f\u00f6r att tr\u00e4ffa en v\u00e4ninna. Det finns inga sp\u00e5r. I januari 2008 arresterades en 35 \u00e5rig man efter det att han f\u00f6rs\u00f6kt kidnappa en 9 \u00e5rig flicka p\u00e5 \u00f6n. Polisen s\u00e4ger dock att det inte finns n\u00e5got som tyder p\u00e5 n\u00e5got samband mellan de olika fallen.<br \/>\nDu kan bes\u00f6ka webbsidan www.yeremivargas.com. Y\u00e9remis familj har inte n\u00e5gon miljoninsamling bakom som st\u00f6ttar, de kan inte resa v\u00e4rlden runt f\u00f6r att tala om sin f\u00f6rsvunne son. Tack vare medm\u00e4nniskor finner du fortfarande hans fotografi uppsatt p\u00e5 m\u00e5nga st\u00e4llen runt om i landet, en vanlig pojke som tillsammans med sina kusiner lekte intill sitt hus, och som inte kom in n\u00e4r maten var klar. Ett \u00e5r senare vet fortfarande ingen var Y\u00e9remi \u00e4r. Det finns inga sp\u00e5r.<\/p>\n<p>Misst\u00e4nkta<br \/>\nYeremi Vargas mamma, Ithaisa Su\u00e1rez, s\u00e4ger till tidningen ABC att \u201dalla omr\u00e5den d\u00e4r det bor pedofiler b\u00f6r ha informationsskyltar om detta, ungef\u00e4r som n\u00e4r man varnar f\u00f6r farliga hundar\u201d. Poliserna som leder unders\u00f6kningarna om Yeremis f\u00f6rsvinnande f\u00f6r 13 m\u00e5nader sedan f\u00f6ljer fler olika hypoteser och bevakar olika m\u00f6jligheter.<br \/>\nEn av de personer som bevakas \u00e4r en f\u00f6rsamlingsmedlem i den n\u00e4rliggande evangeliska kyrkan som ligger bara n\u00e5gra hundra meter fr\u00e5n Yeremis hem, i byn Vecindario p\u00e5 Gran Canaria. I augusti 2007 arresterades dessutom en av de trogna f\u00f6rsamlingsmedlemmarna efter det att han polisanm\u00e4lts f\u00f6r att ha utnyttjat tv\u00e5 pojkar, 4 och 12 \u00e5r gamla. Mannen sitter sedan dess frihetsber\u00f6vad.<\/p>\n<p>Fyra pedofiler<br \/>\nIthaisa s\u00e4ger till ABC att familjen misst\u00e4nker den h\u00e4r personen eftersom han \u00e4r bosatt s\u00e5 n\u00e4ra platsen d\u00e4r Yeremi f\u00f6rsvann. Han \u00e4r dock inte den ende: enligt Yeremis mamma bor det tv\u00e5 eller tre andra presumtiva pedofiler i omr\u00e5det.<br \/>\nHon ifr\u00e5gas\u00e4tter varf\u00f6r polisen inte har n\u00e5gon r\u00e4tt att g\u00e5 igenom hus f\u00f6r hus i omr\u00e5det f\u00f6r att \u00e5tminstone bekr\u00e4fta om n\u00e5gon har Yeremi g\u00f6md hos sig.<br \/>\n\u201dVad \u00e4r viktigast? Att en person har r\u00e4tt till sin egen personliga sf\u00e4r eller att en liten kidnappad \u00e5tta\u00e5rig pojke kan lida\u201d?<br \/>\nSedan man p\u00e5b\u00f6rjade efterspaningar efter den \u00e5tta\u00e5rige pojken har Guardia Civil arresterat fyra personer f\u00f6r brott som \u00e4r relaterade till utnyttjanden av barn. Ingen av dessa har dock haft n\u00e5gon koppling till Yeremi.<br \/>\nPolismyndigheterna l\u00e5ter meddela att de ocks\u00e5 bevakar en annan person i n\u00e4romr\u00e5det som tidigare har straffats f\u00f6r pedofili. Polisen avf\u00e4rdar inga alternativ, utan forts\u00e4tter sina unders\u00f6kningar, skriver ABC.<\/p>\n<p>Madeleines f\u00f6r\u00e4ldrar vill ha europeiskt s\u00f6ksystem f\u00f6r f\u00f6rsvunna barn<br \/>\nDen 10 april bad f\u00f6r\u00e4ldrarna till den f\u00f6rsvunna flickan Madeleine McCann den europeiska unionen att s\u00e4tta upp ett gr\u00e4ns\u00f6verskridande varnings- och s\u00f6ksystem f\u00f6r bortr\u00f6vade barn. Kate och Gerry McCann efterfr\u00e5gar ett system som skulle bist\u00e5 med information om ett f\u00f6rsvunnet barn till massmedia, gr\u00e4nsmyndigheterna och polismyndigheter runt om i Europa.<\/p>\n<p>Enligt tidningen ABC, bad f\u00f6r\u00e4ldrarna de europeiska medlemsstaterna att inf\u00f6ra varningssystemet och de insisterade p\u00e5 dess betydelse.<br \/>\n\u201dL\u00e5t oss inte v\u00e4nta tills \u00e4nnu ett barn f\u00f6rsvinner och \u00e4nnu en familj f\u00e5r lida s\u00e5 som vi har gjort, bara f\u00f6r att vi inte lyckas komma \u00f6verens om ett europeiskt samarbete i den h\u00e4r fr\u00e5gan\u201d.<br \/>\nMcCanns insisterar ocks\u00e5 p\u00e5 behovet av en europeisk \u201dhelpline\u201dsom g\u00e4ller \u00f6ver hela kontinenten.<\/p>\n<p>I USA finns ett liknande varnings- och s\u00f6ksystem, det s\u00e5 kallade \u201dAmber alert\u201d. Systemet, har enligt familjen McCann, hj\u00e4lpt till att finna 68 kidnappade barn under \u00e5r 2007 och flera hundra under de senaste fem \u00e5ren. I USA har varje stat sitt eget varningssystem och en del av dessa har ett regionalt samarbetsavtal.<br \/>\nF\u00f6rra \u00e5ret f\u00f6reslog Europakommissionen en europeisk telefonhj\u00e4lp linje f\u00f6r kidnappade barn, men denna har \u00e4nnu inte verkst\u00e4llts. EU-ministrarna och det Europeiska parlamentet har tidigare diskuterat m\u00f6jligheten om ett europeiskt larmsystem, men \u00e4rendet gick inte vidare d\u00e5 det enligt den brittiske EU delegaten Edward McMillan-Scott \u201dinte fanns n\u00e5got st\u00f6rre medvetande ang\u00e5ende behovet av n\u00e5got liknande\u201d.<\/p>\n<p>Tre EU l\u00e4nder \u2013 Storbritannien, Frankrike och Grekland \u2013 har egna varnings- och s\u00f6ksystem f\u00f6r f\u00f6rsvunna barn. De fem g\u00e5ngerna som det anv\u00e4ndes i Frankrike under f\u00f6rra \u00e5ret, var samtliga fem barn \u00e5terfunna, enligt Gerry McCann.<br \/>\nKate och Gerry McCann h\u00e5ller fortfarande hoppet vid liv om att hitta deras lilla flicka, som bortr\u00f6vades bara n\u00e5gra f\u00e5 dagar innan hennes f\u00f6delsedag i maj 2007.<br \/>\n\u201dVi hoppas fortfarande eftersom det inte finns n\u00e5gra bevis \u00f6verhuvudtaget som pekar p\u00e5 att Madeleine har skadats.\u201d<br \/>\nGerry McCann meddelade att familjen inte skulle \u00e5terv\u00e4nda till Portugal den 3 maj, 2008, \u00e5rsdagen av dotterns f\u00f6rsvinnande. <\/p>\n","protected":false},"excerpt":{"rendered":"<p>Den 10 mars 2007 f\u00f6rsvann den \u00e5tta\u00e5rige pojken Y\u00e9remi Vargas bara n\u00e5gra f\u00e5 meter fr\u00e5n sitt hem i Vecindario p\u00e5 Gran Canaria. Ingen vet var pojken \u00e4r. Det finns inga sp\u00e5r Av Elin Petersson Y\u00e9remi Jos\u00e9 Vargas f\u00f6ddes i Las Palmas de Gran Canaria den 18 Juli, 1999. Han \u00e4r en aktiv kille som gillar [&hellip;]<\/p>\n","protected":false},"author":8,"featured_media":2695,"comment_status":"open","ping_status":"open","sticky":false,"template":"","format":"standard","meta":{"_et_pb_use_builder":"","_et_pb_old_content":"","_et_gb_content_width":"","footnotes":""},"categories":[396,4],"tags":[],"class_list":["post-2694","post","type-post","status-publish","format-standard","has-post-thumbnail","hentry","category-arkiv-artiklar","category-artiklar"],"yoast_head":"<!-- This site is optimized with the Yoast SEO Premium plugin v26.2 (Yoast SEO v27.4) - https:\/\/yoast.com\/product\/yoast-seo-premium-wordpress\/ -->\n<title>200 barn s\u00f6ks i Spanien: F\u00f6rsvinnanden som f\u00f6rbryllar - Svenska Magasinet<\/title>\n<meta name=\"robots\" content=\"noindex, follow, max-snippet:-1, max-image-preview:large, max-video-preview:-1\" \/>\n<meta property=\"og:locale\" content=\"sv_SE\" \/>\n<meta property=\"og:type\" content=\"article\" \/>\n<meta property=\"og:title\" content=\"200 barn s\u00f6ks i Spanien: F\u00f6rsvinnanden som f\u00f6rbryllar\" \/>\n<meta property=\"og:description\" content=\"Den 10 mars 2007 f\u00f6rsvann den \u00e5tta\u00e5rige pojken Y\u00e9remi Vargas bara n\u00e5gra f\u00e5 meter fr\u00e5n sitt hem i Vecindario p\u00e5 Gran Canaria. Ingen vet var pojken \u00e4r. Det finns inga sp\u00e5r Av Elin Petersson Y\u00e9remi Jos\u00e9 Vargas f\u00f6ddes i Las Palmas de Gran Canaria den 18 Juli, 1999. Han \u00e4r en aktiv kille som gillar [&hellip;]\" \/>\n<meta property=\"og:url\" content=\"https:\/\/lightweb.dev\/l\/svm-temp\/artiklar\/200-barn-soks-i-spanien-forsvinnanden-som-forbryllar\/\" \/>\n<meta property=\"og:site_name\" content=\"Svenska Magasinet\" \/>\n<meta property=\"article:publisher\" content=\"https:\/\/www.facebook.com\/svenskamagasinet\" \/>\n<meta property=\"article:published_time\" content=\"2008-05-06T22:00:00+00:00\" \/>\n<meta property=\"og:image\" content=\"https:\/\/lightweb.dev\/l\/svm-temp\/wp-content\/uploads\/2022\/04\/200-barn-sks-i-spanien-frsvinnanden-som-frbryllar.png\" \/>\n\t<meta property=\"og:image:width\" content=\"280\" \/>\n\t<meta property=\"og:image:height\" content=\"207\" \/>\n\t<meta property=\"og:image:type\" content=\"image\/png\" \/>\n<meta name=\"author\" content=\"Redaktionen SvM\" \/>\n<meta name=\"twitter:card\" content=\"summary_large_image\" \/>\n<meta name=\"twitter:creator\" content=\"@SvenskaMagasine\" \/>\n<meta name=\"twitter:site\" content=\"@SvenskaMagasine\" \/>\n<script type=\"application\/ld+json\" class=\"yoast-schema-graph\">{\"@context\":\"https:\\\/\\\/schema.org\",\"@graph\":[{\"@type\":\"Article\",\"@id\":\"https:\\\/\\\/lightweb.dev\\\/l\\\/svm-temp\\\/artiklar\\\/200-barn-soks-i-spanien-forsvinnanden-som-forbryllar\\\/#article\",\"isPartOf\":{\"@id\":\"https:\\\/\\\/lightweb.dev\\\/l\\\/svm-temp\\\/artiklar\\\/200-barn-soks-i-spanien-forsvinnanden-som-forbryllar\\\/\"},\"author\":{\"name\":\"Redaktionen SvM\",\"@id\":\"https:\\\/\\\/lightweb.dev\\\/l\\\/svm-temp\\\/#\\\/schema\\\/person\\\/206a3bda5b607b0c25e1749191e4d837\"},\"headline\":\"200 barn s\u00f6ks i Spanien: F\u00f6rsvinnanden som f\u00f6rbryllar\",\"datePublished\":\"2008-05-06T22:00:00+00:00\",\"mainEntityOfPage\":{\"@id\":\"https:\\\/\\\/lightweb.dev\\\/l\\\/svm-temp\\\/artiklar\\\/200-barn-soks-i-spanien-forsvinnanden-som-forbryllar\\\/\"},\"wordCount\":1413,\"commentCount\":0,\"publisher\":{\"@id\":\"https:\\\/\\\/lightweb.dev\\\/l\\\/svm-temp\\\/#organization\"},\"image\":{\"@id\":\"https:\\\/\\\/lightweb.dev\\\/l\\\/svm-temp\\\/artiklar\\\/200-barn-soks-i-spanien-forsvinnanden-som-forbryllar\\\/#primaryimage\"},\"thumbnailUrl\":\"https:\\\/\\\/lightweb.dev\\\/l\\\/svm-temp\\\/wp-content\\\/uploads\\\/2022\\\/04\\\/200-barn-sks-i-spanien-frsvinnanden-som-frbryllar.png\",\"articleSection\":[\"Arkiv\",\"Artiklar\"],\"inLanguage\":\"sv-SE\"},{\"@type\":\"WebPage\",\"@id\":\"https:\\\/\\\/lightweb.dev\\\/l\\\/svm-temp\\\/artiklar\\\/200-barn-soks-i-spanien-forsvinnanden-som-forbryllar\\\/\",\"url\":\"https:\\\/\\\/lightweb.dev\\\/l\\\/svm-temp\\\/artiklar\\\/200-barn-soks-i-spanien-forsvinnanden-som-forbryllar\\\/\",\"name\":\"200 barn s\u00f6ks i Spanien: F\u00f6rsvinnanden som f\u00f6rbryllar - Svenska Magasinet\",\"isPartOf\":{\"@id\":\"https:\\\/\\\/lightweb.dev\\\/l\\\/svm-temp\\\/#website\"},\"primaryImageOfPage\":{\"@id\":\"https:\\\/\\\/lightweb.dev\\\/l\\\/svm-temp\\\/artiklar\\\/200-barn-soks-i-spanien-forsvinnanden-som-forbryllar\\\/#primaryimage\"},\"image\":{\"@id\":\"https:\\\/\\\/lightweb.dev\\\/l\\\/svm-temp\\\/artiklar\\\/200-barn-soks-i-spanien-forsvinnanden-som-forbryllar\\\/#primaryimage\"},\"thumbnailUrl\":\"https:\\\/\\\/lightweb.dev\\\/l\\\/svm-temp\\\/wp-content\\\/uploads\\\/2022\\\/04\\\/200-barn-sks-i-spanien-frsvinnanden-som-frbryllar.png\",\"datePublished\":\"2008-05-06T22:00:00+00:00\",\"breadcrumb\":{\"@id\":\"https:\\\/\\\/lightweb.dev\\\/l\\\/svm-temp\\\/artiklar\\\/200-barn-soks-i-spanien-forsvinnanden-som-forbryllar\\\/#breadcrumb\"},\"inLanguage\":\"sv-SE\",\"potentialAction\":[{\"@type\":\"ReadAction\",\"target\":[\"https:\\\/\\\/lightweb.dev\\\/l\\\/svm-temp\\\/artiklar\\\/200-barn-soks-i-spanien-forsvinnanden-som-forbryllar\\\/\"]}]},{\"@type\":\"ImageObject\",\"inLanguage\":\"sv-SE\",\"@id\":\"https:\\\/\\\/lightweb.dev\\\/l\\\/svm-temp\\\/artiklar\\\/200-barn-soks-i-spanien-forsvinnanden-som-forbryllar\\\/#primaryimage\",\"url\":\"https:\\\/\\\/lightweb.dev\\\/l\\\/svm-temp\\\/wp-content\\\/uploads\\\/2022\\\/04\\\/200-barn-sks-i-spanien-frsvinnanden-som-frbryllar.png\",\"contentUrl\":\"https:\\\/\\\/lightweb.dev\\\/l\\\/svm-temp\\\/wp-content\\\/uploads\\\/2022\\\/04\\\/200-barn-sks-i-spanien-frsvinnanden-som-frbryllar.png\",\"width\":280,\"height\":207},{\"@type\":\"BreadcrumbList\",\"@id\":\"https:\\\/\\\/lightweb.dev\\\/l\\\/svm-temp\\\/artiklar\\\/200-barn-soks-i-spanien-forsvinnanden-som-forbryllar\\\/#breadcrumb\",\"itemListElement\":[{\"@type\":\"ListItem\",\"position\":1,\"name\":\"Hem\",\"item\":\"https:\\\/\\\/lightweb.dev\\\/l\\\/svm-temp\\\/\"},{\"@type\":\"ListItem\",\"position\":2,\"name\":\"200 barn s\u00f6ks i Spanien: F\u00f6rsvinnanden som f\u00f6rbryllar\"}]},{\"@type\":\"WebSite\",\"@id\":\"https:\\\/\\\/lightweb.dev\\\/l\\\/svm-temp\\\/#website\",\"url\":\"https:\\\/\\\/lightweb.dev\\\/l\\\/svm-temp\\\/\",\"name\":\"Svenska Magasinet\",\"description\":\"Dina Spanska nyheter p&aring; Svenska\",\"publisher\":{\"@id\":\"https:\\\/\\\/lightweb.dev\\\/l\\\/svm-temp\\\/#organization\"},\"potentialAction\":[{\"@type\":\"SearchAction\",\"target\":{\"@type\":\"EntryPoint\",\"urlTemplate\":\"https:\\\/\\\/lightweb.dev\\\/l\\\/svm-temp\\\/?s={search_term_string}\"},\"query-input\":{\"@type\":\"PropertyValueSpecification\",\"valueRequired\":true,\"valueName\":\"search_term_string\"}}],\"inLanguage\":\"sv-SE\"},{\"@type\":\"Organization\",\"@id\":\"https:\\\/\\\/lightweb.dev\\\/l\\\/svm-temp\\\/#organization\",\"name\":\"Melkerson y Nott SL\",\"alternateName\":\"Svenska Magasinet\",\"url\":\"https:\\\/\\\/lightweb.dev\\\/l\\\/svm-temp\\\/\",\"logo\":{\"@type\":\"ImageObject\",\"inLanguage\":\"sv-SE\",\"@id\":\"https:\\\/\\\/lightweb.dev\\\/l\\\/svm-temp\\\/#\\\/schema\\\/logo\\\/image\\\/\",\"url\":\"https:\\\/\\\/lightweb.dev\\\/l\\\/svm-temp\\\/wp-content\\\/uploads\\\/2025\\\/02\\\/SvM-logo-Xtra-Centrerad-SVART.png\",\"contentUrl\":\"https:\\\/\\\/lightweb.dev\\\/l\\\/svm-temp\\\/wp-content\\\/uploads\\\/2025\\\/02\\\/SvM-logo-Xtra-Centrerad-SVART.png\",\"width\":300,\"height\":99,\"caption\":\"Melkerson y Nott SL\"},\"image\":{\"@id\":\"https:\\\/\\\/lightweb.dev\\\/l\\\/svm-temp\\\/#\\\/schema\\\/logo\\\/image\\\/\"},\"sameAs\":[\"https:\\\/\\\/www.facebook.com\\\/svenskamagasinet\",\"https:\\\/\\\/x.com\\\/SvenskaMagasine\"]},{\"@type\":\"Person\",\"@id\":\"https:\\\/\\\/lightweb.dev\\\/l\\\/svm-temp\\\/#\\\/schema\\\/person\\\/206a3bda5b607b0c25e1749191e4d837\",\"name\":\"Redaktionen SvM\",\"description\":\"Redaktionen\",\"sameAs\":[\"https:\\\/\\\/lightweb.dev\\\/l\\\/svm-temp\"],\"url\":\"https:\\\/\\\/lightweb.dev\\\/l\\\/svm-temp\\\/reporter\\\/redaktionen\\\/\"}]}<\/script>\n<!-- \/ Yoast SEO Premium plugin. -->","yoast_head_json":{"title":"200 barn s\u00f6ks i Spanien: F\u00f6rsvinnanden som f\u00f6rbryllar - Svenska Magasinet","robots":{"index":"noindex","follow":"follow","max-snippet":"max-snippet:-1","max-image-preview":"max-image-preview:large","max-video-preview":"max-video-preview:-1"},"og_locale":"sv_SE","og_type":"article","og_title":"200 barn s\u00f6ks i Spanien: F\u00f6rsvinnanden som f\u00f6rbryllar","og_description":"Den 10 mars 2007 f\u00f6rsvann den \u00e5tta\u00e5rige pojken Y\u00e9remi Vargas bara n\u00e5gra f\u00e5 meter fr\u00e5n sitt hem i Vecindario p\u00e5 Gran Canaria. Ingen vet var pojken \u00e4r. Det finns inga sp\u00e5r Av Elin Petersson Y\u00e9remi Jos\u00e9 Vargas f\u00f6ddes i Las Palmas de Gran Canaria den 18 Juli, 1999. Han \u00e4r en aktiv kille som gillar [&hellip;]","og_url":"https:\/\/lightweb.dev\/l\/svm-temp\/artiklar\/200-barn-soks-i-spanien-forsvinnanden-som-forbryllar\/","og_site_name":"Svenska Magasinet","article_publisher":"https:\/\/www.facebook.com\/svenskamagasinet","article_published_time":"2008-05-06T22:00:00+00:00","og_image":[{"width":280,"height":207,"url":"https:\/\/lightweb.dev\/l\/svm-temp\/wp-content\/uploads\/2022\/04\/200-barn-sks-i-spanien-frsvinnanden-som-frbryllar.png","type":"image\/png"}],"author":"Redaktionen SvM","twitter_card":"summary_large_image","twitter_creator":"@SvenskaMagasine","twitter_site":"@SvenskaMagasine","schema":{"@context":"https:\/\/schema.org","@graph":[{"@type":"Article","@id":"https:\/\/lightweb.dev\/l\/svm-temp\/artiklar\/200-barn-soks-i-spanien-forsvinnanden-som-forbryllar\/#article","isPartOf":{"@id":"https:\/\/lightweb.dev\/l\/svm-temp\/artiklar\/200-barn-soks-i-spanien-forsvinnanden-som-forbryllar\/"},"author":{"name":"Redaktionen SvM","@id":"https:\/\/lightweb.dev\/l\/svm-temp\/#\/schema\/person\/206a3bda5b607b0c25e1749191e4d837"},"headline":"200 barn s\u00f6ks i Spanien: F\u00f6rsvinnanden som f\u00f6rbryllar","datePublished":"2008-05-06T22:00:00+00:00","mainEntityOfPage":{"@id":"https:\/\/lightweb.dev\/l\/svm-temp\/artiklar\/200-barn-soks-i-spanien-forsvinnanden-som-forbryllar\/"},"wordCount":1413,"commentCount":0,"publisher":{"@id":"https:\/\/lightweb.dev\/l\/svm-temp\/#organization"},"image":{"@id":"https:\/\/lightweb.dev\/l\/svm-temp\/artiklar\/200-barn-soks-i-spanien-forsvinnanden-som-forbryllar\/#primaryimage"},"thumbnailUrl":"https:\/\/lightweb.dev\/l\/svm-temp\/wp-content\/uploads\/2022\/04\/200-barn-sks-i-spanien-frsvinnanden-som-frbryllar.png","articleSection":["Arkiv","Artiklar"],"inLanguage":"sv-SE"},{"@type":"WebPage","@id":"https:\/\/lightweb.dev\/l\/svm-temp\/artiklar\/200-barn-soks-i-spanien-forsvinnanden-som-forbryllar\/","url":"https:\/\/lightweb.dev\/l\/svm-temp\/artiklar\/200-barn-soks-i-spanien-forsvinnanden-som-forbryllar\/","name":"200 barn s\u00f6ks i Spanien: F\u00f6rsvinnanden som f\u00f6rbryllar - Svenska Magasinet","isPartOf":{"@id":"https:\/\/lightweb.dev\/l\/svm-temp\/#website"},"primaryImageOfPage":{"@id":"https:\/\/lightweb.dev\/l\/svm-temp\/artiklar\/200-barn-soks-i-spanien-forsvinnanden-som-forbryllar\/#primaryimage"},"image":{"@id":"https:\/\/lightweb.dev\/l\/svm-temp\/artiklar\/200-barn-soks-i-spanien-forsvinnanden-som-forbryllar\/#primaryimage"},"thumbnailUrl":"https:\/\/lightweb.dev\/l\/svm-temp\/wp-content\/uploads\/2022\/04\/200-barn-sks-i-spanien-frsvinnanden-som-frbryllar.png","datePublished":"2008-05-06T22:00:00+00:00","breadcrumb":{"@id":"https:\/\/lightweb.dev\/l\/svm-temp\/artiklar\/200-barn-soks-i-spanien-forsvinnanden-som-forbryllar\/#breadcrumb"},"inLanguage":"sv-SE","potentialAction":[{"@type":"ReadAction","target":["https:\/\/lightweb.dev\/l\/svm-temp\/artiklar\/200-barn-soks-i-spanien-forsvinnanden-som-forbryllar\/"]}]},{"@type":"ImageObject","inLanguage":"sv-SE","@id":"https:\/\/lightweb.dev\/l\/svm-temp\/artiklar\/200-barn-soks-i-spanien-forsvinnanden-som-forbryllar\/#primaryimage","url":"https:\/\/lightweb.dev\/l\/svm-temp\/wp-content\/uploads\/2022\/04\/200-barn-sks-i-spanien-frsvinnanden-som-frbryllar.png","contentUrl":"https:\/\/lightweb.dev\/l\/svm-temp\/wp-content\/uploads\/2022\/04\/200-barn-sks-i-spanien-frsvinnanden-som-frbryllar.png","width":280,"height":207},{"@type":"BreadcrumbList","@id":"https:\/\/lightweb.dev\/l\/svm-temp\/artiklar\/200-barn-soks-i-spanien-forsvinnanden-som-forbryllar\/#breadcrumb","itemListElement":[{"@type":"ListItem","position":1,"name":"Hem","item":"https:\/\/lightweb.dev\/l\/svm-temp\/"},{"@type":"ListItem","position":2,"name":"200 barn s\u00f6ks i Spanien: F\u00f6rsvinnanden som f\u00f6rbryllar"}]},{"@type":"WebSite","@id":"https:\/\/lightweb.dev\/l\/svm-temp\/#website","url":"https:\/\/lightweb.dev\/l\/svm-temp\/","name":"Svenska Magasinet","description":"Dina Spanska nyheter p&aring; Svenska","publisher":{"@id":"https:\/\/lightweb.dev\/l\/svm-temp\/#organization"},"potentialAction":[{"@type":"SearchAction","target":{"@type":"EntryPoint","urlTemplate":"https:\/\/lightweb.dev\/l\/svm-temp\/?s={search_term_string}"},"query-input":{"@type":"PropertyValueSpecification","valueRequired":true,"valueName":"search_term_string"}}],"inLanguage":"sv-SE"},{"@type":"Organization","@id":"https:\/\/lightweb.dev\/l\/svm-temp\/#organization","name":"Melkerson y Nott SL","alternateName":"Svenska Magasinet","url":"https:\/\/lightweb.dev\/l\/svm-temp\/","logo":{"@type":"ImageObject","inLanguage":"sv-SE","@id":"https:\/\/lightweb.dev\/l\/svm-temp\/#\/schema\/logo\/image\/","url":"https:\/\/lightweb.dev\/l\/svm-temp\/wp-content\/uploads\/2025\/02\/SvM-logo-Xtra-Centrerad-SVART.png","contentUrl":"https:\/\/lightweb.dev\/l\/svm-temp\/wp-content\/uploads\/2025\/02\/SvM-logo-Xtra-Centrerad-SVART.png","width":300,"height":99,"caption":"Melkerson y Nott SL"},"image":{"@id":"https:\/\/lightweb.dev\/l\/svm-temp\/#\/schema\/logo\/image\/"},"sameAs":["https:\/\/www.facebook.com\/svenskamagasinet","https:\/\/x.com\/SvenskaMagasine"]},{"@type":"Person","@id":"https:\/\/lightweb.dev\/l\/svm-temp\/#\/schema\/person\/206a3bda5b607b0c25e1749191e4d837","name":"Redaktionen SvM","description":"Redaktionen","sameAs":["https:\/\/lightweb.dev\/l\/svm-temp"],"url":"https:\/\/lightweb.dev\/l\/svm-temp\/reporter\/redaktionen\/"}]}},"_links":{"self":[{"href":"https:\/\/lightweb.dev\/l\/svm-temp\/wp-json\/wp\/v2\/posts\/2694","targetHints":{"allow":["GET"]}}],"collection":[{"href":"https:\/\/lightweb.dev\/l\/svm-temp\/wp-json\/wp\/v2\/posts"}],"about":[{"href":"https:\/\/lightweb.dev\/l\/svm-temp\/wp-json\/wp\/v2\/types\/post"}],"author":[{"embeddable":true,"href":"https:\/\/lightweb.dev\/l\/svm-temp\/wp-json\/wp\/v2\/users\/8"}],"replies":[{"embeddable":true,"href":"https:\/\/lightweb.dev\/l\/svm-temp\/wp-json\/wp\/v2\/comments?post=2694"}],"version-history":[{"count":0,"href":"https:\/\/lightweb.dev\/l\/svm-temp\/wp-json\/wp\/v2\/posts\/2694\/revisions"}],"wp:featuredmedia":[{"embeddable":true,"href":"https:\/\/lightweb.dev\/l\/svm-temp\/wp-json\/wp\/v2\/media\/2695"}],"wp:attachment":[{"href":"https:\/\/lightweb.dev\/l\/svm-temp\/wp-json\/wp\/v2\/media?parent=2694"}],"wp:term":[{"taxonomy":"category","embeddable":true,"href":"https:\/\/lightweb.dev\/l\/svm-temp\/wp-json\/wp\/v2\/categories?post=2694"},{"taxonomy":"post_tag","embeddable":true,"href":"https:\/\/lightweb.dev\/l\/svm-temp\/wp-json\/wp\/v2\/tags?post=2694"}],"curies":[{"name":"wp","href":"https:\/\/api.w.org\/{rel}","templated":true}]}}