{"id":2702,"date":"2008-05-07T00:00:00","date_gmt":"2008-05-06T22:00:00","guid":{"rendered":"https:\/\/lightweb.dev\/l\/svm-temp\/jan-sjogerud-ny-diakon-pa-svenska-kyrkan\/"},"modified":"2008-05-07T00:00:00","modified_gmt":"2008-05-06T22:00:00","slug":"jan-sjogerud-ny-diakon-pa-svenska-kyrkan","status":"publish","type":"post","link":"https:\/\/lightweb.dev\/l\/svm-temp\/artiklar\/jan-sjogerud-ny-diakon-pa-svenska-kyrkan\/","title":{"rendered":"Jan Sj\u00f6gerud \u2013 ny diakon p\u00e5 Svenska Kyrkan"},"content":{"rendered":"<p> Janne, som \u00e4r hans smeknamn, kom hit f\u00f6r ett par veckor sedan efter att ha f\u00e5tt den utlysta tj\u00e4nsten som diakon med inriktning p\u00e5 barn och ungdomar de n\u00e4rmaste tv\u00e5 \u00e5ren. Han kommer n\u00e4rmast fr\u00e5n Huddinge f\u00f6rsamling Av Petra Sundqvist<\/p>\n<p>Han flyttade hit med sin dotter Rebecka som g\u00e5r p\u00e5 svenska skolan. Resten av familjen kommer senare i v\u00e5r \u2013 hustrun Monica samt sonen William.<br \/>\nJanne har sin bakgrund b\u00e5de inom kyrkan och inom socialv\u00e5rden. Han utbildade sig till socionom och diakon p\u00e5 Sk\u00f6ndalsinstitutet, s\u00f6der om Stockholm och vigdes till diakon 1992.<\/p>\n<p>Behandling<br \/>\nMed totalt 15 \u00e5rs yrkeserfarenhet inom socialv\u00e5rden, stadsmissionen samt f\u00f6rsamlingsarbete inom kyrkan har han specialiserat sig p\u00e5 barn och ungdomar. Han har \u00e4ven arbetat med behandling av ungdomar med drogmissbruk eller andra sociala problem. S\u00e5 han \u00e4r v\u00e4l f\u00f6rberedd inf\u00f6r sina kommande arbetsuppgifter h\u00e4r i f\u00f6rsamlingen. Till sommaren \u00e4r det meningen att han ska s\u00f6ka upp ungdomar utanf\u00f6r kyrkan.<\/p>\n<p>Varf\u00f6r Spanien och Costa del Sol?<br \/>\n-Jag har alltid velat jobba inom SKUT (Svenska Kyrkan i Utlandet). Jag tror att det finns en annan syn fr\u00e5n allm\u00e4nheten p\u00e5 kyrkans arbete utomlands och dess s\u00e4tt att arbeta. Vi \u00e4r ett litet arbetslag och jag blev framf\u00f6rallt attraherad av att vara med och bygga upp ungdomsverksamheten samt f\u00e5 skapa nya rutiner.<\/p>\n<p>Vad \u00e4r ditt intryck hittills?<br \/>\n-Det finns stora behov.\u201d Fler s\u00f6ker sig till kyrkan h\u00e4r. Kyrkan \u00e4r en m\u00f6tesplats f\u00f6r att ta en fika och l\u00e4sa svenska tidningar. M\u00e5nga m\u00e4nniskor flyttar hit utan familj och d\u00e5 \u00e4r kyrkan ett alternativ till att umg\u00e5s i st\u00f6rsta allm\u00e4nhet. Man v\u00e4nder sig \u00e4ven hit f\u00f6r att l\u00f6sa praktiska problem d\u00e5 man inte klarar spr\u00e5ket med tillexempel myndigheter.<br \/>\nJanne \u00e4r v\u00e4ldigt engagerad i barn och ungdomar. H\u00e4r nere finns inte BUP och socialtj\u00e4nsten fungerar inte s\u00e5som i Sverige. Janne sj\u00e4lv \u00e4r inte uppv\u00e4xt i ett religi\u00f6st hem utan han och hans tvillingbror b\u00f6rjade sin resa som 14-\u00e5ringar p\u00e5 Stiftg\u00e5rden i R\u00e4ttvik som konfirmander, i slutet av 70-talet. Denna period var omv\u00e4lvande och Janne fick d\u00e4r inspiration till att hj\u00e4lpa beh\u00f6vande m\u00e4nniskor och han k\u00e4nde sig accepterad f\u00f6r den han var.<\/p>\n<p>Ungdomscaf\u00e9<br \/>\nHittills har han tagit \u00f6ver ansvaret f\u00f6r ungdomscaf\u00e9et p\u00e5 kyrkan och har \u00e4ven startat en killgrupp p\u00e5 svenska skolan. Det fanns behov och f\u00f6rv\u00e4ntningar \u00e4ven fr\u00e5n skolans sida att man kom ig\u00e5ng med denna. Ungdomscaf\u00e9et i kyrkans lokaler i Tres Coronas \u00e4r \u00f6ppet p\u00e5 onsdagar klockan 19 och d\u00e5 g\u00e4ller ocks\u00e5 alkoholfri zon.<br \/>\nAtt l\u00e4ra sig spr\u00e5ket \u00e4r viktigt, och det \u00e4r n\u00e5got som han l\u00e4r sig allt mer f\u00f6r var dag som g\u00e5r. Det \u00e4r en f\u00f6ruts\u00e4ttning f\u00f6r att kunna f\u00f6rst\u00e5 befolkningen och klara sig i det spanska samh\u00e4llet, anser han. Senare i h\u00f6st ska han ta kontakt med universiteten p\u00e5 hela Costa del Sol f\u00f6r att f\u00e5 kontakt med svenska ungdomar som kommer hit f\u00f6r att studera. Han gillar att jobba med ungdomar p\u00e5 deras villkor.<br \/>\nEfter sina f\u00f6rsta veckor h\u00e4r p\u00e5 kusten har han nu l\u00e4rt sig allt det praktiska s\u00e5som att s\u00e4tta upp flaggor, ta han om nyklar och hur kassan fungerar. Nu \u00e5terst\u00e5r att l\u00e4ra k\u00e4nna f\u00f6rsamlingen b\u00e4ttre och han ser fram emot sitt f\u00f6rsatta arbete. <\/p>\n","protected":false},"excerpt":{"rendered":"<p>Janne, som \u00e4r hans smeknamn, kom hit f\u00f6r ett par veckor sedan efter att ha f\u00e5tt den utlysta tj\u00e4nsten som diakon med inriktning p\u00e5 barn och ungdomar de n\u00e4rmaste tv\u00e5 \u00e5ren. Han kommer n\u00e4rmast fr\u00e5n Huddinge f\u00f6rsamling Av Petra Sundqvist Han flyttade hit med sin dotter Rebecka som g\u00e5r p\u00e5 svenska skolan. Resten av familjen [&hellip;]<\/p>\n","protected":false},"author":8,"featured_media":2703,"comment_status":"open","ping_status":"open","sticky":false,"template":"","format":"standard","meta":{"_et_pb_use_builder":"","_et_pb_old_content":"","_et_gb_content_width":"","footnotes":""},"categories":[396,4],"tags":[],"class_list":["post-2702","post","type-post","status-publish","format-standard","has-post-thumbnail","hentry","category-arkiv-artiklar","category-artiklar"],"yoast_head":"<!-- This site is optimized with the Yoast SEO Premium plugin v26.2 (Yoast SEO v27.4) - https:\/\/yoast.com\/product\/yoast-seo-premium-wordpress\/ -->\n<title>Jan Sj\u00f6gerud \u2013 ny diakon p\u00e5 Svenska Kyrkan - Svenska Magasinet<\/title>\n<meta name=\"robots\" content=\"noindex, follow, max-snippet:-1, max-image-preview:large, max-video-preview:-1\" \/>\n<meta property=\"og:locale\" content=\"sv_SE\" \/>\n<meta property=\"og:type\" content=\"article\" \/>\n<meta property=\"og:title\" content=\"Jan Sj\u00f6gerud \u2013 ny diakon p\u00e5 Svenska Kyrkan\" \/>\n<meta property=\"og:description\" content=\"Janne, som \u00e4r hans smeknamn, kom hit f\u00f6r ett par veckor sedan efter att ha f\u00e5tt den utlysta tj\u00e4nsten som diakon med inriktning p\u00e5 barn och ungdomar de n\u00e4rmaste tv\u00e5 \u00e5ren. Han kommer n\u00e4rmast fr\u00e5n Huddinge f\u00f6rsamling Av Petra Sundqvist Han flyttade hit med sin dotter Rebecka som g\u00e5r p\u00e5 svenska skolan. Resten av familjen [&hellip;]\" \/>\n<meta property=\"og:url\" content=\"https:\/\/lightweb.dev\/l\/svm-temp\/artiklar\/jan-sjogerud-ny-diakon-pa-svenska-kyrkan\/\" \/>\n<meta property=\"og:site_name\" content=\"Svenska Magasinet\" \/>\n<meta property=\"article:publisher\" content=\"https:\/\/www.facebook.com\/svenskamagasinet\" \/>\n<meta property=\"article:published_time\" content=\"2008-05-06T22:00:00+00:00\" \/>\n<meta property=\"og:image\" content=\"https:\/\/lightweb.dev\/l\/svm-temp\/wp-content\/uploads\/2022\/04\/jan-sjgerud-ny-diakon-p-svenska-kyrkan.png\" \/>\n\t<meta property=\"og:image:width\" content=\"280\" \/>\n\t<meta property=\"og:image:height\" content=\"420\" \/>\n\t<meta property=\"og:image:type\" content=\"image\/png\" \/>\n<meta name=\"author\" content=\"Redaktionen SvM\" \/>\n<meta name=\"twitter:card\" content=\"summary_large_image\" \/>\n<meta name=\"twitter:creator\" content=\"@SvenskaMagasine\" \/>\n<meta name=\"twitter:site\" content=\"@SvenskaMagasine\" \/>\n<script type=\"application\/ld+json\" class=\"yoast-schema-graph\">{\"@context\":\"https:\\\/\\\/schema.org\",\"@graph\":[{\"@type\":\"Article\",\"@id\":\"https:\\\/\\\/lightweb.dev\\\/l\\\/svm-temp\\\/artiklar\\\/jan-sjogerud-ny-diakon-pa-svenska-kyrkan\\\/#article\",\"isPartOf\":{\"@id\":\"https:\\\/\\\/lightweb.dev\\\/l\\\/svm-temp\\\/artiklar\\\/jan-sjogerud-ny-diakon-pa-svenska-kyrkan\\\/\"},\"author\":{\"name\":\"Redaktionen SvM\",\"@id\":\"https:\\\/\\\/lightweb.dev\\\/l\\\/svm-temp\\\/#\\\/schema\\\/person\\\/206a3bda5b607b0c25e1749191e4d837\"},\"headline\":\"Jan Sj\u00f6gerud \u2013 ny diakon p\u00e5 Svenska Kyrkan\",\"datePublished\":\"2008-05-06T22:00:00+00:00\",\"mainEntityOfPage\":{\"@id\":\"https:\\\/\\\/lightweb.dev\\\/l\\\/svm-temp\\\/artiklar\\\/jan-sjogerud-ny-diakon-pa-svenska-kyrkan\\\/\"},\"wordCount\":615,\"commentCount\":0,\"publisher\":{\"@id\":\"https:\\\/\\\/lightweb.dev\\\/l\\\/svm-temp\\\/#organization\"},\"image\":{\"@id\":\"https:\\\/\\\/lightweb.dev\\\/l\\\/svm-temp\\\/artiklar\\\/jan-sjogerud-ny-diakon-pa-svenska-kyrkan\\\/#primaryimage\"},\"thumbnailUrl\":\"https:\\\/\\\/lightweb.dev\\\/l\\\/svm-temp\\\/wp-content\\\/uploads\\\/2022\\\/04\\\/jan-sjgerud-ny-diakon-p-svenska-kyrkan.png\",\"articleSection\":[\"Arkiv\",\"Artiklar\"],\"inLanguage\":\"sv-SE\"},{\"@type\":\"WebPage\",\"@id\":\"https:\\\/\\\/lightweb.dev\\\/l\\\/svm-temp\\\/artiklar\\\/jan-sjogerud-ny-diakon-pa-svenska-kyrkan\\\/\",\"url\":\"https:\\\/\\\/lightweb.dev\\\/l\\\/svm-temp\\\/artiklar\\\/jan-sjogerud-ny-diakon-pa-svenska-kyrkan\\\/\",\"name\":\"Jan Sj\u00f6gerud \u2013 ny diakon p\u00e5 Svenska Kyrkan - Svenska Magasinet\",\"isPartOf\":{\"@id\":\"https:\\\/\\\/lightweb.dev\\\/l\\\/svm-temp\\\/#website\"},\"primaryImageOfPage\":{\"@id\":\"https:\\\/\\\/lightweb.dev\\\/l\\\/svm-temp\\\/artiklar\\\/jan-sjogerud-ny-diakon-pa-svenska-kyrkan\\\/#primaryimage\"},\"image\":{\"@id\":\"https:\\\/\\\/lightweb.dev\\\/l\\\/svm-temp\\\/artiklar\\\/jan-sjogerud-ny-diakon-pa-svenska-kyrkan\\\/#primaryimage\"},\"thumbnailUrl\":\"https:\\\/\\\/lightweb.dev\\\/l\\\/svm-temp\\\/wp-content\\\/uploads\\\/2022\\\/04\\\/jan-sjgerud-ny-diakon-p-svenska-kyrkan.png\",\"datePublished\":\"2008-05-06T22:00:00+00:00\",\"breadcrumb\":{\"@id\":\"https:\\\/\\\/lightweb.dev\\\/l\\\/svm-temp\\\/artiklar\\\/jan-sjogerud-ny-diakon-pa-svenska-kyrkan\\\/#breadcrumb\"},\"inLanguage\":\"sv-SE\",\"potentialAction\":[{\"@type\":\"ReadAction\",\"target\":[\"https:\\\/\\\/lightweb.dev\\\/l\\\/svm-temp\\\/artiklar\\\/jan-sjogerud-ny-diakon-pa-svenska-kyrkan\\\/\"]}]},{\"@type\":\"ImageObject\",\"inLanguage\":\"sv-SE\",\"@id\":\"https:\\\/\\\/lightweb.dev\\\/l\\\/svm-temp\\\/artiklar\\\/jan-sjogerud-ny-diakon-pa-svenska-kyrkan\\\/#primaryimage\",\"url\":\"https:\\\/\\\/lightweb.dev\\\/l\\\/svm-temp\\\/wp-content\\\/uploads\\\/2022\\\/04\\\/jan-sjgerud-ny-diakon-p-svenska-kyrkan.png\",\"contentUrl\":\"https:\\\/\\\/lightweb.dev\\\/l\\\/svm-temp\\\/wp-content\\\/uploads\\\/2022\\\/04\\\/jan-sjgerud-ny-diakon-p-svenska-kyrkan.png\",\"width\":280,\"height\":420},{\"@type\":\"BreadcrumbList\",\"@id\":\"https:\\\/\\\/lightweb.dev\\\/l\\\/svm-temp\\\/artiklar\\\/jan-sjogerud-ny-diakon-pa-svenska-kyrkan\\\/#breadcrumb\",\"itemListElement\":[{\"@type\":\"ListItem\",\"position\":1,\"name\":\"Hem\",\"item\":\"https:\\\/\\\/lightweb.dev\\\/l\\\/svm-temp\\\/\"},{\"@type\":\"ListItem\",\"position\":2,\"name\":\"Jan Sj\u00f6gerud \u2013 ny diakon p\u00e5 Svenska Kyrkan\"}]},{\"@type\":\"WebSite\",\"@id\":\"https:\\\/\\\/lightweb.dev\\\/l\\\/svm-temp\\\/#website\",\"url\":\"https:\\\/\\\/lightweb.dev\\\/l\\\/svm-temp\\\/\",\"name\":\"Svenska Magasinet\",\"description\":\"Dina Spanska nyheter p&aring; Svenska\",\"publisher\":{\"@id\":\"https:\\\/\\\/lightweb.dev\\\/l\\\/svm-temp\\\/#organization\"},\"potentialAction\":[{\"@type\":\"SearchAction\",\"target\":{\"@type\":\"EntryPoint\",\"urlTemplate\":\"https:\\\/\\\/lightweb.dev\\\/l\\\/svm-temp\\\/?s={search_term_string}\"},\"query-input\":{\"@type\":\"PropertyValueSpecification\",\"valueRequired\":true,\"valueName\":\"search_term_string\"}}],\"inLanguage\":\"sv-SE\"},{\"@type\":\"Organization\",\"@id\":\"https:\\\/\\\/lightweb.dev\\\/l\\\/svm-temp\\\/#organization\",\"name\":\"Melkerson y Nott SL\",\"alternateName\":\"Svenska Magasinet\",\"url\":\"https:\\\/\\\/lightweb.dev\\\/l\\\/svm-temp\\\/\",\"logo\":{\"@type\":\"ImageObject\",\"inLanguage\":\"sv-SE\",\"@id\":\"https:\\\/\\\/lightweb.dev\\\/l\\\/svm-temp\\\/#\\\/schema\\\/logo\\\/image\\\/\",\"url\":\"https:\\\/\\\/lightweb.dev\\\/l\\\/svm-temp\\\/wp-content\\\/uploads\\\/2025\\\/02\\\/SvM-logo-Xtra-Centrerad-SVART.png\",\"contentUrl\":\"https:\\\/\\\/lightweb.dev\\\/l\\\/svm-temp\\\/wp-content\\\/uploads\\\/2025\\\/02\\\/SvM-logo-Xtra-Centrerad-SVART.png\",\"width\":300,\"height\":99,\"caption\":\"Melkerson y Nott SL\"},\"image\":{\"@id\":\"https:\\\/\\\/lightweb.dev\\\/l\\\/svm-temp\\\/#\\\/schema\\\/logo\\\/image\\\/\"},\"sameAs\":[\"https:\\\/\\\/www.facebook.com\\\/svenskamagasinet\",\"https:\\\/\\\/x.com\\\/SvenskaMagasine\"]},{\"@type\":\"Person\",\"@id\":\"https:\\\/\\\/lightweb.dev\\\/l\\\/svm-temp\\\/#\\\/schema\\\/person\\\/206a3bda5b607b0c25e1749191e4d837\",\"name\":\"Redaktionen SvM\",\"description\":\"Redaktionen\",\"sameAs\":[\"https:\\\/\\\/lightweb.dev\\\/l\\\/svm-temp\"],\"url\":\"https:\\\/\\\/lightweb.dev\\\/l\\\/svm-temp\\\/reporter\\\/redaktionen\\\/\"}]}<\/script>\n<!-- \/ Yoast SEO Premium plugin. -->","yoast_head_json":{"title":"Jan Sj\u00f6gerud \u2013 ny diakon p\u00e5 Svenska Kyrkan - Svenska Magasinet","robots":{"index":"noindex","follow":"follow","max-snippet":"max-snippet:-1","max-image-preview":"max-image-preview:large","max-video-preview":"max-video-preview:-1"},"og_locale":"sv_SE","og_type":"article","og_title":"Jan Sj\u00f6gerud \u2013 ny diakon p\u00e5 Svenska Kyrkan","og_description":"Janne, som \u00e4r hans smeknamn, kom hit f\u00f6r ett par veckor sedan efter att ha f\u00e5tt den utlysta tj\u00e4nsten som diakon med inriktning p\u00e5 barn och ungdomar de n\u00e4rmaste tv\u00e5 \u00e5ren. Han kommer n\u00e4rmast fr\u00e5n Huddinge f\u00f6rsamling Av Petra Sundqvist Han flyttade hit med sin dotter Rebecka som g\u00e5r p\u00e5 svenska skolan. Resten av familjen [&hellip;]","og_url":"https:\/\/lightweb.dev\/l\/svm-temp\/artiklar\/jan-sjogerud-ny-diakon-pa-svenska-kyrkan\/","og_site_name":"Svenska Magasinet","article_publisher":"https:\/\/www.facebook.com\/svenskamagasinet","article_published_time":"2008-05-06T22:00:00+00:00","og_image":[{"width":280,"height":420,"url":"https:\/\/lightweb.dev\/l\/svm-temp\/wp-content\/uploads\/2022\/04\/jan-sjgerud-ny-diakon-p-svenska-kyrkan.png","type":"image\/png"}],"author":"Redaktionen SvM","twitter_card":"summary_large_image","twitter_creator":"@SvenskaMagasine","twitter_site":"@SvenskaMagasine","schema":{"@context":"https:\/\/schema.org","@graph":[{"@type":"Article","@id":"https:\/\/lightweb.dev\/l\/svm-temp\/artiklar\/jan-sjogerud-ny-diakon-pa-svenska-kyrkan\/#article","isPartOf":{"@id":"https:\/\/lightweb.dev\/l\/svm-temp\/artiklar\/jan-sjogerud-ny-diakon-pa-svenska-kyrkan\/"},"author":{"name":"Redaktionen SvM","@id":"https:\/\/lightweb.dev\/l\/svm-temp\/#\/schema\/person\/206a3bda5b607b0c25e1749191e4d837"},"headline":"Jan Sj\u00f6gerud \u2013 ny diakon p\u00e5 Svenska Kyrkan","datePublished":"2008-05-06T22:00:00+00:00","mainEntityOfPage":{"@id":"https:\/\/lightweb.dev\/l\/svm-temp\/artiklar\/jan-sjogerud-ny-diakon-pa-svenska-kyrkan\/"},"wordCount":615,"commentCount":0,"publisher":{"@id":"https:\/\/lightweb.dev\/l\/svm-temp\/#organization"},"image":{"@id":"https:\/\/lightweb.dev\/l\/svm-temp\/artiklar\/jan-sjogerud-ny-diakon-pa-svenska-kyrkan\/#primaryimage"},"thumbnailUrl":"https:\/\/lightweb.dev\/l\/svm-temp\/wp-content\/uploads\/2022\/04\/jan-sjgerud-ny-diakon-p-svenska-kyrkan.png","articleSection":["Arkiv","Artiklar"],"inLanguage":"sv-SE"},{"@type":"WebPage","@id":"https:\/\/lightweb.dev\/l\/svm-temp\/artiklar\/jan-sjogerud-ny-diakon-pa-svenska-kyrkan\/","url":"https:\/\/lightweb.dev\/l\/svm-temp\/artiklar\/jan-sjogerud-ny-diakon-pa-svenska-kyrkan\/","name":"Jan Sj\u00f6gerud \u2013 ny diakon p\u00e5 Svenska Kyrkan - Svenska Magasinet","isPartOf":{"@id":"https:\/\/lightweb.dev\/l\/svm-temp\/#website"},"primaryImageOfPage":{"@id":"https:\/\/lightweb.dev\/l\/svm-temp\/artiklar\/jan-sjogerud-ny-diakon-pa-svenska-kyrkan\/#primaryimage"},"image":{"@id":"https:\/\/lightweb.dev\/l\/svm-temp\/artiklar\/jan-sjogerud-ny-diakon-pa-svenska-kyrkan\/#primaryimage"},"thumbnailUrl":"https:\/\/lightweb.dev\/l\/svm-temp\/wp-content\/uploads\/2022\/04\/jan-sjgerud-ny-diakon-p-svenska-kyrkan.png","datePublished":"2008-05-06T22:00:00+00:00","breadcrumb":{"@id":"https:\/\/lightweb.dev\/l\/svm-temp\/artiklar\/jan-sjogerud-ny-diakon-pa-svenska-kyrkan\/#breadcrumb"},"inLanguage":"sv-SE","potentialAction":[{"@type":"ReadAction","target":["https:\/\/lightweb.dev\/l\/svm-temp\/artiklar\/jan-sjogerud-ny-diakon-pa-svenska-kyrkan\/"]}]},{"@type":"ImageObject","inLanguage":"sv-SE","@id":"https:\/\/lightweb.dev\/l\/svm-temp\/artiklar\/jan-sjogerud-ny-diakon-pa-svenska-kyrkan\/#primaryimage","url":"https:\/\/lightweb.dev\/l\/svm-temp\/wp-content\/uploads\/2022\/04\/jan-sjgerud-ny-diakon-p-svenska-kyrkan.png","contentUrl":"https:\/\/lightweb.dev\/l\/svm-temp\/wp-content\/uploads\/2022\/04\/jan-sjgerud-ny-diakon-p-svenska-kyrkan.png","width":280,"height":420},{"@type":"BreadcrumbList","@id":"https:\/\/lightweb.dev\/l\/svm-temp\/artiklar\/jan-sjogerud-ny-diakon-pa-svenska-kyrkan\/#breadcrumb","itemListElement":[{"@type":"ListItem","position":1,"name":"Hem","item":"https:\/\/lightweb.dev\/l\/svm-temp\/"},{"@type":"ListItem","position":2,"name":"Jan Sj\u00f6gerud \u2013 ny diakon p\u00e5 Svenska Kyrkan"}]},{"@type":"WebSite","@id":"https:\/\/lightweb.dev\/l\/svm-temp\/#website","url":"https:\/\/lightweb.dev\/l\/svm-temp\/","name":"Svenska Magasinet","description":"Dina Spanska nyheter p&aring; Svenska","publisher":{"@id":"https:\/\/lightweb.dev\/l\/svm-temp\/#organization"},"potentialAction":[{"@type":"SearchAction","target":{"@type":"EntryPoint","urlTemplate":"https:\/\/lightweb.dev\/l\/svm-temp\/?s={search_term_string}"},"query-input":{"@type":"PropertyValueSpecification","valueRequired":true,"valueName":"search_term_string"}}],"inLanguage":"sv-SE"},{"@type":"Organization","@id":"https:\/\/lightweb.dev\/l\/svm-temp\/#organization","name":"Melkerson y Nott SL","alternateName":"Svenska Magasinet","url":"https:\/\/lightweb.dev\/l\/svm-temp\/","logo":{"@type":"ImageObject","inLanguage":"sv-SE","@id":"https:\/\/lightweb.dev\/l\/svm-temp\/#\/schema\/logo\/image\/","url":"https:\/\/lightweb.dev\/l\/svm-temp\/wp-content\/uploads\/2025\/02\/SvM-logo-Xtra-Centrerad-SVART.png","contentUrl":"https:\/\/lightweb.dev\/l\/svm-temp\/wp-content\/uploads\/2025\/02\/SvM-logo-Xtra-Centrerad-SVART.png","width":300,"height":99,"caption":"Melkerson y Nott SL"},"image":{"@id":"https:\/\/lightweb.dev\/l\/svm-temp\/#\/schema\/logo\/image\/"},"sameAs":["https:\/\/www.facebook.com\/svenskamagasinet","https:\/\/x.com\/SvenskaMagasine"]},{"@type":"Person","@id":"https:\/\/lightweb.dev\/l\/svm-temp\/#\/schema\/person\/206a3bda5b607b0c25e1749191e4d837","name":"Redaktionen SvM","description":"Redaktionen","sameAs":["https:\/\/lightweb.dev\/l\/svm-temp"],"url":"https:\/\/lightweb.dev\/l\/svm-temp\/reporter\/redaktionen\/"}]}},"_links":{"self":[{"href":"https:\/\/lightweb.dev\/l\/svm-temp\/wp-json\/wp\/v2\/posts\/2702","targetHints":{"allow":["GET"]}}],"collection":[{"href":"https:\/\/lightweb.dev\/l\/svm-temp\/wp-json\/wp\/v2\/posts"}],"about":[{"href":"https:\/\/lightweb.dev\/l\/svm-temp\/wp-json\/wp\/v2\/types\/post"}],"author":[{"embeddable":true,"href":"https:\/\/lightweb.dev\/l\/svm-temp\/wp-json\/wp\/v2\/users\/8"}],"replies":[{"embeddable":true,"href":"https:\/\/lightweb.dev\/l\/svm-temp\/wp-json\/wp\/v2\/comments?post=2702"}],"version-history":[{"count":0,"href":"https:\/\/lightweb.dev\/l\/svm-temp\/wp-json\/wp\/v2\/posts\/2702\/revisions"}],"wp:featuredmedia":[{"embeddable":true,"href":"https:\/\/lightweb.dev\/l\/svm-temp\/wp-json\/wp\/v2\/media\/2703"}],"wp:attachment":[{"href":"https:\/\/lightweb.dev\/l\/svm-temp\/wp-json\/wp\/v2\/media?parent=2702"}],"wp:term":[{"taxonomy":"category","embeddable":true,"href":"https:\/\/lightweb.dev\/l\/svm-temp\/wp-json\/wp\/v2\/categories?post=2702"},{"taxonomy":"post_tag","embeddable":true,"href":"https:\/\/lightweb.dev\/l\/svm-temp\/wp-json\/wp\/v2\/tags?post=2702"}],"curies":[{"name":"wp","href":"https:\/\/api.w.org\/{rel}","templated":true}]}}