{"id":2706,"date":"2008-05-07T00:00:00","date_gmt":"2008-05-06T22:00:00","guid":{"rendered":"https:\/\/lightweb.dev\/l\/svm-temp\/en-hardare-familj-familjen-kling\/"},"modified":"2008-05-07T00:00:00","modified_gmt":"2008-05-06T22:00:00","slug":"en-hardare-familj-familjen-kling","status":"publish","type":"post","link":"https:\/\/lightweb.dev\/l\/svm-temp\/artiklar\/en-hardare-familj-familjen-kling\/","title":{"rendered":"En h\u00e5rdare familj! -Familjen kling!"},"content":{"rendered":"<p> H\u00e5rdrock eller distade gitarrer \u00e4r det som g\u00e4ller n\u00e4r familjen Kling ska lyssna p\u00e5 musik. Vilka \u00e4r d\u00e5 dessa Kling\u00b4s? Fr\u00e5gan g\u00e5r till pappa Janne.<br \/>\n\u201dVi \u00e4r pappa Janne mamma Madeleine &#038; barnen Adrian, Adam, Olivia\u201d Av Tobias Hallberg<\/p>\n<p>Familjen flyttade ner hit ett par \u00e5r p\u00e5 prov -93. Adrian var d\u00e5 tre \u00e5r, Adam ett \u00e5r och Olivia \u00e4nnu inte f\u00f6dd. Trivdes bra, s\u00e5lde huset i \u00c4lvsj\u00f6 och stannade kvar f\u00f6r att b\u00f6rja ett \u201dnytt\u201d liv i ett varmare klimat.<\/p>\n<p>V\u00e4l p\u00e5 plats m\u00e5ste man syssels\u00e4tta sig med n\u00e5got. Vad pysslar ni med till vardags?<br \/>\n-Jag(Janne) \u00e4r mellanstadiel\u00e4rare, jobbade p\u00e5 Svenska skolan i Fuengirola under \u00e5tta \u00e5r, fr\u00e5n -94 \u2013 01. Jag jobbar nu med Madeleine i den inredningsfirma som hon startade -94. D\u00e4r sysslar vi med det mesta inom inredning, m\u00f6bler, tyger, gardiner etc., men ocks\u00e5 renoveringar av k\u00f6k och badrum,  och driver butiken\/ inredningsfirman Armonia Decoracion i Nueva Andalucia.<br \/>\nBarnen g\u00e5r i Svenska skolan i Fuengirola och har gjort det under hela sin skoltid. Adrian har bara ett \u00e5r kvar p\u00e5 gymnasiet, och de andra ytterligare n\u00e5gra.<\/p>\n<p>Hur lever livet och hur trivs ni p\u00e5 Costa Del Sol?<br \/>\n-Alla i familjen trivs mycket bra med livet h\u00e4r. Barnen har ju heller inte mycket att j\u00e4mf\u00f6ra med d\u00e5 de i princip aldrig bott i Sverige.<\/p>\n<p>Vad \u00e4r det b\u00e4sta med Kusten?<br \/>\n-Klimatet, sk\u00f6nt att slippa kyla och m\u00f6rker, livet \u00e4r nog p\u00e5 m\u00e5nga plan dessutom lite l\u00e4ttsammare och enklare h\u00e4r.<\/p>\n<p>Vad \u00e4r d\u00e5 det s\u00e4msta med Kusten?<br \/>\n-Det \u00e4r tyv\u00e4rr lite l\u00e5ngt fr\u00e5n en \u201dmedveten\u201d storstad!<\/p>\n<p>Ni som varit h\u00e4r n\u00e5gra \u00e5r borde sitta inne med en massa bra tips p\u00e5 vad man kan g\u00f6ra f\u00f6rutom playa och shoppa?<br \/>\n-Man ska absolut  ta sig in i landet n\u00e5gra km f\u00f6r att se n\u00e5got annat \u00e4n kustremsan. Vi bor sedan \u00e5r i en nybyggd finca p\u00e5 \u201dcampon\u201d f\u00f6r att det \u00e4r s\u00e5 underbart avkopplande att komma bort fr\u00e5n trafik, tr\u00e4ngsel och stressen nere p\u00e5 den \u00f6verexploaterade kusten. Sierra Nevade \u00e4r heller inte dumt!<\/p>\n<p>Att ni gillar h\u00e5rdrock kan man h\u00f6ra i Kustradion 105 p\u00e5 fredagar kl. 21 och med repris p\u00e5 l\u00f6rdagar kl. 18. Hur kommer det sig att det \u00e4r H\u00e5rdrock som g\u00e4ller?<br \/>\nJanne: \u00c4r man uppvuxen och var ton\u00e5ring i en sm\u00e5stad i Dalarna, Avesta, var det naturligtvis mycket h\u00e5rdrock som g\u00e4llde De f\u00f6rsta banden jag kom i kontakt med var Sweet, ELO, Bachman- Turner- Overdrive, Deep Purple och Led Zeppelin. Jag har ocks\u00e5 lyssnat p\u00e5 en del annan musik, men med \u00e5ren blir man v\u00e4l mer kvalitetsmedveten och kr\u00e4sen, s\u00e5 nu \u00e4r det bara h\u00e5rdrock som g\u00e4ller. Och som tur \u00e4r finns ju en otrolig stor h\u00e5rdrocksskatt att gr\u00e4va ur.<br \/>\nMadeleine: Har alltid ocks\u00e5 gillat lite h\u00e5rdare l\u00e5tar, och d\u00e5 Janne och barnen st\u00e4ndig lyssnar p\u00e5 h\u00e5rdrock p\u00e5verkas och uppt\u00e4cker jag fler och fler bra grupper och l\u00e5tar. De g\u00e5nger vi har varit p\u00e5 konserter eller musikfestivaler har jag haft  mycket positiva upplevelser, inte bara  musikm\u00e4ssigt utan \u00e4ven kontakten med den lugna och trevliga publiken.Ofta \u00e4r majoriteten av fansen litet yngre och det \u00e4r roligt att n\u00e4rma sig ungdomskulturen och tr\u00e4ffa p\u00e5 en massa sympatiska och medvetna ungdomar.<br \/>\nBarnen: Har naturligtvis p\u00e5verkats av att det alltid spelats h\u00e5rdrock hemma. Var dessutom p\u00e5 sin f\u00f6rst h\u00e5rdrockkonsert, Deep Purple i Estepona runt-99. Vi inspirerar nu varandra och hittar st\u00e4ndigt nya intressanta grupper. Dessutom \u00e4r h\u00e5rdrock och metal en musikstil i medvind efter en svacka i slutet av det f\u00f6rra seklet, s\u00e5 det \u00e4r lite inne igen att vara h\u00e5rdrockare.<\/p>\n<p>Vad \u00e4r det som tilltalar er s\u00e5 mycket med h\u00e5rdrock?<br \/>\n-En sak som \u00e4r bra med h\u00e5rdrocken \u00e4r att den musikaliskt t\u00e4cker in det mesta. Allt fr\u00e5n lugna ballader till stenh\u00e5rda l\u00e5tar. M\u00e5nga band har dessutom oerh\u00f6rt skickliga musiker och s\u00e5ngare, och musiken har den tyngd, kraft och vitalitet vi gillar. Kul dessutom att kunna dela musikintresse med sin barn b\u00e5de hemma och p\u00e5 konserter och festivaler. Det \u00e4r heller inte s\u00e5 att den \u00e4ldre generationen i familjen bara lyssnar  p\u00e5 de gamla banden fr\u00e5n -70-talet  och barnen p\u00e5 nyare \u201ddeathmetal\u201d.<br \/>\nMen visst finns en viss skillnad. Jannes och Madeleines smak str\u00e4cker sig fr\u00e5n melodisk metal, typ lite h\u00e5rdare Scorpionsl\u00e5tar, via Black Sabbath till det betydligt h\u00e5rdare favoritbandet Metallica och liknande. Framf\u00f6r allt Adrian och Adam gillar dessutom \u00e4ven en del death- och blackmetal. Men oerh\u00f6rt m\u00e5nga band och stilar gillar vi alla i familjen.<\/p>\n<p>Till sist skulle varje familjemedlem utse den b\u00e4sta h\u00e5rdrocksl\u00e5ten och det \u00e4r nu den relativt snabba intervjun kommer att bli riktigt l\u00e5ng. F\u00f6r att utse den b\u00e4sta h\u00e5rdrocksl\u00e5ten \u201dever\u201d \u00e4r ingen uppgift man tar l\u00e4tt p\u00e5. Och det ska man inte. Vilken h\u00e5rdrocksgrupp som g\u00e5r hem hos The Kling\u00b4s torde i alla fall st\u00e5 klart:<br \/>\nPappa Janne: Enter Sandman\/ Metallica<br \/>\nMamma Madeleine: Enter Sandman\/ Metallica<br \/>\nAdrian: The four horsemen\/ Metallica<br \/>\nAdam: Creeping death\/ Metallica<br \/>\nOlivia: Whiskey in the jar\/ Metallica  <\/p>\n","protected":false},"excerpt":{"rendered":"<p>H\u00e5rdrock eller distade gitarrer \u00e4r det som g\u00e4ller n\u00e4r familjen Kling ska lyssna p\u00e5 musik. Vilka \u00e4r d\u00e5 dessa Kling\u00b4s? Fr\u00e5gan g\u00e5r till pappa Janne. \u201dVi \u00e4r pappa Janne mamma Madeleine &#038; barnen Adrian, Adam, Olivia\u201d Av Tobias Hallberg Familjen flyttade ner hit ett par \u00e5r p\u00e5 prov -93. Adrian var d\u00e5 tre \u00e5r, Adam [&hellip;]<\/p>\n","protected":false},"author":8,"featured_media":2707,"comment_status":"open","ping_status":"open","sticky":false,"template":"","format":"standard","meta":{"_et_pb_use_builder":"","_et_pb_old_content":"","_et_gb_content_width":"","footnotes":""},"categories":[396,4],"tags":[],"class_list":["post-2706","post","type-post","status-publish","format-standard","has-post-thumbnail","hentry","category-arkiv-artiklar","category-artiklar"],"yoast_head":"<!-- This site is optimized with the Yoast SEO Premium plugin v26.2 (Yoast SEO v27.4) - https:\/\/yoast.com\/product\/yoast-seo-premium-wordpress\/ -->\n<title>En h\u00e5rdare familj! -Familjen kling! - Svenska Magasinet<\/title>\n<meta name=\"robots\" content=\"noindex, follow, max-snippet:-1, max-image-preview:large, max-video-preview:-1\" \/>\n<meta property=\"og:locale\" content=\"sv_SE\" \/>\n<meta property=\"og:type\" content=\"article\" \/>\n<meta property=\"og:title\" content=\"En h\u00e5rdare familj! -Familjen kling!\" \/>\n<meta property=\"og:description\" content=\"H\u00e5rdrock eller distade gitarrer \u00e4r det som g\u00e4ller n\u00e4r familjen Kling ska lyssna p\u00e5 musik. Vilka \u00e4r d\u00e5 dessa Kling\u00b4s? Fr\u00e5gan g\u00e5r till pappa Janne. \u201dVi \u00e4r pappa Janne mamma Madeleine &#038; barnen Adrian, Adam, Olivia\u201d Av Tobias Hallberg Familjen flyttade ner hit ett par \u00e5r p\u00e5 prov -93. Adrian var d\u00e5 tre \u00e5r, Adam [&hellip;]\" \/>\n<meta property=\"og:url\" content=\"https:\/\/lightweb.dev\/l\/svm-temp\/artiklar\/en-hardare-familj-familjen-kling\/\" \/>\n<meta property=\"og:site_name\" content=\"Svenska Magasinet\" \/>\n<meta property=\"article:publisher\" content=\"https:\/\/www.facebook.com\/svenskamagasinet\" \/>\n<meta property=\"article:published_time\" content=\"2008-05-06T22:00:00+00:00\" \/>\n<meta property=\"og:image\" content=\"https:\/\/lightweb.dev\/l\/svm-temp\/wp-content\/uploads\/2022\/04\/en-hrdare-familj-familjen-kling.png\" \/>\n\t<meta property=\"og:image:width\" content=\"299\" \/>\n\t<meta property=\"og:image:height\" content=\"200\" \/>\n\t<meta property=\"og:image:type\" content=\"image\/png\" \/>\n<meta name=\"author\" content=\"Redaktionen SvM\" \/>\n<meta name=\"twitter:card\" content=\"summary_large_image\" \/>\n<meta name=\"twitter:creator\" content=\"@SvenskaMagasine\" \/>\n<meta name=\"twitter:site\" content=\"@SvenskaMagasine\" \/>\n<script type=\"application\/ld+json\" class=\"yoast-schema-graph\">{\"@context\":\"https:\\\/\\\/schema.org\",\"@graph\":[{\"@type\":\"Article\",\"@id\":\"https:\\\/\\\/lightweb.dev\\\/l\\\/svm-temp\\\/artiklar\\\/en-hardare-familj-familjen-kling\\\/#article\",\"isPartOf\":{\"@id\":\"https:\\\/\\\/lightweb.dev\\\/l\\\/svm-temp\\\/artiklar\\\/en-hardare-familj-familjen-kling\\\/\"},\"author\":{\"name\":\"Redaktionen SvM\",\"@id\":\"https:\\\/\\\/lightweb.dev\\\/l\\\/svm-temp\\\/#\\\/schema\\\/person\\\/206a3bda5b607b0c25e1749191e4d837\"},\"headline\":\"En h\u00e5rdare familj! -Familjen kling!\",\"datePublished\":\"2008-05-06T22:00:00+00:00\",\"mainEntityOfPage\":{\"@id\":\"https:\\\/\\\/lightweb.dev\\\/l\\\/svm-temp\\\/artiklar\\\/en-hardare-familj-familjen-kling\\\/\"},\"wordCount\":919,\"commentCount\":0,\"publisher\":{\"@id\":\"https:\\\/\\\/lightweb.dev\\\/l\\\/svm-temp\\\/#organization\"},\"image\":{\"@id\":\"https:\\\/\\\/lightweb.dev\\\/l\\\/svm-temp\\\/artiklar\\\/en-hardare-familj-familjen-kling\\\/#primaryimage\"},\"thumbnailUrl\":\"https:\\\/\\\/lightweb.dev\\\/l\\\/svm-temp\\\/wp-content\\\/uploads\\\/2022\\\/04\\\/en-hrdare-familj-familjen-kling.png\",\"articleSection\":[\"Arkiv\",\"Artiklar\"],\"inLanguage\":\"sv-SE\"},{\"@type\":\"WebPage\",\"@id\":\"https:\\\/\\\/lightweb.dev\\\/l\\\/svm-temp\\\/artiklar\\\/en-hardare-familj-familjen-kling\\\/\",\"url\":\"https:\\\/\\\/lightweb.dev\\\/l\\\/svm-temp\\\/artiklar\\\/en-hardare-familj-familjen-kling\\\/\",\"name\":\"En h\u00e5rdare familj! -Familjen kling! - Svenska Magasinet\",\"isPartOf\":{\"@id\":\"https:\\\/\\\/lightweb.dev\\\/l\\\/svm-temp\\\/#website\"},\"primaryImageOfPage\":{\"@id\":\"https:\\\/\\\/lightweb.dev\\\/l\\\/svm-temp\\\/artiklar\\\/en-hardare-familj-familjen-kling\\\/#primaryimage\"},\"image\":{\"@id\":\"https:\\\/\\\/lightweb.dev\\\/l\\\/svm-temp\\\/artiklar\\\/en-hardare-familj-familjen-kling\\\/#primaryimage\"},\"thumbnailUrl\":\"https:\\\/\\\/lightweb.dev\\\/l\\\/svm-temp\\\/wp-content\\\/uploads\\\/2022\\\/04\\\/en-hrdare-familj-familjen-kling.png\",\"datePublished\":\"2008-05-06T22:00:00+00:00\",\"breadcrumb\":{\"@id\":\"https:\\\/\\\/lightweb.dev\\\/l\\\/svm-temp\\\/artiklar\\\/en-hardare-familj-familjen-kling\\\/#breadcrumb\"},\"inLanguage\":\"sv-SE\",\"potentialAction\":[{\"@type\":\"ReadAction\",\"target\":[\"https:\\\/\\\/lightweb.dev\\\/l\\\/svm-temp\\\/artiklar\\\/en-hardare-familj-familjen-kling\\\/\"]}]},{\"@type\":\"ImageObject\",\"inLanguage\":\"sv-SE\",\"@id\":\"https:\\\/\\\/lightweb.dev\\\/l\\\/svm-temp\\\/artiklar\\\/en-hardare-familj-familjen-kling\\\/#primaryimage\",\"url\":\"https:\\\/\\\/lightweb.dev\\\/l\\\/svm-temp\\\/wp-content\\\/uploads\\\/2022\\\/04\\\/en-hrdare-familj-familjen-kling.png\",\"contentUrl\":\"https:\\\/\\\/lightweb.dev\\\/l\\\/svm-temp\\\/wp-content\\\/uploads\\\/2022\\\/04\\\/en-hrdare-familj-familjen-kling.png\",\"width\":299,\"height\":200},{\"@type\":\"BreadcrumbList\",\"@id\":\"https:\\\/\\\/lightweb.dev\\\/l\\\/svm-temp\\\/artiklar\\\/en-hardare-familj-familjen-kling\\\/#breadcrumb\",\"itemListElement\":[{\"@type\":\"ListItem\",\"position\":1,\"name\":\"Hem\",\"item\":\"https:\\\/\\\/lightweb.dev\\\/l\\\/svm-temp\\\/\"},{\"@type\":\"ListItem\",\"position\":2,\"name\":\"En h\u00e5rdare familj! -Familjen kling!\"}]},{\"@type\":\"WebSite\",\"@id\":\"https:\\\/\\\/lightweb.dev\\\/l\\\/svm-temp\\\/#website\",\"url\":\"https:\\\/\\\/lightweb.dev\\\/l\\\/svm-temp\\\/\",\"name\":\"Svenska Magasinet\",\"description\":\"Dina Spanska nyheter p&aring; Svenska\",\"publisher\":{\"@id\":\"https:\\\/\\\/lightweb.dev\\\/l\\\/svm-temp\\\/#organization\"},\"potentialAction\":[{\"@type\":\"SearchAction\",\"target\":{\"@type\":\"EntryPoint\",\"urlTemplate\":\"https:\\\/\\\/lightweb.dev\\\/l\\\/svm-temp\\\/?s={search_term_string}\"},\"query-input\":{\"@type\":\"PropertyValueSpecification\",\"valueRequired\":true,\"valueName\":\"search_term_string\"}}],\"inLanguage\":\"sv-SE\"},{\"@type\":\"Organization\",\"@id\":\"https:\\\/\\\/lightweb.dev\\\/l\\\/svm-temp\\\/#organization\",\"name\":\"Melkerson y Nott SL\",\"alternateName\":\"Svenska Magasinet\",\"url\":\"https:\\\/\\\/lightweb.dev\\\/l\\\/svm-temp\\\/\",\"logo\":{\"@type\":\"ImageObject\",\"inLanguage\":\"sv-SE\",\"@id\":\"https:\\\/\\\/lightweb.dev\\\/l\\\/svm-temp\\\/#\\\/schema\\\/logo\\\/image\\\/\",\"url\":\"https:\\\/\\\/lightweb.dev\\\/l\\\/svm-temp\\\/wp-content\\\/uploads\\\/2025\\\/02\\\/SvM-logo-Xtra-Centrerad-SVART.png\",\"contentUrl\":\"https:\\\/\\\/lightweb.dev\\\/l\\\/svm-temp\\\/wp-content\\\/uploads\\\/2025\\\/02\\\/SvM-logo-Xtra-Centrerad-SVART.png\",\"width\":300,\"height\":99,\"caption\":\"Melkerson y Nott SL\"},\"image\":{\"@id\":\"https:\\\/\\\/lightweb.dev\\\/l\\\/svm-temp\\\/#\\\/schema\\\/logo\\\/image\\\/\"},\"sameAs\":[\"https:\\\/\\\/www.facebook.com\\\/svenskamagasinet\",\"https:\\\/\\\/x.com\\\/SvenskaMagasine\"]},{\"@type\":\"Person\",\"@id\":\"https:\\\/\\\/lightweb.dev\\\/l\\\/svm-temp\\\/#\\\/schema\\\/person\\\/206a3bda5b607b0c25e1749191e4d837\",\"name\":\"Redaktionen SvM\",\"description\":\"Redaktionen\",\"sameAs\":[\"https:\\\/\\\/lightweb.dev\\\/l\\\/svm-temp\"],\"url\":\"https:\\\/\\\/lightweb.dev\\\/l\\\/svm-temp\\\/reporter\\\/redaktionen\\\/\"}]}<\/script>\n<!-- \/ Yoast SEO Premium plugin. -->","yoast_head_json":{"title":"En h\u00e5rdare familj! -Familjen kling! - Svenska Magasinet","robots":{"index":"noindex","follow":"follow","max-snippet":"max-snippet:-1","max-image-preview":"max-image-preview:large","max-video-preview":"max-video-preview:-1"},"og_locale":"sv_SE","og_type":"article","og_title":"En h\u00e5rdare familj! -Familjen kling!","og_description":"H\u00e5rdrock eller distade gitarrer \u00e4r det som g\u00e4ller n\u00e4r familjen Kling ska lyssna p\u00e5 musik. Vilka \u00e4r d\u00e5 dessa Kling\u00b4s? Fr\u00e5gan g\u00e5r till pappa Janne. \u201dVi \u00e4r pappa Janne mamma Madeleine &#038; barnen Adrian, Adam, Olivia\u201d Av Tobias Hallberg Familjen flyttade ner hit ett par \u00e5r p\u00e5 prov -93. Adrian var d\u00e5 tre \u00e5r, Adam [&hellip;]","og_url":"https:\/\/lightweb.dev\/l\/svm-temp\/artiklar\/en-hardare-familj-familjen-kling\/","og_site_name":"Svenska Magasinet","article_publisher":"https:\/\/www.facebook.com\/svenskamagasinet","article_published_time":"2008-05-06T22:00:00+00:00","og_image":[{"width":299,"height":200,"url":"https:\/\/lightweb.dev\/l\/svm-temp\/wp-content\/uploads\/2022\/04\/en-hrdare-familj-familjen-kling.png","type":"image\/png"}],"author":"Redaktionen SvM","twitter_card":"summary_large_image","twitter_creator":"@SvenskaMagasine","twitter_site":"@SvenskaMagasine","schema":{"@context":"https:\/\/schema.org","@graph":[{"@type":"Article","@id":"https:\/\/lightweb.dev\/l\/svm-temp\/artiklar\/en-hardare-familj-familjen-kling\/#article","isPartOf":{"@id":"https:\/\/lightweb.dev\/l\/svm-temp\/artiklar\/en-hardare-familj-familjen-kling\/"},"author":{"name":"Redaktionen SvM","@id":"https:\/\/lightweb.dev\/l\/svm-temp\/#\/schema\/person\/206a3bda5b607b0c25e1749191e4d837"},"headline":"En h\u00e5rdare familj! -Familjen kling!","datePublished":"2008-05-06T22:00:00+00:00","mainEntityOfPage":{"@id":"https:\/\/lightweb.dev\/l\/svm-temp\/artiklar\/en-hardare-familj-familjen-kling\/"},"wordCount":919,"commentCount":0,"publisher":{"@id":"https:\/\/lightweb.dev\/l\/svm-temp\/#organization"},"image":{"@id":"https:\/\/lightweb.dev\/l\/svm-temp\/artiklar\/en-hardare-familj-familjen-kling\/#primaryimage"},"thumbnailUrl":"https:\/\/lightweb.dev\/l\/svm-temp\/wp-content\/uploads\/2022\/04\/en-hrdare-familj-familjen-kling.png","articleSection":["Arkiv","Artiklar"],"inLanguage":"sv-SE"},{"@type":"WebPage","@id":"https:\/\/lightweb.dev\/l\/svm-temp\/artiklar\/en-hardare-familj-familjen-kling\/","url":"https:\/\/lightweb.dev\/l\/svm-temp\/artiklar\/en-hardare-familj-familjen-kling\/","name":"En h\u00e5rdare familj! -Familjen kling! - Svenska Magasinet","isPartOf":{"@id":"https:\/\/lightweb.dev\/l\/svm-temp\/#website"},"primaryImageOfPage":{"@id":"https:\/\/lightweb.dev\/l\/svm-temp\/artiklar\/en-hardare-familj-familjen-kling\/#primaryimage"},"image":{"@id":"https:\/\/lightweb.dev\/l\/svm-temp\/artiklar\/en-hardare-familj-familjen-kling\/#primaryimage"},"thumbnailUrl":"https:\/\/lightweb.dev\/l\/svm-temp\/wp-content\/uploads\/2022\/04\/en-hrdare-familj-familjen-kling.png","datePublished":"2008-05-06T22:00:00+00:00","breadcrumb":{"@id":"https:\/\/lightweb.dev\/l\/svm-temp\/artiklar\/en-hardare-familj-familjen-kling\/#breadcrumb"},"inLanguage":"sv-SE","potentialAction":[{"@type":"ReadAction","target":["https:\/\/lightweb.dev\/l\/svm-temp\/artiklar\/en-hardare-familj-familjen-kling\/"]}]},{"@type":"ImageObject","inLanguage":"sv-SE","@id":"https:\/\/lightweb.dev\/l\/svm-temp\/artiklar\/en-hardare-familj-familjen-kling\/#primaryimage","url":"https:\/\/lightweb.dev\/l\/svm-temp\/wp-content\/uploads\/2022\/04\/en-hrdare-familj-familjen-kling.png","contentUrl":"https:\/\/lightweb.dev\/l\/svm-temp\/wp-content\/uploads\/2022\/04\/en-hrdare-familj-familjen-kling.png","width":299,"height":200},{"@type":"BreadcrumbList","@id":"https:\/\/lightweb.dev\/l\/svm-temp\/artiklar\/en-hardare-familj-familjen-kling\/#breadcrumb","itemListElement":[{"@type":"ListItem","position":1,"name":"Hem","item":"https:\/\/lightweb.dev\/l\/svm-temp\/"},{"@type":"ListItem","position":2,"name":"En h\u00e5rdare familj! -Familjen kling!"}]},{"@type":"WebSite","@id":"https:\/\/lightweb.dev\/l\/svm-temp\/#website","url":"https:\/\/lightweb.dev\/l\/svm-temp\/","name":"Svenska Magasinet","description":"Dina Spanska nyheter p&aring; Svenska","publisher":{"@id":"https:\/\/lightweb.dev\/l\/svm-temp\/#organization"},"potentialAction":[{"@type":"SearchAction","target":{"@type":"EntryPoint","urlTemplate":"https:\/\/lightweb.dev\/l\/svm-temp\/?s={search_term_string}"},"query-input":{"@type":"PropertyValueSpecification","valueRequired":true,"valueName":"search_term_string"}}],"inLanguage":"sv-SE"},{"@type":"Organization","@id":"https:\/\/lightweb.dev\/l\/svm-temp\/#organization","name":"Melkerson y Nott SL","alternateName":"Svenska Magasinet","url":"https:\/\/lightweb.dev\/l\/svm-temp\/","logo":{"@type":"ImageObject","inLanguage":"sv-SE","@id":"https:\/\/lightweb.dev\/l\/svm-temp\/#\/schema\/logo\/image\/","url":"https:\/\/lightweb.dev\/l\/svm-temp\/wp-content\/uploads\/2025\/02\/SvM-logo-Xtra-Centrerad-SVART.png","contentUrl":"https:\/\/lightweb.dev\/l\/svm-temp\/wp-content\/uploads\/2025\/02\/SvM-logo-Xtra-Centrerad-SVART.png","width":300,"height":99,"caption":"Melkerson y Nott SL"},"image":{"@id":"https:\/\/lightweb.dev\/l\/svm-temp\/#\/schema\/logo\/image\/"},"sameAs":["https:\/\/www.facebook.com\/svenskamagasinet","https:\/\/x.com\/SvenskaMagasine"]},{"@type":"Person","@id":"https:\/\/lightweb.dev\/l\/svm-temp\/#\/schema\/person\/206a3bda5b607b0c25e1749191e4d837","name":"Redaktionen SvM","description":"Redaktionen","sameAs":["https:\/\/lightweb.dev\/l\/svm-temp"],"url":"https:\/\/lightweb.dev\/l\/svm-temp\/reporter\/redaktionen\/"}]}},"_links":{"self":[{"href":"https:\/\/lightweb.dev\/l\/svm-temp\/wp-json\/wp\/v2\/posts\/2706","targetHints":{"allow":["GET"]}}],"collection":[{"href":"https:\/\/lightweb.dev\/l\/svm-temp\/wp-json\/wp\/v2\/posts"}],"about":[{"href":"https:\/\/lightweb.dev\/l\/svm-temp\/wp-json\/wp\/v2\/types\/post"}],"author":[{"embeddable":true,"href":"https:\/\/lightweb.dev\/l\/svm-temp\/wp-json\/wp\/v2\/users\/8"}],"replies":[{"embeddable":true,"href":"https:\/\/lightweb.dev\/l\/svm-temp\/wp-json\/wp\/v2\/comments?post=2706"}],"version-history":[{"count":0,"href":"https:\/\/lightweb.dev\/l\/svm-temp\/wp-json\/wp\/v2\/posts\/2706\/revisions"}],"wp:featuredmedia":[{"embeddable":true,"href":"https:\/\/lightweb.dev\/l\/svm-temp\/wp-json\/wp\/v2\/media\/2707"}],"wp:attachment":[{"href":"https:\/\/lightweb.dev\/l\/svm-temp\/wp-json\/wp\/v2\/media?parent=2706"}],"wp:term":[{"taxonomy":"category","embeddable":true,"href":"https:\/\/lightweb.dev\/l\/svm-temp\/wp-json\/wp\/v2\/categories?post=2706"},{"taxonomy":"post_tag","embeddable":true,"href":"https:\/\/lightweb.dev\/l\/svm-temp\/wp-json\/wp\/v2\/tags?post=2706"}],"curies":[{"name":"wp","href":"https:\/\/api.w.org\/{rel}","templated":true}]}}