{"id":28321,"date":"2013-12-10T00:00:00","date_gmt":"2013-12-09T23:00:00","guid":{"rendered":"https:\/\/lightweb.dev\/l\/svm-temp\/nyheter\/riskerar-20-ars-fangelse-efter-att-ha-knivmordat-transsexuell-flickvan\/"},"modified":"2013-12-10T00:00:00","modified_gmt":"2013-12-09T23:00:00","slug":"riskerar-20-ars-fangelse-efter-att-ha-knivmordat-transsexuell-flickvan","status":"publish","type":"post","link":"https:\/\/lightweb.dev\/l\/svm-temp\/nyheter\/riskerar-20-ars-fangelse-efter-att-ha-knivmordat-transsexuell-flickvan\/","title":{"rendered":"Riskerar 20 \u00e5rs f\u00e4ngelse efter att ha knivm\u00f6rdat transsexuell flickv\u00e4n"},"content":{"rendered":"<p> En 27-\u00e5rig rum\u00e4nsk man i Fuengirola riskerar att d\u00f6mas till mellan 15 och 20 \u00e5rs f\u00e4ngelse efter att ha knivm\u00f6rdat sin 30-\u00e5riga transsexuelle flickv\u00e4n \u201dSabrina\u201d. \u00c5klagaren kr\u00e4ver 15 \u00e5rs f\u00e4ngelse, samtidigt drivs det ett enskilt \u00e5tal d\u00e4r mannen riskerar 20 \u00e5rs f\u00e4ngelse plus b\u00f6ter p\u00e5 120.000 euro som ska betalas till den d\u00f6des arvingar.<\/p>\n<p>Det var strax efter midnatt den 16 november 2012 som den rum\u00e4nske mannen knivh\u00f6gg den transsexuelle personen fr\u00e5n Marocko i br\u00f6stet. H\u00e4ndelsen intr\u00e4ffade i l\u00e4genhet nummer 41 i fastigheten El Ancla vid busstationen i centrala Fuengirola.<\/p>\n<p>Den rum\u00e4nske mannen hade en relation till den transsexuelle och paret var bosatta i l\u00e4genheten p\u00e5 avenida Mat\u00edas S\u00e1enz de Tejada. Enligt vittnesm\u00e5l fr\u00e5n grannar utbr\u00f6t en hetsig diskussion mellan de tv\u00e5.<\/p>\n<p>Dagstidningen La Opini\u00f3n de M\u00e1laga beskriver det som \u201dett v\u00e5ldsamt \u00f6verfall som slutade med krossat glas, tv:n p\u00e5 golvet och m\u00f6bler som l\u00e5g kringspridda. Enligt vittnesm\u00e5l finns det uppgifter som pekar p\u00e5 att mannens upps\u00e5t var att d\u00f6da\u201d.<\/p>\n<p>Grannar fann senare \u201dSabrina\u201d liggande utanf\u00f6r l\u00e4genheten medan den rum\u00e4nske mannen h\u00f6ll den d\u00f6de i famnen. Den rum\u00e4nske mannen greps p\u00e5 brottsplatsen.<\/p>\n<p>Den transsexuelle som ursprungligen kommer fr\u00e5n Casablanca i Marocko och heter Mustaf\u00e1 gick under namnet \u201dSabrina\u201d och ska enligt grannar i fastigheten varit prostituerad.<br \/>\n H\u00e4r knivh\u00f6ggs en transsexuell till d\u00f6ds i Fuengirola i natt<\/p>\n<p>Tyst minut f\u00f6r \u201dSabrina\u201d<\/p>\n","protected":false},"excerpt":{"rendered":"<p>En 27-\u00e5rig rum\u00e4nsk man i Fuengirola riskerar att d\u00f6mas till mellan 15 och 20 \u00e5rs f\u00e4ngelse efter att ha knivm\u00f6rdat sin 30-\u00e5riga transsexuelle flickv\u00e4n \u201dSabrina\u201d. \u00c5klagaren kr\u00e4ver 15 \u00e5rs f\u00e4ngelse, samtidigt drivs det ett enskilt \u00e5tal d\u00e4r mannen riskerar 20 \u00e5rs f\u00e4ngelse plus b\u00f6ter p\u00e5 120.000 euro som ska betalas till den d\u00f6des arvingar. Det [&hellip;]<\/p>\n","protected":false},"author":8,"featured_media":28324,"comment_status":"open","ping_status":"open","sticky":false,"template":"","format":"standard","meta":{"_et_pb_use_builder":"","_et_pb_old_content":"","_et_gb_content_width":"","footnotes":""},"categories":[395,3],"tags":[],"class_list":["post-28321","post","type-post","status-publish","format-standard","has-post-thumbnail","hentry","category-arkiv-nyheter","category-nyheter"],"yoast_head":"<!-- This site is optimized with the Yoast SEO Premium plugin v26.2 (Yoast SEO v27.5) - https:\/\/yoast.com\/product\/yoast-seo-premium-wordpress\/ -->\n<title>Riskerar 20 \u00e5rs f\u00e4ngelse efter att ha knivm\u00f6rdat transsexuell flickv\u00e4n - Svenska Magasinet<\/title>\n<meta name=\"robots\" content=\"noindex, follow, max-snippet:-1, max-image-preview:large, max-video-preview:-1\" \/>\n<meta property=\"og:locale\" content=\"sv_SE\" \/>\n<meta property=\"og:type\" content=\"article\" \/>\n<meta property=\"og:title\" content=\"Riskerar 20 \u00e5rs f\u00e4ngelse efter att ha knivm\u00f6rdat transsexuell flickv\u00e4n\" \/>\n<meta property=\"og:description\" content=\"En 27-\u00e5rig rum\u00e4nsk man i Fuengirola riskerar att d\u00f6mas till mellan 15 och 20 \u00e5rs f\u00e4ngelse efter att ha knivm\u00f6rdat sin 30-\u00e5riga transsexuelle flickv\u00e4n \u201dSabrina\u201d. \u00c5klagaren kr\u00e4ver 15 \u00e5rs f\u00e4ngelse, samtidigt drivs det ett enskilt \u00e5tal d\u00e4r mannen riskerar 20 \u00e5rs f\u00e4ngelse plus b\u00f6ter p\u00e5 120.000 euro som ska betalas till den d\u00f6des arvingar. Det [&hellip;]\" \/>\n<meta property=\"og:url\" content=\"https:\/\/lightweb.dev\/l\/svm-temp\/nyheter\/riskerar-20-ars-fangelse-efter-att-ha-knivmordat-transsexuell-flickvan\/\" \/>\n<meta property=\"og:site_name\" content=\"Svenska Magasinet\" \/>\n<meta property=\"article:publisher\" content=\"https:\/\/www.facebook.com\/svenskamagasinet\" \/>\n<meta property=\"article:published_time\" content=\"2013-12-09T23:00:00+00:00\" \/>\n<meta name=\"author\" content=\"Redaktionen SvM\" \/>\n<meta name=\"twitter:card\" content=\"summary_large_image\" \/>\n<meta name=\"twitter:creator\" content=\"@SvenskaMagasine\" \/>\n<meta name=\"twitter:site\" content=\"@SvenskaMagasine\" \/>\n<script type=\"application\/ld+json\" class=\"yoast-schema-graph\">{\"@context\":\"https:\\\/\\\/schema.org\",\"@graph\":[{\"@type\":\"Article\",\"@id\":\"https:\\\/\\\/lightweb.dev\\\/l\\\/svm-temp\\\/nyheter\\\/riskerar-20-ars-fangelse-efter-att-ha-knivmordat-transsexuell-flickvan\\\/#article\",\"isPartOf\":{\"@id\":\"https:\\\/\\\/lightweb.dev\\\/l\\\/svm-temp\\\/nyheter\\\/riskerar-20-ars-fangelse-efter-att-ha-knivmordat-transsexuell-flickvan\\\/\"},\"author\":{\"name\":\"Redaktionen SvM\",\"@id\":\"https:\\\/\\\/lightweb.dev\\\/l\\\/svm-temp\\\/#\\\/schema\\\/person\\\/206a3bda5b607b0c25e1749191e4d837\"},\"headline\":\"Riskerar 20 \u00e5rs f\u00e4ngelse efter att ha knivm\u00f6rdat transsexuell flickv\u00e4n\",\"datePublished\":\"2013-12-09T23:00:00+00:00\",\"mainEntityOfPage\":{\"@id\":\"https:\\\/\\\/lightweb.dev\\\/l\\\/svm-temp\\\/nyheter\\\/riskerar-20-ars-fangelse-efter-att-ha-knivmordat-transsexuell-flickvan\\\/\"},\"wordCount\":271,\"commentCount\":0,\"publisher\":{\"@id\":\"https:\\\/\\\/lightweb.dev\\\/l\\\/svm-temp\\\/#organization\"},\"image\":{\"@id\":\"https:\\\/\\\/lightweb.dev\\\/l\\\/svm-temp\\\/nyheter\\\/riskerar-20-ars-fangelse-efter-att-ha-knivmordat-transsexuell-flickvan\\\/#primaryimage\"},\"thumbnailUrl\":\"https:\\\/\\\/lightweb.dev\\\/l\\\/svm-temp\\\/wp-content\\\/uploads\\\/2022\\\/06\\\/riskerar-20-ars-fangelse-efter-att-ha-knivmordat-transsexuell-flickvan.png\",\"articleSection\":[\"Arkiv\",\"Nyheter\"],\"inLanguage\":\"sv-SE\"},{\"@type\":\"WebPage\",\"@id\":\"https:\\\/\\\/lightweb.dev\\\/l\\\/svm-temp\\\/nyheter\\\/riskerar-20-ars-fangelse-efter-att-ha-knivmordat-transsexuell-flickvan\\\/\",\"url\":\"https:\\\/\\\/lightweb.dev\\\/l\\\/svm-temp\\\/nyheter\\\/riskerar-20-ars-fangelse-efter-att-ha-knivmordat-transsexuell-flickvan\\\/\",\"name\":\"Riskerar 20 \u00e5rs f\u00e4ngelse efter att ha knivm\u00f6rdat transsexuell flickv\u00e4n - Svenska Magasinet\",\"isPartOf\":{\"@id\":\"https:\\\/\\\/lightweb.dev\\\/l\\\/svm-temp\\\/#website\"},\"primaryImageOfPage\":{\"@id\":\"https:\\\/\\\/lightweb.dev\\\/l\\\/svm-temp\\\/nyheter\\\/riskerar-20-ars-fangelse-efter-att-ha-knivmordat-transsexuell-flickvan\\\/#primaryimage\"},\"image\":{\"@id\":\"https:\\\/\\\/lightweb.dev\\\/l\\\/svm-temp\\\/nyheter\\\/riskerar-20-ars-fangelse-efter-att-ha-knivmordat-transsexuell-flickvan\\\/#primaryimage\"},\"thumbnailUrl\":\"https:\\\/\\\/lightweb.dev\\\/l\\\/svm-temp\\\/wp-content\\\/uploads\\\/2022\\\/06\\\/riskerar-20-ars-fangelse-efter-att-ha-knivmordat-transsexuell-flickvan.png\",\"datePublished\":\"2013-12-09T23:00:00+00:00\",\"breadcrumb\":{\"@id\":\"https:\\\/\\\/lightweb.dev\\\/l\\\/svm-temp\\\/nyheter\\\/riskerar-20-ars-fangelse-efter-att-ha-knivmordat-transsexuell-flickvan\\\/#breadcrumb\"},\"inLanguage\":\"sv-SE\",\"potentialAction\":[{\"@type\":\"ReadAction\",\"target\":[\"https:\\\/\\\/lightweb.dev\\\/l\\\/svm-temp\\\/nyheter\\\/riskerar-20-ars-fangelse-efter-att-ha-knivmordat-transsexuell-flickvan\\\/\"]}]},{\"@type\":\"ImageObject\",\"inLanguage\":\"sv-SE\",\"@id\":\"https:\\\/\\\/lightweb.dev\\\/l\\\/svm-temp\\\/nyheter\\\/riskerar-20-ars-fangelse-efter-att-ha-knivmordat-transsexuell-flickvan\\\/#primaryimage\",\"url\":\"https:\\\/\\\/lightweb.dev\\\/l\\\/svm-temp\\\/wp-content\\\/uploads\\\/2022\\\/06\\\/riskerar-20-ars-fangelse-efter-att-ha-knivmordat-transsexuell-flickvan.png\",\"contentUrl\":\"https:\\\/\\\/lightweb.dev\\\/l\\\/svm-temp\\\/wp-content\\\/uploads\\\/2022\\\/06\\\/riskerar-20-ars-fangelse-efter-att-ha-knivmordat-transsexuell-flickvan.png\",\"width\":299,\"height\":200},{\"@type\":\"BreadcrumbList\",\"@id\":\"https:\\\/\\\/lightweb.dev\\\/l\\\/svm-temp\\\/nyheter\\\/riskerar-20-ars-fangelse-efter-att-ha-knivmordat-transsexuell-flickvan\\\/#breadcrumb\",\"itemListElement\":[{\"@type\":\"ListItem\",\"position\":1,\"name\":\"Hem\",\"item\":\"https:\\\/\\\/lightweb.dev\\\/l\\\/svm-temp\\\/\"},{\"@type\":\"ListItem\",\"position\":2,\"name\":\"Riskerar 20 \u00e5rs f\u00e4ngelse efter att ha knivm\u00f6rdat transsexuell flickv\u00e4n\"}]},{\"@type\":\"WebSite\",\"@id\":\"https:\\\/\\\/lightweb.dev\\\/l\\\/svm-temp\\\/#website\",\"url\":\"https:\\\/\\\/lightweb.dev\\\/l\\\/svm-temp\\\/\",\"name\":\"Svenska Magasinet\",\"description\":\"Dina Spanska nyheter p&aring; Svenska\",\"publisher\":{\"@id\":\"https:\\\/\\\/lightweb.dev\\\/l\\\/svm-temp\\\/#organization\"},\"potentialAction\":[{\"@type\":\"SearchAction\",\"target\":{\"@type\":\"EntryPoint\",\"urlTemplate\":\"https:\\\/\\\/lightweb.dev\\\/l\\\/svm-temp\\\/?s={search_term_string}\"},\"query-input\":{\"@type\":\"PropertyValueSpecification\",\"valueRequired\":true,\"valueName\":\"search_term_string\"}}],\"inLanguage\":\"sv-SE\"},{\"@type\":\"Organization\",\"@id\":\"https:\\\/\\\/lightweb.dev\\\/l\\\/svm-temp\\\/#organization\",\"name\":\"Melkerson y Nott SL\",\"alternateName\":\"Svenska Magasinet\",\"url\":\"https:\\\/\\\/lightweb.dev\\\/l\\\/svm-temp\\\/\",\"logo\":{\"@type\":\"ImageObject\",\"inLanguage\":\"sv-SE\",\"@id\":\"https:\\\/\\\/lightweb.dev\\\/l\\\/svm-temp\\\/#\\\/schema\\\/logo\\\/image\\\/\",\"url\":\"https:\\\/\\\/lightweb.dev\\\/l\\\/svm-temp\\\/wp-content\\\/uploads\\\/2025\\\/02\\\/SvM-logo-Xtra-Centrerad-SVART.png\",\"contentUrl\":\"https:\\\/\\\/lightweb.dev\\\/l\\\/svm-temp\\\/wp-content\\\/uploads\\\/2025\\\/02\\\/SvM-logo-Xtra-Centrerad-SVART.png\",\"width\":300,\"height\":99,\"caption\":\"Melkerson y Nott SL\"},\"image\":{\"@id\":\"https:\\\/\\\/lightweb.dev\\\/l\\\/svm-temp\\\/#\\\/schema\\\/logo\\\/image\\\/\"},\"sameAs\":[\"https:\\\/\\\/www.facebook.com\\\/svenskamagasinet\",\"https:\\\/\\\/x.com\\\/SvenskaMagasine\"]},{\"@type\":\"Person\",\"@id\":\"https:\\\/\\\/lightweb.dev\\\/l\\\/svm-temp\\\/#\\\/schema\\\/person\\\/206a3bda5b607b0c25e1749191e4d837\",\"name\":\"Redaktionen SvM\",\"description\":\"Redaktionen\",\"sameAs\":[\"https:\\\/\\\/lightweb.dev\\\/l\\\/svm-temp\"],\"url\":\"https:\\\/\\\/lightweb.dev\\\/l\\\/svm-temp\\\/reporter\\\/redaktionen\\\/\"}]}<\/script>\n<!-- \/ Yoast SEO Premium plugin. -->","yoast_head_json":{"title":"Riskerar 20 \u00e5rs f\u00e4ngelse efter att ha knivm\u00f6rdat transsexuell flickv\u00e4n - Svenska Magasinet","robots":{"index":"noindex","follow":"follow","max-snippet":"max-snippet:-1","max-image-preview":"max-image-preview:large","max-video-preview":"max-video-preview:-1"},"og_locale":"sv_SE","og_type":"article","og_title":"Riskerar 20 \u00e5rs f\u00e4ngelse efter att ha knivm\u00f6rdat transsexuell flickv\u00e4n","og_description":"En 27-\u00e5rig rum\u00e4nsk man i Fuengirola riskerar att d\u00f6mas till mellan 15 och 20 \u00e5rs f\u00e4ngelse efter att ha knivm\u00f6rdat sin 30-\u00e5riga transsexuelle flickv\u00e4n \u201dSabrina\u201d. \u00c5klagaren kr\u00e4ver 15 \u00e5rs f\u00e4ngelse, samtidigt drivs det ett enskilt \u00e5tal d\u00e4r mannen riskerar 20 \u00e5rs f\u00e4ngelse plus b\u00f6ter p\u00e5 120.000 euro som ska betalas till den d\u00f6des arvingar. Det [&hellip;]","og_url":"https:\/\/lightweb.dev\/l\/svm-temp\/nyheter\/riskerar-20-ars-fangelse-efter-att-ha-knivmordat-transsexuell-flickvan\/","og_site_name":"Svenska Magasinet","article_publisher":"https:\/\/www.facebook.com\/svenskamagasinet","article_published_time":"2013-12-09T23:00:00+00:00","author":"Redaktionen SvM","twitter_card":"summary_large_image","twitter_creator":"@SvenskaMagasine","twitter_site":"@SvenskaMagasine","schema":{"@context":"https:\/\/schema.org","@graph":[{"@type":"Article","@id":"https:\/\/lightweb.dev\/l\/svm-temp\/nyheter\/riskerar-20-ars-fangelse-efter-att-ha-knivmordat-transsexuell-flickvan\/#article","isPartOf":{"@id":"https:\/\/lightweb.dev\/l\/svm-temp\/nyheter\/riskerar-20-ars-fangelse-efter-att-ha-knivmordat-transsexuell-flickvan\/"},"author":{"name":"Redaktionen SvM","@id":"https:\/\/lightweb.dev\/l\/svm-temp\/#\/schema\/person\/206a3bda5b607b0c25e1749191e4d837"},"headline":"Riskerar 20 \u00e5rs f\u00e4ngelse efter att ha knivm\u00f6rdat transsexuell flickv\u00e4n","datePublished":"2013-12-09T23:00:00+00:00","mainEntityOfPage":{"@id":"https:\/\/lightweb.dev\/l\/svm-temp\/nyheter\/riskerar-20-ars-fangelse-efter-att-ha-knivmordat-transsexuell-flickvan\/"},"wordCount":271,"commentCount":0,"publisher":{"@id":"https:\/\/lightweb.dev\/l\/svm-temp\/#organization"},"image":{"@id":"https:\/\/lightweb.dev\/l\/svm-temp\/nyheter\/riskerar-20-ars-fangelse-efter-att-ha-knivmordat-transsexuell-flickvan\/#primaryimage"},"thumbnailUrl":"https:\/\/lightweb.dev\/l\/svm-temp\/wp-content\/uploads\/2022\/06\/riskerar-20-ars-fangelse-efter-att-ha-knivmordat-transsexuell-flickvan.png","articleSection":["Arkiv","Nyheter"],"inLanguage":"sv-SE"},{"@type":"WebPage","@id":"https:\/\/lightweb.dev\/l\/svm-temp\/nyheter\/riskerar-20-ars-fangelse-efter-att-ha-knivmordat-transsexuell-flickvan\/","url":"https:\/\/lightweb.dev\/l\/svm-temp\/nyheter\/riskerar-20-ars-fangelse-efter-att-ha-knivmordat-transsexuell-flickvan\/","name":"Riskerar 20 \u00e5rs f\u00e4ngelse efter att ha knivm\u00f6rdat transsexuell flickv\u00e4n - Svenska Magasinet","isPartOf":{"@id":"https:\/\/lightweb.dev\/l\/svm-temp\/#website"},"primaryImageOfPage":{"@id":"https:\/\/lightweb.dev\/l\/svm-temp\/nyheter\/riskerar-20-ars-fangelse-efter-att-ha-knivmordat-transsexuell-flickvan\/#primaryimage"},"image":{"@id":"https:\/\/lightweb.dev\/l\/svm-temp\/nyheter\/riskerar-20-ars-fangelse-efter-att-ha-knivmordat-transsexuell-flickvan\/#primaryimage"},"thumbnailUrl":"https:\/\/lightweb.dev\/l\/svm-temp\/wp-content\/uploads\/2022\/06\/riskerar-20-ars-fangelse-efter-att-ha-knivmordat-transsexuell-flickvan.png","datePublished":"2013-12-09T23:00:00+00:00","breadcrumb":{"@id":"https:\/\/lightweb.dev\/l\/svm-temp\/nyheter\/riskerar-20-ars-fangelse-efter-att-ha-knivmordat-transsexuell-flickvan\/#breadcrumb"},"inLanguage":"sv-SE","potentialAction":[{"@type":"ReadAction","target":["https:\/\/lightweb.dev\/l\/svm-temp\/nyheter\/riskerar-20-ars-fangelse-efter-att-ha-knivmordat-transsexuell-flickvan\/"]}]},{"@type":"ImageObject","inLanguage":"sv-SE","@id":"https:\/\/lightweb.dev\/l\/svm-temp\/nyheter\/riskerar-20-ars-fangelse-efter-att-ha-knivmordat-transsexuell-flickvan\/#primaryimage","url":"https:\/\/lightweb.dev\/l\/svm-temp\/wp-content\/uploads\/2022\/06\/riskerar-20-ars-fangelse-efter-att-ha-knivmordat-transsexuell-flickvan.png","contentUrl":"https:\/\/lightweb.dev\/l\/svm-temp\/wp-content\/uploads\/2022\/06\/riskerar-20-ars-fangelse-efter-att-ha-knivmordat-transsexuell-flickvan.png","width":299,"height":200},{"@type":"BreadcrumbList","@id":"https:\/\/lightweb.dev\/l\/svm-temp\/nyheter\/riskerar-20-ars-fangelse-efter-att-ha-knivmordat-transsexuell-flickvan\/#breadcrumb","itemListElement":[{"@type":"ListItem","position":1,"name":"Hem","item":"https:\/\/lightweb.dev\/l\/svm-temp\/"},{"@type":"ListItem","position":2,"name":"Riskerar 20 \u00e5rs f\u00e4ngelse efter att ha knivm\u00f6rdat transsexuell flickv\u00e4n"}]},{"@type":"WebSite","@id":"https:\/\/lightweb.dev\/l\/svm-temp\/#website","url":"https:\/\/lightweb.dev\/l\/svm-temp\/","name":"Svenska Magasinet","description":"Dina Spanska nyheter p&aring; Svenska","publisher":{"@id":"https:\/\/lightweb.dev\/l\/svm-temp\/#organization"},"potentialAction":[{"@type":"SearchAction","target":{"@type":"EntryPoint","urlTemplate":"https:\/\/lightweb.dev\/l\/svm-temp\/?s={search_term_string}"},"query-input":{"@type":"PropertyValueSpecification","valueRequired":true,"valueName":"search_term_string"}}],"inLanguage":"sv-SE"},{"@type":"Organization","@id":"https:\/\/lightweb.dev\/l\/svm-temp\/#organization","name":"Melkerson y Nott SL","alternateName":"Svenska Magasinet","url":"https:\/\/lightweb.dev\/l\/svm-temp\/","logo":{"@type":"ImageObject","inLanguage":"sv-SE","@id":"https:\/\/lightweb.dev\/l\/svm-temp\/#\/schema\/logo\/image\/","url":"https:\/\/lightweb.dev\/l\/svm-temp\/wp-content\/uploads\/2025\/02\/SvM-logo-Xtra-Centrerad-SVART.png","contentUrl":"https:\/\/lightweb.dev\/l\/svm-temp\/wp-content\/uploads\/2025\/02\/SvM-logo-Xtra-Centrerad-SVART.png","width":300,"height":99,"caption":"Melkerson y Nott SL"},"image":{"@id":"https:\/\/lightweb.dev\/l\/svm-temp\/#\/schema\/logo\/image\/"},"sameAs":["https:\/\/www.facebook.com\/svenskamagasinet","https:\/\/x.com\/SvenskaMagasine"]},{"@type":"Person","@id":"https:\/\/lightweb.dev\/l\/svm-temp\/#\/schema\/person\/206a3bda5b607b0c25e1749191e4d837","name":"Redaktionen SvM","description":"Redaktionen","sameAs":["https:\/\/lightweb.dev\/l\/svm-temp"],"url":"https:\/\/lightweb.dev\/l\/svm-temp\/reporter\/redaktionen\/"}]}},"_links":{"self":[{"href":"https:\/\/lightweb.dev\/l\/svm-temp\/wp-json\/wp\/v2\/posts\/28321","targetHints":{"allow":["GET"]}}],"collection":[{"href":"https:\/\/lightweb.dev\/l\/svm-temp\/wp-json\/wp\/v2\/posts"}],"about":[{"href":"https:\/\/lightweb.dev\/l\/svm-temp\/wp-json\/wp\/v2\/types\/post"}],"author":[{"embeddable":true,"href":"https:\/\/lightweb.dev\/l\/svm-temp\/wp-json\/wp\/v2\/users\/8"}],"replies":[{"embeddable":true,"href":"https:\/\/lightweb.dev\/l\/svm-temp\/wp-json\/wp\/v2\/comments?post=28321"}],"version-history":[{"count":0,"href":"https:\/\/lightweb.dev\/l\/svm-temp\/wp-json\/wp\/v2\/posts\/28321\/revisions"}],"wp:featuredmedia":[{"embeddable":true,"href":"https:\/\/lightweb.dev\/l\/svm-temp\/wp-json\/wp\/v2\/media\/28324"}],"wp:attachment":[{"href":"https:\/\/lightweb.dev\/l\/svm-temp\/wp-json\/wp\/v2\/media?parent=28321"}],"wp:term":[{"taxonomy":"category","embeddable":true,"href":"https:\/\/lightweb.dev\/l\/svm-temp\/wp-json\/wp\/v2\/categories?post=28321"},{"taxonomy":"post_tag","embeddable":true,"href":"https:\/\/lightweb.dev\/l\/svm-temp\/wp-json\/wp\/v2\/tags?post=28321"}],"curies":[{"name":"wp","href":"https:\/\/api.w.org\/{rel}","templated":true}]}}