{"id":28339,"date":"2013-12-09T00:00:00","date_gmt":"2013-12-08T23:00:00","guid":{"rendered":"https:\/\/lightweb.dev\/l\/svm-temp\/nyheter\/konferensresenarer-allt-viktigare-for-turistnaringen\/"},"modified":"2013-12-09T00:00:00","modified_gmt":"2013-12-08T23:00:00","slug":"konferensresenarer-allt-viktigare-for-turistnaringen","status":"publish","type":"post","link":"https:\/\/lightweb.dev\/l\/svm-temp\/nyheter\/konferensresenarer-allt-viktigare-for-turistnaringen\/","title":{"rendered":"Konferensresen\u00e4rer allt viktigare f\u00f6r turistn\u00e4ringen"},"content":{"rendered":"<p> Resebyr\u00e5er som \u00e4r inriktade p\u00e5 att skr\u00e4ddarsy paket f\u00f6r konferensresor blir allt viktigare f\u00f6r turistn\u00e4ringen p\u00e5 Costa del Sol. De ekonomiska effekterna som genereras av denna verksamhet \u00f6versteg 411 miljoner euro under fjol\u00e5ret i provinsen M\u00e1laga.<\/p>\n<p>Under fjol\u00e5ret organiserades det 4.300 konferenser och m\u00f6ten med totalt 702.071 deltagare enbart i provinsen M\u00e1laga. Enligt El\u00edas Bendodo, president vid turistmyndigheten, Patronato de Turismo M\u00e1laga-Costa del Sol, s\u00e5 visar dessa siffror hur viktiga dessa konferensresor fr\u00e5n andra l\u00e4nder \u00e4r f\u00f6r turistn\u00e4ringen p\u00e5 Solkusten.<\/p>\n<p>\u201dSiffrorna \u00e4r ett bevis p\u00e5 hur viktigt detta segment av paketresor \u00e4r och v\u00e5r marknadsf\u00f6ring av dessa resor lanserades av provinsstyrelsen f\u00f6r tv\u00e5 \u00e5r sedan\u201d.<\/p>\n<p>M\u00e1laga, Marbella och Ronda pekas ut som popul\u00e4ra platser f\u00f6r konferenser. Representanter fr\u00e5n flera resebyr\u00e5er v\u00e4rderar saker som klimat, flygf\u00f6rbindelser, kvalitet och utbud av hotell samt fritid och shopping i provinsen M\u00e1laga som viktiga bitar.<\/p>\n<p>Turistn\u00e4ringen i provinsen har inlett satsningar mot resebyr\u00e5er specialiserade p\u00e5 konferenser med resen\u00e4rer fr\u00e5n Sverige, Danmark, Ryssland och USA. <\/p>\n","protected":false},"excerpt":{"rendered":"<p>Resebyr\u00e5er som \u00e4r inriktade p\u00e5 att skr\u00e4ddarsy paket f\u00f6r konferensresor blir allt viktigare f\u00f6r turistn\u00e4ringen p\u00e5 Costa del Sol. De ekonomiska effekterna som genereras av denna verksamhet \u00f6versteg 411 miljoner euro under fjol\u00e5ret i provinsen M\u00e1laga. Under fjol\u00e5ret organiserades det 4.300 konferenser och m\u00f6ten med totalt 702.071 deltagare enbart i provinsen M\u00e1laga. Enligt El\u00edas Bendodo, [&hellip;]<\/p>\n","protected":false},"author":8,"featured_media":28342,"comment_status":"open","ping_status":"open","sticky":false,"template":"","format":"standard","meta":{"_et_pb_use_builder":"","_et_pb_old_content":"","_et_gb_content_width":"","footnotes":""},"categories":[395,3],"tags":[],"class_list":["post-28339","post","type-post","status-publish","format-standard","has-post-thumbnail","hentry","category-arkiv-nyheter","category-nyheter"],"yoast_head":"<!-- This site is optimized with the Yoast SEO Premium plugin v26.2 (Yoast SEO v27.5) - https:\/\/yoast.com\/product\/yoast-seo-premium-wordpress\/ -->\n<title>Konferensresen\u00e4rer allt viktigare f\u00f6r turistn\u00e4ringen - Svenska Magasinet<\/title>\n<meta name=\"robots\" content=\"noindex, follow, max-snippet:-1, max-image-preview:large, max-video-preview:-1\" \/>\n<meta property=\"og:locale\" content=\"sv_SE\" \/>\n<meta property=\"og:type\" content=\"article\" \/>\n<meta property=\"og:title\" content=\"Konferensresen\u00e4rer allt viktigare f\u00f6r turistn\u00e4ringen\" \/>\n<meta property=\"og:description\" content=\"Resebyr\u00e5er som \u00e4r inriktade p\u00e5 att skr\u00e4ddarsy paket f\u00f6r konferensresor blir allt viktigare f\u00f6r turistn\u00e4ringen p\u00e5 Costa del Sol. De ekonomiska effekterna som genereras av denna verksamhet \u00f6versteg 411 miljoner euro under fjol\u00e5ret i provinsen M\u00e1laga. Under fjol\u00e5ret organiserades det 4.300 konferenser och m\u00f6ten med totalt 702.071 deltagare enbart i provinsen M\u00e1laga. Enligt El\u00edas Bendodo, [&hellip;]\" \/>\n<meta property=\"og:url\" content=\"https:\/\/lightweb.dev\/l\/svm-temp\/nyheter\/konferensresenarer-allt-viktigare-for-turistnaringen\/\" \/>\n<meta property=\"og:site_name\" content=\"Svenska Magasinet\" \/>\n<meta property=\"article:publisher\" content=\"https:\/\/www.facebook.com\/svenskamagasinet\" \/>\n<meta property=\"article:published_time\" content=\"2013-12-08T23:00:00+00:00\" \/>\n<meta name=\"author\" content=\"Redaktionen SvM\" \/>\n<meta name=\"twitter:card\" content=\"summary_large_image\" \/>\n<meta name=\"twitter:creator\" content=\"@SvenskaMagasine\" \/>\n<meta name=\"twitter:site\" content=\"@SvenskaMagasine\" \/>\n<script type=\"application\/ld+json\" class=\"yoast-schema-graph\">{\"@context\":\"https:\\\/\\\/schema.org\",\"@graph\":[{\"@type\":\"Article\",\"@id\":\"https:\\\/\\\/lightweb.dev\\\/l\\\/svm-temp\\\/nyheter\\\/konferensresenarer-allt-viktigare-for-turistnaringen\\\/#article\",\"isPartOf\":{\"@id\":\"https:\\\/\\\/lightweb.dev\\\/l\\\/svm-temp\\\/nyheter\\\/konferensresenarer-allt-viktigare-for-turistnaringen\\\/\"},\"author\":{\"name\":\"Redaktionen SvM\",\"@id\":\"https:\\\/\\\/lightweb.dev\\\/l\\\/svm-temp\\\/#\\\/schema\\\/person\\\/206a3bda5b607b0c25e1749191e4d837\"},\"headline\":\"Konferensresen\u00e4rer allt viktigare f\u00f6r turistn\u00e4ringen\",\"datePublished\":\"2013-12-08T23:00:00+00:00\",\"mainEntityOfPage\":{\"@id\":\"https:\\\/\\\/lightweb.dev\\\/l\\\/svm-temp\\\/nyheter\\\/konferensresenarer-allt-viktigare-for-turistnaringen\\\/\"},\"wordCount\":195,\"commentCount\":0,\"publisher\":{\"@id\":\"https:\\\/\\\/lightweb.dev\\\/l\\\/svm-temp\\\/#organization\"},\"image\":{\"@id\":\"https:\\\/\\\/lightweb.dev\\\/l\\\/svm-temp\\\/nyheter\\\/konferensresenarer-allt-viktigare-for-turistnaringen\\\/#primaryimage\"},\"thumbnailUrl\":\"https:\\\/\\\/lightweb.dev\\\/l\\\/svm-temp\\\/wp-content\\\/uploads\\\/2022\\\/06\\\/konferensresenarer-allt-viktigare-for-turistnaringen.png\",\"articleSection\":[\"Arkiv\",\"Nyheter\"],\"inLanguage\":\"sv-SE\"},{\"@type\":\"WebPage\",\"@id\":\"https:\\\/\\\/lightweb.dev\\\/l\\\/svm-temp\\\/nyheter\\\/konferensresenarer-allt-viktigare-for-turistnaringen\\\/\",\"url\":\"https:\\\/\\\/lightweb.dev\\\/l\\\/svm-temp\\\/nyheter\\\/konferensresenarer-allt-viktigare-for-turistnaringen\\\/\",\"name\":\"Konferensresen\u00e4rer allt viktigare f\u00f6r turistn\u00e4ringen - Svenska Magasinet\",\"isPartOf\":{\"@id\":\"https:\\\/\\\/lightweb.dev\\\/l\\\/svm-temp\\\/#website\"},\"primaryImageOfPage\":{\"@id\":\"https:\\\/\\\/lightweb.dev\\\/l\\\/svm-temp\\\/nyheter\\\/konferensresenarer-allt-viktigare-for-turistnaringen\\\/#primaryimage\"},\"image\":{\"@id\":\"https:\\\/\\\/lightweb.dev\\\/l\\\/svm-temp\\\/nyheter\\\/konferensresenarer-allt-viktigare-for-turistnaringen\\\/#primaryimage\"},\"thumbnailUrl\":\"https:\\\/\\\/lightweb.dev\\\/l\\\/svm-temp\\\/wp-content\\\/uploads\\\/2022\\\/06\\\/konferensresenarer-allt-viktigare-for-turistnaringen.png\",\"datePublished\":\"2013-12-08T23:00:00+00:00\",\"breadcrumb\":{\"@id\":\"https:\\\/\\\/lightweb.dev\\\/l\\\/svm-temp\\\/nyheter\\\/konferensresenarer-allt-viktigare-for-turistnaringen\\\/#breadcrumb\"},\"inLanguage\":\"sv-SE\",\"potentialAction\":[{\"@type\":\"ReadAction\",\"target\":[\"https:\\\/\\\/lightweb.dev\\\/l\\\/svm-temp\\\/nyheter\\\/konferensresenarer-allt-viktigare-for-turistnaringen\\\/\"]}]},{\"@type\":\"ImageObject\",\"inLanguage\":\"sv-SE\",\"@id\":\"https:\\\/\\\/lightweb.dev\\\/l\\\/svm-temp\\\/nyheter\\\/konferensresenarer-allt-viktigare-for-turistnaringen\\\/#primaryimage\",\"url\":\"https:\\\/\\\/lightweb.dev\\\/l\\\/svm-temp\\\/wp-content\\\/uploads\\\/2022\\\/06\\\/konferensresenarer-allt-viktigare-for-turistnaringen.png\",\"contentUrl\":\"https:\\\/\\\/lightweb.dev\\\/l\\\/svm-temp\\\/wp-content\\\/uploads\\\/2022\\\/06\\\/konferensresenarer-allt-viktigare-for-turistnaringen.png\",\"width\":301,\"height\":200},{\"@type\":\"BreadcrumbList\",\"@id\":\"https:\\\/\\\/lightweb.dev\\\/l\\\/svm-temp\\\/nyheter\\\/konferensresenarer-allt-viktigare-for-turistnaringen\\\/#breadcrumb\",\"itemListElement\":[{\"@type\":\"ListItem\",\"position\":1,\"name\":\"Hem\",\"item\":\"https:\\\/\\\/lightweb.dev\\\/l\\\/svm-temp\\\/\"},{\"@type\":\"ListItem\",\"position\":2,\"name\":\"Konferensresen\u00e4rer allt viktigare f\u00f6r turistn\u00e4ringen\"}]},{\"@type\":\"WebSite\",\"@id\":\"https:\\\/\\\/lightweb.dev\\\/l\\\/svm-temp\\\/#website\",\"url\":\"https:\\\/\\\/lightweb.dev\\\/l\\\/svm-temp\\\/\",\"name\":\"Svenska Magasinet\",\"description\":\"Dina Spanska nyheter p&aring; Svenska\",\"publisher\":{\"@id\":\"https:\\\/\\\/lightweb.dev\\\/l\\\/svm-temp\\\/#organization\"},\"potentialAction\":[{\"@type\":\"SearchAction\",\"target\":{\"@type\":\"EntryPoint\",\"urlTemplate\":\"https:\\\/\\\/lightweb.dev\\\/l\\\/svm-temp\\\/?s={search_term_string}\"},\"query-input\":{\"@type\":\"PropertyValueSpecification\",\"valueRequired\":true,\"valueName\":\"search_term_string\"}}],\"inLanguage\":\"sv-SE\"},{\"@type\":\"Organization\",\"@id\":\"https:\\\/\\\/lightweb.dev\\\/l\\\/svm-temp\\\/#organization\",\"name\":\"Melkerson y Nott SL\",\"alternateName\":\"Svenska Magasinet\",\"url\":\"https:\\\/\\\/lightweb.dev\\\/l\\\/svm-temp\\\/\",\"logo\":{\"@type\":\"ImageObject\",\"inLanguage\":\"sv-SE\",\"@id\":\"https:\\\/\\\/lightweb.dev\\\/l\\\/svm-temp\\\/#\\\/schema\\\/logo\\\/image\\\/\",\"url\":\"https:\\\/\\\/lightweb.dev\\\/l\\\/svm-temp\\\/wp-content\\\/uploads\\\/2025\\\/02\\\/SvM-logo-Xtra-Centrerad-SVART.png\",\"contentUrl\":\"https:\\\/\\\/lightweb.dev\\\/l\\\/svm-temp\\\/wp-content\\\/uploads\\\/2025\\\/02\\\/SvM-logo-Xtra-Centrerad-SVART.png\",\"width\":300,\"height\":99,\"caption\":\"Melkerson y Nott SL\"},\"image\":{\"@id\":\"https:\\\/\\\/lightweb.dev\\\/l\\\/svm-temp\\\/#\\\/schema\\\/logo\\\/image\\\/\"},\"sameAs\":[\"https:\\\/\\\/www.facebook.com\\\/svenskamagasinet\",\"https:\\\/\\\/x.com\\\/SvenskaMagasine\"]},{\"@type\":\"Person\",\"@id\":\"https:\\\/\\\/lightweb.dev\\\/l\\\/svm-temp\\\/#\\\/schema\\\/person\\\/206a3bda5b607b0c25e1749191e4d837\",\"name\":\"Redaktionen SvM\",\"description\":\"Redaktionen\",\"sameAs\":[\"https:\\\/\\\/lightweb.dev\\\/l\\\/svm-temp\"],\"url\":\"https:\\\/\\\/lightweb.dev\\\/l\\\/svm-temp\\\/reporter\\\/redaktionen\\\/\"}]}<\/script>\n<!-- \/ Yoast SEO Premium plugin. -->","yoast_head_json":{"title":"Konferensresen\u00e4rer allt viktigare f\u00f6r turistn\u00e4ringen - Svenska Magasinet","robots":{"index":"noindex","follow":"follow","max-snippet":"max-snippet:-1","max-image-preview":"max-image-preview:large","max-video-preview":"max-video-preview:-1"},"og_locale":"sv_SE","og_type":"article","og_title":"Konferensresen\u00e4rer allt viktigare f\u00f6r turistn\u00e4ringen","og_description":"Resebyr\u00e5er som \u00e4r inriktade p\u00e5 att skr\u00e4ddarsy paket f\u00f6r konferensresor blir allt viktigare f\u00f6r turistn\u00e4ringen p\u00e5 Costa del Sol. De ekonomiska effekterna som genereras av denna verksamhet \u00f6versteg 411 miljoner euro under fjol\u00e5ret i provinsen M\u00e1laga. Under fjol\u00e5ret organiserades det 4.300 konferenser och m\u00f6ten med totalt 702.071 deltagare enbart i provinsen M\u00e1laga. Enligt El\u00edas Bendodo, [&hellip;]","og_url":"https:\/\/lightweb.dev\/l\/svm-temp\/nyheter\/konferensresenarer-allt-viktigare-for-turistnaringen\/","og_site_name":"Svenska Magasinet","article_publisher":"https:\/\/www.facebook.com\/svenskamagasinet","article_published_time":"2013-12-08T23:00:00+00:00","author":"Redaktionen SvM","twitter_card":"summary_large_image","twitter_creator":"@SvenskaMagasine","twitter_site":"@SvenskaMagasine","schema":{"@context":"https:\/\/schema.org","@graph":[{"@type":"Article","@id":"https:\/\/lightweb.dev\/l\/svm-temp\/nyheter\/konferensresenarer-allt-viktigare-for-turistnaringen\/#article","isPartOf":{"@id":"https:\/\/lightweb.dev\/l\/svm-temp\/nyheter\/konferensresenarer-allt-viktigare-for-turistnaringen\/"},"author":{"name":"Redaktionen SvM","@id":"https:\/\/lightweb.dev\/l\/svm-temp\/#\/schema\/person\/206a3bda5b607b0c25e1749191e4d837"},"headline":"Konferensresen\u00e4rer allt viktigare f\u00f6r turistn\u00e4ringen","datePublished":"2013-12-08T23:00:00+00:00","mainEntityOfPage":{"@id":"https:\/\/lightweb.dev\/l\/svm-temp\/nyheter\/konferensresenarer-allt-viktigare-for-turistnaringen\/"},"wordCount":195,"commentCount":0,"publisher":{"@id":"https:\/\/lightweb.dev\/l\/svm-temp\/#organization"},"image":{"@id":"https:\/\/lightweb.dev\/l\/svm-temp\/nyheter\/konferensresenarer-allt-viktigare-for-turistnaringen\/#primaryimage"},"thumbnailUrl":"https:\/\/lightweb.dev\/l\/svm-temp\/wp-content\/uploads\/2022\/06\/konferensresenarer-allt-viktigare-for-turistnaringen.png","articleSection":["Arkiv","Nyheter"],"inLanguage":"sv-SE"},{"@type":"WebPage","@id":"https:\/\/lightweb.dev\/l\/svm-temp\/nyheter\/konferensresenarer-allt-viktigare-for-turistnaringen\/","url":"https:\/\/lightweb.dev\/l\/svm-temp\/nyheter\/konferensresenarer-allt-viktigare-for-turistnaringen\/","name":"Konferensresen\u00e4rer allt viktigare f\u00f6r turistn\u00e4ringen - Svenska Magasinet","isPartOf":{"@id":"https:\/\/lightweb.dev\/l\/svm-temp\/#website"},"primaryImageOfPage":{"@id":"https:\/\/lightweb.dev\/l\/svm-temp\/nyheter\/konferensresenarer-allt-viktigare-for-turistnaringen\/#primaryimage"},"image":{"@id":"https:\/\/lightweb.dev\/l\/svm-temp\/nyheter\/konferensresenarer-allt-viktigare-for-turistnaringen\/#primaryimage"},"thumbnailUrl":"https:\/\/lightweb.dev\/l\/svm-temp\/wp-content\/uploads\/2022\/06\/konferensresenarer-allt-viktigare-for-turistnaringen.png","datePublished":"2013-12-08T23:00:00+00:00","breadcrumb":{"@id":"https:\/\/lightweb.dev\/l\/svm-temp\/nyheter\/konferensresenarer-allt-viktigare-for-turistnaringen\/#breadcrumb"},"inLanguage":"sv-SE","potentialAction":[{"@type":"ReadAction","target":["https:\/\/lightweb.dev\/l\/svm-temp\/nyheter\/konferensresenarer-allt-viktigare-for-turistnaringen\/"]}]},{"@type":"ImageObject","inLanguage":"sv-SE","@id":"https:\/\/lightweb.dev\/l\/svm-temp\/nyheter\/konferensresenarer-allt-viktigare-for-turistnaringen\/#primaryimage","url":"https:\/\/lightweb.dev\/l\/svm-temp\/wp-content\/uploads\/2022\/06\/konferensresenarer-allt-viktigare-for-turistnaringen.png","contentUrl":"https:\/\/lightweb.dev\/l\/svm-temp\/wp-content\/uploads\/2022\/06\/konferensresenarer-allt-viktigare-for-turistnaringen.png","width":301,"height":200},{"@type":"BreadcrumbList","@id":"https:\/\/lightweb.dev\/l\/svm-temp\/nyheter\/konferensresenarer-allt-viktigare-for-turistnaringen\/#breadcrumb","itemListElement":[{"@type":"ListItem","position":1,"name":"Hem","item":"https:\/\/lightweb.dev\/l\/svm-temp\/"},{"@type":"ListItem","position":2,"name":"Konferensresen\u00e4rer allt viktigare f\u00f6r turistn\u00e4ringen"}]},{"@type":"WebSite","@id":"https:\/\/lightweb.dev\/l\/svm-temp\/#website","url":"https:\/\/lightweb.dev\/l\/svm-temp\/","name":"Svenska Magasinet","description":"Dina Spanska nyheter p&aring; Svenska","publisher":{"@id":"https:\/\/lightweb.dev\/l\/svm-temp\/#organization"},"potentialAction":[{"@type":"SearchAction","target":{"@type":"EntryPoint","urlTemplate":"https:\/\/lightweb.dev\/l\/svm-temp\/?s={search_term_string}"},"query-input":{"@type":"PropertyValueSpecification","valueRequired":true,"valueName":"search_term_string"}}],"inLanguage":"sv-SE"},{"@type":"Organization","@id":"https:\/\/lightweb.dev\/l\/svm-temp\/#organization","name":"Melkerson y Nott SL","alternateName":"Svenska Magasinet","url":"https:\/\/lightweb.dev\/l\/svm-temp\/","logo":{"@type":"ImageObject","inLanguage":"sv-SE","@id":"https:\/\/lightweb.dev\/l\/svm-temp\/#\/schema\/logo\/image\/","url":"https:\/\/lightweb.dev\/l\/svm-temp\/wp-content\/uploads\/2025\/02\/SvM-logo-Xtra-Centrerad-SVART.png","contentUrl":"https:\/\/lightweb.dev\/l\/svm-temp\/wp-content\/uploads\/2025\/02\/SvM-logo-Xtra-Centrerad-SVART.png","width":300,"height":99,"caption":"Melkerson y Nott SL"},"image":{"@id":"https:\/\/lightweb.dev\/l\/svm-temp\/#\/schema\/logo\/image\/"},"sameAs":["https:\/\/www.facebook.com\/svenskamagasinet","https:\/\/x.com\/SvenskaMagasine"]},{"@type":"Person","@id":"https:\/\/lightweb.dev\/l\/svm-temp\/#\/schema\/person\/206a3bda5b607b0c25e1749191e4d837","name":"Redaktionen SvM","description":"Redaktionen","sameAs":["https:\/\/lightweb.dev\/l\/svm-temp"],"url":"https:\/\/lightweb.dev\/l\/svm-temp\/reporter\/redaktionen\/"}]}},"_links":{"self":[{"href":"https:\/\/lightweb.dev\/l\/svm-temp\/wp-json\/wp\/v2\/posts\/28339","targetHints":{"allow":["GET"]}}],"collection":[{"href":"https:\/\/lightweb.dev\/l\/svm-temp\/wp-json\/wp\/v2\/posts"}],"about":[{"href":"https:\/\/lightweb.dev\/l\/svm-temp\/wp-json\/wp\/v2\/types\/post"}],"author":[{"embeddable":true,"href":"https:\/\/lightweb.dev\/l\/svm-temp\/wp-json\/wp\/v2\/users\/8"}],"replies":[{"embeddable":true,"href":"https:\/\/lightweb.dev\/l\/svm-temp\/wp-json\/wp\/v2\/comments?post=28339"}],"version-history":[{"count":0,"href":"https:\/\/lightweb.dev\/l\/svm-temp\/wp-json\/wp\/v2\/posts\/28339\/revisions"}],"wp:featuredmedia":[{"embeddable":true,"href":"https:\/\/lightweb.dev\/l\/svm-temp\/wp-json\/wp\/v2\/media\/28342"}],"wp:attachment":[{"href":"https:\/\/lightweb.dev\/l\/svm-temp\/wp-json\/wp\/v2\/media?parent=28339"}],"wp:term":[{"taxonomy":"category","embeddable":true,"href":"https:\/\/lightweb.dev\/l\/svm-temp\/wp-json\/wp\/v2\/categories?post=28339"},{"taxonomy":"post_tag","embeddable":true,"href":"https:\/\/lightweb.dev\/l\/svm-temp\/wp-json\/wp\/v2\/tags?post=28339"}],"curies":[{"name":"wp","href":"https:\/\/api.w.org\/{rel}","templated":true}]}}