{"id":28349,"date":"2013-12-05T00:00:00","date_gmt":"2013-12-04T23:00:00","guid":{"rendered":"https:\/\/lightweb.dev\/l\/svm-temp\/nyheter\/maffian-pa-vag-in-i-spansk-fotboll\/"},"modified":"2013-12-05T00:00:00","modified_gmt":"2013-12-04T23:00:00","slug":"maffian-pa-vag-in-i-spansk-fotboll","status":"publish","type":"post","link":"https:\/\/lightweb.dev\/l\/svm-temp\/nyheter\/maffian-pa-vag-in-i-spansk-fotboll\/","title":{"rendered":"Maffian p\u00e5 v\u00e4g in i spansk fotboll?"},"content":{"rendered":"<p> Vi har b\u00f6rjat att se maffiaorganisationer som intresserar sig f\u00f6r spanska ligan och n\u00e4tverk som f\u00f6rs\u00f6ker p\u00e5verka resultaten. Den h\u00e4r s\u00e4songen har vi inte sett n\u00e5got misst\u00e4nkt men d\u00e4remot ifjol. Det sa Ricardo Resta, t\u00e4vlingsdirekt\u00f6r f\u00f6r Liga de F\u00fatbol Profesional (LFP) vid ett bes\u00f6k i Bryssel ig\u00e5r.<\/p>\n<p>Enligt Ricardo Resta \u00e4r man medvetna om att det finns maffiaorganisationer som \u00e4r intresserade av den spanska ligan och att f\u00e5 till uppgjorda och riggade matcher. Under g\u00e5rdagen h\u00f6lls en konferens i Europaparlamentet som ber\u00f6rde problemet med bedr\u00e4gerier inom idrotten.<\/p>\n<p>\u00c4ven om Ricardo Resta s\u00e4ger att det inte finns n\u00e5gra klara misstankar fr\u00e5n den p\u00e5g\u00e5ende s\u00e4songen s\u00e5 finns det andra som h\u00e4vdar motsatsen. Den 10 november spelades det tv\u00e5 matcher, en i Segunda B och en i damligan, som \u201dvar riggade med s\u00e4kerhet\u201d enligt bed\u00f6mare skriver nyhetsbyr\u00e5n EFE.<\/p>\n<p>\u201dSedan september har vi uppt\u00e4ckt onormala satsningar men vi har inga klara indikationer p\u00e5 att n\u00e5gra matcher har p\u00e5verkats den h\u00e4r s\u00e4songen. Fr\u00e5n f\u00f6rra s\u00e4songen unders\u00f6ker polisen sex matcher i andraligan och tre matcher i f\u00f6rstaligan\u201d enligt Ricardo Resta. <\/p>\n","protected":false},"excerpt":{"rendered":"<p>Vi har b\u00f6rjat att se maffiaorganisationer som intresserar sig f\u00f6r spanska ligan och n\u00e4tverk som f\u00f6rs\u00f6ker p\u00e5verka resultaten. Den h\u00e4r s\u00e4songen har vi inte sett n\u00e5got misst\u00e4nkt men d\u00e4remot ifjol. Det sa Ricardo Resta, t\u00e4vlingsdirekt\u00f6r f\u00f6r Liga de F\u00fatbol Profesional (LFP) vid ett bes\u00f6k i Bryssel ig\u00e5r. Enligt Ricardo Resta \u00e4r man medvetna om att [&hellip;]<\/p>\n","protected":false},"author":8,"featured_media":28352,"comment_status":"open","ping_status":"open","sticky":false,"template":"","format":"standard","meta":{"_et_pb_use_builder":"","_et_pb_old_content":"","_et_gb_content_width":"","footnotes":""},"categories":[395,3],"tags":[],"class_list":["post-28349","post","type-post","status-publish","format-standard","has-post-thumbnail","hentry","category-arkiv-nyheter","category-nyheter"],"yoast_head":"<!-- This site is optimized with the Yoast SEO Premium plugin v26.2 (Yoast SEO v27.5) - https:\/\/yoast.com\/product\/yoast-seo-premium-wordpress\/ -->\n<title>Maffian p\u00e5 v\u00e4g in i spansk fotboll? - Svenska Magasinet<\/title>\n<meta name=\"robots\" content=\"noindex, follow, max-snippet:-1, max-image-preview:large, max-video-preview:-1\" \/>\n<meta property=\"og:locale\" content=\"sv_SE\" \/>\n<meta property=\"og:type\" content=\"article\" \/>\n<meta property=\"og:title\" content=\"Maffian p\u00e5 v\u00e4g in i spansk fotboll?\" \/>\n<meta property=\"og:description\" content=\"Vi har b\u00f6rjat att se maffiaorganisationer som intresserar sig f\u00f6r spanska ligan och n\u00e4tverk som f\u00f6rs\u00f6ker p\u00e5verka resultaten. Den h\u00e4r s\u00e4songen har vi inte sett n\u00e5got misst\u00e4nkt men d\u00e4remot ifjol. Det sa Ricardo Resta, t\u00e4vlingsdirekt\u00f6r f\u00f6r Liga de F\u00fatbol Profesional (LFP) vid ett bes\u00f6k i Bryssel ig\u00e5r. Enligt Ricardo Resta \u00e4r man medvetna om att [&hellip;]\" \/>\n<meta property=\"og:url\" content=\"https:\/\/lightweb.dev\/l\/svm-temp\/nyheter\/maffian-pa-vag-in-i-spansk-fotboll\/\" \/>\n<meta property=\"og:site_name\" content=\"Svenska Magasinet\" \/>\n<meta property=\"article:publisher\" content=\"https:\/\/www.facebook.com\/svenskamagasinet\" \/>\n<meta property=\"article:published_time\" content=\"2013-12-04T23:00:00+00:00\" \/>\n<meta name=\"author\" content=\"Redaktionen SvM\" \/>\n<meta name=\"twitter:card\" content=\"summary_large_image\" \/>\n<meta name=\"twitter:creator\" content=\"@SvenskaMagasine\" \/>\n<meta name=\"twitter:site\" content=\"@SvenskaMagasine\" \/>\n<script type=\"application\/ld+json\" class=\"yoast-schema-graph\">{\"@context\":\"https:\\\/\\\/schema.org\",\"@graph\":[{\"@type\":\"Article\",\"@id\":\"https:\\\/\\\/lightweb.dev\\\/l\\\/svm-temp\\\/nyheter\\\/maffian-pa-vag-in-i-spansk-fotboll\\\/#article\",\"isPartOf\":{\"@id\":\"https:\\\/\\\/lightweb.dev\\\/l\\\/svm-temp\\\/nyheter\\\/maffian-pa-vag-in-i-spansk-fotboll\\\/\"},\"author\":{\"name\":\"Redaktionen SvM\",\"@id\":\"https:\\\/\\\/lightweb.dev\\\/l\\\/svm-temp\\\/#\\\/schema\\\/person\\\/206a3bda5b607b0c25e1749191e4d837\"},\"headline\":\"Maffian p\u00e5 v\u00e4g in i spansk fotboll?\",\"datePublished\":\"2013-12-04T23:00:00+00:00\",\"mainEntityOfPage\":{\"@id\":\"https:\\\/\\\/lightweb.dev\\\/l\\\/svm-temp\\\/nyheter\\\/maffian-pa-vag-in-i-spansk-fotboll\\\/\"},\"wordCount\":222,\"commentCount\":1,\"publisher\":{\"@id\":\"https:\\\/\\\/lightweb.dev\\\/l\\\/svm-temp\\\/#organization\"},\"image\":{\"@id\":\"https:\\\/\\\/lightweb.dev\\\/l\\\/svm-temp\\\/nyheter\\\/maffian-pa-vag-in-i-spansk-fotboll\\\/#primaryimage\"},\"thumbnailUrl\":\"https:\\\/\\\/lightweb.dev\\\/l\\\/svm-temp\\\/wp-content\\\/uploads\\\/2022\\\/06\\\/maffian-pa-vag-in-i-spansk-fotboll.png\",\"articleSection\":[\"Arkiv\",\"Nyheter\"],\"inLanguage\":\"sv-SE\"},{\"@type\":\"WebPage\",\"@id\":\"https:\\\/\\\/lightweb.dev\\\/l\\\/svm-temp\\\/nyheter\\\/maffian-pa-vag-in-i-spansk-fotboll\\\/\",\"url\":\"https:\\\/\\\/lightweb.dev\\\/l\\\/svm-temp\\\/nyheter\\\/maffian-pa-vag-in-i-spansk-fotboll\\\/\",\"name\":\"Maffian p\u00e5 v\u00e4g in i spansk fotboll? - Svenska Magasinet\",\"isPartOf\":{\"@id\":\"https:\\\/\\\/lightweb.dev\\\/l\\\/svm-temp\\\/#website\"},\"primaryImageOfPage\":{\"@id\":\"https:\\\/\\\/lightweb.dev\\\/l\\\/svm-temp\\\/nyheter\\\/maffian-pa-vag-in-i-spansk-fotboll\\\/#primaryimage\"},\"image\":{\"@id\":\"https:\\\/\\\/lightweb.dev\\\/l\\\/svm-temp\\\/nyheter\\\/maffian-pa-vag-in-i-spansk-fotboll\\\/#primaryimage\"},\"thumbnailUrl\":\"https:\\\/\\\/lightweb.dev\\\/l\\\/svm-temp\\\/wp-content\\\/uploads\\\/2022\\\/06\\\/maffian-pa-vag-in-i-spansk-fotboll.png\",\"datePublished\":\"2013-12-04T23:00:00+00:00\",\"breadcrumb\":{\"@id\":\"https:\\\/\\\/lightweb.dev\\\/l\\\/svm-temp\\\/nyheter\\\/maffian-pa-vag-in-i-spansk-fotboll\\\/#breadcrumb\"},\"inLanguage\":\"sv-SE\",\"potentialAction\":[{\"@type\":\"ReadAction\",\"target\":[\"https:\\\/\\\/lightweb.dev\\\/l\\\/svm-temp\\\/nyheter\\\/maffian-pa-vag-in-i-spansk-fotboll\\\/\"]}]},{\"@type\":\"ImageObject\",\"inLanguage\":\"sv-SE\",\"@id\":\"https:\\\/\\\/lightweb.dev\\\/l\\\/svm-temp\\\/nyheter\\\/maffian-pa-vag-in-i-spansk-fotboll\\\/#primaryimage\",\"url\":\"https:\\\/\\\/lightweb.dev\\\/l\\\/svm-temp\\\/wp-content\\\/uploads\\\/2022\\\/06\\\/maffian-pa-vag-in-i-spansk-fotboll.png\",\"contentUrl\":\"https:\\\/\\\/lightweb.dev\\\/l\\\/svm-temp\\\/wp-content\\\/uploads\\\/2022\\\/06\\\/maffian-pa-vag-in-i-spansk-fotboll.png\",\"width\":354,\"height\":200},{\"@type\":\"BreadcrumbList\",\"@id\":\"https:\\\/\\\/lightweb.dev\\\/l\\\/svm-temp\\\/nyheter\\\/maffian-pa-vag-in-i-spansk-fotboll\\\/#breadcrumb\",\"itemListElement\":[{\"@type\":\"ListItem\",\"position\":1,\"name\":\"Hem\",\"item\":\"https:\\\/\\\/lightweb.dev\\\/l\\\/svm-temp\\\/\"},{\"@type\":\"ListItem\",\"position\":2,\"name\":\"Maffian p\u00e5 v\u00e4g in i spansk fotboll?\"}]},{\"@type\":\"WebSite\",\"@id\":\"https:\\\/\\\/lightweb.dev\\\/l\\\/svm-temp\\\/#website\",\"url\":\"https:\\\/\\\/lightweb.dev\\\/l\\\/svm-temp\\\/\",\"name\":\"Svenska Magasinet\",\"description\":\"Dina Spanska nyheter p&aring; Svenska\",\"publisher\":{\"@id\":\"https:\\\/\\\/lightweb.dev\\\/l\\\/svm-temp\\\/#organization\"},\"potentialAction\":[{\"@type\":\"SearchAction\",\"target\":{\"@type\":\"EntryPoint\",\"urlTemplate\":\"https:\\\/\\\/lightweb.dev\\\/l\\\/svm-temp\\\/?s={search_term_string}\"},\"query-input\":{\"@type\":\"PropertyValueSpecification\",\"valueRequired\":true,\"valueName\":\"search_term_string\"}}],\"inLanguage\":\"sv-SE\"},{\"@type\":\"Organization\",\"@id\":\"https:\\\/\\\/lightweb.dev\\\/l\\\/svm-temp\\\/#organization\",\"name\":\"Melkerson y Nott SL\",\"alternateName\":\"Svenska Magasinet\",\"url\":\"https:\\\/\\\/lightweb.dev\\\/l\\\/svm-temp\\\/\",\"logo\":{\"@type\":\"ImageObject\",\"inLanguage\":\"sv-SE\",\"@id\":\"https:\\\/\\\/lightweb.dev\\\/l\\\/svm-temp\\\/#\\\/schema\\\/logo\\\/image\\\/\",\"url\":\"https:\\\/\\\/lightweb.dev\\\/l\\\/svm-temp\\\/wp-content\\\/uploads\\\/2025\\\/02\\\/SvM-logo-Xtra-Centrerad-SVART.png\",\"contentUrl\":\"https:\\\/\\\/lightweb.dev\\\/l\\\/svm-temp\\\/wp-content\\\/uploads\\\/2025\\\/02\\\/SvM-logo-Xtra-Centrerad-SVART.png\",\"width\":300,\"height\":99,\"caption\":\"Melkerson y Nott SL\"},\"image\":{\"@id\":\"https:\\\/\\\/lightweb.dev\\\/l\\\/svm-temp\\\/#\\\/schema\\\/logo\\\/image\\\/\"},\"sameAs\":[\"https:\\\/\\\/www.facebook.com\\\/svenskamagasinet\",\"https:\\\/\\\/x.com\\\/SvenskaMagasine\"]},{\"@type\":\"Person\",\"@id\":\"https:\\\/\\\/lightweb.dev\\\/l\\\/svm-temp\\\/#\\\/schema\\\/person\\\/206a3bda5b607b0c25e1749191e4d837\",\"name\":\"Redaktionen SvM\",\"description\":\"Redaktionen\",\"sameAs\":[\"https:\\\/\\\/lightweb.dev\\\/l\\\/svm-temp\"],\"url\":\"https:\\\/\\\/lightweb.dev\\\/l\\\/svm-temp\\\/reporter\\\/redaktionen\\\/\"}]}<\/script>\n<!-- \/ Yoast SEO Premium plugin. -->","yoast_head_json":{"title":"Maffian p\u00e5 v\u00e4g in i spansk fotboll? - Svenska Magasinet","robots":{"index":"noindex","follow":"follow","max-snippet":"max-snippet:-1","max-image-preview":"max-image-preview:large","max-video-preview":"max-video-preview:-1"},"og_locale":"sv_SE","og_type":"article","og_title":"Maffian p\u00e5 v\u00e4g in i spansk fotboll?","og_description":"Vi har b\u00f6rjat att se maffiaorganisationer som intresserar sig f\u00f6r spanska ligan och n\u00e4tverk som f\u00f6rs\u00f6ker p\u00e5verka resultaten. Den h\u00e4r s\u00e4songen har vi inte sett n\u00e5got misst\u00e4nkt men d\u00e4remot ifjol. Det sa Ricardo Resta, t\u00e4vlingsdirekt\u00f6r f\u00f6r Liga de F\u00fatbol Profesional (LFP) vid ett bes\u00f6k i Bryssel ig\u00e5r. Enligt Ricardo Resta \u00e4r man medvetna om att [&hellip;]","og_url":"https:\/\/lightweb.dev\/l\/svm-temp\/nyheter\/maffian-pa-vag-in-i-spansk-fotboll\/","og_site_name":"Svenska Magasinet","article_publisher":"https:\/\/www.facebook.com\/svenskamagasinet","article_published_time":"2013-12-04T23:00:00+00:00","author":"Redaktionen SvM","twitter_card":"summary_large_image","twitter_creator":"@SvenskaMagasine","twitter_site":"@SvenskaMagasine","schema":{"@context":"https:\/\/schema.org","@graph":[{"@type":"Article","@id":"https:\/\/lightweb.dev\/l\/svm-temp\/nyheter\/maffian-pa-vag-in-i-spansk-fotboll\/#article","isPartOf":{"@id":"https:\/\/lightweb.dev\/l\/svm-temp\/nyheter\/maffian-pa-vag-in-i-spansk-fotboll\/"},"author":{"name":"Redaktionen SvM","@id":"https:\/\/lightweb.dev\/l\/svm-temp\/#\/schema\/person\/206a3bda5b607b0c25e1749191e4d837"},"headline":"Maffian p\u00e5 v\u00e4g in i spansk fotboll?","datePublished":"2013-12-04T23:00:00+00:00","mainEntityOfPage":{"@id":"https:\/\/lightweb.dev\/l\/svm-temp\/nyheter\/maffian-pa-vag-in-i-spansk-fotboll\/"},"wordCount":222,"commentCount":1,"publisher":{"@id":"https:\/\/lightweb.dev\/l\/svm-temp\/#organization"},"image":{"@id":"https:\/\/lightweb.dev\/l\/svm-temp\/nyheter\/maffian-pa-vag-in-i-spansk-fotboll\/#primaryimage"},"thumbnailUrl":"https:\/\/lightweb.dev\/l\/svm-temp\/wp-content\/uploads\/2022\/06\/maffian-pa-vag-in-i-spansk-fotboll.png","articleSection":["Arkiv","Nyheter"],"inLanguage":"sv-SE"},{"@type":"WebPage","@id":"https:\/\/lightweb.dev\/l\/svm-temp\/nyheter\/maffian-pa-vag-in-i-spansk-fotboll\/","url":"https:\/\/lightweb.dev\/l\/svm-temp\/nyheter\/maffian-pa-vag-in-i-spansk-fotboll\/","name":"Maffian p\u00e5 v\u00e4g in i spansk fotboll? - Svenska Magasinet","isPartOf":{"@id":"https:\/\/lightweb.dev\/l\/svm-temp\/#website"},"primaryImageOfPage":{"@id":"https:\/\/lightweb.dev\/l\/svm-temp\/nyheter\/maffian-pa-vag-in-i-spansk-fotboll\/#primaryimage"},"image":{"@id":"https:\/\/lightweb.dev\/l\/svm-temp\/nyheter\/maffian-pa-vag-in-i-spansk-fotboll\/#primaryimage"},"thumbnailUrl":"https:\/\/lightweb.dev\/l\/svm-temp\/wp-content\/uploads\/2022\/06\/maffian-pa-vag-in-i-spansk-fotboll.png","datePublished":"2013-12-04T23:00:00+00:00","breadcrumb":{"@id":"https:\/\/lightweb.dev\/l\/svm-temp\/nyheter\/maffian-pa-vag-in-i-spansk-fotboll\/#breadcrumb"},"inLanguage":"sv-SE","potentialAction":[{"@type":"ReadAction","target":["https:\/\/lightweb.dev\/l\/svm-temp\/nyheter\/maffian-pa-vag-in-i-spansk-fotboll\/"]}]},{"@type":"ImageObject","inLanguage":"sv-SE","@id":"https:\/\/lightweb.dev\/l\/svm-temp\/nyheter\/maffian-pa-vag-in-i-spansk-fotboll\/#primaryimage","url":"https:\/\/lightweb.dev\/l\/svm-temp\/wp-content\/uploads\/2022\/06\/maffian-pa-vag-in-i-spansk-fotboll.png","contentUrl":"https:\/\/lightweb.dev\/l\/svm-temp\/wp-content\/uploads\/2022\/06\/maffian-pa-vag-in-i-spansk-fotboll.png","width":354,"height":200},{"@type":"BreadcrumbList","@id":"https:\/\/lightweb.dev\/l\/svm-temp\/nyheter\/maffian-pa-vag-in-i-spansk-fotboll\/#breadcrumb","itemListElement":[{"@type":"ListItem","position":1,"name":"Hem","item":"https:\/\/lightweb.dev\/l\/svm-temp\/"},{"@type":"ListItem","position":2,"name":"Maffian p\u00e5 v\u00e4g in i spansk fotboll?"}]},{"@type":"WebSite","@id":"https:\/\/lightweb.dev\/l\/svm-temp\/#website","url":"https:\/\/lightweb.dev\/l\/svm-temp\/","name":"Svenska Magasinet","description":"Dina Spanska nyheter p&aring; Svenska","publisher":{"@id":"https:\/\/lightweb.dev\/l\/svm-temp\/#organization"},"potentialAction":[{"@type":"SearchAction","target":{"@type":"EntryPoint","urlTemplate":"https:\/\/lightweb.dev\/l\/svm-temp\/?s={search_term_string}"},"query-input":{"@type":"PropertyValueSpecification","valueRequired":true,"valueName":"search_term_string"}}],"inLanguage":"sv-SE"},{"@type":"Organization","@id":"https:\/\/lightweb.dev\/l\/svm-temp\/#organization","name":"Melkerson y Nott SL","alternateName":"Svenska Magasinet","url":"https:\/\/lightweb.dev\/l\/svm-temp\/","logo":{"@type":"ImageObject","inLanguage":"sv-SE","@id":"https:\/\/lightweb.dev\/l\/svm-temp\/#\/schema\/logo\/image\/","url":"https:\/\/lightweb.dev\/l\/svm-temp\/wp-content\/uploads\/2025\/02\/SvM-logo-Xtra-Centrerad-SVART.png","contentUrl":"https:\/\/lightweb.dev\/l\/svm-temp\/wp-content\/uploads\/2025\/02\/SvM-logo-Xtra-Centrerad-SVART.png","width":300,"height":99,"caption":"Melkerson y Nott SL"},"image":{"@id":"https:\/\/lightweb.dev\/l\/svm-temp\/#\/schema\/logo\/image\/"},"sameAs":["https:\/\/www.facebook.com\/svenskamagasinet","https:\/\/x.com\/SvenskaMagasine"]},{"@type":"Person","@id":"https:\/\/lightweb.dev\/l\/svm-temp\/#\/schema\/person\/206a3bda5b607b0c25e1749191e4d837","name":"Redaktionen SvM","description":"Redaktionen","sameAs":["https:\/\/lightweb.dev\/l\/svm-temp"],"url":"https:\/\/lightweb.dev\/l\/svm-temp\/reporter\/redaktionen\/"}]}},"_links":{"self":[{"href":"https:\/\/lightweb.dev\/l\/svm-temp\/wp-json\/wp\/v2\/posts\/28349","targetHints":{"allow":["GET"]}}],"collection":[{"href":"https:\/\/lightweb.dev\/l\/svm-temp\/wp-json\/wp\/v2\/posts"}],"about":[{"href":"https:\/\/lightweb.dev\/l\/svm-temp\/wp-json\/wp\/v2\/types\/post"}],"author":[{"embeddable":true,"href":"https:\/\/lightweb.dev\/l\/svm-temp\/wp-json\/wp\/v2\/users\/8"}],"replies":[{"embeddable":true,"href":"https:\/\/lightweb.dev\/l\/svm-temp\/wp-json\/wp\/v2\/comments?post=28349"}],"version-history":[{"count":0,"href":"https:\/\/lightweb.dev\/l\/svm-temp\/wp-json\/wp\/v2\/posts\/28349\/revisions"}],"wp:featuredmedia":[{"embeddable":true,"href":"https:\/\/lightweb.dev\/l\/svm-temp\/wp-json\/wp\/v2\/media\/28352"}],"wp:attachment":[{"href":"https:\/\/lightweb.dev\/l\/svm-temp\/wp-json\/wp\/v2\/media?parent=28349"}],"wp:term":[{"taxonomy":"category","embeddable":true,"href":"https:\/\/lightweb.dev\/l\/svm-temp\/wp-json\/wp\/v2\/categories?post=28349"},{"taxonomy":"post_tag","embeddable":true,"href":"https:\/\/lightweb.dev\/l\/svm-temp\/wp-json\/wp\/v2\/tags?post=28349"}],"curies":[{"name":"wp","href":"https:\/\/api.w.org\/{rel}","templated":true}]}}