{"id":28355,"date":"2013-12-04T00:00:00","date_gmt":"2013-12-03T23:00:00","guid":{"rendered":"https:\/\/lightweb.dev\/l\/svm-temp\/nyheter\/ung-finsk-kvinna-fangade-garningsmannen-med-kamera\/"},"modified":"2013-12-04T00:00:00","modified_gmt":"2013-12-03T23:00:00","slug":"ung-finsk-kvinna-fangade-garningsmannen-med-kamera","status":"publish","type":"post","link":"https:\/\/lightweb.dev\/l\/svm-temp\/nyheter\/ung-finsk-kvinna-fangade-garningsmannen-med-kamera\/","title":{"rendered":"Ung finsk kvinna f\u00e5ngade g\u00e4rningsmannen med kamera"},"content":{"rendered":"<p> En 24-\u00e5rig finsk kvinna i Fuengirola som blev utsatt f\u00f6r sexuellt \u00f6vergrepp lyckades efter h\u00e4ndelsen ta en bild p\u00e5 mannen d\u00e5 han l\u00e4mnade platsen. Hon lyckades inte fotografera mannens ansikte men hans kl\u00e4der, stora \u00f6rh\u00e4ngen och kroppsbyggnad var tillr\u00e4ckligt f\u00f6r att han kunde identifieras s\u00e5 att nationalpolisen kunde gripa honom.<\/p>\n<p>Det \u00e4r dagstidningen Diario SUR som idag ber\u00e4ttar om h\u00e4ndelsen med den 24-\u00e5riga finska kvinnan som hade kommit till Fuengirola f\u00f6r semester. Tillsammans med n\u00e5gra v\u00e4nner hade hon g\u00e5tt ut f\u00f6r att ta en drink fredagen den 22 november.<\/p>\n<p>Klockan fem p\u00e5 morgonen best\u00e4mde hon sig f\u00f6r att g\u00e5 hem. Hon gick hem ensam och v\u00e4gen var kort. Puben l\u00e5g bara 80 meter fr\u00e5n d\u00e4r den unga kvinnan bodde i centrala Fuengirola.<\/p>\n<p>Hon lade m\u00e4rke till en man som f\u00f6ljde efter henne. Mannen b\u00f6rjade tala p\u00e5 engelska. \u201dVart ska du g\u00e5?\u201d fr\u00e5gade han och fortsatte: \u201dKnulla mig, kyss mig\u201d.<\/p>\n<p>\u201dJag \u00e4r inte intresserad. L\u00e5t mig g\u00e5\u201d sa kvinnan.<\/p>\n<p>Enligt kvinnans vittnesm\u00e5l med polisen ska mannen senare ha knuffat henne mot en j\u00e4rnb\u00e4nk och tagit fram sin penis och sagt: \u201dH\u00e4r, vill du prova den?&#8221;<\/p>\n<p>Mannen ska ha f\u00f6rs\u00f6kt ta p\u00e5 kvinnan samtidigt som han f\u00f6rs\u00f6kte tillfredsst\u00e4lla sig sj\u00e4lv. Han ska \u00e4ven f\u00f6rs\u00f6kt slita av hennes beh\u00e5 och h\u00e5lla f\u00f6r hennes mun d\u00e5 hon f\u00f6rs\u00f6kte att skrika.<\/p>\n<p>Mannen l\u00e4mnade kvinnan efter att n\u00e5gra personer n\u00e4rmade sig platsen. N\u00e4r mannen gick lyckades kvinnan ta en bild av mannen.<\/p>\n<p>En v\u00e4n till kvinnan som jobbar som servit\u00f6r p\u00e5 en bar i n\u00e4rheten k\u00e4nde igen mannen p\u00e5 bilden. Den 28-\u00e5rige mannen som kommer fr\u00e5n Senegal hade bes\u00f6kt baren utan att betala f\u00f6r sig varp\u00e5 han blev utsl\u00e4ngd.<\/p>\n<p>Enligt polisrapporten har den finska kvinnan bl\u00e5m\u00e4rken p\u00e5 rygg och br\u00f6st. <\/p>\n","protected":false},"excerpt":{"rendered":"<p>En 24-\u00e5rig finsk kvinna i Fuengirola som blev utsatt f\u00f6r sexuellt \u00f6vergrepp lyckades efter h\u00e4ndelsen ta en bild p\u00e5 mannen d\u00e5 han l\u00e4mnade platsen. Hon lyckades inte fotografera mannens ansikte men hans kl\u00e4der, stora \u00f6rh\u00e4ngen och kroppsbyggnad var tillr\u00e4ckligt f\u00f6r att han kunde identifieras s\u00e5 att nationalpolisen kunde gripa honom. Det \u00e4r dagstidningen Diario SUR [&hellip;]<\/p>\n","protected":false},"author":8,"featured_media":28358,"comment_status":"open","ping_status":"open","sticky":false,"template":"","format":"standard","meta":{"_et_pb_use_builder":"","_et_pb_old_content":"","_et_gb_content_width":"","footnotes":""},"categories":[395,3],"tags":[],"class_list":["post-28355","post","type-post","status-publish","format-standard","has-post-thumbnail","hentry","category-arkiv-nyheter","category-nyheter"],"yoast_head":"<!-- This site is optimized with the Yoast SEO Premium plugin v26.2 (Yoast SEO v27.4) - https:\/\/yoast.com\/product\/yoast-seo-premium-wordpress\/ -->\n<title>Ung finsk kvinna f\u00e5ngade g\u00e4rningsmannen med kamera - Svenska Magasinet<\/title>\n<meta name=\"robots\" content=\"noindex, follow, max-snippet:-1, max-image-preview:large, max-video-preview:-1\" \/>\n<meta property=\"og:locale\" content=\"sv_SE\" \/>\n<meta property=\"og:type\" content=\"article\" \/>\n<meta property=\"og:title\" content=\"Ung finsk kvinna f\u00e5ngade g\u00e4rningsmannen med kamera\" \/>\n<meta property=\"og:description\" content=\"En 24-\u00e5rig finsk kvinna i Fuengirola som blev utsatt f\u00f6r sexuellt \u00f6vergrepp lyckades efter h\u00e4ndelsen ta en bild p\u00e5 mannen d\u00e5 han l\u00e4mnade platsen. Hon lyckades inte fotografera mannens ansikte men hans kl\u00e4der, stora \u00f6rh\u00e4ngen och kroppsbyggnad var tillr\u00e4ckligt f\u00f6r att han kunde identifieras s\u00e5 att nationalpolisen kunde gripa honom. Det \u00e4r dagstidningen Diario SUR [&hellip;]\" \/>\n<meta property=\"og:url\" content=\"https:\/\/lightweb.dev\/l\/svm-temp\/nyheter\/ung-finsk-kvinna-fangade-garningsmannen-med-kamera\/\" \/>\n<meta property=\"og:site_name\" content=\"Svenska Magasinet\" \/>\n<meta property=\"article:publisher\" content=\"https:\/\/www.facebook.com\/svenskamagasinet\" \/>\n<meta property=\"article:published_time\" content=\"2013-12-03T23:00:00+00:00\" \/>\n<meta name=\"author\" content=\"Redaktionen SvM\" \/>\n<meta name=\"twitter:card\" content=\"summary_large_image\" \/>\n<meta name=\"twitter:creator\" content=\"@SvenskaMagasine\" \/>\n<meta name=\"twitter:site\" content=\"@SvenskaMagasine\" \/>\n<script type=\"application\/ld+json\" class=\"yoast-schema-graph\">{\"@context\":\"https:\\\/\\\/schema.org\",\"@graph\":[{\"@type\":\"Article\",\"@id\":\"https:\\\/\\\/lightweb.dev\\\/l\\\/svm-temp\\\/nyheter\\\/ung-finsk-kvinna-fangade-garningsmannen-med-kamera\\\/#article\",\"isPartOf\":{\"@id\":\"https:\\\/\\\/lightweb.dev\\\/l\\\/svm-temp\\\/nyheter\\\/ung-finsk-kvinna-fangade-garningsmannen-med-kamera\\\/\"},\"author\":{\"name\":\"Redaktionen SvM\",\"@id\":\"https:\\\/\\\/lightweb.dev\\\/l\\\/svm-temp\\\/#\\\/schema\\\/person\\\/206a3bda5b607b0c25e1749191e4d837\"},\"headline\":\"Ung finsk kvinna f\u00e5ngade g\u00e4rningsmannen med kamera\",\"datePublished\":\"2013-12-03T23:00:00+00:00\",\"mainEntityOfPage\":{\"@id\":\"https:\\\/\\\/lightweb.dev\\\/l\\\/svm-temp\\\/nyheter\\\/ung-finsk-kvinna-fangade-garningsmannen-med-kamera\\\/\"},\"wordCount\":350,\"commentCount\":0,\"publisher\":{\"@id\":\"https:\\\/\\\/lightweb.dev\\\/l\\\/svm-temp\\\/#organization\"},\"image\":{\"@id\":\"https:\\\/\\\/lightweb.dev\\\/l\\\/svm-temp\\\/nyheter\\\/ung-finsk-kvinna-fangade-garningsmannen-med-kamera\\\/#primaryimage\"},\"thumbnailUrl\":\"https:\\\/\\\/lightweb.dev\\\/l\\\/svm-temp\\\/wp-content\\\/uploads\\\/2022\\\/06\\\/ung-finsk-kvinna-fangade-garningsmannen-med-kamera.png\",\"articleSection\":[\"Arkiv\",\"Nyheter\"],\"inLanguage\":\"sv-SE\"},{\"@type\":\"WebPage\",\"@id\":\"https:\\\/\\\/lightweb.dev\\\/l\\\/svm-temp\\\/nyheter\\\/ung-finsk-kvinna-fangade-garningsmannen-med-kamera\\\/\",\"url\":\"https:\\\/\\\/lightweb.dev\\\/l\\\/svm-temp\\\/nyheter\\\/ung-finsk-kvinna-fangade-garningsmannen-med-kamera\\\/\",\"name\":\"Ung finsk kvinna f\u00e5ngade g\u00e4rningsmannen med kamera - Svenska Magasinet\",\"isPartOf\":{\"@id\":\"https:\\\/\\\/lightweb.dev\\\/l\\\/svm-temp\\\/#website\"},\"primaryImageOfPage\":{\"@id\":\"https:\\\/\\\/lightweb.dev\\\/l\\\/svm-temp\\\/nyheter\\\/ung-finsk-kvinna-fangade-garningsmannen-med-kamera\\\/#primaryimage\"},\"image\":{\"@id\":\"https:\\\/\\\/lightweb.dev\\\/l\\\/svm-temp\\\/nyheter\\\/ung-finsk-kvinna-fangade-garningsmannen-med-kamera\\\/#primaryimage\"},\"thumbnailUrl\":\"https:\\\/\\\/lightweb.dev\\\/l\\\/svm-temp\\\/wp-content\\\/uploads\\\/2022\\\/06\\\/ung-finsk-kvinna-fangade-garningsmannen-med-kamera.png\",\"datePublished\":\"2013-12-03T23:00:00+00:00\",\"breadcrumb\":{\"@id\":\"https:\\\/\\\/lightweb.dev\\\/l\\\/svm-temp\\\/nyheter\\\/ung-finsk-kvinna-fangade-garningsmannen-med-kamera\\\/#breadcrumb\"},\"inLanguage\":\"sv-SE\",\"potentialAction\":[{\"@type\":\"ReadAction\",\"target\":[\"https:\\\/\\\/lightweb.dev\\\/l\\\/svm-temp\\\/nyheter\\\/ung-finsk-kvinna-fangade-garningsmannen-med-kamera\\\/\"]}]},{\"@type\":\"ImageObject\",\"inLanguage\":\"sv-SE\",\"@id\":\"https:\\\/\\\/lightweb.dev\\\/l\\\/svm-temp\\\/nyheter\\\/ung-finsk-kvinna-fangade-garningsmannen-med-kamera\\\/#primaryimage\",\"url\":\"https:\\\/\\\/lightweb.dev\\\/l\\\/svm-temp\\\/wp-content\\\/uploads\\\/2022\\\/06\\\/ung-finsk-kvinna-fangade-garningsmannen-med-kamera.png\",\"contentUrl\":\"https:\\\/\\\/lightweb.dev\\\/l\\\/svm-temp\\\/wp-content\\\/uploads\\\/2022\\\/06\\\/ung-finsk-kvinna-fangade-garningsmannen-med-kamera.png\",\"width\":519,\"height\":200},{\"@type\":\"BreadcrumbList\",\"@id\":\"https:\\\/\\\/lightweb.dev\\\/l\\\/svm-temp\\\/nyheter\\\/ung-finsk-kvinna-fangade-garningsmannen-med-kamera\\\/#breadcrumb\",\"itemListElement\":[{\"@type\":\"ListItem\",\"position\":1,\"name\":\"Hem\",\"item\":\"https:\\\/\\\/lightweb.dev\\\/l\\\/svm-temp\\\/\"},{\"@type\":\"ListItem\",\"position\":2,\"name\":\"Ung finsk kvinna f\u00e5ngade g\u00e4rningsmannen med kamera\"}]},{\"@type\":\"WebSite\",\"@id\":\"https:\\\/\\\/lightweb.dev\\\/l\\\/svm-temp\\\/#website\",\"url\":\"https:\\\/\\\/lightweb.dev\\\/l\\\/svm-temp\\\/\",\"name\":\"Svenska Magasinet\",\"description\":\"Dina Spanska nyheter p&aring; Svenska\",\"publisher\":{\"@id\":\"https:\\\/\\\/lightweb.dev\\\/l\\\/svm-temp\\\/#organization\"},\"potentialAction\":[{\"@type\":\"SearchAction\",\"target\":{\"@type\":\"EntryPoint\",\"urlTemplate\":\"https:\\\/\\\/lightweb.dev\\\/l\\\/svm-temp\\\/?s={search_term_string}\"},\"query-input\":{\"@type\":\"PropertyValueSpecification\",\"valueRequired\":true,\"valueName\":\"search_term_string\"}}],\"inLanguage\":\"sv-SE\"},{\"@type\":\"Organization\",\"@id\":\"https:\\\/\\\/lightweb.dev\\\/l\\\/svm-temp\\\/#organization\",\"name\":\"Melkerson y Nott SL\",\"alternateName\":\"Svenska Magasinet\",\"url\":\"https:\\\/\\\/lightweb.dev\\\/l\\\/svm-temp\\\/\",\"logo\":{\"@type\":\"ImageObject\",\"inLanguage\":\"sv-SE\",\"@id\":\"https:\\\/\\\/lightweb.dev\\\/l\\\/svm-temp\\\/#\\\/schema\\\/logo\\\/image\\\/\",\"url\":\"https:\\\/\\\/lightweb.dev\\\/l\\\/svm-temp\\\/wp-content\\\/uploads\\\/2025\\\/02\\\/SvM-logo-Xtra-Centrerad-SVART.png\",\"contentUrl\":\"https:\\\/\\\/lightweb.dev\\\/l\\\/svm-temp\\\/wp-content\\\/uploads\\\/2025\\\/02\\\/SvM-logo-Xtra-Centrerad-SVART.png\",\"width\":300,\"height\":99,\"caption\":\"Melkerson y Nott SL\"},\"image\":{\"@id\":\"https:\\\/\\\/lightweb.dev\\\/l\\\/svm-temp\\\/#\\\/schema\\\/logo\\\/image\\\/\"},\"sameAs\":[\"https:\\\/\\\/www.facebook.com\\\/svenskamagasinet\",\"https:\\\/\\\/x.com\\\/SvenskaMagasine\"]},{\"@type\":\"Person\",\"@id\":\"https:\\\/\\\/lightweb.dev\\\/l\\\/svm-temp\\\/#\\\/schema\\\/person\\\/206a3bda5b607b0c25e1749191e4d837\",\"name\":\"Redaktionen SvM\",\"description\":\"Redaktionen\",\"sameAs\":[\"https:\\\/\\\/lightweb.dev\\\/l\\\/svm-temp\"],\"url\":\"https:\\\/\\\/lightweb.dev\\\/l\\\/svm-temp\\\/reporter\\\/redaktionen\\\/\"}]}<\/script>\n<!-- \/ Yoast SEO Premium plugin. -->","yoast_head_json":{"title":"Ung finsk kvinna f\u00e5ngade g\u00e4rningsmannen med kamera - Svenska Magasinet","robots":{"index":"noindex","follow":"follow","max-snippet":"max-snippet:-1","max-image-preview":"max-image-preview:large","max-video-preview":"max-video-preview:-1"},"og_locale":"sv_SE","og_type":"article","og_title":"Ung finsk kvinna f\u00e5ngade g\u00e4rningsmannen med kamera","og_description":"En 24-\u00e5rig finsk kvinna i Fuengirola som blev utsatt f\u00f6r sexuellt \u00f6vergrepp lyckades efter h\u00e4ndelsen ta en bild p\u00e5 mannen d\u00e5 han l\u00e4mnade platsen. Hon lyckades inte fotografera mannens ansikte men hans kl\u00e4der, stora \u00f6rh\u00e4ngen och kroppsbyggnad var tillr\u00e4ckligt f\u00f6r att han kunde identifieras s\u00e5 att nationalpolisen kunde gripa honom. Det \u00e4r dagstidningen Diario SUR [&hellip;]","og_url":"https:\/\/lightweb.dev\/l\/svm-temp\/nyheter\/ung-finsk-kvinna-fangade-garningsmannen-med-kamera\/","og_site_name":"Svenska Magasinet","article_publisher":"https:\/\/www.facebook.com\/svenskamagasinet","article_published_time":"2013-12-03T23:00:00+00:00","author":"Redaktionen SvM","twitter_card":"summary_large_image","twitter_creator":"@SvenskaMagasine","twitter_site":"@SvenskaMagasine","schema":{"@context":"https:\/\/schema.org","@graph":[{"@type":"Article","@id":"https:\/\/lightweb.dev\/l\/svm-temp\/nyheter\/ung-finsk-kvinna-fangade-garningsmannen-med-kamera\/#article","isPartOf":{"@id":"https:\/\/lightweb.dev\/l\/svm-temp\/nyheter\/ung-finsk-kvinna-fangade-garningsmannen-med-kamera\/"},"author":{"name":"Redaktionen SvM","@id":"https:\/\/lightweb.dev\/l\/svm-temp\/#\/schema\/person\/206a3bda5b607b0c25e1749191e4d837"},"headline":"Ung finsk kvinna f\u00e5ngade g\u00e4rningsmannen med kamera","datePublished":"2013-12-03T23:00:00+00:00","mainEntityOfPage":{"@id":"https:\/\/lightweb.dev\/l\/svm-temp\/nyheter\/ung-finsk-kvinna-fangade-garningsmannen-med-kamera\/"},"wordCount":350,"commentCount":0,"publisher":{"@id":"https:\/\/lightweb.dev\/l\/svm-temp\/#organization"},"image":{"@id":"https:\/\/lightweb.dev\/l\/svm-temp\/nyheter\/ung-finsk-kvinna-fangade-garningsmannen-med-kamera\/#primaryimage"},"thumbnailUrl":"https:\/\/lightweb.dev\/l\/svm-temp\/wp-content\/uploads\/2022\/06\/ung-finsk-kvinna-fangade-garningsmannen-med-kamera.png","articleSection":["Arkiv","Nyheter"],"inLanguage":"sv-SE"},{"@type":"WebPage","@id":"https:\/\/lightweb.dev\/l\/svm-temp\/nyheter\/ung-finsk-kvinna-fangade-garningsmannen-med-kamera\/","url":"https:\/\/lightweb.dev\/l\/svm-temp\/nyheter\/ung-finsk-kvinna-fangade-garningsmannen-med-kamera\/","name":"Ung finsk kvinna f\u00e5ngade g\u00e4rningsmannen med kamera - Svenska Magasinet","isPartOf":{"@id":"https:\/\/lightweb.dev\/l\/svm-temp\/#website"},"primaryImageOfPage":{"@id":"https:\/\/lightweb.dev\/l\/svm-temp\/nyheter\/ung-finsk-kvinna-fangade-garningsmannen-med-kamera\/#primaryimage"},"image":{"@id":"https:\/\/lightweb.dev\/l\/svm-temp\/nyheter\/ung-finsk-kvinna-fangade-garningsmannen-med-kamera\/#primaryimage"},"thumbnailUrl":"https:\/\/lightweb.dev\/l\/svm-temp\/wp-content\/uploads\/2022\/06\/ung-finsk-kvinna-fangade-garningsmannen-med-kamera.png","datePublished":"2013-12-03T23:00:00+00:00","breadcrumb":{"@id":"https:\/\/lightweb.dev\/l\/svm-temp\/nyheter\/ung-finsk-kvinna-fangade-garningsmannen-med-kamera\/#breadcrumb"},"inLanguage":"sv-SE","potentialAction":[{"@type":"ReadAction","target":["https:\/\/lightweb.dev\/l\/svm-temp\/nyheter\/ung-finsk-kvinna-fangade-garningsmannen-med-kamera\/"]}]},{"@type":"ImageObject","inLanguage":"sv-SE","@id":"https:\/\/lightweb.dev\/l\/svm-temp\/nyheter\/ung-finsk-kvinna-fangade-garningsmannen-med-kamera\/#primaryimage","url":"https:\/\/lightweb.dev\/l\/svm-temp\/wp-content\/uploads\/2022\/06\/ung-finsk-kvinna-fangade-garningsmannen-med-kamera.png","contentUrl":"https:\/\/lightweb.dev\/l\/svm-temp\/wp-content\/uploads\/2022\/06\/ung-finsk-kvinna-fangade-garningsmannen-med-kamera.png","width":519,"height":200},{"@type":"BreadcrumbList","@id":"https:\/\/lightweb.dev\/l\/svm-temp\/nyheter\/ung-finsk-kvinna-fangade-garningsmannen-med-kamera\/#breadcrumb","itemListElement":[{"@type":"ListItem","position":1,"name":"Hem","item":"https:\/\/lightweb.dev\/l\/svm-temp\/"},{"@type":"ListItem","position":2,"name":"Ung finsk kvinna f\u00e5ngade g\u00e4rningsmannen med kamera"}]},{"@type":"WebSite","@id":"https:\/\/lightweb.dev\/l\/svm-temp\/#website","url":"https:\/\/lightweb.dev\/l\/svm-temp\/","name":"Svenska Magasinet","description":"Dina Spanska nyheter p&aring; Svenska","publisher":{"@id":"https:\/\/lightweb.dev\/l\/svm-temp\/#organization"},"potentialAction":[{"@type":"SearchAction","target":{"@type":"EntryPoint","urlTemplate":"https:\/\/lightweb.dev\/l\/svm-temp\/?s={search_term_string}"},"query-input":{"@type":"PropertyValueSpecification","valueRequired":true,"valueName":"search_term_string"}}],"inLanguage":"sv-SE"},{"@type":"Organization","@id":"https:\/\/lightweb.dev\/l\/svm-temp\/#organization","name":"Melkerson y Nott SL","alternateName":"Svenska Magasinet","url":"https:\/\/lightweb.dev\/l\/svm-temp\/","logo":{"@type":"ImageObject","inLanguage":"sv-SE","@id":"https:\/\/lightweb.dev\/l\/svm-temp\/#\/schema\/logo\/image\/","url":"https:\/\/lightweb.dev\/l\/svm-temp\/wp-content\/uploads\/2025\/02\/SvM-logo-Xtra-Centrerad-SVART.png","contentUrl":"https:\/\/lightweb.dev\/l\/svm-temp\/wp-content\/uploads\/2025\/02\/SvM-logo-Xtra-Centrerad-SVART.png","width":300,"height":99,"caption":"Melkerson y Nott SL"},"image":{"@id":"https:\/\/lightweb.dev\/l\/svm-temp\/#\/schema\/logo\/image\/"},"sameAs":["https:\/\/www.facebook.com\/svenskamagasinet","https:\/\/x.com\/SvenskaMagasine"]},{"@type":"Person","@id":"https:\/\/lightweb.dev\/l\/svm-temp\/#\/schema\/person\/206a3bda5b607b0c25e1749191e4d837","name":"Redaktionen SvM","description":"Redaktionen","sameAs":["https:\/\/lightweb.dev\/l\/svm-temp"],"url":"https:\/\/lightweb.dev\/l\/svm-temp\/reporter\/redaktionen\/"}]}},"_links":{"self":[{"href":"https:\/\/lightweb.dev\/l\/svm-temp\/wp-json\/wp\/v2\/posts\/28355","targetHints":{"allow":["GET"]}}],"collection":[{"href":"https:\/\/lightweb.dev\/l\/svm-temp\/wp-json\/wp\/v2\/posts"}],"about":[{"href":"https:\/\/lightweb.dev\/l\/svm-temp\/wp-json\/wp\/v2\/types\/post"}],"author":[{"embeddable":true,"href":"https:\/\/lightweb.dev\/l\/svm-temp\/wp-json\/wp\/v2\/users\/8"}],"replies":[{"embeddable":true,"href":"https:\/\/lightweb.dev\/l\/svm-temp\/wp-json\/wp\/v2\/comments?post=28355"}],"version-history":[{"count":0,"href":"https:\/\/lightweb.dev\/l\/svm-temp\/wp-json\/wp\/v2\/posts\/28355\/revisions"}],"wp:featuredmedia":[{"embeddable":true,"href":"https:\/\/lightweb.dev\/l\/svm-temp\/wp-json\/wp\/v2\/media\/28358"}],"wp:attachment":[{"href":"https:\/\/lightweb.dev\/l\/svm-temp\/wp-json\/wp\/v2\/media?parent=28355"}],"wp:term":[{"taxonomy":"category","embeddable":true,"href":"https:\/\/lightweb.dev\/l\/svm-temp\/wp-json\/wp\/v2\/categories?post=28355"},{"taxonomy":"post_tag","embeddable":true,"href":"https:\/\/lightweb.dev\/l\/svm-temp\/wp-json\/wp\/v2\/tags?post=28355"}],"curies":[{"name":"wp","href":"https:\/\/api.w.org\/{rel}","templated":true}]}}