{"id":28357,"date":"2013-12-04T00:00:00","date_gmt":"2013-12-03T23:00:00","guid":{"rendered":"https:\/\/lightweb.dev\/l\/svm-temp\/nyheter\/syskondrama-oppnar-upp-debatt-nar-tjanstevapen-ska-dras-in\/"},"modified":"2013-12-04T00:00:00","modified_gmt":"2013-12-03T23:00:00","slug":"syskondrama-oppnar-upp-debatt-nar-tjanstevapen-ska-dras-in","status":"publish","type":"post","link":"https:\/\/lightweb.dev\/l\/svm-temp\/nyheter\/syskondrama-oppnar-upp-debatt-nar-tjanstevapen-ska-dras-in\/","title":{"rendered":"Syskondrama \u00f6ppnar upp debatt n\u00e4r tj\u00e4nstevapen ska dras in"},"content":{"rendered":"<p> H\u00e4ndelsen i Torremolinos d\u00e4r en kvinnlig lokalpolis sk\u00f6t ihj\u00e4l sin syster och d\u00e4refter tog sitt eget liv har \u00f6ppnat upp en debatt kring n\u00e4r tj\u00e4nstevapen ska dras in i samband med psykisk oh\u00e4lsa.<\/p>\n<p>Som Svenska Magasinet ber\u00e4ttade i m\u00e5ndags sk\u00f6t en 44-\u00e5rig kvinnlig lokalpolis ihj\u00e4l sin 55-\u00e5riga syster vid midnatt natten mot s\u00f6ndagen. En lokalpolis i Torremolinos som Svenska Magasinet talade med under g\u00e5rdagen bekr\u00e4ftar att den 44-\u00e5riga kvinnan hade g\u00e5tt igenom en djupare depression. Dessutom ska de b\u00e5da systrarna ha haft alkoholproblem.<\/p>\n<p>Myndigheterna vill nu utarbeta ett protokoll som ska baserat p\u00e5 \u201dtekniska kriterier\u201d d\u00e4r ett tj\u00e4nstevapen ska kunna dras in fr\u00e5n en polis n\u00e4r psykisk oh\u00e4lsa har uppt\u00e4ckts. L\u00e4s mer: Syskondrama \u2013 lokalpolis sk\u00f6t ihj\u00e4l sin syster och tog sitt eget liv<\/p>\n","protected":false},"excerpt":{"rendered":"<p>H\u00e4ndelsen i Torremolinos d\u00e4r en kvinnlig lokalpolis sk\u00f6t ihj\u00e4l sin syster och d\u00e4refter tog sitt eget liv har \u00f6ppnat upp en debatt kring n\u00e4r tj\u00e4nstevapen ska dras in i samband med psykisk oh\u00e4lsa. Som Svenska Magasinet ber\u00e4ttade i m\u00e5ndags sk\u00f6t en 44-\u00e5rig kvinnlig lokalpolis ihj\u00e4l sin 55-\u00e5riga syster vid midnatt natten mot s\u00f6ndagen. En lokalpolis [&hellip;]<\/p>\n","protected":false},"author":8,"featured_media":28359,"comment_status":"open","ping_status":"open","sticky":false,"template":"","format":"standard","meta":{"_et_pb_use_builder":"","_et_pb_old_content":"","_et_gb_content_width":"","footnotes":""},"categories":[395,3],"tags":[],"class_list":["post-28357","post","type-post","status-publish","format-standard","has-post-thumbnail","hentry","category-arkiv-nyheter","category-nyheter"],"yoast_head":"<!-- This site is optimized with the Yoast SEO Premium plugin v26.2 (Yoast SEO v27.4) - https:\/\/yoast.com\/product\/yoast-seo-premium-wordpress\/ -->\n<title>Syskondrama \u00f6ppnar upp debatt n\u00e4r tj\u00e4nstevapen ska dras in - Svenska Magasinet<\/title>\n<meta name=\"robots\" content=\"noindex, follow, max-snippet:-1, max-image-preview:large, max-video-preview:-1\" \/>\n<meta property=\"og:locale\" content=\"sv_SE\" \/>\n<meta property=\"og:type\" content=\"article\" \/>\n<meta property=\"og:title\" content=\"Syskondrama \u00f6ppnar upp debatt n\u00e4r tj\u00e4nstevapen ska dras in\" \/>\n<meta property=\"og:description\" content=\"H\u00e4ndelsen i Torremolinos d\u00e4r en kvinnlig lokalpolis sk\u00f6t ihj\u00e4l sin syster och d\u00e4refter tog sitt eget liv har \u00f6ppnat upp en debatt kring n\u00e4r tj\u00e4nstevapen ska dras in i samband med psykisk oh\u00e4lsa. Som Svenska Magasinet ber\u00e4ttade i m\u00e5ndags sk\u00f6t en 44-\u00e5rig kvinnlig lokalpolis ihj\u00e4l sin 55-\u00e5riga syster vid midnatt natten mot s\u00f6ndagen. En lokalpolis [&hellip;]\" \/>\n<meta property=\"og:url\" content=\"https:\/\/lightweb.dev\/l\/svm-temp\/nyheter\/syskondrama-oppnar-upp-debatt-nar-tjanstevapen-ska-dras-in\/\" \/>\n<meta property=\"og:site_name\" content=\"Svenska Magasinet\" \/>\n<meta property=\"article:publisher\" content=\"https:\/\/www.facebook.com\/svenskamagasinet\" \/>\n<meta property=\"article:published_time\" content=\"2013-12-03T23:00:00+00:00\" \/>\n<meta name=\"author\" content=\"Redaktionen SvM\" \/>\n<meta name=\"twitter:card\" content=\"summary_large_image\" \/>\n<meta name=\"twitter:creator\" content=\"@SvenskaMagasine\" \/>\n<meta name=\"twitter:site\" content=\"@SvenskaMagasine\" \/>\n<script type=\"application\/ld+json\" class=\"yoast-schema-graph\">{\"@context\":\"https:\\\/\\\/schema.org\",\"@graph\":[{\"@type\":\"Article\",\"@id\":\"https:\\\/\\\/lightweb.dev\\\/l\\\/svm-temp\\\/nyheter\\\/syskondrama-oppnar-upp-debatt-nar-tjanstevapen-ska-dras-in\\\/#article\",\"isPartOf\":{\"@id\":\"https:\\\/\\\/lightweb.dev\\\/l\\\/svm-temp\\\/nyheter\\\/syskondrama-oppnar-upp-debatt-nar-tjanstevapen-ska-dras-in\\\/\"},\"author\":{\"name\":\"Redaktionen SvM\",\"@id\":\"https:\\\/\\\/lightweb.dev\\\/l\\\/svm-temp\\\/#\\\/schema\\\/person\\\/206a3bda5b607b0c25e1749191e4d837\"},\"headline\":\"Syskondrama \u00f6ppnar upp debatt n\u00e4r tj\u00e4nstevapen ska dras in\",\"datePublished\":\"2013-12-03T23:00:00+00:00\",\"mainEntityOfPage\":{\"@id\":\"https:\\\/\\\/lightweb.dev\\\/l\\\/svm-temp\\\/nyheter\\\/syskondrama-oppnar-upp-debatt-nar-tjanstevapen-ska-dras-in\\\/\"},\"wordCount\":163,\"commentCount\":0,\"publisher\":{\"@id\":\"https:\\\/\\\/lightweb.dev\\\/l\\\/svm-temp\\\/#organization\"},\"image\":{\"@id\":\"https:\\\/\\\/lightweb.dev\\\/l\\\/svm-temp\\\/nyheter\\\/syskondrama-oppnar-upp-debatt-nar-tjanstevapen-ska-dras-in\\\/#primaryimage\"},\"thumbnailUrl\":\"https:\\\/\\\/lightweb.dev\\\/l\\\/svm-temp\\\/wp-content\\\/uploads\\\/2022\\\/06\\\/syskondrama-oppnar-upp-debatt-nar-tjanstevapen-ska-dras-in.png\",\"articleSection\":[\"Arkiv\",\"Nyheter\"],\"inLanguage\":\"sv-SE\"},{\"@type\":\"WebPage\",\"@id\":\"https:\\\/\\\/lightweb.dev\\\/l\\\/svm-temp\\\/nyheter\\\/syskondrama-oppnar-upp-debatt-nar-tjanstevapen-ska-dras-in\\\/\",\"url\":\"https:\\\/\\\/lightweb.dev\\\/l\\\/svm-temp\\\/nyheter\\\/syskondrama-oppnar-upp-debatt-nar-tjanstevapen-ska-dras-in\\\/\",\"name\":\"Syskondrama \u00f6ppnar upp debatt n\u00e4r tj\u00e4nstevapen ska dras in - Svenska Magasinet\",\"isPartOf\":{\"@id\":\"https:\\\/\\\/lightweb.dev\\\/l\\\/svm-temp\\\/#website\"},\"primaryImageOfPage\":{\"@id\":\"https:\\\/\\\/lightweb.dev\\\/l\\\/svm-temp\\\/nyheter\\\/syskondrama-oppnar-upp-debatt-nar-tjanstevapen-ska-dras-in\\\/#primaryimage\"},\"image\":{\"@id\":\"https:\\\/\\\/lightweb.dev\\\/l\\\/svm-temp\\\/nyheter\\\/syskondrama-oppnar-upp-debatt-nar-tjanstevapen-ska-dras-in\\\/#primaryimage\"},\"thumbnailUrl\":\"https:\\\/\\\/lightweb.dev\\\/l\\\/svm-temp\\\/wp-content\\\/uploads\\\/2022\\\/06\\\/syskondrama-oppnar-upp-debatt-nar-tjanstevapen-ska-dras-in.png\",\"datePublished\":\"2013-12-03T23:00:00+00:00\",\"breadcrumb\":{\"@id\":\"https:\\\/\\\/lightweb.dev\\\/l\\\/svm-temp\\\/nyheter\\\/syskondrama-oppnar-upp-debatt-nar-tjanstevapen-ska-dras-in\\\/#breadcrumb\"},\"inLanguage\":\"sv-SE\",\"potentialAction\":[{\"@type\":\"ReadAction\",\"target\":[\"https:\\\/\\\/lightweb.dev\\\/l\\\/svm-temp\\\/nyheter\\\/syskondrama-oppnar-upp-debatt-nar-tjanstevapen-ska-dras-in\\\/\"]}]},{\"@type\":\"ImageObject\",\"inLanguage\":\"sv-SE\",\"@id\":\"https:\\\/\\\/lightweb.dev\\\/l\\\/svm-temp\\\/nyheter\\\/syskondrama-oppnar-upp-debatt-nar-tjanstevapen-ska-dras-in\\\/#primaryimage\",\"url\":\"https:\\\/\\\/lightweb.dev\\\/l\\\/svm-temp\\\/wp-content\\\/uploads\\\/2022\\\/06\\\/syskondrama-oppnar-upp-debatt-nar-tjanstevapen-ska-dras-in.png\",\"contentUrl\":\"https:\\\/\\\/lightweb.dev\\\/l\\\/svm-temp\\\/wp-content\\\/uploads\\\/2022\\\/06\\\/syskondrama-oppnar-upp-debatt-nar-tjanstevapen-ska-dras-in.png\",\"width\":280,\"height\":210},{\"@type\":\"BreadcrumbList\",\"@id\":\"https:\\\/\\\/lightweb.dev\\\/l\\\/svm-temp\\\/nyheter\\\/syskondrama-oppnar-upp-debatt-nar-tjanstevapen-ska-dras-in\\\/#breadcrumb\",\"itemListElement\":[{\"@type\":\"ListItem\",\"position\":1,\"name\":\"Hem\",\"item\":\"https:\\\/\\\/lightweb.dev\\\/l\\\/svm-temp\\\/\"},{\"@type\":\"ListItem\",\"position\":2,\"name\":\"Syskondrama \u00f6ppnar upp debatt n\u00e4r tj\u00e4nstevapen ska dras in\"}]},{\"@type\":\"WebSite\",\"@id\":\"https:\\\/\\\/lightweb.dev\\\/l\\\/svm-temp\\\/#website\",\"url\":\"https:\\\/\\\/lightweb.dev\\\/l\\\/svm-temp\\\/\",\"name\":\"Svenska Magasinet\",\"description\":\"Dina Spanska nyheter p&aring; Svenska\",\"publisher\":{\"@id\":\"https:\\\/\\\/lightweb.dev\\\/l\\\/svm-temp\\\/#organization\"},\"potentialAction\":[{\"@type\":\"SearchAction\",\"target\":{\"@type\":\"EntryPoint\",\"urlTemplate\":\"https:\\\/\\\/lightweb.dev\\\/l\\\/svm-temp\\\/?s={search_term_string}\"},\"query-input\":{\"@type\":\"PropertyValueSpecification\",\"valueRequired\":true,\"valueName\":\"search_term_string\"}}],\"inLanguage\":\"sv-SE\"},{\"@type\":\"Organization\",\"@id\":\"https:\\\/\\\/lightweb.dev\\\/l\\\/svm-temp\\\/#organization\",\"name\":\"Melkerson y Nott SL\",\"alternateName\":\"Svenska Magasinet\",\"url\":\"https:\\\/\\\/lightweb.dev\\\/l\\\/svm-temp\\\/\",\"logo\":{\"@type\":\"ImageObject\",\"inLanguage\":\"sv-SE\",\"@id\":\"https:\\\/\\\/lightweb.dev\\\/l\\\/svm-temp\\\/#\\\/schema\\\/logo\\\/image\\\/\",\"url\":\"https:\\\/\\\/lightweb.dev\\\/l\\\/svm-temp\\\/wp-content\\\/uploads\\\/2025\\\/02\\\/SvM-logo-Xtra-Centrerad-SVART.png\",\"contentUrl\":\"https:\\\/\\\/lightweb.dev\\\/l\\\/svm-temp\\\/wp-content\\\/uploads\\\/2025\\\/02\\\/SvM-logo-Xtra-Centrerad-SVART.png\",\"width\":300,\"height\":99,\"caption\":\"Melkerson y Nott SL\"},\"image\":{\"@id\":\"https:\\\/\\\/lightweb.dev\\\/l\\\/svm-temp\\\/#\\\/schema\\\/logo\\\/image\\\/\"},\"sameAs\":[\"https:\\\/\\\/www.facebook.com\\\/svenskamagasinet\",\"https:\\\/\\\/x.com\\\/SvenskaMagasine\"]},{\"@type\":\"Person\",\"@id\":\"https:\\\/\\\/lightweb.dev\\\/l\\\/svm-temp\\\/#\\\/schema\\\/person\\\/206a3bda5b607b0c25e1749191e4d837\",\"name\":\"Redaktionen SvM\",\"description\":\"Redaktionen\",\"sameAs\":[\"https:\\\/\\\/lightweb.dev\\\/l\\\/svm-temp\"],\"url\":\"https:\\\/\\\/lightweb.dev\\\/l\\\/svm-temp\\\/reporter\\\/redaktionen\\\/\"}]}<\/script>\n<!-- \/ Yoast SEO Premium plugin. -->","yoast_head_json":{"title":"Syskondrama \u00f6ppnar upp debatt n\u00e4r tj\u00e4nstevapen ska dras in - Svenska Magasinet","robots":{"index":"noindex","follow":"follow","max-snippet":"max-snippet:-1","max-image-preview":"max-image-preview:large","max-video-preview":"max-video-preview:-1"},"og_locale":"sv_SE","og_type":"article","og_title":"Syskondrama \u00f6ppnar upp debatt n\u00e4r tj\u00e4nstevapen ska dras in","og_description":"H\u00e4ndelsen i Torremolinos d\u00e4r en kvinnlig lokalpolis sk\u00f6t ihj\u00e4l sin syster och d\u00e4refter tog sitt eget liv har \u00f6ppnat upp en debatt kring n\u00e4r tj\u00e4nstevapen ska dras in i samband med psykisk oh\u00e4lsa. Som Svenska Magasinet ber\u00e4ttade i m\u00e5ndags sk\u00f6t en 44-\u00e5rig kvinnlig lokalpolis ihj\u00e4l sin 55-\u00e5riga syster vid midnatt natten mot s\u00f6ndagen. En lokalpolis [&hellip;]","og_url":"https:\/\/lightweb.dev\/l\/svm-temp\/nyheter\/syskondrama-oppnar-upp-debatt-nar-tjanstevapen-ska-dras-in\/","og_site_name":"Svenska Magasinet","article_publisher":"https:\/\/www.facebook.com\/svenskamagasinet","article_published_time":"2013-12-03T23:00:00+00:00","author":"Redaktionen SvM","twitter_card":"summary_large_image","twitter_creator":"@SvenskaMagasine","twitter_site":"@SvenskaMagasine","schema":{"@context":"https:\/\/schema.org","@graph":[{"@type":"Article","@id":"https:\/\/lightweb.dev\/l\/svm-temp\/nyheter\/syskondrama-oppnar-upp-debatt-nar-tjanstevapen-ska-dras-in\/#article","isPartOf":{"@id":"https:\/\/lightweb.dev\/l\/svm-temp\/nyheter\/syskondrama-oppnar-upp-debatt-nar-tjanstevapen-ska-dras-in\/"},"author":{"name":"Redaktionen SvM","@id":"https:\/\/lightweb.dev\/l\/svm-temp\/#\/schema\/person\/206a3bda5b607b0c25e1749191e4d837"},"headline":"Syskondrama \u00f6ppnar upp debatt n\u00e4r tj\u00e4nstevapen ska dras in","datePublished":"2013-12-03T23:00:00+00:00","mainEntityOfPage":{"@id":"https:\/\/lightweb.dev\/l\/svm-temp\/nyheter\/syskondrama-oppnar-upp-debatt-nar-tjanstevapen-ska-dras-in\/"},"wordCount":163,"commentCount":0,"publisher":{"@id":"https:\/\/lightweb.dev\/l\/svm-temp\/#organization"},"image":{"@id":"https:\/\/lightweb.dev\/l\/svm-temp\/nyheter\/syskondrama-oppnar-upp-debatt-nar-tjanstevapen-ska-dras-in\/#primaryimage"},"thumbnailUrl":"https:\/\/lightweb.dev\/l\/svm-temp\/wp-content\/uploads\/2022\/06\/syskondrama-oppnar-upp-debatt-nar-tjanstevapen-ska-dras-in.png","articleSection":["Arkiv","Nyheter"],"inLanguage":"sv-SE"},{"@type":"WebPage","@id":"https:\/\/lightweb.dev\/l\/svm-temp\/nyheter\/syskondrama-oppnar-upp-debatt-nar-tjanstevapen-ska-dras-in\/","url":"https:\/\/lightweb.dev\/l\/svm-temp\/nyheter\/syskondrama-oppnar-upp-debatt-nar-tjanstevapen-ska-dras-in\/","name":"Syskondrama \u00f6ppnar upp debatt n\u00e4r tj\u00e4nstevapen ska dras in - Svenska Magasinet","isPartOf":{"@id":"https:\/\/lightweb.dev\/l\/svm-temp\/#website"},"primaryImageOfPage":{"@id":"https:\/\/lightweb.dev\/l\/svm-temp\/nyheter\/syskondrama-oppnar-upp-debatt-nar-tjanstevapen-ska-dras-in\/#primaryimage"},"image":{"@id":"https:\/\/lightweb.dev\/l\/svm-temp\/nyheter\/syskondrama-oppnar-upp-debatt-nar-tjanstevapen-ska-dras-in\/#primaryimage"},"thumbnailUrl":"https:\/\/lightweb.dev\/l\/svm-temp\/wp-content\/uploads\/2022\/06\/syskondrama-oppnar-upp-debatt-nar-tjanstevapen-ska-dras-in.png","datePublished":"2013-12-03T23:00:00+00:00","breadcrumb":{"@id":"https:\/\/lightweb.dev\/l\/svm-temp\/nyheter\/syskondrama-oppnar-upp-debatt-nar-tjanstevapen-ska-dras-in\/#breadcrumb"},"inLanguage":"sv-SE","potentialAction":[{"@type":"ReadAction","target":["https:\/\/lightweb.dev\/l\/svm-temp\/nyheter\/syskondrama-oppnar-upp-debatt-nar-tjanstevapen-ska-dras-in\/"]}]},{"@type":"ImageObject","inLanguage":"sv-SE","@id":"https:\/\/lightweb.dev\/l\/svm-temp\/nyheter\/syskondrama-oppnar-upp-debatt-nar-tjanstevapen-ska-dras-in\/#primaryimage","url":"https:\/\/lightweb.dev\/l\/svm-temp\/wp-content\/uploads\/2022\/06\/syskondrama-oppnar-upp-debatt-nar-tjanstevapen-ska-dras-in.png","contentUrl":"https:\/\/lightweb.dev\/l\/svm-temp\/wp-content\/uploads\/2022\/06\/syskondrama-oppnar-upp-debatt-nar-tjanstevapen-ska-dras-in.png","width":280,"height":210},{"@type":"BreadcrumbList","@id":"https:\/\/lightweb.dev\/l\/svm-temp\/nyheter\/syskondrama-oppnar-upp-debatt-nar-tjanstevapen-ska-dras-in\/#breadcrumb","itemListElement":[{"@type":"ListItem","position":1,"name":"Hem","item":"https:\/\/lightweb.dev\/l\/svm-temp\/"},{"@type":"ListItem","position":2,"name":"Syskondrama \u00f6ppnar upp debatt n\u00e4r tj\u00e4nstevapen ska dras in"}]},{"@type":"WebSite","@id":"https:\/\/lightweb.dev\/l\/svm-temp\/#website","url":"https:\/\/lightweb.dev\/l\/svm-temp\/","name":"Svenska Magasinet","description":"Dina Spanska nyheter p&aring; Svenska","publisher":{"@id":"https:\/\/lightweb.dev\/l\/svm-temp\/#organization"},"potentialAction":[{"@type":"SearchAction","target":{"@type":"EntryPoint","urlTemplate":"https:\/\/lightweb.dev\/l\/svm-temp\/?s={search_term_string}"},"query-input":{"@type":"PropertyValueSpecification","valueRequired":true,"valueName":"search_term_string"}}],"inLanguage":"sv-SE"},{"@type":"Organization","@id":"https:\/\/lightweb.dev\/l\/svm-temp\/#organization","name":"Melkerson y Nott SL","alternateName":"Svenska Magasinet","url":"https:\/\/lightweb.dev\/l\/svm-temp\/","logo":{"@type":"ImageObject","inLanguage":"sv-SE","@id":"https:\/\/lightweb.dev\/l\/svm-temp\/#\/schema\/logo\/image\/","url":"https:\/\/lightweb.dev\/l\/svm-temp\/wp-content\/uploads\/2025\/02\/SvM-logo-Xtra-Centrerad-SVART.png","contentUrl":"https:\/\/lightweb.dev\/l\/svm-temp\/wp-content\/uploads\/2025\/02\/SvM-logo-Xtra-Centrerad-SVART.png","width":300,"height":99,"caption":"Melkerson y Nott SL"},"image":{"@id":"https:\/\/lightweb.dev\/l\/svm-temp\/#\/schema\/logo\/image\/"},"sameAs":["https:\/\/www.facebook.com\/svenskamagasinet","https:\/\/x.com\/SvenskaMagasine"]},{"@type":"Person","@id":"https:\/\/lightweb.dev\/l\/svm-temp\/#\/schema\/person\/206a3bda5b607b0c25e1749191e4d837","name":"Redaktionen SvM","description":"Redaktionen","sameAs":["https:\/\/lightweb.dev\/l\/svm-temp"],"url":"https:\/\/lightweb.dev\/l\/svm-temp\/reporter\/redaktionen\/"}]}},"_links":{"self":[{"href":"https:\/\/lightweb.dev\/l\/svm-temp\/wp-json\/wp\/v2\/posts\/28357","targetHints":{"allow":["GET"]}}],"collection":[{"href":"https:\/\/lightweb.dev\/l\/svm-temp\/wp-json\/wp\/v2\/posts"}],"about":[{"href":"https:\/\/lightweb.dev\/l\/svm-temp\/wp-json\/wp\/v2\/types\/post"}],"author":[{"embeddable":true,"href":"https:\/\/lightweb.dev\/l\/svm-temp\/wp-json\/wp\/v2\/users\/8"}],"replies":[{"embeddable":true,"href":"https:\/\/lightweb.dev\/l\/svm-temp\/wp-json\/wp\/v2\/comments?post=28357"}],"version-history":[{"count":0,"href":"https:\/\/lightweb.dev\/l\/svm-temp\/wp-json\/wp\/v2\/posts\/28357\/revisions"}],"wp:featuredmedia":[{"embeddable":true,"href":"https:\/\/lightweb.dev\/l\/svm-temp\/wp-json\/wp\/v2\/media\/28359"}],"wp:attachment":[{"href":"https:\/\/lightweb.dev\/l\/svm-temp\/wp-json\/wp\/v2\/media?parent=28357"}],"wp:term":[{"taxonomy":"category","embeddable":true,"href":"https:\/\/lightweb.dev\/l\/svm-temp\/wp-json\/wp\/v2\/categories?post=28357"},{"taxonomy":"post_tag","embeddable":true,"href":"https:\/\/lightweb.dev\/l\/svm-temp\/wp-json\/wp\/v2\/tags?post=28357"}],"curies":[{"name":"wp","href":"https:\/\/api.w.org\/{rel}","templated":true}]}}