{"id":28361,"date":"2013-12-04T00:00:00","date_gmt":"2013-12-03T23:00:00","guid":{"rendered":"https:\/\/lightweb.dev\/l\/svm-temp\/nyheter\/farligt-tillbud-pa-malaga-flygplats-med-boeing-plan\/"},"modified":"2013-12-04T00:00:00","modified_gmt":"2013-12-03T23:00:00","slug":"farligt-tillbud-pa-malaga-flygplats-med-boeing-plan","status":"publish","type":"post","link":"https:\/\/lightweb.dev\/l\/svm-temp\/nyheter\/farligt-tillbud-pa-malaga-flygplats-med-boeing-plan\/","title":{"rendered":"Farligt tillbud p\u00e5 M\u00e1laga flygplats med Boeing-plan"},"content":{"rendered":"<p> Bilderna talar f\u00f6r sig sj\u00e4lva. Det var ett plan tillh\u00f6rande Turkish Airlines vars stj\u00e4rtparti slog i rullbanan vid ett landningsf\u00f6rs\u00f6k p\u00e5 M\u00e1laga flygplats den 30 november. H\u00e4ndelsen f\u00e5ngades av en filmare.<\/p>\n<p>Det var en Boeing 737-900ER som tillh\u00f6r flygbolaget Turkish Airlines som trafikerar Istanbul-M\u00e1laga som vid ett landningsf\u00f6rs\u00f6k p\u00e5 M\u00e1laga flygplats slog i stj\u00e4rtpartiet. Planet hade 77 passagerare ombord.<\/p>\n<p>N\u00e4r planet hade slagit i rullbanan vid landningsf\u00f6rs\u00f6ket gav piloten full gas igen. Vid n\u00e4sta f\u00f6rs\u00f6k landade planet utan problem. Se film fr\u00e5n landningen h\u00e4r<\/p>\n","protected":false},"excerpt":{"rendered":"<p>Bilderna talar f\u00f6r sig sj\u00e4lva. Det var ett plan tillh\u00f6rande Turkish Airlines vars stj\u00e4rtparti slog i rullbanan vid ett landningsf\u00f6rs\u00f6k p\u00e5 M\u00e1laga flygplats den 30 november. H\u00e4ndelsen f\u00e5ngades av en filmare. Det var en Boeing 737-900ER som tillh\u00f6r flygbolaget Turkish Airlines som trafikerar Istanbul-M\u00e1laga som vid ett landningsf\u00f6rs\u00f6k p\u00e5 M\u00e1laga flygplats slog i stj\u00e4rtpartiet. Planet [&hellip;]<\/p>\n","protected":false},"author":8,"featured_media":28362,"comment_status":"open","ping_status":"open","sticky":false,"template":"","format":"standard","meta":{"_et_pb_use_builder":"","_et_pb_old_content":"","_et_gb_content_width":"","footnotes":""},"categories":[395,3],"tags":[],"class_list":["post-28361","post","type-post","status-publish","format-standard","has-post-thumbnail","hentry","category-arkiv-nyheter","category-nyheter"],"yoast_head":"<!-- This site is optimized with the Yoast SEO Premium plugin v26.2 (Yoast SEO v27.5) - https:\/\/yoast.com\/product\/yoast-seo-premium-wordpress\/ -->\n<title>Farligt tillbud p\u00e5 M\u00e1laga flygplats med Boeing-plan - Svenska Magasinet<\/title>\n<meta name=\"robots\" content=\"noindex, follow, max-snippet:-1, max-image-preview:large, max-video-preview:-1\" \/>\n<meta property=\"og:locale\" content=\"sv_SE\" \/>\n<meta property=\"og:type\" content=\"article\" \/>\n<meta property=\"og:title\" content=\"Farligt tillbud p\u00e5 M\u00e1laga flygplats med Boeing-plan\" \/>\n<meta property=\"og:description\" content=\"Bilderna talar f\u00f6r sig sj\u00e4lva. Det var ett plan tillh\u00f6rande Turkish Airlines vars stj\u00e4rtparti slog i rullbanan vid ett landningsf\u00f6rs\u00f6k p\u00e5 M\u00e1laga flygplats den 30 november. H\u00e4ndelsen f\u00e5ngades av en filmare. Det var en Boeing 737-900ER som tillh\u00f6r flygbolaget Turkish Airlines som trafikerar Istanbul-M\u00e1laga som vid ett landningsf\u00f6rs\u00f6k p\u00e5 M\u00e1laga flygplats slog i stj\u00e4rtpartiet. Planet [&hellip;]\" \/>\n<meta property=\"og:url\" content=\"https:\/\/lightweb.dev\/l\/svm-temp\/nyheter\/farligt-tillbud-pa-malaga-flygplats-med-boeing-plan\/\" \/>\n<meta property=\"og:site_name\" content=\"Svenska Magasinet\" \/>\n<meta property=\"article:publisher\" content=\"https:\/\/www.facebook.com\/svenskamagasinet\" \/>\n<meta property=\"article:published_time\" content=\"2013-12-03T23:00:00+00:00\" \/>\n<meta name=\"author\" content=\"Redaktionen SvM\" \/>\n<meta name=\"twitter:card\" content=\"summary_large_image\" \/>\n<meta name=\"twitter:creator\" content=\"@SvenskaMagasine\" \/>\n<meta name=\"twitter:site\" content=\"@SvenskaMagasine\" \/>\n<script type=\"application\/ld+json\" class=\"yoast-schema-graph\">{\"@context\":\"https:\\\/\\\/schema.org\",\"@graph\":[{\"@type\":\"Article\",\"@id\":\"https:\\\/\\\/lightweb.dev\\\/l\\\/svm-temp\\\/nyheter\\\/farligt-tillbud-pa-malaga-flygplats-med-boeing-plan\\\/#article\",\"isPartOf\":{\"@id\":\"https:\\\/\\\/lightweb.dev\\\/l\\\/svm-temp\\\/nyheter\\\/farligt-tillbud-pa-malaga-flygplats-med-boeing-plan\\\/\"},\"author\":{\"name\":\"Redaktionen SvM\",\"@id\":\"https:\\\/\\\/lightweb.dev\\\/l\\\/svm-temp\\\/#\\\/schema\\\/person\\\/206a3bda5b607b0c25e1749191e4d837\"},\"headline\":\"Farligt tillbud p\u00e5 M\u00e1laga flygplats med Boeing-plan\",\"datePublished\":\"2013-12-03T23:00:00+00:00\",\"mainEntityOfPage\":{\"@id\":\"https:\\\/\\\/lightweb.dev\\\/l\\\/svm-temp\\\/nyheter\\\/farligt-tillbud-pa-malaga-flygplats-med-boeing-plan\\\/\"},\"wordCount\":114,\"commentCount\":0,\"publisher\":{\"@id\":\"https:\\\/\\\/lightweb.dev\\\/l\\\/svm-temp\\\/#organization\"},\"image\":{\"@id\":\"https:\\\/\\\/lightweb.dev\\\/l\\\/svm-temp\\\/nyheter\\\/farligt-tillbud-pa-malaga-flygplats-med-boeing-plan\\\/#primaryimage\"},\"thumbnailUrl\":\"https:\\\/\\\/lightweb.dev\\\/l\\\/svm-temp\\\/wp-content\\\/uploads\\\/2022\\\/06\\\/farligt-tillbud-pa-malaga-flygplats-med-boeingplan.png\",\"articleSection\":[\"Arkiv\",\"Nyheter\"],\"inLanguage\":\"sv-SE\"},{\"@type\":\"WebPage\",\"@id\":\"https:\\\/\\\/lightweb.dev\\\/l\\\/svm-temp\\\/nyheter\\\/farligt-tillbud-pa-malaga-flygplats-med-boeing-plan\\\/\",\"url\":\"https:\\\/\\\/lightweb.dev\\\/l\\\/svm-temp\\\/nyheter\\\/farligt-tillbud-pa-malaga-flygplats-med-boeing-plan\\\/\",\"name\":\"Farligt tillbud p\u00e5 M\u00e1laga flygplats med Boeing-plan - Svenska Magasinet\",\"isPartOf\":{\"@id\":\"https:\\\/\\\/lightweb.dev\\\/l\\\/svm-temp\\\/#website\"},\"primaryImageOfPage\":{\"@id\":\"https:\\\/\\\/lightweb.dev\\\/l\\\/svm-temp\\\/nyheter\\\/farligt-tillbud-pa-malaga-flygplats-med-boeing-plan\\\/#primaryimage\"},\"image\":{\"@id\":\"https:\\\/\\\/lightweb.dev\\\/l\\\/svm-temp\\\/nyheter\\\/farligt-tillbud-pa-malaga-flygplats-med-boeing-plan\\\/#primaryimage\"},\"thumbnailUrl\":\"https:\\\/\\\/lightweb.dev\\\/l\\\/svm-temp\\\/wp-content\\\/uploads\\\/2022\\\/06\\\/farligt-tillbud-pa-malaga-flygplats-med-boeingplan.png\",\"datePublished\":\"2013-12-03T23:00:00+00:00\",\"breadcrumb\":{\"@id\":\"https:\\\/\\\/lightweb.dev\\\/l\\\/svm-temp\\\/nyheter\\\/farligt-tillbud-pa-malaga-flygplats-med-boeing-plan\\\/#breadcrumb\"},\"inLanguage\":\"sv-SE\",\"potentialAction\":[{\"@type\":\"ReadAction\",\"target\":[\"https:\\\/\\\/lightweb.dev\\\/l\\\/svm-temp\\\/nyheter\\\/farligt-tillbud-pa-malaga-flygplats-med-boeing-plan\\\/\"]}]},{\"@type\":\"ImageObject\",\"inLanguage\":\"sv-SE\",\"@id\":\"https:\\\/\\\/lightweb.dev\\\/l\\\/svm-temp\\\/nyheter\\\/farligt-tillbud-pa-malaga-flygplats-med-boeing-plan\\\/#primaryimage\",\"url\":\"https:\\\/\\\/lightweb.dev\\\/l\\\/svm-temp\\\/wp-content\\\/uploads\\\/2022\\\/06\\\/farligt-tillbud-pa-malaga-flygplats-med-boeingplan.png\",\"contentUrl\":\"https:\\\/\\\/lightweb.dev\\\/l\\\/svm-temp\\\/wp-content\\\/uploads\\\/2022\\\/06\\\/farligt-tillbud-pa-malaga-flygplats-med-boeingplan.png\",\"width\":357,\"height\":200},{\"@type\":\"BreadcrumbList\",\"@id\":\"https:\\\/\\\/lightweb.dev\\\/l\\\/svm-temp\\\/nyheter\\\/farligt-tillbud-pa-malaga-flygplats-med-boeing-plan\\\/#breadcrumb\",\"itemListElement\":[{\"@type\":\"ListItem\",\"position\":1,\"name\":\"Hem\",\"item\":\"https:\\\/\\\/lightweb.dev\\\/l\\\/svm-temp\\\/\"},{\"@type\":\"ListItem\",\"position\":2,\"name\":\"Farligt tillbud p\u00e5 M\u00e1laga flygplats med Boeing-plan\"}]},{\"@type\":\"WebSite\",\"@id\":\"https:\\\/\\\/lightweb.dev\\\/l\\\/svm-temp\\\/#website\",\"url\":\"https:\\\/\\\/lightweb.dev\\\/l\\\/svm-temp\\\/\",\"name\":\"Svenska Magasinet\",\"description\":\"Dina Spanska nyheter p&aring; Svenska\",\"publisher\":{\"@id\":\"https:\\\/\\\/lightweb.dev\\\/l\\\/svm-temp\\\/#organization\"},\"potentialAction\":[{\"@type\":\"SearchAction\",\"target\":{\"@type\":\"EntryPoint\",\"urlTemplate\":\"https:\\\/\\\/lightweb.dev\\\/l\\\/svm-temp\\\/?s={search_term_string}\"},\"query-input\":{\"@type\":\"PropertyValueSpecification\",\"valueRequired\":true,\"valueName\":\"search_term_string\"}}],\"inLanguage\":\"sv-SE\"},{\"@type\":\"Organization\",\"@id\":\"https:\\\/\\\/lightweb.dev\\\/l\\\/svm-temp\\\/#organization\",\"name\":\"Melkerson y Nott SL\",\"alternateName\":\"Svenska Magasinet\",\"url\":\"https:\\\/\\\/lightweb.dev\\\/l\\\/svm-temp\\\/\",\"logo\":{\"@type\":\"ImageObject\",\"inLanguage\":\"sv-SE\",\"@id\":\"https:\\\/\\\/lightweb.dev\\\/l\\\/svm-temp\\\/#\\\/schema\\\/logo\\\/image\\\/\",\"url\":\"https:\\\/\\\/lightweb.dev\\\/l\\\/svm-temp\\\/wp-content\\\/uploads\\\/2025\\\/02\\\/SvM-logo-Xtra-Centrerad-SVART.png\",\"contentUrl\":\"https:\\\/\\\/lightweb.dev\\\/l\\\/svm-temp\\\/wp-content\\\/uploads\\\/2025\\\/02\\\/SvM-logo-Xtra-Centrerad-SVART.png\",\"width\":300,\"height\":99,\"caption\":\"Melkerson y Nott SL\"},\"image\":{\"@id\":\"https:\\\/\\\/lightweb.dev\\\/l\\\/svm-temp\\\/#\\\/schema\\\/logo\\\/image\\\/\"},\"sameAs\":[\"https:\\\/\\\/www.facebook.com\\\/svenskamagasinet\",\"https:\\\/\\\/x.com\\\/SvenskaMagasine\"]},{\"@type\":\"Person\",\"@id\":\"https:\\\/\\\/lightweb.dev\\\/l\\\/svm-temp\\\/#\\\/schema\\\/person\\\/206a3bda5b607b0c25e1749191e4d837\",\"name\":\"Redaktionen SvM\",\"description\":\"Redaktionen\",\"sameAs\":[\"https:\\\/\\\/lightweb.dev\\\/l\\\/svm-temp\"],\"url\":\"https:\\\/\\\/lightweb.dev\\\/l\\\/svm-temp\\\/reporter\\\/redaktionen\\\/\"}]}<\/script>\n<!-- \/ Yoast SEO Premium plugin. -->","yoast_head_json":{"title":"Farligt tillbud p\u00e5 M\u00e1laga flygplats med Boeing-plan - Svenska Magasinet","robots":{"index":"noindex","follow":"follow","max-snippet":"max-snippet:-1","max-image-preview":"max-image-preview:large","max-video-preview":"max-video-preview:-1"},"og_locale":"sv_SE","og_type":"article","og_title":"Farligt tillbud p\u00e5 M\u00e1laga flygplats med Boeing-plan","og_description":"Bilderna talar f\u00f6r sig sj\u00e4lva. Det var ett plan tillh\u00f6rande Turkish Airlines vars stj\u00e4rtparti slog i rullbanan vid ett landningsf\u00f6rs\u00f6k p\u00e5 M\u00e1laga flygplats den 30 november. H\u00e4ndelsen f\u00e5ngades av en filmare. Det var en Boeing 737-900ER som tillh\u00f6r flygbolaget Turkish Airlines som trafikerar Istanbul-M\u00e1laga som vid ett landningsf\u00f6rs\u00f6k p\u00e5 M\u00e1laga flygplats slog i stj\u00e4rtpartiet. Planet [&hellip;]","og_url":"https:\/\/lightweb.dev\/l\/svm-temp\/nyheter\/farligt-tillbud-pa-malaga-flygplats-med-boeing-plan\/","og_site_name":"Svenska Magasinet","article_publisher":"https:\/\/www.facebook.com\/svenskamagasinet","article_published_time":"2013-12-03T23:00:00+00:00","author":"Redaktionen SvM","twitter_card":"summary_large_image","twitter_creator":"@SvenskaMagasine","twitter_site":"@SvenskaMagasine","schema":{"@context":"https:\/\/schema.org","@graph":[{"@type":"Article","@id":"https:\/\/lightweb.dev\/l\/svm-temp\/nyheter\/farligt-tillbud-pa-malaga-flygplats-med-boeing-plan\/#article","isPartOf":{"@id":"https:\/\/lightweb.dev\/l\/svm-temp\/nyheter\/farligt-tillbud-pa-malaga-flygplats-med-boeing-plan\/"},"author":{"name":"Redaktionen SvM","@id":"https:\/\/lightweb.dev\/l\/svm-temp\/#\/schema\/person\/206a3bda5b607b0c25e1749191e4d837"},"headline":"Farligt tillbud p\u00e5 M\u00e1laga flygplats med Boeing-plan","datePublished":"2013-12-03T23:00:00+00:00","mainEntityOfPage":{"@id":"https:\/\/lightweb.dev\/l\/svm-temp\/nyheter\/farligt-tillbud-pa-malaga-flygplats-med-boeing-plan\/"},"wordCount":114,"commentCount":0,"publisher":{"@id":"https:\/\/lightweb.dev\/l\/svm-temp\/#organization"},"image":{"@id":"https:\/\/lightweb.dev\/l\/svm-temp\/nyheter\/farligt-tillbud-pa-malaga-flygplats-med-boeing-plan\/#primaryimage"},"thumbnailUrl":"https:\/\/lightweb.dev\/l\/svm-temp\/wp-content\/uploads\/2022\/06\/farligt-tillbud-pa-malaga-flygplats-med-boeingplan.png","articleSection":["Arkiv","Nyheter"],"inLanguage":"sv-SE"},{"@type":"WebPage","@id":"https:\/\/lightweb.dev\/l\/svm-temp\/nyheter\/farligt-tillbud-pa-malaga-flygplats-med-boeing-plan\/","url":"https:\/\/lightweb.dev\/l\/svm-temp\/nyheter\/farligt-tillbud-pa-malaga-flygplats-med-boeing-plan\/","name":"Farligt tillbud p\u00e5 M\u00e1laga flygplats med Boeing-plan - Svenska Magasinet","isPartOf":{"@id":"https:\/\/lightweb.dev\/l\/svm-temp\/#website"},"primaryImageOfPage":{"@id":"https:\/\/lightweb.dev\/l\/svm-temp\/nyheter\/farligt-tillbud-pa-malaga-flygplats-med-boeing-plan\/#primaryimage"},"image":{"@id":"https:\/\/lightweb.dev\/l\/svm-temp\/nyheter\/farligt-tillbud-pa-malaga-flygplats-med-boeing-plan\/#primaryimage"},"thumbnailUrl":"https:\/\/lightweb.dev\/l\/svm-temp\/wp-content\/uploads\/2022\/06\/farligt-tillbud-pa-malaga-flygplats-med-boeingplan.png","datePublished":"2013-12-03T23:00:00+00:00","breadcrumb":{"@id":"https:\/\/lightweb.dev\/l\/svm-temp\/nyheter\/farligt-tillbud-pa-malaga-flygplats-med-boeing-plan\/#breadcrumb"},"inLanguage":"sv-SE","potentialAction":[{"@type":"ReadAction","target":["https:\/\/lightweb.dev\/l\/svm-temp\/nyheter\/farligt-tillbud-pa-malaga-flygplats-med-boeing-plan\/"]}]},{"@type":"ImageObject","inLanguage":"sv-SE","@id":"https:\/\/lightweb.dev\/l\/svm-temp\/nyheter\/farligt-tillbud-pa-malaga-flygplats-med-boeing-plan\/#primaryimage","url":"https:\/\/lightweb.dev\/l\/svm-temp\/wp-content\/uploads\/2022\/06\/farligt-tillbud-pa-malaga-flygplats-med-boeingplan.png","contentUrl":"https:\/\/lightweb.dev\/l\/svm-temp\/wp-content\/uploads\/2022\/06\/farligt-tillbud-pa-malaga-flygplats-med-boeingplan.png","width":357,"height":200},{"@type":"BreadcrumbList","@id":"https:\/\/lightweb.dev\/l\/svm-temp\/nyheter\/farligt-tillbud-pa-malaga-flygplats-med-boeing-plan\/#breadcrumb","itemListElement":[{"@type":"ListItem","position":1,"name":"Hem","item":"https:\/\/lightweb.dev\/l\/svm-temp\/"},{"@type":"ListItem","position":2,"name":"Farligt tillbud p\u00e5 M\u00e1laga flygplats med Boeing-plan"}]},{"@type":"WebSite","@id":"https:\/\/lightweb.dev\/l\/svm-temp\/#website","url":"https:\/\/lightweb.dev\/l\/svm-temp\/","name":"Svenska Magasinet","description":"Dina Spanska nyheter p&aring; Svenska","publisher":{"@id":"https:\/\/lightweb.dev\/l\/svm-temp\/#organization"},"potentialAction":[{"@type":"SearchAction","target":{"@type":"EntryPoint","urlTemplate":"https:\/\/lightweb.dev\/l\/svm-temp\/?s={search_term_string}"},"query-input":{"@type":"PropertyValueSpecification","valueRequired":true,"valueName":"search_term_string"}}],"inLanguage":"sv-SE"},{"@type":"Organization","@id":"https:\/\/lightweb.dev\/l\/svm-temp\/#organization","name":"Melkerson y Nott SL","alternateName":"Svenska Magasinet","url":"https:\/\/lightweb.dev\/l\/svm-temp\/","logo":{"@type":"ImageObject","inLanguage":"sv-SE","@id":"https:\/\/lightweb.dev\/l\/svm-temp\/#\/schema\/logo\/image\/","url":"https:\/\/lightweb.dev\/l\/svm-temp\/wp-content\/uploads\/2025\/02\/SvM-logo-Xtra-Centrerad-SVART.png","contentUrl":"https:\/\/lightweb.dev\/l\/svm-temp\/wp-content\/uploads\/2025\/02\/SvM-logo-Xtra-Centrerad-SVART.png","width":300,"height":99,"caption":"Melkerson y Nott SL"},"image":{"@id":"https:\/\/lightweb.dev\/l\/svm-temp\/#\/schema\/logo\/image\/"},"sameAs":["https:\/\/www.facebook.com\/svenskamagasinet","https:\/\/x.com\/SvenskaMagasine"]},{"@type":"Person","@id":"https:\/\/lightweb.dev\/l\/svm-temp\/#\/schema\/person\/206a3bda5b607b0c25e1749191e4d837","name":"Redaktionen SvM","description":"Redaktionen","sameAs":["https:\/\/lightweb.dev\/l\/svm-temp"],"url":"https:\/\/lightweb.dev\/l\/svm-temp\/reporter\/redaktionen\/"}]}},"_links":{"self":[{"href":"https:\/\/lightweb.dev\/l\/svm-temp\/wp-json\/wp\/v2\/posts\/28361","targetHints":{"allow":["GET"]}}],"collection":[{"href":"https:\/\/lightweb.dev\/l\/svm-temp\/wp-json\/wp\/v2\/posts"}],"about":[{"href":"https:\/\/lightweb.dev\/l\/svm-temp\/wp-json\/wp\/v2\/types\/post"}],"author":[{"embeddable":true,"href":"https:\/\/lightweb.dev\/l\/svm-temp\/wp-json\/wp\/v2\/users\/8"}],"replies":[{"embeddable":true,"href":"https:\/\/lightweb.dev\/l\/svm-temp\/wp-json\/wp\/v2\/comments?post=28361"}],"version-history":[{"count":0,"href":"https:\/\/lightweb.dev\/l\/svm-temp\/wp-json\/wp\/v2\/posts\/28361\/revisions"}],"wp:featuredmedia":[{"embeddable":true,"href":"https:\/\/lightweb.dev\/l\/svm-temp\/wp-json\/wp\/v2\/media\/28362"}],"wp:attachment":[{"href":"https:\/\/lightweb.dev\/l\/svm-temp\/wp-json\/wp\/v2\/media?parent=28361"}],"wp:term":[{"taxonomy":"category","embeddable":true,"href":"https:\/\/lightweb.dev\/l\/svm-temp\/wp-json\/wp\/v2\/categories?post=28361"},{"taxonomy":"post_tag","embeddable":true,"href":"https:\/\/lightweb.dev\/l\/svm-temp\/wp-json\/wp\/v2\/tags?post=28361"}],"curies":[{"name":"wp","href":"https:\/\/api.w.org\/{rel}","templated":true}]}}