{"id":28364,"date":"2013-12-03T00:00:00","date_gmt":"2013-12-02T23:00:00","guid":{"rendered":"https:\/\/lightweb.dev\/l\/svm-temp\/nyheter\/mantalsskrivningskampanjer-dorr-till-dorr-i-full-gang\/"},"modified":"2013-12-03T00:00:00","modified_gmt":"2013-12-02T23:00:00","slug":"mantalsskrivningskampanjer-dorr-till-dorr-i-full-gang","status":"publish","type":"post","link":"https:\/\/lightweb.dev\/l\/svm-temp\/nyheter\/mantalsskrivningskampanjer-dorr-till-dorr-i-full-gang\/","title":{"rendered":"Mantalsskrivningskampanjer \u201dd\u00f6rr till d\u00f6rr\u201d i full g\u00e5ng"},"content":{"rendered":"<p> Fuengirola, Marbella, Benalm\u00e1dena och V\u00e9lez M\u00e1laga \u00e4r n\u00e5gra av de kommuner p\u00e5 Costa del Sol som i nul\u00e4get har kampanjer f\u00f6r att f\u00e5 utl\u00e4nningar att mantalsskriva sig (empadronados).<\/p>\n<p>Ett svenskt par i Fuengirola kontaktade nyligen Svenska Magasinet f\u00f6r att ber\u00e4tta att de hade f\u00e5tt bes\u00f6k av tv\u00e5 personer fr\u00e5n kommunen. I Fuengirola p\u00e5g\u00e5r en kampanj \u201dd\u00f6rr till d\u00f6rr\u201d f\u00f6r att f\u00e5 utl\u00e4nningar att mantalsskriva sig.<\/p>\n<p>Mantalsskrivningen g\u00f6rs vartannat \u00e5r och \u00e4r viktig f\u00f6r kommunerna d\u00e5 befolkningsunderlaget har att g\u00f6ra med hur mycket statliga bidrag de \u00e4r ber\u00e4ttigade till. Antalet skolplatser, poliser, v\u00e5rdcentraler och andra viktiga samh\u00e4llsfunktioner har att g\u00f6ra med hur m\u00e5nga som \u00e4r mantalsskrivna.<\/p>\n<p>Enligt kommunens egna ber\u00e4kningar har Marbella runt 220.000 inv\u00e5nare men endast 147.946 av dessa \u00e4r mantalsskrivna. 43.396 av dessa \u00e4r utl\u00e4nningar. Ett tjugotal personer fr\u00e5n Marbella kommun g\u00e5r nu f\u00f6r \u201dd\u00f6rr till d\u00f6rr\u201d f\u00f6r att f\u00e5 utl\u00e4nningar att mantalsskriva sig.<\/p>\n<p>I V\u00e9lez M\u00e1laga hoppas man passera 80.000-strecket. I nul\u00e4get har kommunen 78.467 inv\u00e5nare som \u00e4r mantalsskrivna. <\/p>\n","protected":false},"excerpt":{"rendered":"<p>Fuengirola, Marbella, Benalm\u00e1dena och V\u00e9lez M\u00e1laga \u00e4r n\u00e5gra av de kommuner p\u00e5 Costa del Sol som i nul\u00e4get har kampanjer f\u00f6r att f\u00e5 utl\u00e4nningar att mantalsskriva sig (empadronados). Ett svenskt par i Fuengirola kontaktade nyligen Svenska Magasinet f\u00f6r att ber\u00e4tta att de hade f\u00e5tt bes\u00f6k av tv\u00e5 personer fr\u00e5n kommunen. I Fuengirola p\u00e5g\u00e5r en kampanj [&hellip;]<\/p>\n","protected":false},"author":8,"featured_media":28368,"comment_status":"open","ping_status":"open","sticky":false,"template":"","format":"standard","meta":{"_et_pb_use_builder":"","_et_pb_old_content":"","_et_gb_content_width":"","footnotes":""},"categories":[395,3],"tags":[],"class_list":["post-28364","post","type-post","status-publish","format-standard","has-post-thumbnail","hentry","category-arkiv-nyheter","category-nyheter"],"yoast_head":"<!-- This site is optimized with the Yoast SEO Premium plugin v26.2 (Yoast SEO v27.4) - https:\/\/yoast.com\/product\/yoast-seo-premium-wordpress\/ -->\n<title>Mantalsskrivningskampanjer \u201dd\u00f6rr till d\u00f6rr\u201d i full g\u00e5ng - Svenska Magasinet<\/title>\n<meta name=\"robots\" content=\"noindex, follow, max-snippet:-1, max-image-preview:large, max-video-preview:-1\" \/>\n<meta property=\"og:locale\" content=\"sv_SE\" \/>\n<meta property=\"og:type\" content=\"article\" \/>\n<meta property=\"og:title\" content=\"Mantalsskrivningskampanjer \u201dd\u00f6rr till d\u00f6rr\u201d i full g\u00e5ng\" \/>\n<meta property=\"og:description\" content=\"Fuengirola, Marbella, Benalm\u00e1dena och V\u00e9lez M\u00e1laga \u00e4r n\u00e5gra av de kommuner p\u00e5 Costa del Sol som i nul\u00e4get har kampanjer f\u00f6r att f\u00e5 utl\u00e4nningar att mantalsskriva sig (empadronados). Ett svenskt par i Fuengirola kontaktade nyligen Svenska Magasinet f\u00f6r att ber\u00e4tta att de hade f\u00e5tt bes\u00f6k av tv\u00e5 personer fr\u00e5n kommunen. I Fuengirola p\u00e5g\u00e5r en kampanj [&hellip;]\" \/>\n<meta property=\"og:url\" content=\"https:\/\/lightweb.dev\/l\/svm-temp\/nyheter\/mantalsskrivningskampanjer-dorr-till-dorr-i-full-gang\/\" \/>\n<meta property=\"og:site_name\" content=\"Svenska Magasinet\" \/>\n<meta property=\"article:publisher\" content=\"https:\/\/www.facebook.com\/svenskamagasinet\" \/>\n<meta property=\"article:published_time\" content=\"2013-12-02T23:00:00+00:00\" \/>\n<meta name=\"author\" content=\"Redaktionen SvM\" \/>\n<meta name=\"twitter:card\" content=\"summary_large_image\" \/>\n<meta name=\"twitter:creator\" content=\"@SvenskaMagasine\" \/>\n<meta name=\"twitter:site\" content=\"@SvenskaMagasine\" \/>\n<script type=\"application\/ld+json\" class=\"yoast-schema-graph\">{\"@context\":\"https:\\\/\\\/schema.org\",\"@graph\":[{\"@type\":\"Article\",\"@id\":\"https:\\\/\\\/lightweb.dev\\\/l\\\/svm-temp\\\/nyheter\\\/mantalsskrivningskampanjer-dorr-till-dorr-i-full-gang\\\/#article\",\"isPartOf\":{\"@id\":\"https:\\\/\\\/lightweb.dev\\\/l\\\/svm-temp\\\/nyheter\\\/mantalsskrivningskampanjer-dorr-till-dorr-i-full-gang\\\/\"},\"author\":{\"name\":\"Redaktionen SvM\",\"@id\":\"https:\\\/\\\/lightweb.dev\\\/l\\\/svm-temp\\\/#\\\/schema\\\/person\\\/206a3bda5b607b0c25e1749191e4d837\"},\"headline\":\"Mantalsskrivningskampanjer \u201dd\u00f6rr till d\u00f6rr\u201d i full g\u00e5ng\",\"datePublished\":\"2013-12-02T23:00:00+00:00\",\"mainEntityOfPage\":{\"@id\":\"https:\\\/\\\/lightweb.dev\\\/l\\\/svm-temp\\\/nyheter\\\/mantalsskrivningskampanjer-dorr-till-dorr-i-full-gang\\\/\"},\"wordCount\":207,\"commentCount\":0,\"publisher\":{\"@id\":\"https:\\\/\\\/lightweb.dev\\\/l\\\/svm-temp\\\/#organization\"},\"image\":{\"@id\":\"https:\\\/\\\/lightweb.dev\\\/l\\\/svm-temp\\\/nyheter\\\/mantalsskrivningskampanjer-dorr-till-dorr-i-full-gang\\\/#primaryimage\"},\"thumbnailUrl\":\"https:\\\/\\\/lightweb.dev\\\/l\\\/svm-temp\\\/wp-content\\\/uploads\\\/2022\\\/06\\\/mantalsskrivningskampanjer-dorr-till-dorr-i-full-gang.png\",\"articleSection\":[\"Arkiv\",\"Nyheter\"],\"inLanguage\":\"sv-SE\"},{\"@type\":\"WebPage\",\"@id\":\"https:\\\/\\\/lightweb.dev\\\/l\\\/svm-temp\\\/nyheter\\\/mantalsskrivningskampanjer-dorr-till-dorr-i-full-gang\\\/\",\"url\":\"https:\\\/\\\/lightweb.dev\\\/l\\\/svm-temp\\\/nyheter\\\/mantalsskrivningskampanjer-dorr-till-dorr-i-full-gang\\\/\",\"name\":\"Mantalsskrivningskampanjer \u201dd\u00f6rr till d\u00f6rr\u201d i full g\u00e5ng - Svenska Magasinet\",\"isPartOf\":{\"@id\":\"https:\\\/\\\/lightweb.dev\\\/l\\\/svm-temp\\\/#website\"},\"primaryImageOfPage\":{\"@id\":\"https:\\\/\\\/lightweb.dev\\\/l\\\/svm-temp\\\/nyheter\\\/mantalsskrivningskampanjer-dorr-till-dorr-i-full-gang\\\/#primaryimage\"},\"image\":{\"@id\":\"https:\\\/\\\/lightweb.dev\\\/l\\\/svm-temp\\\/nyheter\\\/mantalsskrivningskampanjer-dorr-till-dorr-i-full-gang\\\/#primaryimage\"},\"thumbnailUrl\":\"https:\\\/\\\/lightweb.dev\\\/l\\\/svm-temp\\\/wp-content\\\/uploads\\\/2022\\\/06\\\/mantalsskrivningskampanjer-dorr-till-dorr-i-full-gang.png\",\"datePublished\":\"2013-12-02T23:00:00+00:00\",\"breadcrumb\":{\"@id\":\"https:\\\/\\\/lightweb.dev\\\/l\\\/svm-temp\\\/nyheter\\\/mantalsskrivningskampanjer-dorr-till-dorr-i-full-gang\\\/#breadcrumb\"},\"inLanguage\":\"sv-SE\",\"potentialAction\":[{\"@type\":\"ReadAction\",\"target\":[\"https:\\\/\\\/lightweb.dev\\\/l\\\/svm-temp\\\/nyheter\\\/mantalsskrivningskampanjer-dorr-till-dorr-i-full-gang\\\/\"]}]},{\"@type\":\"ImageObject\",\"inLanguage\":\"sv-SE\",\"@id\":\"https:\\\/\\\/lightweb.dev\\\/l\\\/svm-temp\\\/nyheter\\\/mantalsskrivningskampanjer-dorr-till-dorr-i-full-gang\\\/#primaryimage\",\"url\":\"https:\\\/\\\/lightweb.dev\\\/l\\\/svm-temp\\\/wp-content\\\/uploads\\\/2022\\\/06\\\/mantalsskrivningskampanjer-dorr-till-dorr-i-full-gang.png\",\"contentUrl\":\"https:\\\/\\\/lightweb.dev\\\/l\\\/svm-temp\\\/wp-content\\\/uploads\\\/2022\\\/06\\\/mantalsskrivningskampanjer-dorr-till-dorr-i-full-gang.png\",\"width\":280,\"height\":210},{\"@type\":\"BreadcrumbList\",\"@id\":\"https:\\\/\\\/lightweb.dev\\\/l\\\/svm-temp\\\/nyheter\\\/mantalsskrivningskampanjer-dorr-till-dorr-i-full-gang\\\/#breadcrumb\",\"itemListElement\":[{\"@type\":\"ListItem\",\"position\":1,\"name\":\"Hem\",\"item\":\"https:\\\/\\\/lightweb.dev\\\/l\\\/svm-temp\\\/\"},{\"@type\":\"ListItem\",\"position\":2,\"name\":\"Mantalsskrivningskampanjer \u201dd\u00f6rr till d\u00f6rr\u201d i full g\u00e5ng\"}]},{\"@type\":\"WebSite\",\"@id\":\"https:\\\/\\\/lightweb.dev\\\/l\\\/svm-temp\\\/#website\",\"url\":\"https:\\\/\\\/lightweb.dev\\\/l\\\/svm-temp\\\/\",\"name\":\"Svenska Magasinet\",\"description\":\"Dina Spanska nyheter p&aring; Svenska\",\"publisher\":{\"@id\":\"https:\\\/\\\/lightweb.dev\\\/l\\\/svm-temp\\\/#organization\"},\"potentialAction\":[{\"@type\":\"SearchAction\",\"target\":{\"@type\":\"EntryPoint\",\"urlTemplate\":\"https:\\\/\\\/lightweb.dev\\\/l\\\/svm-temp\\\/?s={search_term_string}\"},\"query-input\":{\"@type\":\"PropertyValueSpecification\",\"valueRequired\":true,\"valueName\":\"search_term_string\"}}],\"inLanguage\":\"sv-SE\"},{\"@type\":\"Organization\",\"@id\":\"https:\\\/\\\/lightweb.dev\\\/l\\\/svm-temp\\\/#organization\",\"name\":\"Melkerson y Nott SL\",\"alternateName\":\"Svenska Magasinet\",\"url\":\"https:\\\/\\\/lightweb.dev\\\/l\\\/svm-temp\\\/\",\"logo\":{\"@type\":\"ImageObject\",\"inLanguage\":\"sv-SE\",\"@id\":\"https:\\\/\\\/lightweb.dev\\\/l\\\/svm-temp\\\/#\\\/schema\\\/logo\\\/image\\\/\",\"url\":\"https:\\\/\\\/lightweb.dev\\\/l\\\/svm-temp\\\/wp-content\\\/uploads\\\/2025\\\/02\\\/SvM-logo-Xtra-Centrerad-SVART.png\",\"contentUrl\":\"https:\\\/\\\/lightweb.dev\\\/l\\\/svm-temp\\\/wp-content\\\/uploads\\\/2025\\\/02\\\/SvM-logo-Xtra-Centrerad-SVART.png\",\"width\":300,\"height\":99,\"caption\":\"Melkerson y Nott SL\"},\"image\":{\"@id\":\"https:\\\/\\\/lightweb.dev\\\/l\\\/svm-temp\\\/#\\\/schema\\\/logo\\\/image\\\/\"},\"sameAs\":[\"https:\\\/\\\/www.facebook.com\\\/svenskamagasinet\",\"https:\\\/\\\/x.com\\\/SvenskaMagasine\"]},{\"@type\":\"Person\",\"@id\":\"https:\\\/\\\/lightweb.dev\\\/l\\\/svm-temp\\\/#\\\/schema\\\/person\\\/206a3bda5b607b0c25e1749191e4d837\",\"name\":\"Redaktionen SvM\",\"description\":\"Redaktionen\",\"sameAs\":[\"https:\\\/\\\/lightweb.dev\\\/l\\\/svm-temp\"],\"url\":\"https:\\\/\\\/lightweb.dev\\\/l\\\/svm-temp\\\/reporter\\\/redaktionen\\\/\"}]}<\/script>\n<!-- \/ Yoast SEO Premium plugin. -->","yoast_head_json":{"title":"Mantalsskrivningskampanjer \u201dd\u00f6rr till d\u00f6rr\u201d i full g\u00e5ng - Svenska Magasinet","robots":{"index":"noindex","follow":"follow","max-snippet":"max-snippet:-1","max-image-preview":"max-image-preview:large","max-video-preview":"max-video-preview:-1"},"og_locale":"sv_SE","og_type":"article","og_title":"Mantalsskrivningskampanjer \u201dd\u00f6rr till d\u00f6rr\u201d i full g\u00e5ng","og_description":"Fuengirola, Marbella, Benalm\u00e1dena och V\u00e9lez M\u00e1laga \u00e4r n\u00e5gra av de kommuner p\u00e5 Costa del Sol som i nul\u00e4get har kampanjer f\u00f6r att f\u00e5 utl\u00e4nningar att mantalsskriva sig (empadronados). Ett svenskt par i Fuengirola kontaktade nyligen Svenska Magasinet f\u00f6r att ber\u00e4tta att de hade f\u00e5tt bes\u00f6k av tv\u00e5 personer fr\u00e5n kommunen. I Fuengirola p\u00e5g\u00e5r en kampanj [&hellip;]","og_url":"https:\/\/lightweb.dev\/l\/svm-temp\/nyheter\/mantalsskrivningskampanjer-dorr-till-dorr-i-full-gang\/","og_site_name":"Svenska Magasinet","article_publisher":"https:\/\/www.facebook.com\/svenskamagasinet","article_published_time":"2013-12-02T23:00:00+00:00","author":"Redaktionen SvM","twitter_card":"summary_large_image","twitter_creator":"@SvenskaMagasine","twitter_site":"@SvenskaMagasine","schema":{"@context":"https:\/\/schema.org","@graph":[{"@type":"Article","@id":"https:\/\/lightweb.dev\/l\/svm-temp\/nyheter\/mantalsskrivningskampanjer-dorr-till-dorr-i-full-gang\/#article","isPartOf":{"@id":"https:\/\/lightweb.dev\/l\/svm-temp\/nyheter\/mantalsskrivningskampanjer-dorr-till-dorr-i-full-gang\/"},"author":{"name":"Redaktionen SvM","@id":"https:\/\/lightweb.dev\/l\/svm-temp\/#\/schema\/person\/206a3bda5b607b0c25e1749191e4d837"},"headline":"Mantalsskrivningskampanjer \u201dd\u00f6rr till d\u00f6rr\u201d i full g\u00e5ng","datePublished":"2013-12-02T23:00:00+00:00","mainEntityOfPage":{"@id":"https:\/\/lightweb.dev\/l\/svm-temp\/nyheter\/mantalsskrivningskampanjer-dorr-till-dorr-i-full-gang\/"},"wordCount":207,"commentCount":0,"publisher":{"@id":"https:\/\/lightweb.dev\/l\/svm-temp\/#organization"},"image":{"@id":"https:\/\/lightweb.dev\/l\/svm-temp\/nyheter\/mantalsskrivningskampanjer-dorr-till-dorr-i-full-gang\/#primaryimage"},"thumbnailUrl":"https:\/\/lightweb.dev\/l\/svm-temp\/wp-content\/uploads\/2022\/06\/mantalsskrivningskampanjer-dorr-till-dorr-i-full-gang.png","articleSection":["Arkiv","Nyheter"],"inLanguage":"sv-SE"},{"@type":"WebPage","@id":"https:\/\/lightweb.dev\/l\/svm-temp\/nyheter\/mantalsskrivningskampanjer-dorr-till-dorr-i-full-gang\/","url":"https:\/\/lightweb.dev\/l\/svm-temp\/nyheter\/mantalsskrivningskampanjer-dorr-till-dorr-i-full-gang\/","name":"Mantalsskrivningskampanjer \u201dd\u00f6rr till d\u00f6rr\u201d i full g\u00e5ng - Svenska Magasinet","isPartOf":{"@id":"https:\/\/lightweb.dev\/l\/svm-temp\/#website"},"primaryImageOfPage":{"@id":"https:\/\/lightweb.dev\/l\/svm-temp\/nyheter\/mantalsskrivningskampanjer-dorr-till-dorr-i-full-gang\/#primaryimage"},"image":{"@id":"https:\/\/lightweb.dev\/l\/svm-temp\/nyheter\/mantalsskrivningskampanjer-dorr-till-dorr-i-full-gang\/#primaryimage"},"thumbnailUrl":"https:\/\/lightweb.dev\/l\/svm-temp\/wp-content\/uploads\/2022\/06\/mantalsskrivningskampanjer-dorr-till-dorr-i-full-gang.png","datePublished":"2013-12-02T23:00:00+00:00","breadcrumb":{"@id":"https:\/\/lightweb.dev\/l\/svm-temp\/nyheter\/mantalsskrivningskampanjer-dorr-till-dorr-i-full-gang\/#breadcrumb"},"inLanguage":"sv-SE","potentialAction":[{"@type":"ReadAction","target":["https:\/\/lightweb.dev\/l\/svm-temp\/nyheter\/mantalsskrivningskampanjer-dorr-till-dorr-i-full-gang\/"]}]},{"@type":"ImageObject","inLanguage":"sv-SE","@id":"https:\/\/lightweb.dev\/l\/svm-temp\/nyheter\/mantalsskrivningskampanjer-dorr-till-dorr-i-full-gang\/#primaryimage","url":"https:\/\/lightweb.dev\/l\/svm-temp\/wp-content\/uploads\/2022\/06\/mantalsskrivningskampanjer-dorr-till-dorr-i-full-gang.png","contentUrl":"https:\/\/lightweb.dev\/l\/svm-temp\/wp-content\/uploads\/2022\/06\/mantalsskrivningskampanjer-dorr-till-dorr-i-full-gang.png","width":280,"height":210},{"@type":"BreadcrumbList","@id":"https:\/\/lightweb.dev\/l\/svm-temp\/nyheter\/mantalsskrivningskampanjer-dorr-till-dorr-i-full-gang\/#breadcrumb","itemListElement":[{"@type":"ListItem","position":1,"name":"Hem","item":"https:\/\/lightweb.dev\/l\/svm-temp\/"},{"@type":"ListItem","position":2,"name":"Mantalsskrivningskampanjer \u201dd\u00f6rr till d\u00f6rr\u201d i full g\u00e5ng"}]},{"@type":"WebSite","@id":"https:\/\/lightweb.dev\/l\/svm-temp\/#website","url":"https:\/\/lightweb.dev\/l\/svm-temp\/","name":"Svenska Magasinet","description":"Dina Spanska nyheter p&aring; Svenska","publisher":{"@id":"https:\/\/lightweb.dev\/l\/svm-temp\/#organization"},"potentialAction":[{"@type":"SearchAction","target":{"@type":"EntryPoint","urlTemplate":"https:\/\/lightweb.dev\/l\/svm-temp\/?s={search_term_string}"},"query-input":{"@type":"PropertyValueSpecification","valueRequired":true,"valueName":"search_term_string"}}],"inLanguage":"sv-SE"},{"@type":"Organization","@id":"https:\/\/lightweb.dev\/l\/svm-temp\/#organization","name":"Melkerson y Nott SL","alternateName":"Svenska Magasinet","url":"https:\/\/lightweb.dev\/l\/svm-temp\/","logo":{"@type":"ImageObject","inLanguage":"sv-SE","@id":"https:\/\/lightweb.dev\/l\/svm-temp\/#\/schema\/logo\/image\/","url":"https:\/\/lightweb.dev\/l\/svm-temp\/wp-content\/uploads\/2025\/02\/SvM-logo-Xtra-Centrerad-SVART.png","contentUrl":"https:\/\/lightweb.dev\/l\/svm-temp\/wp-content\/uploads\/2025\/02\/SvM-logo-Xtra-Centrerad-SVART.png","width":300,"height":99,"caption":"Melkerson y Nott SL"},"image":{"@id":"https:\/\/lightweb.dev\/l\/svm-temp\/#\/schema\/logo\/image\/"},"sameAs":["https:\/\/www.facebook.com\/svenskamagasinet","https:\/\/x.com\/SvenskaMagasine"]},{"@type":"Person","@id":"https:\/\/lightweb.dev\/l\/svm-temp\/#\/schema\/person\/206a3bda5b607b0c25e1749191e4d837","name":"Redaktionen SvM","description":"Redaktionen","sameAs":["https:\/\/lightweb.dev\/l\/svm-temp"],"url":"https:\/\/lightweb.dev\/l\/svm-temp\/reporter\/redaktionen\/"}]}},"_links":{"self":[{"href":"https:\/\/lightweb.dev\/l\/svm-temp\/wp-json\/wp\/v2\/posts\/28364","targetHints":{"allow":["GET"]}}],"collection":[{"href":"https:\/\/lightweb.dev\/l\/svm-temp\/wp-json\/wp\/v2\/posts"}],"about":[{"href":"https:\/\/lightweb.dev\/l\/svm-temp\/wp-json\/wp\/v2\/types\/post"}],"author":[{"embeddable":true,"href":"https:\/\/lightweb.dev\/l\/svm-temp\/wp-json\/wp\/v2\/users\/8"}],"replies":[{"embeddable":true,"href":"https:\/\/lightweb.dev\/l\/svm-temp\/wp-json\/wp\/v2\/comments?post=28364"}],"version-history":[{"count":0,"href":"https:\/\/lightweb.dev\/l\/svm-temp\/wp-json\/wp\/v2\/posts\/28364\/revisions"}],"wp:featuredmedia":[{"embeddable":true,"href":"https:\/\/lightweb.dev\/l\/svm-temp\/wp-json\/wp\/v2\/media\/28368"}],"wp:attachment":[{"href":"https:\/\/lightweb.dev\/l\/svm-temp\/wp-json\/wp\/v2\/media?parent=28364"}],"wp:term":[{"taxonomy":"category","embeddable":true,"href":"https:\/\/lightweb.dev\/l\/svm-temp\/wp-json\/wp\/v2\/categories?post=28364"},{"taxonomy":"post_tag","embeddable":true,"href":"https:\/\/lightweb.dev\/l\/svm-temp\/wp-json\/wp\/v2\/tags?post=28364"}],"curies":[{"name":"wp","href":"https:\/\/api.w.org\/{rel}","templated":true}]}}