{"id":28373,"date":"2013-12-03T00:00:00","date_gmt":"2013-12-02T23:00:00","guid":{"rendered":"https:\/\/lightweb.dev\/l\/svm-temp\/nyheter\/arbetslosheten-minskar-i-spanien-och-granada-men-okar-i-provinsen-malaga\/"},"modified":"2013-12-03T00:00:00","modified_gmt":"2013-12-02T23:00:00","slug":"arbetslosheten-minskar-i-spanien-och-granada-men-okar-i-provinsen-malaga","status":"publish","type":"post","link":"https:\/\/lightweb.dev\/l\/svm-temp\/nyheter\/arbetslosheten-minskar-i-spanien-och-granada-men-okar-i-provinsen-malaga\/","title":{"rendered":"Arbetsl\u00f6sheten minskar i Spanien och Granada \u2013 men \u00f6kar i provinsen M\u00e1laga"},"content":{"rendered":"<p> F\u00f6r f\u00f6rsta g\u00e5ngen p\u00e5 17 \u00e5r minskade arbetsl\u00f6sheten i november. Antalet registrerade arbetsl\u00f6sa i Spanien minskade med 2.475 personer i november. Det \u00e4r f\u00f6rsta novemberm\u00e5naden sedan 1996 som arbetsl\u00f6sheten minskar.<\/p>\n<p>I nul\u00e4get \u00e4r 4.808.908 personer registrerade som arbetsl\u00f6sa i Spanien. P\u00e5 \u00e5rsbasis har arbetsl\u00f6sheten minskat med 98.909 personer eller 2,02 procent.<\/p>\n<p>Provinsen M\u00e1laga g\u00e5r emot str\u00f6mmen. H\u00e4r \u00f6kade arbetsl\u00f6sheten mest av Spaniens provinser. Under november blev 1.669 personer arbetsl\u00f6sa. Det visar siffror fr\u00e5n Servicio P\u00fablico de Empleo Estatal.<\/p>\n<p>Antalet personer utan arbete i provinsen M\u00e1laga \u00e4r i dagsl\u00e4get 204.850 j\u00e4mf\u00f6rt med 203.181 i oktober.<\/p>\n<p>I provinsen Granada dit Almu\u00f1\u00e9car och Costa Tropical tillh\u00f6r minskade arbetsl\u00f6sheten med 914 personer till 104.951 personer. P\u00e5 ett \u00e5r har antalet arbetsl\u00f6sa i provinsen Granada minskat med 7.299 personer. <\/p>\n","protected":false},"excerpt":{"rendered":"<p>F\u00f6r f\u00f6rsta g\u00e5ngen p\u00e5 17 \u00e5r minskade arbetsl\u00f6sheten i november. Antalet registrerade arbetsl\u00f6sa i Spanien minskade med 2.475 personer i november. Det \u00e4r f\u00f6rsta novemberm\u00e5naden sedan 1996 som arbetsl\u00f6sheten minskar. I nul\u00e4get \u00e4r 4.808.908 personer registrerade som arbetsl\u00f6sa i Spanien. P\u00e5 \u00e5rsbasis har arbetsl\u00f6sheten minskat med 98.909 personer eller 2,02 procent. Provinsen M\u00e1laga g\u00e5r emot [&hellip;]<\/p>\n","protected":false},"author":8,"featured_media":28376,"comment_status":"open","ping_status":"open","sticky":false,"template":"","format":"standard","meta":{"_et_pb_use_builder":"","_et_pb_old_content":"","_et_gb_content_width":"","footnotes":""},"categories":[395,3],"tags":[],"class_list":["post-28373","post","type-post","status-publish","format-standard","has-post-thumbnail","hentry","category-arkiv-nyheter","category-nyheter"],"yoast_head":"<!-- This site is optimized with the Yoast SEO Premium plugin v26.2 (Yoast SEO v27.4) - https:\/\/yoast.com\/product\/yoast-seo-premium-wordpress\/ -->\n<title>Arbetsl\u00f6sheten minskar i Spanien och Granada \u2013 men \u00f6kar i provinsen M\u00e1laga - Svenska Magasinet<\/title>\n<meta name=\"robots\" content=\"noindex, follow, max-snippet:-1, max-image-preview:large, max-video-preview:-1\" \/>\n<meta property=\"og:locale\" content=\"sv_SE\" \/>\n<meta property=\"og:type\" content=\"article\" \/>\n<meta property=\"og:title\" content=\"Arbetsl\u00f6sheten minskar i Spanien och Granada \u2013 men \u00f6kar i provinsen M\u00e1laga\" \/>\n<meta property=\"og:description\" content=\"F\u00f6r f\u00f6rsta g\u00e5ngen p\u00e5 17 \u00e5r minskade arbetsl\u00f6sheten i november. Antalet registrerade arbetsl\u00f6sa i Spanien minskade med 2.475 personer i november. Det \u00e4r f\u00f6rsta novemberm\u00e5naden sedan 1996 som arbetsl\u00f6sheten minskar. I nul\u00e4get \u00e4r 4.808.908 personer registrerade som arbetsl\u00f6sa i Spanien. P\u00e5 \u00e5rsbasis har arbetsl\u00f6sheten minskat med 98.909 personer eller 2,02 procent. Provinsen M\u00e1laga g\u00e5r emot [&hellip;]\" \/>\n<meta property=\"og:url\" content=\"https:\/\/lightweb.dev\/l\/svm-temp\/nyheter\/arbetslosheten-minskar-i-spanien-och-granada-men-okar-i-provinsen-malaga\/\" \/>\n<meta property=\"og:site_name\" content=\"Svenska Magasinet\" \/>\n<meta property=\"article:publisher\" content=\"https:\/\/www.facebook.com\/svenskamagasinet\" \/>\n<meta property=\"article:published_time\" content=\"2013-12-02T23:00:00+00:00\" \/>\n<meta name=\"author\" content=\"Redaktionen SvM\" \/>\n<meta name=\"twitter:card\" content=\"summary_large_image\" \/>\n<meta name=\"twitter:creator\" content=\"@SvenskaMagasine\" \/>\n<meta name=\"twitter:site\" content=\"@SvenskaMagasine\" \/>\n<script type=\"application\/ld+json\" class=\"yoast-schema-graph\">{\"@context\":\"https:\\\/\\\/schema.org\",\"@graph\":[{\"@type\":\"Article\",\"@id\":\"https:\\\/\\\/lightweb.dev\\\/l\\\/svm-temp\\\/nyheter\\\/arbetslosheten-minskar-i-spanien-och-granada-men-okar-i-provinsen-malaga\\\/#article\",\"isPartOf\":{\"@id\":\"https:\\\/\\\/lightweb.dev\\\/l\\\/svm-temp\\\/nyheter\\\/arbetslosheten-minskar-i-spanien-och-granada-men-okar-i-provinsen-malaga\\\/\"},\"author\":{\"name\":\"Redaktionen SvM\",\"@id\":\"https:\\\/\\\/lightweb.dev\\\/l\\\/svm-temp\\\/#\\\/schema\\\/person\\\/206a3bda5b607b0c25e1749191e4d837\"},\"headline\":\"Arbetsl\u00f6sheten minskar i Spanien och Granada \u2013 men \u00f6kar i provinsen M\u00e1laga\",\"datePublished\":\"2013-12-02T23:00:00+00:00\",\"mainEntityOfPage\":{\"@id\":\"https:\\\/\\\/lightweb.dev\\\/l\\\/svm-temp\\\/nyheter\\\/arbetslosheten-minskar-i-spanien-och-granada-men-okar-i-provinsen-malaga\\\/\"},\"wordCount\":152,\"commentCount\":0,\"publisher\":{\"@id\":\"https:\\\/\\\/lightweb.dev\\\/l\\\/svm-temp\\\/#organization\"},\"image\":{\"@id\":\"https:\\\/\\\/lightweb.dev\\\/l\\\/svm-temp\\\/nyheter\\\/arbetslosheten-minskar-i-spanien-och-granada-men-okar-i-provinsen-malaga\\\/#primaryimage\"},\"thumbnailUrl\":\"https:\\\/\\\/lightweb.dev\\\/l\\\/svm-temp\\\/wp-content\\\/uploads\\\/2022\\\/06\\\/arbetslosheten-minskar-i-spanien-och-granada-men-okar-i-provinsen-malaga.png\",\"articleSection\":[\"Arkiv\",\"Nyheter\"],\"inLanguage\":\"sv-SE\"},{\"@type\":\"WebPage\",\"@id\":\"https:\\\/\\\/lightweb.dev\\\/l\\\/svm-temp\\\/nyheter\\\/arbetslosheten-minskar-i-spanien-och-granada-men-okar-i-provinsen-malaga\\\/\",\"url\":\"https:\\\/\\\/lightweb.dev\\\/l\\\/svm-temp\\\/nyheter\\\/arbetslosheten-minskar-i-spanien-och-granada-men-okar-i-provinsen-malaga\\\/\",\"name\":\"Arbetsl\u00f6sheten minskar i Spanien och Granada \u2013 men \u00f6kar i provinsen M\u00e1laga - Svenska Magasinet\",\"isPartOf\":{\"@id\":\"https:\\\/\\\/lightweb.dev\\\/l\\\/svm-temp\\\/#website\"},\"primaryImageOfPage\":{\"@id\":\"https:\\\/\\\/lightweb.dev\\\/l\\\/svm-temp\\\/nyheter\\\/arbetslosheten-minskar-i-spanien-och-granada-men-okar-i-provinsen-malaga\\\/#primaryimage\"},\"image\":{\"@id\":\"https:\\\/\\\/lightweb.dev\\\/l\\\/svm-temp\\\/nyheter\\\/arbetslosheten-minskar-i-spanien-och-granada-men-okar-i-provinsen-malaga\\\/#primaryimage\"},\"thumbnailUrl\":\"https:\\\/\\\/lightweb.dev\\\/l\\\/svm-temp\\\/wp-content\\\/uploads\\\/2022\\\/06\\\/arbetslosheten-minskar-i-spanien-och-granada-men-okar-i-provinsen-malaga.png\",\"datePublished\":\"2013-12-02T23:00:00+00:00\",\"breadcrumb\":{\"@id\":\"https:\\\/\\\/lightweb.dev\\\/l\\\/svm-temp\\\/nyheter\\\/arbetslosheten-minskar-i-spanien-och-granada-men-okar-i-provinsen-malaga\\\/#breadcrumb\"},\"inLanguage\":\"sv-SE\",\"potentialAction\":[{\"@type\":\"ReadAction\",\"target\":[\"https:\\\/\\\/lightweb.dev\\\/l\\\/svm-temp\\\/nyheter\\\/arbetslosheten-minskar-i-spanien-och-granada-men-okar-i-provinsen-malaga\\\/\"]}]},{\"@type\":\"ImageObject\",\"inLanguage\":\"sv-SE\",\"@id\":\"https:\\\/\\\/lightweb.dev\\\/l\\\/svm-temp\\\/nyheter\\\/arbetslosheten-minskar-i-spanien-och-granada-men-okar-i-provinsen-malaga\\\/#primaryimage\",\"url\":\"https:\\\/\\\/lightweb.dev\\\/l\\\/svm-temp\\\/wp-content\\\/uploads\\\/2022\\\/06\\\/arbetslosheten-minskar-i-spanien-och-granada-men-okar-i-provinsen-malaga.png\",\"contentUrl\":\"https:\\\/\\\/lightweb.dev\\\/l\\\/svm-temp\\\/wp-content\\\/uploads\\\/2022\\\/06\\\/arbetslosheten-minskar-i-spanien-och-granada-men-okar-i-provinsen-malaga.png\",\"width\":381,\"height\":200},{\"@type\":\"BreadcrumbList\",\"@id\":\"https:\\\/\\\/lightweb.dev\\\/l\\\/svm-temp\\\/nyheter\\\/arbetslosheten-minskar-i-spanien-och-granada-men-okar-i-provinsen-malaga\\\/#breadcrumb\",\"itemListElement\":[{\"@type\":\"ListItem\",\"position\":1,\"name\":\"Hem\",\"item\":\"https:\\\/\\\/lightweb.dev\\\/l\\\/svm-temp\\\/\"},{\"@type\":\"ListItem\",\"position\":2,\"name\":\"Arbetsl\u00f6sheten minskar i Spanien och Granada \u2013 men \u00f6kar i provinsen M\u00e1laga\"}]},{\"@type\":\"WebSite\",\"@id\":\"https:\\\/\\\/lightweb.dev\\\/l\\\/svm-temp\\\/#website\",\"url\":\"https:\\\/\\\/lightweb.dev\\\/l\\\/svm-temp\\\/\",\"name\":\"Svenska Magasinet\",\"description\":\"Dina Spanska nyheter p&aring; Svenska\",\"publisher\":{\"@id\":\"https:\\\/\\\/lightweb.dev\\\/l\\\/svm-temp\\\/#organization\"},\"potentialAction\":[{\"@type\":\"SearchAction\",\"target\":{\"@type\":\"EntryPoint\",\"urlTemplate\":\"https:\\\/\\\/lightweb.dev\\\/l\\\/svm-temp\\\/?s={search_term_string}\"},\"query-input\":{\"@type\":\"PropertyValueSpecification\",\"valueRequired\":true,\"valueName\":\"search_term_string\"}}],\"inLanguage\":\"sv-SE\"},{\"@type\":\"Organization\",\"@id\":\"https:\\\/\\\/lightweb.dev\\\/l\\\/svm-temp\\\/#organization\",\"name\":\"Melkerson y Nott SL\",\"alternateName\":\"Svenska Magasinet\",\"url\":\"https:\\\/\\\/lightweb.dev\\\/l\\\/svm-temp\\\/\",\"logo\":{\"@type\":\"ImageObject\",\"inLanguage\":\"sv-SE\",\"@id\":\"https:\\\/\\\/lightweb.dev\\\/l\\\/svm-temp\\\/#\\\/schema\\\/logo\\\/image\\\/\",\"url\":\"https:\\\/\\\/lightweb.dev\\\/l\\\/svm-temp\\\/wp-content\\\/uploads\\\/2025\\\/02\\\/SvM-logo-Xtra-Centrerad-SVART.png\",\"contentUrl\":\"https:\\\/\\\/lightweb.dev\\\/l\\\/svm-temp\\\/wp-content\\\/uploads\\\/2025\\\/02\\\/SvM-logo-Xtra-Centrerad-SVART.png\",\"width\":300,\"height\":99,\"caption\":\"Melkerson y Nott SL\"},\"image\":{\"@id\":\"https:\\\/\\\/lightweb.dev\\\/l\\\/svm-temp\\\/#\\\/schema\\\/logo\\\/image\\\/\"},\"sameAs\":[\"https:\\\/\\\/www.facebook.com\\\/svenskamagasinet\",\"https:\\\/\\\/x.com\\\/SvenskaMagasine\"]},{\"@type\":\"Person\",\"@id\":\"https:\\\/\\\/lightweb.dev\\\/l\\\/svm-temp\\\/#\\\/schema\\\/person\\\/206a3bda5b607b0c25e1749191e4d837\",\"name\":\"Redaktionen SvM\",\"description\":\"Redaktionen\",\"sameAs\":[\"https:\\\/\\\/lightweb.dev\\\/l\\\/svm-temp\"],\"url\":\"https:\\\/\\\/lightweb.dev\\\/l\\\/svm-temp\\\/reporter\\\/redaktionen\\\/\"}]}<\/script>\n<!-- \/ Yoast SEO Premium plugin. -->","yoast_head_json":{"title":"Arbetsl\u00f6sheten minskar i Spanien och Granada \u2013 men \u00f6kar i provinsen M\u00e1laga - Svenska Magasinet","robots":{"index":"noindex","follow":"follow","max-snippet":"max-snippet:-1","max-image-preview":"max-image-preview:large","max-video-preview":"max-video-preview:-1"},"og_locale":"sv_SE","og_type":"article","og_title":"Arbetsl\u00f6sheten minskar i Spanien och Granada \u2013 men \u00f6kar i provinsen M\u00e1laga","og_description":"F\u00f6r f\u00f6rsta g\u00e5ngen p\u00e5 17 \u00e5r minskade arbetsl\u00f6sheten i november. Antalet registrerade arbetsl\u00f6sa i Spanien minskade med 2.475 personer i november. Det \u00e4r f\u00f6rsta novemberm\u00e5naden sedan 1996 som arbetsl\u00f6sheten minskar. I nul\u00e4get \u00e4r 4.808.908 personer registrerade som arbetsl\u00f6sa i Spanien. P\u00e5 \u00e5rsbasis har arbetsl\u00f6sheten minskat med 98.909 personer eller 2,02 procent. Provinsen M\u00e1laga g\u00e5r emot [&hellip;]","og_url":"https:\/\/lightweb.dev\/l\/svm-temp\/nyheter\/arbetslosheten-minskar-i-spanien-och-granada-men-okar-i-provinsen-malaga\/","og_site_name":"Svenska Magasinet","article_publisher":"https:\/\/www.facebook.com\/svenskamagasinet","article_published_time":"2013-12-02T23:00:00+00:00","author":"Redaktionen SvM","twitter_card":"summary_large_image","twitter_creator":"@SvenskaMagasine","twitter_site":"@SvenskaMagasine","schema":{"@context":"https:\/\/schema.org","@graph":[{"@type":"Article","@id":"https:\/\/lightweb.dev\/l\/svm-temp\/nyheter\/arbetslosheten-minskar-i-spanien-och-granada-men-okar-i-provinsen-malaga\/#article","isPartOf":{"@id":"https:\/\/lightweb.dev\/l\/svm-temp\/nyheter\/arbetslosheten-minskar-i-spanien-och-granada-men-okar-i-provinsen-malaga\/"},"author":{"name":"Redaktionen SvM","@id":"https:\/\/lightweb.dev\/l\/svm-temp\/#\/schema\/person\/206a3bda5b607b0c25e1749191e4d837"},"headline":"Arbetsl\u00f6sheten minskar i Spanien och Granada \u2013 men \u00f6kar i provinsen M\u00e1laga","datePublished":"2013-12-02T23:00:00+00:00","mainEntityOfPage":{"@id":"https:\/\/lightweb.dev\/l\/svm-temp\/nyheter\/arbetslosheten-minskar-i-spanien-och-granada-men-okar-i-provinsen-malaga\/"},"wordCount":152,"commentCount":0,"publisher":{"@id":"https:\/\/lightweb.dev\/l\/svm-temp\/#organization"},"image":{"@id":"https:\/\/lightweb.dev\/l\/svm-temp\/nyheter\/arbetslosheten-minskar-i-spanien-och-granada-men-okar-i-provinsen-malaga\/#primaryimage"},"thumbnailUrl":"https:\/\/lightweb.dev\/l\/svm-temp\/wp-content\/uploads\/2022\/06\/arbetslosheten-minskar-i-spanien-och-granada-men-okar-i-provinsen-malaga.png","articleSection":["Arkiv","Nyheter"],"inLanguage":"sv-SE"},{"@type":"WebPage","@id":"https:\/\/lightweb.dev\/l\/svm-temp\/nyheter\/arbetslosheten-minskar-i-spanien-och-granada-men-okar-i-provinsen-malaga\/","url":"https:\/\/lightweb.dev\/l\/svm-temp\/nyheter\/arbetslosheten-minskar-i-spanien-och-granada-men-okar-i-provinsen-malaga\/","name":"Arbetsl\u00f6sheten minskar i Spanien och Granada \u2013 men \u00f6kar i provinsen M\u00e1laga - Svenska Magasinet","isPartOf":{"@id":"https:\/\/lightweb.dev\/l\/svm-temp\/#website"},"primaryImageOfPage":{"@id":"https:\/\/lightweb.dev\/l\/svm-temp\/nyheter\/arbetslosheten-minskar-i-spanien-och-granada-men-okar-i-provinsen-malaga\/#primaryimage"},"image":{"@id":"https:\/\/lightweb.dev\/l\/svm-temp\/nyheter\/arbetslosheten-minskar-i-spanien-och-granada-men-okar-i-provinsen-malaga\/#primaryimage"},"thumbnailUrl":"https:\/\/lightweb.dev\/l\/svm-temp\/wp-content\/uploads\/2022\/06\/arbetslosheten-minskar-i-spanien-och-granada-men-okar-i-provinsen-malaga.png","datePublished":"2013-12-02T23:00:00+00:00","breadcrumb":{"@id":"https:\/\/lightweb.dev\/l\/svm-temp\/nyheter\/arbetslosheten-minskar-i-spanien-och-granada-men-okar-i-provinsen-malaga\/#breadcrumb"},"inLanguage":"sv-SE","potentialAction":[{"@type":"ReadAction","target":["https:\/\/lightweb.dev\/l\/svm-temp\/nyheter\/arbetslosheten-minskar-i-spanien-och-granada-men-okar-i-provinsen-malaga\/"]}]},{"@type":"ImageObject","inLanguage":"sv-SE","@id":"https:\/\/lightweb.dev\/l\/svm-temp\/nyheter\/arbetslosheten-minskar-i-spanien-och-granada-men-okar-i-provinsen-malaga\/#primaryimage","url":"https:\/\/lightweb.dev\/l\/svm-temp\/wp-content\/uploads\/2022\/06\/arbetslosheten-minskar-i-spanien-och-granada-men-okar-i-provinsen-malaga.png","contentUrl":"https:\/\/lightweb.dev\/l\/svm-temp\/wp-content\/uploads\/2022\/06\/arbetslosheten-minskar-i-spanien-och-granada-men-okar-i-provinsen-malaga.png","width":381,"height":200},{"@type":"BreadcrumbList","@id":"https:\/\/lightweb.dev\/l\/svm-temp\/nyheter\/arbetslosheten-minskar-i-spanien-och-granada-men-okar-i-provinsen-malaga\/#breadcrumb","itemListElement":[{"@type":"ListItem","position":1,"name":"Hem","item":"https:\/\/lightweb.dev\/l\/svm-temp\/"},{"@type":"ListItem","position":2,"name":"Arbetsl\u00f6sheten minskar i Spanien och Granada \u2013 men \u00f6kar i provinsen M\u00e1laga"}]},{"@type":"WebSite","@id":"https:\/\/lightweb.dev\/l\/svm-temp\/#website","url":"https:\/\/lightweb.dev\/l\/svm-temp\/","name":"Svenska Magasinet","description":"Dina Spanska nyheter p&aring; Svenska","publisher":{"@id":"https:\/\/lightweb.dev\/l\/svm-temp\/#organization"},"potentialAction":[{"@type":"SearchAction","target":{"@type":"EntryPoint","urlTemplate":"https:\/\/lightweb.dev\/l\/svm-temp\/?s={search_term_string}"},"query-input":{"@type":"PropertyValueSpecification","valueRequired":true,"valueName":"search_term_string"}}],"inLanguage":"sv-SE"},{"@type":"Organization","@id":"https:\/\/lightweb.dev\/l\/svm-temp\/#organization","name":"Melkerson y Nott SL","alternateName":"Svenska Magasinet","url":"https:\/\/lightweb.dev\/l\/svm-temp\/","logo":{"@type":"ImageObject","inLanguage":"sv-SE","@id":"https:\/\/lightweb.dev\/l\/svm-temp\/#\/schema\/logo\/image\/","url":"https:\/\/lightweb.dev\/l\/svm-temp\/wp-content\/uploads\/2025\/02\/SvM-logo-Xtra-Centrerad-SVART.png","contentUrl":"https:\/\/lightweb.dev\/l\/svm-temp\/wp-content\/uploads\/2025\/02\/SvM-logo-Xtra-Centrerad-SVART.png","width":300,"height":99,"caption":"Melkerson y Nott SL"},"image":{"@id":"https:\/\/lightweb.dev\/l\/svm-temp\/#\/schema\/logo\/image\/"},"sameAs":["https:\/\/www.facebook.com\/svenskamagasinet","https:\/\/x.com\/SvenskaMagasine"]},{"@type":"Person","@id":"https:\/\/lightweb.dev\/l\/svm-temp\/#\/schema\/person\/206a3bda5b607b0c25e1749191e4d837","name":"Redaktionen SvM","description":"Redaktionen","sameAs":["https:\/\/lightweb.dev\/l\/svm-temp"],"url":"https:\/\/lightweb.dev\/l\/svm-temp\/reporter\/redaktionen\/"}]}},"_links":{"self":[{"href":"https:\/\/lightweb.dev\/l\/svm-temp\/wp-json\/wp\/v2\/posts\/28373","targetHints":{"allow":["GET"]}}],"collection":[{"href":"https:\/\/lightweb.dev\/l\/svm-temp\/wp-json\/wp\/v2\/posts"}],"about":[{"href":"https:\/\/lightweb.dev\/l\/svm-temp\/wp-json\/wp\/v2\/types\/post"}],"author":[{"embeddable":true,"href":"https:\/\/lightweb.dev\/l\/svm-temp\/wp-json\/wp\/v2\/users\/8"}],"replies":[{"embeddable":true,"href":"https:\/\/lightweb.dev\/l\/svm-temp\/wp-json\/wp\/v2\/comments?post=28373"}],"version-history":[{"count":0,"href":"https:\/\/lightweb.dev\/l\/svm-temp\/wp-json\/wp\/v2\/posts\/28373\/revisions"}],"wp:featuredmedia":[{"embeddable":true,"href":"https:\/\/lightweb.dev\/l\/svm-temp\/wp-json\/wp\/v2\/media\/28376"}],"wp:attachment":[{"href":"https:\/\/lightweb.dev\/l\/svm-temp\/wp-json\/wp\/v2\/media?parent=28373"}],"wp:term":[{"taxonomy":"category","embeddable":true,"href":"https:\/\/lightweb.dev\/l\/svm-temp\/wp-json\/wp\/v2\/categories?post=28373"},{"taxonomy":"post_tag","embeddable":true,"href":"https:\/\/lightweb.dev\/l\/svm-temp\/wp-json\/wp\/v2\/tags?post=28373"}],"curies":[{"name":"wp","href":"https:\/\/api.w.org\/{rel}","templated":true}]}}