{"id":28375,"date":"2013-12-03T00:00:00","date_gmt":"2013-12-02T23:00:00","guid":{"rendered":"https:\/\/lightweb.dev\/l\/svm-temp\/nyheter\/alice-babs-forlorade-rattigheter-uppmarksammad-dokumentar-visas-i-veckan\/"},"modified":"2013-12-03T00:00:00","modified_gmt":"2013-12-02T23:00:00","slug":"alice-babs-forlorade-rattigheter-uppmarksammad-dokumentar-visas-i-veckan","status":"publish","type":"post","link":"https:\/\/lightweb.dev\/l\/svm-temp\/nyheter\/alice-babs-forlorade-rattigheter-uppmarksammad-dokumentar-visas-i-veckan\/","title":{"rendered":"Alice Babs f\u00f6rlorade r\u00e4ttigheter \u2013 uppm\u00e4rksammad dokument\u00e4r visas i veckan"},"content":{"rendered":"<p> I \u00f6ver 30 \u00e5r var s\u00e5ngf\u00e5geln, jazzs\u00e5ngerskan och filmsk\u00e5despelerskan Alice Babs bosatt p\u00e5 den spanska Solkusten. Hon var omtyckt och \u00e4lskad av Spaniensvenskarna. Den 26 januari fyller Alice Babs 90 \u00e5r. Av Ola Josefsson<\/p>\n<p>Den h\u00e4r veckan s\u00e4nds en dokument\u00e4r om Alice Babs nuvarande situation.<br \/>\n&#8211; Po\u00e4ngen med dokument\u00e4ren \u00e4r att Alice Babs sj\u00e4lv ska f\u00e5 best\u00e4mma \u00f6ver sitt liv. S\u00e5 \u00e4r det inte nu, s\u00e4ger Anna-Lena Lodenius till Svenska Magasinet.<\/p>\n<p>Anna-Lena Lodenius och Lotta Hellman st\u00e5r bakom dokument\u00e4ren som s\u00e4nds p\u00e5 Sveriges Television. Den handlar om hovs\u00e5ngerskan Alice Babs som \u00e4r satt under f\u00f6rvaltarskap, ber\u00f6vad r\u00e4tten att styra \u00f6ver sitt eget liv.<\/p>\n<p>Musikerkollegorna k\u00e4mpar f\u00f6r att f\u00e5 tr\u00e4ffa henne &#8211; men utan resultat. Genom ett beslut i tingsr\u00e4tten har hon f\u00e5tt en f\u00f6rvaltare som best\u00e4mmer allt &#8211; vem hon f\u00e5r dricka kaffe med eller g\u00e5 i kyrkan. F\u00f6rvaltaren Lena Arenbj\u00f6rk menar att de stoppas f\u00f6r Alice Babs b\u00e4sta.<br \/>\n&#8211; De tar ifr\u00e5n henne de m\u00e4nskliga r\u00e4ttigheterna, s\u00e4ger v\u00e4nnen Jan Malmsj\u00f6 i filmen som \u00e4r en av flera v\u00e4nner som uttalar sig.<\/p>\n<p>N\u00e4r upph\u00f6r en m\u00e4nniskas r\u00e4tt att f\u00e5 best\u00e4mma \u00f6ver sitt liv? Anna-Lena Lodenius och Lotta Hellman unders\u00f6ker systemet som ska skydda v\u00e5ra \u00e4ldsta och svagaste. Ska det vara s\u00e5 enkelt att fr\u00e5nta gamla m\u00e4nniskor grundl\u00e4ggande m\u00e4nskliga r\u00e4ttigheter?<br \/>\n&#8211; Jag tr\u00e4ffade Alice Babs i v\u00e5ras. Ett bes\u00f6k som ber\u00f6rde mig mycket. Alice fick en stroke f\u00f6rra \u00e5ret och bor sedan dess p\u00e5 \u00e4ldreboende. Senare fick hon en f\u00f6rvaltare vilket programmet handlar om.<\/p>\n<p>Enligt Anna-Lena Lodenius \u00e4r Alice Babs mycket missn\u00f6jd \u00f6ver sin situation i livet. Det var en orsak till varf\u00f6r Alice ville tr\u00e4ffa Anna-Lena Lodenius.<br \/>\n&#8211; Alice ville tr\u00e4ffa mig p\u00e5 grund av att hon var missn\u00f6jd. Hon var tydlig med att hon inte ville ha en f\u00f6rmyndare. Och hon vill inte att detta ska h\u00e4nda andra.<\/p>\n<p>Alice Babs har f\u00e5tt en demensdiagnos. Hon har alzheimer som utvecklas successivt.<br \/>\n&#8211; Jag vet inte hur hon m\u00e5r just nu. N\u00e4r jag tr\u00e4ffade henne utvecklade hon sina tankar v\u00e4l liksom sina \u00e5sikter. Och det \u00e4r just det som vi vill s\u00e4tta fingret p\u00e5. Nu har man ber\u00f6vat en m\u00e4nniska de m\u00e4nskliga r\u00e4ttigheter, menar  Anna-Lena Lodenius.<\/p>\n<p>Dottern Titti Sj\u00f6blom vill inte medverka i programmet.<br \/>\n&#8211; Hon har uttalat sig om sin mammas stroke och alzheimer i andra sammanhang och intervjuer. Varf\u00f6r hon inte vill st\u00e4lla upp nu f\u00e5r st\u00e5 f\u00f6r henne.<\/p>\n<p>Anna-Lena Lodenius och Lotta Hellman har tittat p\u00e5 m\u00e5nga andra fall men fallet med Alice \u00e4r annorlunda d\u00e5 hon \u00e4r en k\u00e4nd person som har hamnat under en f\u00f6rvaltare. F\u00f6rvaltaren best\u00e4mmer allt, precis vad hon vill. Och detta \u00e4r helt enligt svensk lag, s\u00e4ger journalisten Anna-Lena Lodenius.<\/p>\n<p>P\u00e5 torsdag den 5 december klockan 20 i SVT2 visas filmen \u201dAlice Babs f\u00f6rlorade r\u00e4ttigheter\u201d som Anna-Lena Lodenius har gjort tillsammans med Lotta Hellman. S\u00e5 h\u00e4r st\u00e5r det i TV-tabl\u00e5n:<\/p>\n<p>\u201dHovs\u00e5ngerskan Alice Babs \u00e4r satt under f\u00f6rvaltarskap, ber\u00f6vad r\u00e4tten att styra \u00f6ver sitt eget liv. Musikerkollegorna k\u00e4mpar f\u00f6r att f\u00e5 tr\u00e4ffa henne \u2013 men utan resultat. F\u00f6rvaltaren best\u00e4mmer! Anna-Lena Lodenius och Lotta Hellman unders\u00f6ker systemet som ska skydda v\u00e5ra \u00e4ldsta och svagaste. Ska det vara s\u00e5 enkelt att fr\u00e5nta gamla m\u00e4nniskor grundl\u00e4ggande m\u00e4nskliga r\u00e4ttigheter?\u201d<\/p>\n<p>Redan innan dokument\u00e4ren har s\u00e4nts engagerar programmet m\u00e5nga m\u00e4nniskor. I tidningen \u201dVeteranen\u201d finns ins\u00e4ndaren \u201dF\u00f6rlorade r\u00e4ttigheter f\u00f6r \u00e4ldre personer\u201d. \u201dDet handlar om hur f\u00f6rvaltare anv\u00e4nds f\u00f6r att ta total kontroll \u00f6ver \u00e4ldre personer. Det h\u00e4r programmet \u00e4r mycket angel\u00e4get som en spegling av v\u00e5r tid, en skr\u00e4mmande s\u00e5dan. H\u00e4r b\u00f6r ocks\u00e5 SPF engagera sig\u201d.<\/p>\n<p>Anna-Lena Lodenius tror p\u00e5 en uppf\u00f6ljning av dokument\u00e4ren.<br \/>\n&#8211; Vi hoppas att det kan bli en forts\u00e4ttning. Det finns en FN-konvention om barnets r\u00e4ttigheter. Nog borde det \u00e4ven finnas en \u00e4ldrekonvention om de \u00e4ldres r\u00e4ttigheter. De \u00e4ldre blir fler vilket g\u00f6r att behoven \u00f6kar, konstaterar Anna-Lena Lodenius.<\/p>\n<p>Dokument\u00e4ren s\u00e4nds p\u00e5 SVT World p\u00e5 l\u00f6rdag den 7 december kl 09.05 och p\u00e5 s\u00f6ndag den 8 december kl 16.10.<\/p>\n<p>Bildtext: Tidigare Marbellabon Alice Babs \u00e4r mycket missn\u00f6jd \u00f6ver sin situation just nu. (Foto: Anna-Lena Lodenius)<\/p>\n<p>Se ett klipp h\u00e4r p\u00e5 f\u00f6rhandsvisning av dokument\u00e4ren<\/p>\n","protected":false},"excerpt":{"rendered":"<p>I \u00f6ver 30 \u00e5r var s\u00e5ngf\u00e5geln, jazzs\u00e5ngerskan och filmsk\u00e5despelerskan Alice Babs bosatt p\u00e5 den spanska Solkusten. Hon var omtyckt och \u00e4lskad av Spaniensvenskarna. Den 26 januari fyller Alice Babs 90 \u00e5r. Av Ola Josefsson Den h\u00e4r veckan s\u00e4nds en dokument\u00e4r om Alice Babs nuvarande situation. &#8211; Po\u00e4ngen med dokument\u00e4ren \u00e4r att Alice Babs sj\u00e4lv ska [&hellip;]<\/p>\n","protected":false},"author":8,"featured_media":28378,"comment_status":"open","ping_status":"open","sticky":false,"template":"","format":"standard","meta":{"_et_pb_use_builder":"","_et_pb_old_content":"","_et_gb_content_width":"","footnotes":""},"categories":[395,3],"tags":[],"class_list":["post-28375","post","type-post","status-publish","format-standard","has-post-thumbnail","hentry","category-arkiv-nyheter","category-nyheter"],"yoast_head":"<!-- This site is optimized with the Yoast SEO Premium plugin v26.2 (Yoast SEO v27.4) - https:\/\/yoast.com\/product\/yoast-seo-premium-wordpress\/ -->\n<title>Alice Babs f\u00f6rlorade r\u00e4ttigheter \u2013 uppm\u00e4rksammad dokument\u00e4r visas i veckan - Svenska Magasinet<\/title>\n<meta name=\"robots\" content=\"noindex, follow, max-snippet:-1, max-image-preview:large, max-video-preview:-1\" \/>\n<meta property=\"og:locale\" content=\"sv_SE\" \/>\n<meta property=\"og:type\" content=\"article\" \/>\n<meta property=\"og:title\" content=\"Alice Babs f\u00f6rlorade r\u00e4ttigheter \u2013 uppm\u00e4rksammad dokument\u00e4r visas i veckan\" \/>\n<meta property=\"og:description\" content=\"I \u00f6ver 30 \u00e5r var s\u00e5ngf\u00e5geln, jazzs\u00e5ngerskan och filmsk\u00e5despelerskan Alice Babs bosatt p\u00e5 den spanska Solkusten. Hon var omtyckt och \u00e4lskad av Spaniensvenskarna. Den 26 januari fyller Alice Babs 90 \u00e5r. Av Ola Josefsson Den h\u00e4r veckan s\u00e4nds en dokument\u00e4r om Alice Babs nuvarande situation. &#8211; Po\u00e4ngen med dokument\u00e4ren \u00e4r att Alice Babs sj\u00e4lv ska [&hellip;]\" \/>\n<meta property=\"og:url\" content=\"https:\/\/lightweb.dev\/l\/svm-temp\/nyheter\/alice-babs-forlorade-rattigheter-uppmarksammad-dokumentar-visas-i-veckan\/\" \/>\n<meta property=\"og:site_name\" content=\"Svenska Magasinet\" \/>\n<meta property=\"article:publisher\" content=\"https:\/\/www.facebook.com\/svenskamagasinet\" \/>\n<meta property=\"article:published_time\" content=\"2013-12-02T23:00:00+00:00\" \/>\n<meta name=\"author\" content=\"Redaktionen SvM\" \/>\n<meta name=\"twitter:card\" content=\"summary_large_image\" \/>\n<meta name=\"twitter:creator\" content=\"@SvenskaMagasine\" \/>\n<meta name=\"twitter:site\" content=\"@SvenskaMagasine\" \/>\n<script type=\"application\/ld+json\" class=\"yoast-schema-graph\">{\"@context\":\"https:\\\/\\\/schema.org\",\"@graph\":[{\"@type\":\"Article\",\"@id\":\"https:\\\/\\\/lightweb.dev\\\/l\\\/svm-temp\\\/nyheter\\\/alice-babs-forlorade-rattigheter-uppmarksammad-dokumentar-visas-i-veckan\\\/#article\",\"isPartOf\":{\"@id\":\"https:\\\/\\\/lightweb.dev\\\/l\\\/svm-temp\\\/nyheter\\\/alice-babs-forlorade-rattigheter-uppmarksammad-dokumentar-visas-i-veckan\\\/\"},\"author\":{\"name\":\"Redaktionen SvM\",\"@id\":\"https:\\\/\\\/lightweb.dev\\\/l\\\/svm-temp\\\/#\\\/schema\\\/person\\\/206a3bda5b607b0c25e1749191e4d837\"},\"headline\":\"Alice Babs f\u00f6rlorade r\u00e4ttigheter \u2013 uppm\u00e4rksammad dokument\u00e4r visas i veckan\",\"datePublished\":\"2013-12-02T23:00:00+00:00\",\"mainEntityOfPage\":{\"@id\":\"https:\\\/\\\/lightweb.dev\\\/l\\\/svm-temp\\\/nyheter\\\/alice-babs-forlorade-rattigheter-uppmarksammad-dokumentar-visas-i-veckan\\\/\"},\"wordCount\":805,\"commentCount\":0,\"publisher\":{\"@id\":\"https:\\\/\\\/lightweb.dev\\\/l\\\/svm-temp\\\/#organization\"},\"image\":{\"@id\":\"https:\\\/\\\/lightweb.dev\\\/l\\\/svm-temp\\\/nyheter\\\/alice-babs-forlorade-rattigheter-uppmarksammad-dokumentar-visas-i-veckan\\\/#primaryimage\"},\"thumbnailUrl\":\"https:\\\/\\\/lightweb.dev\\\/l\\\/svm-temp\\\/wp-content\\\/uploads\\\/2022\\\/06\\\/alice-babs-forlorade-rattigheter-uppmarksammad-dokumentar-visas-i-veckan.png\",\"articleSection\":[\"Arkiv\",\"Nyheter\"],\"inLanguage\":\"sv-SE\"},{\"@type\":\"WebPage\",\"@id\":\"https:\\\/\\\/lightweb.dev\\\/l\\\/svm-temp\\\/nyheter\\\/alice-babs-forlorade-rattigheter-uppmarksammad-dokumentar-visas-i-veckan\\\/\",\"url\":\"https:\\\/\\\/lightweb.dev\\\/l\\\/svm-temp\\\/nyheter\\\/alice-babs-forlorade-rattigheter-uppmarksammad-dokumentar-visas-i-veckan\\\/\",\"name\":\"Alice Babs f\u00f6rlorade r\u00e4ttigheter \u2013 uppm\u00e4rksammad dokument\u00e4r visas i veckan - Svenska Magasinet\",\"isPartOf\":{\"@id\":\"https:\\\/\\\/lightweb.dev\\\/l\\\/svm-temp\\\/#website\"},\"primaryImageOfPage\":{\"@id\":\"https:\\\/\\\/lightweb.dev\\\/l\\\/svm-temp\\\/nyheter\\\/alice-babs-forlorade-rattigheter-uppmarksammad-dokumentar-visas-i-veckan\\\/#primaryimage\"},\"image\":{\"@id\":\"https:\\\/\\\/lightweb.dev\\\/l\\\/svm-temp\\\/nyheter\\\/alice-babs-forlorade-rattigheter-uppmarksammad-dokumentar-visas-i-veckan\\\/#primaryimage\"},\"thumbnailUrl\":\"https:\\\/\\\/lightweb.dev\\\/l\\\/svm-temp\\\/wp-content\\\/uploads\\\/2022\\\/06\\\/alice-babs-forlorade-rattigheter-uppmarksammad-dokumentar-visas-i-veckan.png\",\"datePublished\":\"2013-12-02T23:00:00+00:00\",\"breadcrumb\":{\"@id\":\"https:\\\/\\\/lightweb.dev\\\/l\\\/svm-temp\\\/nyheter\\\/alice-babs-forlorade-rattigheter-uppmarksammad-dokumentar-visas-i-veckan\\\/#breadcrumb\"},\"inLanguage\":\"sv-SE\",\"potentialAction\":[{\"@type\":\"ReadAction\",\"target\":[\"https:\\\/\\\/lightweb.dev\\\/l\\\/svm-temp\\\/nyheter\\\/alice-babs-forlorade-rattigheter-uppmarksammad-dokumentar-visas-i-veckan\\\/\"]}]},{\"@type\":\"ImageObject\",\"inLanguage\":\"sv-SE\",\"@id\":\"https:\\\/\\\/lightweb.dev\\\/l\\\/svm-temp\\\/nyheter\\\/alice-babs-forlorade-rattigheter-uppmarksammad-dokumentar-visas-i-veckan\\\/#primaryimage\",\"url\":\"https:\\\/\\\/lightweb.dev\\\/l\\\/svm-temp\\\/wp-content\\\/uploads\\\/2022\\\/06\\\/alice-babs-forlorade-rattigheter-uppmarksammad-dokumentar-visas-i-veckan.png\",\"contentUrl\":\"https:\\\/\\\/lightweb.dev\\\/l\\\/svm-temp\\\/wp-content\\\/uploads\\\/2022\\\/06\\\/alice-babs-forlorade-rattigheter-uppmarksammad-dokumentar-visas-i-veckan.png\",\"width\":280,\"height\":209},{\"@type\":\"BreadcrumbList\",\"@id\":\"https:\\\/\\\/lightweb.dev\\\/l\\\/svm-temp\\\/nyheter\\\/alice-babs-forlorade-rattigheter-uppmarksammad-dokumentar-visas-i-veckan\\\/#breadcrumb\",\"itemListElement\":[{\"@type\":\"ListItem\",\"position\":1,\"name\":\"Hem\",\"item\":\"https:\\\/\\\/lightweb.dev\\\/l\\\/svm-temp\\\/\"},{\"@type\":\"ListItem\",\"position\":2,\"name\":\"Alice Babs f\u00f6rlorade r\u00e4ttigheter \u2013 uppm\u00e4rksammad dokument\u00e4r visas i veckan\"}]},{\"@type\":\"WebSite\",\"@id\":\"https:\\\/\\\/lightweb.dev\\\/l\\\/svm-temp\\\/#website\",\"url\":\"https:\\\/\\\/lightweb.dev\\\/l\\\/svm-temp\\\/\",\"name\":\"Svenska Magasinet\",\"description\":\"Dina Spanska nyheter p&aring; Svenska\",\"publisher\":{\"@id\":\"https:\\\/\\\/lightweb.dev\\\/l\\\/svm-temp\\\/#organization\"},\"potentialAction\":[{\"@type\":\"SearchAction\",\"target\":{\"@type\":\"EntryPoint\",\"urlTemplate\":\"https:\\\/\\\/lightweb.dev\\\/l\\\/svm-temp\\\/?s={search_term_string}\"},\"query-input\":{\"@type\":\"PropertyValueSpecification\",\"valueRequired\":true,\"valueName\":\"search_term_string\"}}],\"inLanguage\":\"sv-SE\"},{\"@type\":\"Organization\",\"@id\":\"https:\\\/\\\/lightweb.dev\\\/l\\\/svm-temp\\\/#organization\",\"name\":\"Melkerson y Nott SL\",\"alternateName\":\"Svenska Magasinet\",\"url\":\"https:\\\/\\\/lightweb.dev\\\/l\\\/svm-temp\\\/\",\"logo\":{\"@type\":\"ImageObject\",\"inLanguage\":\"sv-SE\",\"@id\":\"https:\\\/\\\/lightweb.dev\\\/l\\\/svm-temp\\\/#\\\/schema\\\/logo\\\/image\\\/\",\"url\":\"https:\\\/\\\/lightweb.dev\\\/l\\\/svm-temp\\\/wp-content\\\/uploads\\\/2025\\\/02\\\/SvM-logo-Xtra-Centrerad-SVART.png\",\"contentUrl\":\"https:\\\/\\\/lightweb.dev\\\/l\\\/svm-temp\\\/wp-content\\\/uploads\\\/2025\\\/02\\\/SvM-logo-Xtra-Centrerad-SVART.png\",\"width\":300,\"height\":99,\"caption\":\"Melkerson y Nott SL\"},\"image\":{\"@id\":\"https:\\\/\\\/lightweb.dev\\\/l\\\/svm-temp\\\/#\\\/schema\\\/logo\\\/image\\\/\"},\"sameAs\":[\"https:\\\/\\\/www.facebook.com\\\/svenskamagasinet\",\"https:\\\/\\\/x.com\\\/SvenskaMagasine\"]},{\"@type\":\"Person\",\"@id\":\"https:\\\/\\\/lightweb.dev\\\/l\\\/svm-temp\\\/#\\\/schema\\\/person\\\/206a3bda5b607b0c25e1749191e4d837\",\"name\":\"Redaktionen SvM\",\"description\":\"Redaktionen\",\"sameAs\":[\"https:\\\/\\\/lightweb.dev\\\/l\\\/svm-temp\"],\"url\":\"https:\\\/\\\/lightweb.dev\\\/l\\\/svm-temp\\\/reporter\\\/redaktionen\\\/\"}]}<\/script>\n<!-- \/ Yoast SEO Premium plugin. -->","yoast_head_json":{"title":"Alice Babs f\u00f6rlorade r\u00e4ttigheter \u2013 uppm\u00e4rksammad dokument\u00e4r visas i veckan - Svenska Magasinet","robots":{"index":"noindex","follow":"follow","max-snippet":"max-snippet:-1","max-image-preview":"max-image-preview:large","max-video-preview":"max-video-preview:-1"},"og_locale":"sv_SE","og_type":"article","og_title":"Alice Babs f\u00f6rlorade r\u00e4ttigheter \u2013 uppm\u00e4rksammad dokument\u00e4r visas i veckan","og_description":"I \u00f6ver 30 \u00e5r var s\u00e5ngf\u00e5geln, jazzs\u00e5ngerskan och filmsk\u00e5despelerskan Alice Babs bosatt p\u00e5 den spanska Solkusten. Hon var omtyckt och \u00e4lskad av Spaniensvenskarna. Den 26 januari fyller Alice Babs 90 \u00e5r. Av Ola Josefsson Den h\u00e4r veckan s\u00e4nds en dokument\u00e4r om Alice Babs nuvarande situation. &#8211; Po\u00e4ngen med dokument\u00e4ren \u00e4r att Alice Babs sj\u00e4lv ska [&hellip;]","og_url":"https:\/\/lightweb.dev\/l\/svm-temp\/nyheter\/alice-babs-forlorade-rattigheter-uppmarksammad-dokumentar-visas-i-veckan\/","og_site_name":"Svenska Magasinet","article_publisher":"https:\/\/www.facebook.com\/svenskamagasinet","article_published_time":"2013-12-02T23:00:00+00:00","author":"Redaktionen SvM","twitter_card":"summary_large_image","twitter_creator":"@SvenskaMagasine","twitter_site":"@SvenskaMagasine","schema":{"@context":"https:\/\/schema.org","@graph":[{"@type":"Article","@id":"https:\/\/lightweb.dev\/l\/svm-temp\/nyheter\/alice-babs-forlorade-rattigheter-uppmarksammad-dokumentar-visas-i-veckan\/#article","isPartOf":{"@id":"https:\/\/lightweb.dev\/l\/svm-temp\/nyheter\/alice-babs-forlorade-rattigheter-uppmarksammad-dokumentar-visas-i-veckan\/"},"author":{"name":"Redaktionen SvM","@id":"https:\/\/lightweb.dev\/l\/svm-temp\/#\/schema\/person\/206a3bda5b607b0c25e1749191e4d837"},"headline":"Alice Babs f\u00f6rlorade r\u00e4ttigheter \u2013 uppm\u00e4rksammad dokument\u00e4r visas i veckan","datePublished":"2013-12-02T23:00:00+00:00","mainEntityOfPage":{"@id":"https:\/\/lightweb.dev\/l\/svm-temp\/nyheter\/alice-babs-forlorade-rattigheter-uppmarksammad-dokumentar-visas-i-veckan\/"},"wordCount":805,"commentCount":0,"publisher":{"@id":"https:\/\/lightweb.dev\/l\/svm-temp\/#organization"},"image":{"@id":"https:\/\/lightweb.dev\/l\/svm-temp\/nyheter\/alice-babs-forlorade-rattigheter-uppmarksammad-dokumentar-visas-i-veckan\/#primaryimage"},"thumbnailUrl":"https:\/\/lightweb.dev\/l\/svm-temp\/wp-content\/uploads\/2022\/06\/alice-babs-forlorade-rattigheter-uppmarksammad-dokumentar-visas-i-veckan.png","articleSection":["Arkiv","Nyheter"],"inLanguage":"sv-SE"},{"@type":"WebPage","@id":"https:\/\/lightweb.dev\/l\/svm-temp\/nyheter\/alice-babs-forlorade-rattigheter-uppmarksammad-dokumentar-visas-i-veckan\/","url":"https:\/\/lightweb.dev\/l\/svm-temp\/nyheter\/alice-babs-forlorade-rattigheter-uppmarksammad-dokumentar-visas-i-veckan\/","name":"Alice Babs f\u00f6rlorade r\u00e4ttigheter \u2013 uppm\u00e4rksammad dokument\u00e4r visas i veckan - Svenska Magasinet","isPartOf":{"@id":"https:\/\/lightweb.dev\/l\/svm-temp\/#website"},"primaryImageOfPage":{"@id":"https:\/\/lightweb.dev\/l\/svm-temp\/nyheter\/alice-babs-forlorade-rattigheter-uppmarksammad-dokumentar-visas-i-veckan\/#primaryimage"},"image":{"@id":"https:\/\/lightweb.dev\/l\/svm-temp\/nyheter\/alice-babs-forlorade-rattigheter-uppmarksammad-dokumentar-visas-i-veckan\/#primaryimage"},"thumbnailUrl":"https:\/\/lightweb.dev\/l\/svm-temp\/wp-content\/uploads\/2022\/06\/alice-babs-forlorade-rattigheter-uppmarksammad-dokumentar-visas-i-veckan.png","datePublished":"2013-12-02T23:00:00+00:00","breadcrumb":{"@id":"https:\/\/lightweb.dev\/l\/svm-temp\/nyheter\/alice-babs-forlorade-rattigheter-uppmarksammad-dokumentar-visas-i-veckan\/#breadcrumb"},"inLanguage":"sv-SE","potentialAction":[{"@type":"ReadAction","target":["https:\/\/lightweb.dev\/l\/svm-temp\/nyheter\/alice-babs-forlorade-rattigheter-uppmarksammad-dokumentar-visas-i-veckan\/"]}]},{"@type":"ImageObject","inLanguage":"sv-SE","@id":"https:\/\/lightweb.dev\/l\/svm-temp\/nyheter\/alice-babs-forlorade-rattigheter-uppmarksammad-dokumentar-visas-i-veckan\/#primaryimage","url":"https:\/\/lightweb.dev\/l\/svm-temp\/wp-content\/uploads\/2022\/06\/alice-babs-forlorade-rattigheter-uppmarksammad-dokumentar-visas-i-veckan.png","contentUrl":"https:\/\/lightweb.dev\/l\/svm-temp\/wp-content\/uploads\/2022\/06\/alice-babs-forlorade-rattigheter-uppmarksammad-dokumentar-visas-i-veckan.png","width":280,"height":209},{"@type":"BreadcrumbList","@id":"https:\/\/lightweb.dev\/l\/svm-temp\/nyheter\/alice-babs-forlorade-rattigheter-uppmarksammad-dokumentar-visas-i-veckan\/#breadcrumb","itemListElement":[{"@type":"ListItem","position":1,"name":"Hem","item":"https:\/\/lightweb.dev\/l\/svm-temp\/"},{"@type":"ListItem","position":2,"name":"Alice Babs f\u00f6rlorade r\u00e4ttigheter \u2013 uppm\u00e4rksammad dokument\u00e4r visas i veckan"}]},{"@type":"WebSite","@id":"https:\/\/lightweb.dev\/l\/svm-temp\/#website","url":"https:\/\/lightweb.dev\/l\/svm-temp\/","name":"Svenska Magasinet","description":"Dina Spanska nyheter p&aring; Svenska","publisher":{"@id":"https:\/\/lightweb.dev\/l\/svm-temp\/#organization"},"potentialAction":[{"@type":"SearchAction","target":{"@type":"EntryPoint","urlTemplate":"https:\/\/lightweb.dev\/l\/svm-temp\/?s={search_term_string}"},"query-input":{"@type":"PropertyValueSpecification","valueRequired":true,"valueName":"search_term_string"}}],"inLanguage":"sv-SE"},{"@type":"Organization","@id":"https:\/\/lightweb.dev\/l\/svm-temp\/#organization","name":"Melkerson y Nott SL","alternateName":"Svenska Magasinet","url":"https:\/\/lightweb.dev\/l\/svm-temp\/","logo":{"@type":"ImageObject","inLanguage":"sv-SE","@id":"https:\/\/lightweb.dev\/l\/svm-temp\/#\/schema\/logo\/image\/","url":"https:\/\/lightweb.dev\/l\/svm-temp\/wp-content\/uploads\/2025\/02\/SvM-logo-Xtra-Centrerad-SVART.png","contentUrl":"https:\/\/lightweb.dev\/l\/svm-temp\/wp-content\/uploads\/2025\/02\/SvM-logo-Xtra-Centrerad-SVART.png","width":300,"height":99,"caption":"Melkerson y Nott SL"},"image":{"@id":"https:\/\/lightweb.dev\/l\/svm-temp\/#\/schema\/logo\/image\/"},"sameAs":["https:\/\/www.facebook.com\/svenskamagasinet","https:\/\/x.com\/SvenskaMagasine"]},{"@type":"Person","@id":"https:\/\/lightweb.dev\/l\/svm-temp\/#\/schema\/person\/206a3bda5b607b0c25e1749191e4d837","name":"Redaktionen SvM","description":"Redaktionen","sameAs":["https:\/\/lightweb.dev\/l\/svm-temp"],"url":"https:\/\/lightweb.dev\/l\/svm-temp\/reporter\/redaktionen\/"}]}},"_links":{"self":[{"href":"https:\/\/lightweb.dev\/l\/svm-temp\/wp-json\/wp\/v2\/posts\/28375","targetHints":{"allow":["GET"]}}],"collection":[{"href":"https:\/\/lightweb.dev\/l\/svm-temp\/wp-json\/wp\/v2\/posts"}],"about":[{"href":"https:\/\/lightweb.dev\/l\/svm-temp\/wp-json\/wp\/v2\/types\/post"}],"author":[{"embeddable":true,"href":"https:\/\/lightweb.dev\/l\/svm-temp\/wp-json\/wp\/v2\/users\/8"}],"replies":[{"embeddable":true,"href":"https:\/\/lightweb.dev\/l\/svm-temp\/wp-json\/wp\/v2\/comments?post=28375"}],"version-history":[{"count":0,"href":"https:\/\/lightweb.dev\/l\/svm-temp\/wp-json\/wp\/v2\/posts\/28375\/revisions"}],"wp:featuredmedia":[{"embeddable":true,"href":"https:\/\/lightweb.dev\/l\/svm-temp\/wp-json\/wp\/v2\/media\/28378"}],"wp:attachment":[{"href":"https:\/\/lightweb.dev\/l\/svm-temp\/wp-json\/wp\/v2\/media?parent=28375"}],"wp:term":[{"taxonomy":"category","embeddable":true,"href":"https:\/\/lightweb.dev\/l\/svm-temp\/wp-json\/wp\/v2\/categories?post=28375"},{"taxonomy":"post_tag","embeddable":true,"href":"https:\/\/lightweb.dev\/l\/svm-temp\/wp-json\/wp\/v2\/tags?post=28375"}],"curies":[{"name":"wp","href":"https:\/\/api.w.org\/{rel}","templated":true}]}}