{"id":28381,"date":"2013-12-02T00:00:00","date_gmt":"2013-12-01T23:00:00","guid":{"rendered":"https:\/\/lightweb.dev\/l\/svm-temp\/nyheter\/syskondrama-lokalpolis-skot-ihjal-sin-syster-och-tog-sitt-eget-liv\/"},"modified":"2013-12-02T00:00:00","modified_gmt":"2013-12-01T23:00:00","slug":"syskondrama-lokalpolis-skot-ihjal-sin-syster-och-tog-sitt-eget-liv","status":"publish","type":"post","link":"https:\/\/lightweb.dev\/l\/svm-temp\/nyheter\/syskondrama-lokalpolis-skot-ihjal-sin-syster-och-tog-sitt-eget-liv\/","title":{"rendered":"Syskondrama \u2013 lokalpolis sk\u00f6t ihj\u00e4l sin syster och tog sitt eget liv"},"content":{"rendered":"<p> En 48-\u00e5rig kvinnlig lokalpolis misst\u00e4nks ha skjutit ihj\u00e4l sin storasyster och d\u00e4refter tagit sitt eget liv efter att en diskussion sp\u00e5rat ur. En granne uppt\u00e4ckte tv\u00e5 skjutna kroppar strax f\u00f6re \u00e5tta p\u00e5 s\u00f6ndagsmorgonen vid calle R\u00edo Montoro 15 stadsdelen La Colina i Torremolinos.<\/p>\n<p>I nul\u00e4get pekar det mesta p\u00e5 att det r\u00f6r sig om en familjetragedi. Enligt polisk\u00e4llor som dagstidningen Diario SUR citerar finns det ingen tredje person inblandat. I st\u00e4llet handlar det om en familjediskussion d\u00e4r den ena systern ska ha dragit sitt tj\u00e4nstevapen och skjutit ihj\u00e4l sin egen 55-\u00e5riga syster och d\u00e4refter tagit sitt eget liv.<\/p>\n<p>Det var en man som var ute och rastade sin hund som uppt\u00e4ckte de d\u00f6da kropparna efter systrarna. I en gl\u00e4nta mellan idrottsplatsen och pendelt\u00e5gssp\u00e5ret M\u00e1laga-Fuengirola (bilden) l\u00e5g den ena kvinnan. Ett stycke d\u00e4rifr\u00e5n i en r\u00f6d Ford Fiesta hittades den andra kvinnan d\u00f6d.<\/p>\n<p>Polisen tror att h\u00e4ndelsen intr\u00e4ffade strax f\u00f6re midnatt natten mot s\u00f6ndagen d\u00e5 flera vittnen i omr\u00e5det h\u00f6rde sm\u00e4llare som visade sig vara pistolskott. Enligt vittnesm\u00e5l ska de tv\u00e5 kvinnorna haft en h\u00f6gljudd diskussion i den \u00e4ldre systerns l\u00e4genhet. Den 55-\u00e5riga kvinnan ska ha blivit skjuten med tv\u00e5 skott.<\/p>\n<p>Den 48-\u00e5riga kvinnan har arbetat som lokalpolis i 25 \u00e5r. Den senaste tiden tj\u00e4nstgjorde hon vid polishuset p\u00e5 avenida de La Rosaleda i M\u00e1laga. Hon beskrivs som plikttrogen, artig och v\u00e4nlig av sina arbetskamrater, men n\u00e5got reserverad och in\u00e5tv\u00e4nd. Hon var fr\u00e5nskild och hade tidigare genomg\u00e5tt en depression som hon hade kommit ur.<\/p>\n<p>Kvinnorna kommer ursprungligen fr\u00e5n Churriana. <\/p>\n","protected":false},"excerpt":{"rendered":"<p>En 48-\u00e5rig kvinnlig lokalpolis misst\u00e4nks ha skjutit ihj\u00e4l sin storasyster och d\u00e4refter tagit sitt eget liv efter att en diskussion sp\u00e5rat ur. En granne uppt\u00e4ckte tv\u00e5 skjutna kroppar strax f\u00f6re \u00e5tta p\u00e5 s\u00f6ndagsmorgonen vid calle R\u00edo Montoro 15 stadsdelen La Colina i Torremolinos. I nul\u00e4get pekar det mesta p\u00e5 att det r\u00f6r sig om en [&hellip;]<\/p>\n","protected":false},"author":8,"featured_media":28384,"comment_status":"open","ping_status":"open","sticky":false,"template":"","format":"standard","meta":{"_et_pb_use_builder":"","_et_pb_old_content":"","_et_gb_content_width":"","footnotes":""},"categories":[395,3],"tags":[],"class_list":["post-28381","post","type-post","status-publish","format-standard","has-post-thumbnail","hentry","category-arkiv-nyheter","category-nyheter"],"yoast_head":"<!-- This site is optimized with the Yoast SEO Premium plugin v26.2 (Yoast SEO v27.4) - https:\/\/yoast.com\/product\/yoast-seo-premium-wordpress\/ -->\n<title>Syskondrama \u2013 lokalpolis sk\u00f6t ihj\u00e4l sin syster och tog sitt eget liv - Svenska Magasinet<\/title>\n<meta name=\"robots\" content=\"noindex, follow, max-snippet:-1, max-image-preview:large, max-video-preview:-1\" \/>\n<meta property=\"og:locale\" content=\"sv_SE\" \/>\n<meta property=\"og:type\" content=\"article\" \/>\n<meta property=\"og:title\" content=\"Syskondrama \u2013 lokalpolis sk\u00f6t ihj\u00e4l sin syster och tog sitt eget liv\" \/>\n<meta property=\"og:description\" content=\"En 48-\u00e5rig kvinnlig lokalpolis misst\u00e4nks ha skjutit ihj\u00e4l sin storasyster och d\u00e4refter tagit sitt eget liv efter att en diskussion sp\u00e5rat ur. En granne uppt\u00e4ckte tv\u00e5 skjutna kroppar strax f\u00f6re \u00e5tta p\u00e5 s\u00f6ndagsmorgonen vid calle R\u00edo Montoro 15 stadsdelen La Colina i Torremolinos. I nul\u00e4get pekar det mesta p\u00e5 att det r\u00f6r sig om en [&hellip;]\" \/>\n<meta property=\"og:url\" content=\"https:\/\/lightweb.dev\/l\/svm-temp\/nyheter\/syskondrama-lokalpolis-skot-ihjal-sin-syster-och-tog-sitt-eget-liv\/\" \/>\n<meta property=\"og:site_name\" content=\"Svenska Magasinet\" \/>\n<meta property=\"article:publisher\" content=\"https:\/\/www.facebook.com\/svenskamagasinet\" \/>\n<meta property=\"article:published_time\" content=\"2013-12-01T23:00:00+00:00\" \/>\n<meta name=\"author\" content=\"Redaktionen SvM\" \/>\n<meta name=\"twitter:card\" content=\"summary_large_image\" \/>\n<meta name=\"twitter:creator\" content=\"@SvenskaMagasine\" \/>\n<meta name=\"twitter:site\" content=\"@SvenskaMagasine\" \/>\n<script type=\"application\/ld+json\" class=\"yoast-schema-graph\">{\"@context\":\"https:\\\/\\\/schema.org\",\"@graph\":[{\"@type\":\"Article\",\"@id\":\"https:\\\/\\\/lightweb.dev\\\/l\\\/svm-temp\\\/nyheter\\\/syskondrama-lokalpolis-skot-ihjal-sin-syster-och-tog-sitt-eget-liv\\\/#article\",\"isPartOf\":{\"@id\":\"https:\\\/\\\/lightweb.dev\\\/l\\\/svm-temp\\\/nyheter\\\/syskondrama-lokalpolis-skot-ihjal-sin-syster-och-tog-sitt-eget-liv\\\/\"},\"author\":{\"name\":\"Redaktionen SvM\",\"@id\":\"https:\\\/\\\/lightweb.dev\\\/l\\\/svm-temp\\\/#\\\/schema\\\/person\\\/206a3bda5b607b0c25e1749191e4d837\"},\"headline\":\"Syskondrama \u2013 lokalpolis sk\u00f6t ihj\u00e4l sin syster och tog sitt eget liv\",\"datePublished\":\"2013-12-01T23:00:00+00:00\",\"mainEntityOfPage\":{\"@id\":\"https:\\\/\\\/lightweb.dev\\\/l\\\/svm-temp\\\/nyheter\\\/syskondrama-lokalpolis-skot-ihjal-sin-syster-och-tog-sitt-eget-liv\\\/\"},\"wordCount\":309,\"commentCount\":0,\"publisher\":{\"@id\":\"https:\\\/\\\/lightweb.dev\\\/l\\\/svm-temp\\\/#organization\"},\"image\":{\"@id\":\"https:\\\/\\\/lightweb.dev\\\/l\\\/svm-temp\\\/nyheter\\\/syskondrama-lokalpolis-skot-ihjal-sin-syster-och-tog-sitt-eget-liv\\\/#primaryimage\"},\"thumbnailUrl\":\"https:\\\/\\\/lightweb.dev\\\/l\\\/svm-temp\\\/wp-content\\\/uploads\\\/2022\\\/06\\\/syskondrama-lokalpolis-skot-ihjal-sin-syster-och-tog-sitt-eget-liv.png\",\"articleSection\":[\"Arkiv\",\"Nyheter\"],\"inLanguage\":\"sv-SE\"},{\"@type\":\"WebPage\",\"@id\":\"https:\\\/\\\/lightweb.dev\\\/l\\\/svm-temp\\\/nyheter\\\/syskondrama-lokalpolis-skot-ihjal-sin-syster-och-tog-sitt-eget-liv\\\/\",\"url\":\"https:\\\/\\\/lightweb.dev\\\/l\\\/svm-temp\\\/nyheter\\\/syskondrama-lokalpolis-skot-ihjal-sin-syster-och-tog-sitt-eget-liv\\\/\",\"name\":\"Syskondrama \u2013 lokalpolis sk\u00f6t ihj\u00e4l sin syster och tog sitt eget liv - Svenska Magasinet\",\"isPartOf\":{\"@id\":\"https:\\\/\\\/lightweb.dev\\\/l\\\/svm-temp\\\/#website\"},\"primaryImageOfPage\":{\"@id\":\"https:\\\/\\\/lightweb.dev\\\/l\\\/svm-temp\\\/nyheter\\\/syskondrama-lokalpolis-skot-ihjal-sin-syster-och-tog-sitt-eget-liv\\\/#primaryimage\"},\"image\":{\"@id\":\"https:\\\/\\\/lightweb.dev\\\/l\\\/svm-temp\\\/nyheter\\\/syskondrama-lokalpolis-skot-ihjal-sin-syster-och-tog-sitt-eget-liv\\\/#primaryimage\"},\"thumbnailUrl\":\"https:\\\/\\\/lightweb.dev\\\/l\\\/svm-temp\\\/wp-content\\\/uploads\\\/2022\\\/06\\\/syskondrama-lokalpolis-skot-ihjal-sin-syster-och-tog-sitt-eget-liv.png\",\"datePublished\":\"2013-12-01T23:00:00+00:00\",\"breadcrumb\":{\"@id\":\"https:\\\/\\\/lightweb.dev\\\/l\\\/svm-temp\\\/nyheter\\\/syskondrama-lokalpolis-skot-ihjal-sin-syster-och-tog-sitt-eget-liv\\\/#breadcrumb\"},\"inLanguage\":\"sv-SE\",\"potentialAction\":[{\"@type\":\"ReadAction\",\"target\":[\"https:\\\/\\\/lightweb.dev\\\/l\\\/svm-temp\\\/nyheter\\\/syskondrama-lokalpolis-skot-ihjal-sin-syster-och-tog-sitt-eget-liv\\\/\"]}]},{\"@type\":\"ImageObject\",\"inLanguage\":\"sv-SE\",\"@id\":\"https:\\\/\\\/lightweb.dev\\\/l\\\/svm-temp\\\/nyheter\\\/syskondrama-lokalpolis-skot-ihjal-sin-syster-och-tog-sitt-eget-liv\\\/#primaryimage\",\"url\":\"https:\\\/\\\/lightweb.dev\\\/l\\\/svm-temp\\\/wp-content\\\/uploads\\\/2022\\\/06\\\/syskondrama-lokalpolis-skot-ihjal-sin-syster-och-tog-sitt-eget-liv.png\",\"contentUrl\":\"https:\\\/\\\/lightweb.dev\\\/l\\\/svm-temp\\\/wp-content\\\/uploads\\\/2022\\\/06\\\/syskondrama-lokalpolis-skot-ihjal-sin-syster-och-tog-sitt-eget-liv.png\",\"width\":280,\"height\":210},{\"@type\":\"BreadcrumbList\",\"@id\":\"https:\\\/\\\/lightweb.dev\\\/l\\\/svm-temp\\\/nyheter\\\/syskondrama-lokalpolis-skot-ihjal-sin-syster-och-tog-sitt-eget-liv\\\/#breadcrumb\",\"itemListElement\":[{\"@type\":\"ListItem\",\"position\":1,\"name\":\"Hem\",\"item\":\"https:\\\/\\\/lightweb.dev\\\/l\\\/svm-temp\\\/\"},{\"@type\":\"ListItem\",\"position\":2,\"name\":\"Syskondrama \u2013 lokalpolis sk\u00f6t ihj\u00e4l sin syster och tog sitt eget liv\"}]},{\"@type\":\"WebSite\",\"@id\":\"https:\\\/\\\/lightweb.dev\\\/l\\\/svm-temp\\\/#website\",\"url\":\"https:\\\/\\\/lightweb.dev\\\/l\\\/svm-temp\\\/\",\"name\":\"Svenska Magasinet\",\"description\":\"Dina Spanska nyheter p&aring; Svenska\",\"publisher\":{\"@id\":\"https:\\\/\\\/lightweb.dev\\\/l\\\/svm-temp\\\/#organization\"},\"potentialAction\":[{\"@type\":\"SearchAction\",\"target\":{\"@type\":\"EntryPoint\",\"urlTemplate\":\"https:\\\/\\\/lightweb.dev\\\/l\\\/svm-temp\\\/?s={search_term_string}\"},\"query-input\":{\"@type\":\"PropertyValueSpecification\",\"valueRequired\":true,\"valueName\":\"search_term_string\"}}],\"inLanguage\":\"sv-SE\"},{\"@type\":\"Organization\",\"@id\":\"https:\\\/\\\/lightweb.dev\\\/l\\\/svm-temp\\\/#organization\",\"name\":\"Melkerson y Nott SL\",\"alternateName\":\"Svenska Magasinet\",\"url\":\"https:\\\/\\\/lightweb.dev\\\/l\\\/svm-temp\\\/\",\"logo\":{\"@type\":\"ImageObject\",\"inLanguage\":\"sv-SE\",\"@id\":\"https:\\\/\\\/lightweb.dev\\\/l\\\/svm-temp\\\/#\\\/schema\\\/logo\\\/image\\\/\",\"url\":\"https:\\\/\\\/lightweb.dev\\\/l\\\/svm-temp\\\/wp-content\\\/uploads\\\/2025\\\/02\\\/SvM-logo-Xtra-Centrerad-SVART.png\",\"contentUrl\":\"https:\\\/\\\/lightweb.dev\\\/l\\\/svm-temp\\\/wp-content\\\/uploads\\\/2025\\\/02\\\/SvM-logo-Xtra-Centrerad-SVART.png\",\"width\":300,\"height\":99,\"caption\":\"Melkerson y Nott SL\"},\"image\":{\"@id\":\"https:\\\/\\\/lightweb.dev\\\/l\\\/svm-temp\\\/#\\\/schema\\\/logo\\\/image\\\/\"},\"sameAs\":[\"https:\\\/\\\/www.facebook.com\\\/svenskamagasinet\",\"https:\\\/\\\/x.com\\\/SvenskaMagasine\"]},{\"@type\":\"Person\",\"@id\":\"https:\\\/\\\/lightweb.dev\\\/l\\\/svm-temp\\\/#\\\/schema\\\/person\\\/206a3bda5b607b0c25e1749191e4d837\",\"name\":\"Redaktionen SvM\",\"description\":\"Redaktionen\",\"sameAs\":[\"https:\\\/\\\/lightweb.dev\\\/l\\\/svm-temp\"],\"url\":\"https:\\\/\\\/lightweb.dev\\\/l\\\/svm-temp\\\/reporter\\\/redaktionen\\\/\"}]}<\/script>\n<!-- \/ Yoast SEO Premium plugin. -->","yoast_head_json":{"title":"Syskondrama \u2013 lokalpolis sk\u00f6t ihj\u00e4l sin syster och tog sitt eget liv - Svenska Magasinet","robots":{"index":"noindex","follow":"follow","max-snippet":"max-snippet:-1","max-image-preview":"max-image-preview:large","max-video-preview":"max-video-preview:-1"},"og_locale":"sv_SE","og_type":"article","og_title":"Syskondrama \u2013 lokalpolis sk\u00f6t ihj\u00e4l sin syster och tog sitt eget liv","og_description":"En 48-\u00e5rig kvinnlig lokalpolis misst\u00e4nks ha skjutit ihj\u00e4l sin storasyster och d\u00e4refter tagit sitt eget liv efter att en diskussion sp\u00e5rat ur. En granne uppt\u00e4ckte tv\u00e5 skjutna kroppar strax f\u00f6re \u00e5tta p\u00e5 s\u00f6ndagsmorgonen vid calle R\u00edo Montoro 15 stadsdelen La Colina i Torremolinos. I nul\u00e4get pekar det mesta p\u00e5 att det r\u00f6r sig om en [&hellip;]","og_url":"https:\/\/lightweb.dev\/l\/svm-temp\/nyheter\/syskondrama-lokalpolis-skot-ihjal-sin-syster-och-tog-sitt-eget-liv\/","og_site_name":"Svenska Magasinet","article_publisher":"https:\/\/www.facebook.com\/svenskamagasinet","article_published_time":"2013-12-01T23:00:00+00:00","author":"Redaktionen SvM","twitter_card":"summary_large_image","twitter_creator":"@SvenskaMagasine","twitter_site":"@SvenskaMagasine","schema":{"@context":"https:\/\/schema.org","@graph":[{"@type":"Article","@id":"https:\/\/lightweb.dev\/l\/svm-temp\/nyheter\/syskondrama-lokalpolis-skot-ihjal-sin-syster-och-tog-sitt-eget-liv\/#article","isPartOf":{"@id":"https:\/\/lightweb.dev\/l\/svm-temp\/nyheter\/syskondrama-lokalpolis-skot-ihjal-sin-syster-och-tog-sitt-eget-liv\/"},"author":{"name":"Redaktionen SvM","@id":"https:\/\/lightweb.dev\/l\/svm-temp\/#\/schema\/person\/206a3bda5b607b0c25e1749191e4d837"},"headline":"Syskondrama \u2013 lokalpolis sk\u00f6t ihj\u00e4l sin syster och tog sitt eget liv","datePublished":"2013-12-01T23:00:00+00:00","mainEntityOfPage":{"@id":"https:\/\/lightweb.dev\/l\/svm-temp\/nyheter\/syskondrama-lokalpolis-skot-ihjal-sin-syster-och-tog-sitt-eget-liv\/"},"wordCount":309,"commentCount":0,"publisher":{"@id":"https:\/\/lightweb.dev\/l\/svm-temp\/#organization"},"image":{"@id":"https:\/\/lightweb.dev\/l\/svm-temp\/nyheter\/syskondrama-lokalpolis-skot-ihjal-sin-syster-och-tog-sitt-eget-liv\/#primaryimage"},"thumbnailUrl":"https:\/\/lightweb.dev\/l\/svm-temp\/wp-content\/uploads\/2022\/06\/syskondrama-lokalpolis-skot-ihjal-sin-syster-och-tog-sitt-eget-liv.png","articleSection":["Arkiv","Nyheter"],"inLanguage":"sv-SE"},{"@type":"WebPage","@id":"https:\/\/lightweb.dev\/l\/svm-temp\/nyheter\/syskondrama-lokalpolis-skot-ihjal-sin-syster-och-tog-sitt-eget-liv\/","url":"https:\/\/lightweb.dev\/l\/svm-temp\/nyheter\/syskondrama-lokalpolis-skot-ihjal-sin-syster-och-tog-sitt-eget-liv\/","name":"Syskondrama \u2013 lokalpolis sk\u00f6t ihj\u00e4l sin syster och tog sitt eget liv - Svenska Magasinet","isPartOf":{"@id":"https:\/\/lightweb.dev\/l\/svm-temp\/#website"},"primaryImageOfPage":{"@id":"https:\/\/lightweb.dev\/l\/svm-temp\/nyheter\/syskondrama-lokalpolis-skot-ihjal-sin-syster-och-tog-sitt-eget-liv\/#primaryimage"},"image":{"@id":"https:\/\/lightweb.dev\/l\/svm-temp\/nyheter\/syskondrama-lokalpolis-skot-ihjal-sin-syster-och-tog-sitt-eget-liv\/#primaryimage"},"thumbnailUrl":"https:\/\/lightweb.dev\/l\/svm-temp\/wp-content\/uploads\/2022\/06\/syskondrama-lokalpolis-skot-ihjal-sin-syster-och-tog-sitt-eget-liv.png","datePublished":"2013-12-01T23:00:00+00:00","breadcrumb":{"@id":"https:\/\/lightweb.dev\/l\/svm-temp\/nyheter\/syskondrama-lokalpolis-skot-ihjal-sin-syster-och-tog-sitt-eget-liv\/#breadcrumb"},"inLanguage":"sv-SE","potentialAction":[{"@type":"ReadAction","target":["https:\/\/lightweb.dev\/l\/svm-temp\/nyheter\/syskondrama-lokalpolis-skot-ihjal-sin-syster-och-tog-sitt-eget-liv\/"]}]},{"@type":"ImageObject","inLanguage":"sv-SE","@id":"https:\/\/lightweb.dev\/l\/svm-temp\/nyheter\/syskondrama-lokalpolis-skot-ihjal-sin-syster-och-tog-sitt-eget-liv\/#primaryimage","url":"https:\/\/lightweb.dev\/l\/svm-temp\/wp-content\/uploads\/2022\/06\/syskondrama-lokalpolis-skot-ihjal-sin-syster-och-tog-sitt-eget-liv.png","contentUrl":"https:\/\/lightweb.dev\/l\/svm-temp\/wp-content\/uploads\/2022\/06\/syskondrama-lokalpolis-skot-ihjal-sin-syster-och-tog-sitt-eget-liv.png","width":280,"height":210},{"@type":"BreadcrumbList","@id":"https:\/\/lightweb.dev\/l\/svm-temp\/nyheter\/syskondrama-lokalpolis-skot-ihjal-sin-syster-och-tog-sitt-eget-liv\/#breadcrumb","itemListElement":[{"@type":"ListItem","position":1,"name":"Hem","item":"https:\/\/lightweb.dev\/l\/svm-temp\/"},{"@type":"ListItem","position":2,"name":"Syskondrama \u2013 lokalpolis sk\u00f6t ihj\u00e4l sin syster och tog sitt eget liv"}]},{"@type":"WebSite","@id":"https:\/\/lightweb.dev\/l\/svm-temp\/#website","url":"https:\/\/lightweb.dev\/l\/svm-temp\/","name":"Svenska Magasinet","description":"Dina Spanska nyheter p&aring; Svenska","publisher":{"@id":"https:\/\/lightweb.dev\/l\/svm-temp\/#organization"},"potentialAction":[{"@type":"SearchAction","target":{"@type":"EntryPoint","urlTemplate":"https:\/\/lightweb.dev\/l\/svm-temp\/?s={search_term_string}"},"query-input":{"@type":"PropertyValueSpecification","valueRequired":true,"valueName":"search_term_string"}}],"inLanguage":"sv-SE"},{"@type":"Organization","@id":"https:\/\/lightweb.dev\/l\/svm-temp\/#organization","name":"Melkerson y Nott SL","alternateName":"Svenska Magasinet","url":"https:\/\/lightweb.dev\/l\/svm-temp\/","logo":{"@type":"ImageObject","inLanguage":"sv-SE","@id":"https:\/\/lightweb.dev\/l\/svm-temp\/#\/schema\/logo\/image\/","url":"https:\/\/lightweb.dev\/l\/svm-temp\/wp-content\/uploads\/2025\/02\/SvM-logo-Xtra-Centrerad-SVART.png","contentUrl":"https:\/\/lightweb.dev\/l\/svm-temp\/wp-content\/uploads\/2025\/02\/SvM-logo-Xtra-Centrerad-SVART.png","width":300,"height":99,"caption":"Melkerson y Nott SL"},"image":{"@id":"https:\/\/lightweb.dev\/l\/svm-temp\/#\/schema\/logo\/image\/"},"sameAs":["https:\/\/www.facebook.com\/svenskamagasinet","https:\/\/x.com\/SvenskaMagasine"]},{"@type":"Person","@id":"https:\/\/lightweb.dev\/l\/svm-temp\/#\/schema\/person\/206a3bda5b607b0c25e1749191e4d837","name":"Redaktionen SvM","description":"Redaktionen","sameAs":["https:\/\/lightweb.dev\/l\/svm-temp"],"url":"https:\/\/lightweb.dev\/l\/svm-temp\/reporter\/redaktionen\/"}]}},"_links":{"self":[{"href":"https:\/\/lightweb.dev\/l\/svm-temp\/wp-json\/wp\/v2\/posts\/28381","targetHints":{"allow":["GET"]}}],"collection":[{"href":"https:\/\/lightweb.dev\/l\/svm-temp\/wp-json\/wp\/v2\/posts"}],"about":[{"href":"https:\/\/lightweb.dev\/l\/svm-temp\/wp-json\/wp\/v2\/types\/post"}],"author":[{"embeddable":true,"href":"https:\/\/lightweb.dev\/l\/svm-temp\/wp-json\/wp\/v2\/users\/8"}],"replies":[{"embeddable":true,"href":"https:\/\/lightweb.dev\/l\/svm-temp\/wp-json\/wp\/v2\/comments?post=28381"}],"version-history":[{"count":0,"href":"https:\/\/lightweb.dev\/l\/svm-temp\/wp-json\/wp\/v2\/posts\/28381\/revisions"}],"wp:featuredmedia":[{"embeddable":true,"href":"https:\/\/lightweb.dev\/l\/svm-temp\/wp-json\/wp\/v2\/media\/28384"}],"wp:attachment":[{"href":"https:\/\/lightweb.dev\/l\/svm-temp\/wp-json\/wp\/v2\/media?parent=28381"}],"wp:term":[{"taxonomy":"category","embeddable":true,"href":"https:\/\/lightweb.dev\/l\/svm-temp\/wp-json\/wp\/v2\/categories?post=28381"},{"taxonomy":"post_tag","embeddable":true,"href":"https:\/\/lightweb.dev\/l\/svm-temp\/wp-json\/wp\/v2\/tags?post=28381"}],"curies":[{"name":"wp","href":"https:\/\/api.w.org\/{rel}","templated":true}]}}