{"id":28389,"date":"2013-12-02T00:00:00","date_gmt":"2013-12-01T23:00:00","guid":{"rendered":"https:\/\/lightweb.dev\/l\/svm-temp\/nyheter\/en-av-hjarnorna-bakom-militarkuppen-har-avlidit\/"},"modified":"2013-12-02T00:00:00","modified_gmt":"2013-12-01T23:00:00","slug":"en-av-hjarnorna-bakom-militarkuppen-har-avlidit","status":"publish","type":"post","link":"https:\/\/lightweb.dev\/l\/svm-temp\/nyheter\/en-av-hjarnorna-bakom-militarkuppen-har-avlidit\/","title":{"rendered":"En av hj\u00e4rnorna bakom milit\u00e4rkuppen har avlidit"},"content":{"rendered":"<p> General Alfonso Armada, en av hj\u00e4rnorna bakom milit\u00e4rkuppen i Spanien den 23 februari 1981 har avlidit. Armada avled p\u00e5 s\u00f6ndagen p\u00e5 ett sjukhus i Madrid efter att ha f\u00e5tt hj\u00e4rtstillest\u00e5nd. Han blev 93 \u00e5r.<\/p>\n<p>Alfonso Armada d\u00f6mdes den 22 april 1983 i H\u00f6gsta domstolen till 30 \u00e5rs f\u00e4ngelse f\u00f6r sin inblandning i den misslyckade statskuppen i Spanien. Han blev ben\u00e5dad av regeringen den 24 december 1988 p\u00e5 grund av h\u00e4lsosk\u00e4l.<\/p>\n<p>Armada Navy f\u00f6ddes i Madrid 1920 och tog v\u00e4rvning i arm\u00e9n vid 16 \u00e5rs \u00e5lder. Han deltog i det spanska inb\u00f6rdeskriget i fronter i Madrid, Andalusien, Guadalajara, Teruel och Valencia, som tillf\u00f6rordnad l\u00f6jtnant.<\/p>\n<p>Han ingick \u00e4ven i den spanska frivilliga bl\u00e5 divisionen som under 18 m\u00e5nader slogs mot Stalinkommunismen utanf\u00f6r tidigare Leningrad. H\u00e4r tr\u00e4ffade Armada Milans del Bosch som ocks\u00e5 var en av hj\u00e4rnorna bakom statskuppen i Spanien 1981.<\/p>\n<p>Alfonso Armada uppr\u00e4tth\u00f6ll en bra relation med kung Juan Carlos och var dennes l\u00e4rare och r\u00e5dgivare under utbildningen fr\u00e5n 1954.<\/p>\n<p>Det har spekulerats i att Alfonso Armada var den \u201delefante blanco\u201d, vita elefant, som skulle ta \u00f6ver regeringsposten efter kuppen. General Alfonso Armada f\u00f6rnekade hela tiden sin inblandning i statskuppen.<\/p>\n<p>Han bad om urs\u00e4kt vid fem tillf\u00e4llen och blev ben\u00e5dad p\u00e5 grund av h\u00e4lsosk\u00e4l. D\u00e4refter tillbringade han sin tid mellan Madrid och g\u00e5rden Santa Cruz de Rivadulla n\u00e5gra kilometer fr\u00e5n Santiago de Compostela. L\u00e4s mer h\u00e4r: &#8221;V\u00e4rlden &#8211; h\u00e5ll k\u00e4ft!&#8221; &#8211; Efter 30 \u00e5r blir milit\u00e4rkuppen tv-film<\/p>\n","protected":false},"excerpt":{"rendered":"<p>General Alfonso Armada, en av hj\u00e4rnorna bakom milit\u00e4rkuppen i Spanien den 23 februari 1981 har avlidit. Armada avled p\u00e5 s\u00f6ndagen p\u00e5 ett sjukhus i Madrid efter att ha f\u00e5tt hj\u00e4rtstillest\u00e5nd. Han blev 93 \u00e5r. Alfonso Armada d\u00f6mdes den 22 april 1983 i H\u00f6gsta domstolen till 30 \u00e5rs f\u00e4ngelse f\u00f6r sin inblandning i den misslyckade statskuppen [&hellip;]<\/p>\n","protected":false},"author":8,"featured_media":28392,"comment_status":"open","ping_status":"open","sticky":false,"template":"","format":"standard","meta":{"_et_pb_use_builder":"","_et_pb_old_content":"","_et_gb_content_width":"","footnotes":""},"categories":[395,3],"tags":[],"class_list":["post-28389","post","type-post","status-publish","format-standard","has-post-thumbnail","hentry","category-arkiv-nyheter","category-nyheter"],"yoast_head":"<!-- This site is optimized with the Yoast SEO Premium plugin v26.2 (Yoast SEO v27.4) - https:\/\/yoast.com\/product\/yoast-seo-premium-wordpress\/ -->\n<title>En av hj\u00e4rnorna bakom milit\u00e4rkuppen har avlidit - Svenska Magasinet<\/title>\n<meta name=\"robots\" content=\"noindex, follow, max-snippet:-1, max-image-preview:large, max-video-preview:-1\" \/>\n<meta property=\"og:locale\" content=\"sv_SE\" \/>\n<meta property=\"og:type\" content=\"article\" \/>\n<meta property=\"og:title\" content=\"En av hj\u00e4rnorna bakom milit\u00e4rkuppen har avlidit\" \/>\n<meta property=\"og:description\" content=\"General Alfonso Armada, en av hj\u00e4rnorna bakom milit\u00e4rkuppen i Spanien den 23 februari 1981 har avlidit. Armada avled p\u00e5 s\u00f6ndagen p\u00e5 ett sjukhus i Madrid efter att ha f\u00e5tt hj\u00e4rtstillest\u00e5nd. Han blev 93 \u00e5r. Alfonso Armada d\u00f6mdes den 22 april 1983 i H\u00f6gsta domstolen till 30 \u00e5rs f\u00e4ngelse f\u00f6r sin inblandning i den misslyckade statskuppen [&hellip;]\" \/>\n<meta property=\"og:url\" content=\"https:\/\/lightweb.dev\/l\/svm-temp\/nyheter\/en-av-hjarnorna-bakom-militarkuppen-har-avlidit\/\" \/>\n<meta property=\"og:site_name\" content=\"Svenska Magasinet\" \/>\n<meta property=\"article:publisher\" content=\"https:\/\/www.facebook.com\/svenskamagasinet\" \/>\n<meta property=\"article:published_time\" content=\"2013-12-01T23:00:00+00:00\" \/>\n<meta name=\"author\" content=\"Redaktionen SvM\" \/>\n<meta name=\"twitter:card\" content=\"summary_large_image\" \/>\n<meta name=\"twitter:creator\" content=\"@SvenskaMagasine\" \/>\n<meta name=\"twitter:site\" content=\"@SvenskaMagasine\" \/>\n<script type=\"application\/ld+json\" class=\"yoast-schema-graph\">{\"@context\":\"https:\\\/\\\/schema.org\",\"@graph\":[{\"@type\":\"Article\",\"@id\":\"https:\\\/\\\/lightweb.dev\\\/l\\\/svm-temp\\\/nyheter\\\/en-av-hjarnorna-bakom-militarkuppen-har-avlidit\\\/#article\",\"isPartOf\":{\"@id\":\"https:\\\/\\\/lightweb.dev\\\/l\\\/svm-temp\\\/nyheter\\\/en-av-hjarnorna-bakom-militarkuppen-har-avlidit\\\/\"},\"author\":{\"name\":\"Redaktionen SvM\",\"@id\":\"https:\\\/\\\/lightweb.dev\\\/l\\\/svm-temp\\\/#\\\/schema\\\/person\\\/206a3bda5b607b0c25e1749191e4d837\"},\"headline\":\"En av hj\u00e4rnorna bakom milit\u00e4rkuppen har avlidit\",\"datePublished\":\"2013-12-01T23:00:00+00:00\",\"mainEntityOfPage\":{\"@id\":\"https:\\\/\\\/lightweb.dev\\\/l\\\/svm-temp\\\/nyheter\\\/en-av-hjarnorna-bakom-militarkuppen-har-avlidit\\\/\"},\"wordCount\":276,\"commentCount\":0,\"publisher\":{\"@id\":\"https:\\\/\\\/lightweb.dev\\\/l\\\/svm-temp\\\/#organization\"},\"image\":{\"@id\":\"https:\\\/\\\/lightweb.dev\\\/l\\\/svm-temp\\\/nyheter\\\/en-av-hjarnorna-bakom-militarkuppen-har-avlidit\\\/#primaryimage\"},\"thumbnailUrl\":\"https:\\\/\\\/lightweb.dev\\\/l\\\/svm-temp\\\/wp-content\\\/uploads\\\/2022\\\/06\\\/en-av-hjarnorna-bakom-militarkuppen-har-avlidit.png\",\"articleSection\":[\"Arkiv\",\"Nyheter\"],\"inLanguage\":\"sv-SE\"},{\"@type\":\"WebPage\",\"@id\":\"https:\\\/\\\/lightweb.dev\\\/l\\\/svm-temp\\\/nyheter\\\/en-av-hjarnorna-bakom-militarkuppen-har-avlidit\\\/\",\"url\":\"https:\\\/\\\/lightweb.dev\\\/l\\\/svm-temp\\\/nyheter\\\/en-av-hjarnorna-bakom-militarkuppen-har-avlidit\\\/\",\"name\":\"En av hj\u00e4rnorna bakom milit\u00e4rkuppen har avlidit - Svenska Magasinet\",\"isPartOf\":{\"@id\":\"https:\\\/\\\/lightweb.dev\\\/l\\\/svm-temp\\\/#website\"},\"primaryImageOfPage\":{\"@id\":\"https:\\\/\\\/lightweb.dev\\\/l\\\/svm-temp\\\/nyheter\\\/en-av-hjarnorna-bakom-militarkuppen-har-avlidit\\\/#primaryimage\"},\"image\":{\"@id\":\"https:\\\/\\\/lightweb.dev\\\/l\\\/svm-temp\\\/nyheter\\\/en-av-hjarnorna-bakom-militarkuppen-har-avlidit\\\/#primaryimage\"},\"thumbnailUrl\":\"https:\\\/\\\/lightweb.dev\\\/l\\\/svm-temp\\\/wp-content\\\/uploads\\\/2022\\\/06\\\/en-av-hjarnorna-bakom-militarkuppen-har-avlidit.png\",\"datePublished\":\"2013-12-01T23:00:00+00:00\",\"breadcrumb\":{\"@id\":\"https:\\\/\\\/lightweb.dev\\\/l\\\/svm-temp\\\/nyheter\\\/en-av-hjarnorna-bakom-militarkuppen-har-avlidit\\\/#breadcrumb\"},\"inLanguage\":\"sv-SE\",\"potentialAction\":[{\"@type\":\"ReadAction\",\"target\":[\"https:\\\/\\\/lightweb.dev\\\/l\\\/svm-temp\\\/nyheter\\\/en-av-hjarnorna-bakom-militarkuppen-har-avlidit\\\/\"]}]},{\"@type\":\"ImageObject\",\"inLanguage\":\"sv-SE\",\"@id\":\"https:\\\/\\\/lightweb.dev\\\/l\\\/svm-temp\\\/nyheter\\\/en-av-hjarnorna-bakom-militarkuppen-har-avlidit\\\/#primaryimage\",\"url\":\"https:\\\/\\\/lightweb.dev\\\/l\\\/svm-temp\\\/wp-content\\\/uploads\\\/2022\\\/06\\\/en-av-hjarnorna-bakom-militarkuppen-har-avlidit.png\",\"contentUrl\":\"https:\\\/\\\/lightweb.dev\\\/l\\\/svm-temp\\\/wp-content\\\/uploads\\\/2022\\\/06\\\/en-av-hjarnorna-bakom-militarkuppen-har-avlidit.png\",\"width\":280,\"height\":209},{\"@type\":\"BreadcrumbList\",\"@id\":\"https:\\\/\\\/lightweb.dev\\\/l\\\/svm-temp\\\/nyheter\\\/en-av-hjarnorna-bakom-militarkuppen-har-avlidit\\\/#breadcrumb\",\"itemListElement\":[{\"@type\":\"ListItem\",\"position\":1,\"name\":\"Hem\",\"item\":\"https:\\\/\\\/lightweb.dev\\\/l\\\/svm-temp\\\/\"},{\"@type\":\"ListItem\",\"position\":2,\"name\":\"En av hj\u00e4rnorna bakom milit\u00e4rkuppen har avlidit\"}]},{\"@type\":\"WebSite\",\"@id\":\"https:\\\/\\\/lightweb.dev\\\/l\\\/svm-temp\\\/#website\",\"url\":\"https:\\\/\\\/lightweb.dev\\\/l\\\/svm-temp\\\/\",\"name\":\"Svenska Magasinet\",\"description\":\"Dina Spanska nyheter p&aring; Svenska\",\"publisher\":{\"@id\":\"https:\\\/\\\/lightweb.dev\\\/l\\\/svm-temp\\\/#organization\"},\"potentialAction\":[{\"@type\":\"SearchAction\",\"target\":{\"@type\":\"EntryPoint\",\"urlTemplate\":\"https:\\\/\\\/lightweb.dev\\\/l\\\/svm-temp\\\/?s={search_term_string}\"},\"query-input\":{\"@type\":\"PropertyValueSpecification\",\"valueRequired\":true,\"valueName\":\"search_term_string\"}}],\"inLanguage\":\"sv-SE\"},{\"@type\":\"Organization\",\"@id\":\"https:\\\/\\\/lightweb.dev\\\/l\\\/svm-temp\\\/#organization\",\"name\":\"Melkerson y Nott SL\",\"alternateName\":\"Svenska Magasinet\",\"url\":\"https:\\\/\\\/lightweb.dev\\\/l\\\/svm-temp\\\/\",\"logo\":{\"@type\":\"ImageObject\",\"inLanguage\":\"sv-SE\",\"@id\":\"https:\\\/\\\/lightweb.dev\\\/l\\\/svm-temp\\\/#\\\/schema\\\/logo\\\/image\\\/\",\"url\":\"https:\\\/\\\/lightweb.dev\\\/l\\\/svm-temp\\\/wp-content\\\/uploads\\\/2025\\\/02\\\/SvM-logo-Xtra-Centrerad-SVART.png\",\"contentUrl\":\"https:\\\/\\\/lightweb.dev\\\/l\\\/svm-temp\\\/wp-content\\\/uploads\\\/2025\\\/02\\\/SvM-logo-Xtra-Centrerad-SVART.png\",\"width\":300,\"height\":99,\"caption\":\"Melkerson y Nott SL\"},\"image\":{\"@id\":\"https:\\\/\\\/lightweb.dev\\\/l\\\/svm-temp\\\/#\\\/schema\\\/logo\\\/image\\\/\"},\"sameAs\":[\"https:\\\/\\\/www.facebook.com\\\/svenskamagasinet\",\"https:\\\/\\\/x.com\\\/SvenskaMagasine\"]},{\"@type\":\"Person\",\"@id\":\"https:\\\/\\\/lightweb.dev\\\/l\\\/svm-temp\\\/#\\\/schema\\\/person\\\/206a3bda5b607b0c25e1749191e4d837\",\"name\":\"Redaktionen SvM\",\"description\":\"Redaktionen\",\"sameAs\":[\"https:\\\/\\\/lightweb.dev\\\/l\\\/svm-temp\"],\"url\":\"https:\\\/\\\/lightweb.dev\\\/l\\\/svm-temp\\\/reporter\\\/redaktionen\\\/\"}]}<\/script>\n<!-- \/ Yoast SEO Premium plugin. -->","yoast_head_json":{"title":"En av hj\u00e4rnorna bakom milit\u00e4rkuppen har avlidit - Svenska Magasinet","robots":{"index":"noindex","follow":"follow","max-snippet":"max-snippet:-1","max-image-preview":"max-image-preview:large","max-video-preview":"max-video-preview:-1"},"og_locale":"sv_SE","og_type":"article","og_title":"En av hj\u00e4rnorna bakom milit\u00e4rkuppen har avlidit","og_description":"General Alfonso Armada, en av hj\u00e4rnorna bakom milit\u00e4rkuppen i Spanien den 23 februari 1981 har avlidit. Armada avled p\u00e5 s\u00f6ndagen p\u00e5 ett sjukhus i Madrid efter att ha f\u00e5tt hj\u00e4rtstillest\u00e5nd. Han blev 93 \u00e5r. Alfonso Armada d\u00f6mdes den 22 april 1983 i H\u00f6gsta domstolen till 30 \u00e5rs f\u00e4ngelse f\u00f6r sin inblandning i den misslyckade statskuppen [&hellip;]","og_url":"https:\/\/lightweb.dev\/l\/svm-temp\/nyheter\/en-av-hjarnorna-bakom-militarkuppen-har-avlidit\/","og_site_name":"Svenska Magasinet","article_publisher":"https:\/\/www.facebook.com\/svenskamagasinet","article_published_time":"2013-12-01T23:00:00+00:00","author":"Redaktionen SvM","twitter_card":"summary_large_image","twitter_creator":"@SvenskaMagasine","twitter_site":"@SvenskaMagasine","schema":{"@context":"https:\/\/schema.org","@graph":[{"@type":"Article","@id":"https:\/\/lightweb.dev\/l\/svm-temp\/nyheter\/en-av-hjarnorna-bakom-militarkuppen-har-avlidit\/#article","isPartOf":{"@id":"https:\/\/lightweb.dev\/l\/svm-temp\/nyheter\/en-av-hjarnorna-bakom-militarkuppen-har-avlidit\/"},"author":{"name":"Redaktionen SvM","@id":"https:\/\/lightweb.dev\/l\/svm-temp\/#\/schema\/person\/206a3bda5b607b0c25e1749191e4d837"},"headline":"En av hj\u00e4rnorna bakom milit\u00e4rkuppen har avlidit","datePublished":"2013-12-01T23:00:00+00:00","mainEntityOfPage":{"@id":"https:\/\/lightweb.dev\/l\/svm-temp\/nyheter\/en-av-hjarnorna-bakom-militarkuppen-har-avlidit\/"},"wordCount":276,"commentCount":0,"publisher":{"@id":"https:\/\/lightweb.dev\/l\/svm-temp\/#organization"},"image":{"@id":"https:\/\/lightweb.dev\/l\/svm-temp\/nyheter\/en-av-hjarnorna-bakom-militarkuppen-har-avlidit\/#primaryimage"},"thumbnailUrl":"https:\/\/lightweb.dev\/l\/svm-temp\/wp-content\/uploads\/2022\/06\/en-av-hjarnorna-bakom-militarkuppen-har-avlidit.png","articleSection":["Arkiv","Nyheter"],"inLanguage":"sv-SE"},{"@type":"WebPage","@id":"https:\/\/lightweb.dev\/l\/svm-temp\/nyheter\/en-av-hjarnorna-bakom-militarkuppen-har-avlidit\/","url":"https:\/\/lightweb.dev\/l\/svm-temp\/nyheter\/en-av-hjarnorna-bakom-militarkuppen-har-avlidit\/","name":"En av hj\u00e4rnorna bakom milit\u00e4rkuppen har avlidit - Svenska Magasinet","isPartOf":{"@id":"https:\/\/lightweb.dev\/l\/svm-temp\/#website"},"primaryImageOfPage":{"@id":"https:\/\/lightweb.dev\/l\/svm-temp\/nyheter\/en-av-hjarnorna-bakom-militarkuppen-har-avlidit\/#primaryimage"},"image":{"@id":"https:\/\/lightweb.dev\/l\/svm-temp\/nyheter\/en-av-hjarnorna-bakom-militarkuppen-har-avlidit\/#primaryimage"},"thumbnailUrl":"https:\/\/lightweb.dev\/l\/svm-temp\/wp-content\/uploads\/2022\/06\/en-av-hjarnorna-bakom-militarkuppen-har-avlidit.png","datePublished":"2013-12-01T23:00:00+00:00","breadcrumb":{"@id":"https:\/\/lightweb.dev\/l\/svm-temp\/nyheter\/en-av-hjarnorna-bakom-militarkuppen-har-avlidit\/#breadcrumb"},"inLanguage":"sv-SE","potentialAction":[{"@type":"ReadAction","target":["https:\/\/lightweb.dev\/l\/svm-temp\/nyheter\/en-av-hjarnorna-bakom-militarkuppen-har-avlidit\/"]}]},{"@type":"ImageObject","inLanguage":"sv-SE","@id":"https:\/\/lightweb.dev\/l\/svm-temp\/nyheter\/en-av-hjarnorna-bakom-militarkuppen-har-avlidit\/#primaryimage","url":"https:\/\/lightweb.dev\/l\/svm-temp\/wp-content\/uploads\/2022\/06\/en-av-hjarnorna-bakom-militarkuppen-har-avlidit.png","contentUrl":"https:\/\/lightweb.dev\/l\/svm-temp\/wp-content\/uploads\/2022\/06\/en-av-hjarnorna-bakom-militarkuppen-har-avlidit.png","width":280,"height":209},{"@type":"BreadcrumbList","@id":"https:\/\/lightweb.dev\/l\/svm-temp\/nyheter\/en-av-hjarnorna-bakom-militarkuppen-har-avlidit\/#breadcrumb","itemListElement":[{"@type":"ListItem","position":1,"name":"Hem","item":"https:\/\/lightweb.dev\/l\/svm-temp\/"},{"@type":"ListItem","position":2,"name":"En av hj\u00e4rnorna bakom milit\u00e4rkuppen har avlidit"}]},{"@type":"WebSite","@id":"https:\/\/lightweb.dev\/l\/svm-temp\/#website","url":"https:\/\/lightweb.dev\/l\/svm-temp\/","name":"Svenska Magasinet","description":"Dina Spanska nyheter p&aring; Svenska","publisher":{"@id":"https:\/\/lightweb.dev\/l\/svm-temp\/#organization"},"potentialAction":[{"@type":"SearchAction","target":{"@type":"EntryPoint","urlTemplate":"https:\/\/lightweb.dev\/l\/svm-temp\/?s={search_term_string}"},"query-input":{"@type":"PropertyValueSpecification","valueRequired":true,"valueName":"search_term_string"}}],"inLanguage":"sv-SE"},{"@type":"Organization","@id":"https:\/\/lightweb.dev\/l\/svm-temp\/#organization","name":"Melkerson y Nott SL","alternateName":"Svenska Magasinet","url":"https:\/\/lightweb.dev\/l\/svm-temp\/","logo":{"@type":"ImageObject","inLanguage":"sv-SE","@id":"https:\/\/lightweb.dev\/l\/svm-temp\/#\/schema\/logo\/image\/","url":"https:\/\/lightweb.dev\/l\/svm-temp\/wp-content\/uploads\/2025\/02\/SvM-logo-Xtra-Centrerad-SVART.png","contentUrl":"https:\/\/lightweb.dev\/l\/svm-temp\/wp-content\/uploads\/2025\/02\/SvM-logo-Xtra-Centrerad-SVART.png","width":300,"height":99,"caption":"Melkerson y Nott SL"},"image":{"@id":"https:\/\/lightweb.dev\/l\/svm-temp\/#\/schema\/logo\/image\/"},"sameAs":["https:\/\/www.facebook.com\/svenskamagasinet","https:\/\/x.com\/SvenskaMagasine"]},{"@type":"Person","@id":"https:\/\/lightweb.dev\/l\/svm-temp\/#\/schema\/person\/206a3bda5b607b0c25e1749191e4d837","name":"Redaktionen SvM","description":"Redaktionen","sameAs":["https:\/\/lightweb.dev\/l\/svm-temp"],"url":"https:\/\/lightweb.dev\/l\/svm-temp\/reporter\/redaktionen\/"}]}},"_links":{"self":[{"href":"https:\/\/lightweb.dev\/l\/svm-temp\/wp-json\/wp\/v2\/posts\/28389","targetHints":{"allow":["GET"]}}],"collection":[{"href":"https:\/\/lightweb.dev\/l\/svm-temp\/wp-json\/wp\/v2\/posts"}],"about":[{"href":"https:\/\/lightweb.dev\/l\/svm-temp\/wp-json\/wp\/v2\/types\/post"}],"author":[{"embeddable":true,"href":"https:\/\/lightweb.dev\/l\/svm-temp\/wp-json\/wp\/v2\/users\/8"}],"replies":[{"embeddable":true,"href":"https:\/\/lightweb.dev\/l\/svm-temp\/wp-json\/wp\/v2\/comments?post=28389"}],"version-history":[{"count":0,"href":"https:\/\/lightweb.dev\/l\/svm-temp\/wp-json\/wp\/v2\/posts\/28389\/revisions"}],"wp:featuredmedia":[{"embeddable":true,"href":"https:\/\/lightweb.dev\/l\/svm-temp\/wp-json\/wp\/v2\/media\/28392"}],"wp:attachment":[{"href":"https:\/\/lightweb.dev\/l\/svm-temp\/wp-json\/wp\/v2\/media?parent=28389"}],"wp:term":[{"taxonomy":"category","embeddable":true,"href":"https:\/\/lightweb.dev\/l\/svm-temp\/wp-json\/wp\/v2\/categories?post=28389"},{"taxonomy":"post_tag","embeddable":true,"href":"https:\/\/lightweb.dev\/l\/svm-temp\/wp-json\/wp\/v2\/tags?post=28389"}],"curies":[{"name":"wp","href":"https:\/\/api.w.org\/{rel}","templated":true}]}}