{"id":28401,"date":"2013-11-29T00:00:00","date_gmt":"2013-11-28T23:00:00","guid":{"rendered":"https:\/\/lightweb.dev\/l\/svm-temp\/nyheter\/har-tar-den-falske-lakaren-manuel-rodriguez-navarro-emot-sina-patienter\/"},"modified":"2013-11-29T00:00:00","modified_gmt":"2013-11-28T23:00:00","slug":"har-tar-den-falske-lakaren-manuel-rodriguez-navarro-emot-sina-patienter","status":"publish","type":"post","link":"https:\/\/lightweb.dev\/l\/svm-temp\/nyheter\/har-tar-den-falske-lakaren-manuel-rodriguez-navarro-emot-sina-patienter\/","title":{"rendered":"H\u00e4r tar den falske l\u00e4karen Manuel Rodr\u00edguez Navarro emot sina patienter"},"content":{"rendered":"<p> M\u00e1lagapolisen f\u00f6rs\u00f6ker nu kartl\u00e4gga hur m\u00e5nga som har varit patienter hos den 46-\u00e5rige l\u00e4karen Manuel Rodr\u00edguez Navarro som sedan 1998 verkat som l\u00e4kare utan licens. Polisen g\u00e5r igenom patientlistor f\u00f6r att informera tidigare patienter att l\u00e4karen gripits och det bedr\u00e4geri l\u00e4karen utsatt sina patienter f\u00f6r.<\/p>\n<p>Den 46-\u00e5rige mannen som kommer fr\u00e5n Melilla har haft klinik p\u00e5 Calle Frigiliana n\u00e4ra Carretera de C\u00e1diz i de v\u00e4stra delarna av M\u00e1laga. Han har erbjudit behandlingar som han inte har varit kvalificerad att ge. Patienter har betalat upp till 4.000 euro f\u00f6r vissa behandlingar och l\u00e4karen har behandlat en baby p\u00e5 \u00e5tta m\u00e5nader skriver den spanska dagstidningen ABC.<\/p>\n<p>P\u00e5 kliniken har den falske l\u00e4karen l\u00e5tit h\u00e4nga upp fejkade intyg och diplom. Han har \u00e4ven p\u00e5st\u00e5tt sig vara expert inom idrottsmedicin och varit expert \u00e5t fotbollslag som Atl\u00e9tico de Madrid och Osasuna uppger dagstidningen Diario SUR.<\/p>\n<p>Mannen avsl\u00f6jades efter att en kvinna fattat misstankar. Genom kontakter med L\u00e4karf\u00f6rbundet avsl\u00f6jades bluffen. Colegio Oficial de M\u00e9dicos i M\u00e1laga l\u00e4t sedan polisanm\u00e4la l\u00e4karen som hade en hemsida p\u00e5 Internet d\u00e4r han lyckades f\u00e5nga upp patienter. Mannen greps den 4 november p\u00e5 sin klinik.<\/p>\n<p>Den falske l\u00e4karen Manuel Rodr\u00edguez Navarro har \u00e4ven erbjudit finansiering till sina patienter n\u00e4r det har r\u00f6rt sig om dyrare behandlingar. <\/p>\n","protected":false},"excerpt":{"rendered":"<p>M\u00e1lagapolisen f\u00f6rs\u00f6ker nu kartl\u00e4gga hur m\u00e5nga som har varit patienter hos den 46-\u00e5rige l\u00e4karen Manuel Rodr\u00edguez Navarro som sedan 1998 verkat som l\u00e4kare utan licens. Polisen g\u00e5r igenom patientlistor f\u00f6r att informera tidigare patienter att l\u00e4karen gripits och det bedr\u00e4geri l\u00e4karen utsatt sina patienter f\u00f6r. Den 46-\u00e5rige mannen som kommer fr\u00e5n Melilla har haft klinik [&hellip;]<\/p>\n","protected":false},"author":8,"featured_media":28403,"comment_status":"open","ping_status":"open","sticky":false,"template":"","format":"standard","meta":{"_et_pb_use_builder":"","_et_pb_old_content":"","_et_gb_content_width":"","footnotes":""},"categories":[395,3],"tags":[],"class_list":["post-28401","post","type-post","status-publish","format-standard","has-post-thumbnail","hentry","category-arkiv-nyheter","category-nyheter"],"yoast_head":"<!-- This site is optimized with the Yoast SEO Premium plugin v26.2 (Yoast SEO v27.4) - https:\/\/yoast.com\/product\/yoast-seo-premium-wordpress\/ -->\n<title>H\u00e4r tar den falske l\u00e4karen Manuel Rodr\u00edguez Navarro emot sina patienter - Svenska Magasinet<\/title>\n<meta name=\"robots\" content=\"noindex, follow, max-snippet:-1, max-image-preview:large, max-video-preview:-1\" \/>\n<meta property=\"og:locale\" content=\"sv_SE\" \/>\n<meta property=\"og:type\" content=\"article\" \/>\n<meta property=\"og:title\" content=\"H\u00e4r tar den falske l\u00e4karen Manuel Rodr\u00edguez Navarro emot sina patienter\" \/>\n<meta property=\"og:description\" content=\"M\u00e1lagapolisen f\u00f6rs\u00f6ker nu kartl\u00e4gga hur m\u00e5nga som har varit patienter hos den 46-\u00e5rige l\u00e4karen Manuel Rodr\u00edguez Navarro som sedan 1998 verkat som l\u00e4kare utan licens. Polisen g\u00e5r igenom patientlistor f\u00f6r att informera tidigare patienter att l\u00e4karen gripits och det bedr\u00e4geri l\u00e4karen utsatt sina patienter f\u00f6r. Den 46-\u00e5rige mannen som kommer fr\u00e5n Melilla har haft klinik [&hellip;]\" \/>\n<meta property=\"og:url\" content=\"https:\/\/lightweb.dev\/l\/svm-temp\/nyheter\/har-tar-den-falske-lakaren-manuel-rodriguez-navarro-emot-sina-patienter\/\" \/>\n<meta property=\"og:site_name\" content=\"Svenska Magasinet\" \/>\n<meta property=\"article:publisher\" content=\"https:\/\/www.facebook.com\/svenskamagasinet\" \/>\n<meta property=\"article:published_time\" content=\"2013-11-28T23:00:00+00:00\" \/>\n<meta name=\"author\" content=\"Redaktionen SvM\" \/>\n<meta name=\"twitter:card\" content=\"summary_large_image\" \/>\n<meta name=\"twitter:creator\" content=\"@SvenskaMagasine\" \/>\n<meta name=\"twitter:site\" content=\"@SvenskaMagasine\" \/>\n<script type=\"application\/ld+json\" class=\"yoast-schema-graph\">{\"@context\":\"https:\\\/\\\/schema.org\",\"@graph\":[{\"@type\":\"Article\",\"@id\":\"https:\\\/\\\/lightweb.dev\\\/l\\\/svm-temp\\\/nyheter\\\/har-tar-den-falske-lakaren-manuel-rodriguez-navarro-emot-sina-patienter\\\/#article\",\"isPartOf\":{\"@id\":\"https:\\\/\\\/lightweb.dev\\\/l\\\/svm-temp\\\/nyheter\\\/har-tar-den-falske-lakaren-manuel-rodriguez-navarro-emot-sina-patienter\\\/\"},\"author\":{\"name\":\"Redaktionen SvM\",\"@id\":\"https:\\\/\\\/lightweb.dev\\\/l\\\/svm-temp\\\/#\\\/schema\\\/person\\\/206a3bda5b607b0c25e1749191e4d837\"},\"headline\":\"H\u00e4r tar den falske l\u00e4karen Manuel Rodr\u00edguez Navarro emot sina patienter\",\"datePublished\":\"2013-11-28T23:00:00+00:00\",\"mainEntityOfPage\":{\"@id\":\"https:\\\/\\\/lightweb.dev\\\/l\\\/svm-temp\\\/nyheter\\\/har-tar-den-falske-lakaren-manuel-rodriguez-navarro-emot-sina-patienter\\\/\"},\"wordCount\":262,\"commentCount\":0,\"publisher\":{\"@id\":\"https:\\\/\\\/lightweb.dev\\\/l\\\/svm-temp\\\/#organization\"},\"image\":{\"@id\":\"https:\\\/\\\/lightweb.dev\\\/l\\\/svm-temp\\\/nyheter\\\/har-tar-den-falske-lakaren-manuel-rodriguez-navarro-emot-sina-patienter\\\/#primaryimage\"},\"thumbnailUrl\":\"https:\\\/\\\/lightweb.dev\\\/l\\\/svm-temp\\\/wp-content\\\/uploads\\\/2022\\\/06\\\/har-tar-den-falske-lakaren-manuel-rodriguez-navarro-emot-sina-patienter.png\",\"articleSection\":[\"Arkiv\",\"Nyheter\"],\"inLanguage\":\"sv-SE\"},{\"@type\":\"WebPage\",\"@id\":\"https:\\\/\\\/lightweb.dev\\\/l\\\/svm-temp\\\/nyheter\\\/har-tar-den-falske-lakaren-manuel-rodriguez-navarro-emot-sina-patienter\\\/\",\"url\":\"https:\\\/\\\/lightweb.dev\\\/l\\\/svm-temp\\\/nyheter\\\/har-tar-den-falske-lakaren-manuel-rodriguez-navarro-emot-sina-patienter\\\/\",\"name\":\"H\u00e4r tar den falske l\u00e4karen Manuel Rodr\u00edguez Navarro emot sina patienter - Svenska Magasinet\",\"isPartOf\":{\"@id\":\"https:\\\/\\\/lightweb.dev\\\/l\\\/svm-temp\\\/#website\"},\"primaryImageOfPage\":{\"@id\":\"https:\\\/\\\/lightweb.dev\\\/l\\\/svm-temp\\\/nyheter\\\/har-tar-den-falske-lakaren-manuel-rodriguez-navarro-emot-sina-patienter\\\/#primaryimage\"},\"image\":{\"@id\":\"https:\\\/\\\/lightweb.dev\\\/l\\\/svm-temp\\\/nyheter\\\/har-tar-den-falske-lakaren-manuel-rodriguez-navarro-emot-sina-patienter\\\/#primaryimage\"},\"thumbnailUrl\":\"https:\\\/\\\/lightweb.dev\\\/l\\\/svm-temp\\\/wp-content\\\/uploads\\\/2022\\\/06\\\/har-tar-den-falske-lakaren-manuel-rodriguez-navarro-emot-sina-patienter.png\",\"datePublished\":\"2013-11-28T23:00:00+00:00\",\"breadcrumb\":{\"@id\":\"https:\\\/\\\/lightweb.dev\\\/l\\\/svm-temp\\\/nyheter\\\/har-tar-den-falske-lakaren-manuel-rodriguez-navarro-emot-sina-patienter\\\/#breadcrumb\"},\"inLanguage\":\"sv-SE\",\"potentialAction\":[{\"@type\":\"ReadAction\",\"target\":[\"https:\\\/\\\/lightweb.dev\\\/l\\\/svm-temp\\\/nyheter\\\/har-tar-den-falske-lakaren-manuel-rodriguez-navarro-emot-sina-patienter\\\/\"]}]},{\"@type\":\"ImageObject\",\"inLanguage\":\"sv-SE\",\"@id\":\"https:\\\/\\\/lightweb.dev\\\/l\\\/svm-temp\\\/nyheter\\\/har-tar-den-falske-lakaren-manuel-rodriguez-navarro-emot-sina-patienter\\\/#primaryimage\",\"url\":\"https:\\\/\\\/lightweb.dev\\\/l\\\/svm-temp\\\/wp-content\\\/uploads\\\/2022\\\/06\\\/har-tar-den-falske-lakaren-manuel-rodriguez-navarro-emot-sina-patienter.png\",\"contentUrl\":\"https:\\\/\\\/lightweb.dev\\\/l\\\/svm-temp\\\/wp-content\\\/uploads\\\/2022\\\/06\\\/har-tar-den-falske-lakaren-manuel-rodriguez-navarro-emot-sina-patienter.png\",\"width\":326,\"height\":200},{\"@type\":\"BreadcrumbList\",\"@id\":\"https:\\\/\\\/lightweb.dev\\\/l\\\/svm-temp\\\/nyheter\\\/har-tar-den-falske-lakaren-manuel-rodriguez-navarro-emot-sina-patienter\\\/#breadcrumb\",\"itemListElement\":[{\"@type\":\"ListItem\",\"position\":1,\"name\":\"Hem\",\"item\":\"https:\\\/\\\/lightweb.dev\\\/l\\\/svm-temp\\\/\"},{\"@type\":\"ListItem\",\"position\":2,\"name\":\"H\u00e4r tar den falske l\u00e4karen Manuel Rodr\u00edguez Navarro emot sina patienter\"}]},{\"@type\":\"WebSite\",\"@id\":\"https:\\\/\\\/lightweb.dev\\\/l\\\/svm-temp\\\/#website\",\"url\":\"https:\\\/\\\/lightweb.dev\\\/l\\\/svm-temp\\\/\",\"name\":\"Svenska Magasinet\",\"description\":\"Dina Spanska nyheter p&aring; Svenska\",\"publisher\":{\"@id\":\"https:\\\/\\\/lightweb.dev\\\/l\\\/svm-temp\\\/#organization\"},\"potentialAction\":[{\"@type\":\"SearchAction\",\"target\":{\"@type\":\"EntryPoint\",\"urlTemplate\":\"https:\\\/\\\/lightweb.dev\\\/l\\\/svm-temp\\\/?s={search_term_string}\"},\"query-input\":{\"@type\":\"PropertyValueSpecification\",\"valueRequired\":true,\"valueName\":\"search_term_string\"}}],\"inLanguage\":\"sv-SE\"},{\"@type\":\"Organization\",\"@id\":\"https:\\\/\\\/lightweb.dev\\\/l\\\/svm-temp\\\/#organization\",\"name\":\"Melkerson y Nott SL\",\"alternateName\":\"Svenska Magasinet\",\"url\":\"https:\\\/\\\/lightweb.dev\\\/l\\\/svm-temp\\\/\",\"logo\":{\"@type\":\"ImageObject\",\"inLanguage\":\"sv-SE\",\"@id\":\"https:\\\/\\\/lightweb.dev\\\/l\\\/svm-temp\\\/#\\\/schema\\\/logo\\\/image\\\/\",\"url\":\"https:\\\/\\\/lightweb.dev\\\/l\\\/svm-temp\\\/wp-content\\\/uploads\\\/2025\\\/02\\\/SvM-logo-Xtra-Centrerad-SVART.png\",\"contentUrl\":\"https:\\\/\\\/lightweb.dev\\\/l\\\/svm-temp\\\/wp-content\\\/uploads\\\/2025\\\/02\\\/SvM-logo-Xtra-Centrerad-SVART.png\",\"width\":300,\"height\":99,\"caption\":\"Melkerson y Nott SL\"},\"image\":{\"@id\":\"https:\\\/\\\/lightweb.dev\\\/l\\\/svm-temp\\\/#\\\/schema\\\/logo\\\/image\\\/\"},\"sameAs\":[\"https:\\\/\\\/www.facebook.com\\\/svenskamagasinet\",\"https:\\\/\\\/x.com\\\/SvenskaMagasine\"]},{\"@type\":\"Person\",\"@id\":\"https:\\\/\\\/lightweb.dev\\\/l\\\/svm-temp\\\/#\\\/schema\\\/person\\\/206a3bda5b607b0c25e1749191e4d837\",\"name\":\"Redaktionen SvM\",\"description\":\"Redaktionen\",\"sameAs\":[\"https:\\\/\\\/lightweb.dev\\\/l\\\/svm-temp\"],\"url\":\"https:\\\/\\\/lightweb.dev\\\/l\\\/svm-temp\\\/reporter\\\/redaktionen\\\/\"}]}<\/script>\n<!-- \/ Yoast SEO Premium plugin. -->","yoast_head_json":{"title":"H\u00e4r tar den falske l\u00e4karen Manuel Rodr\u00edguez Navarro emot sina patienter - Svenska Magasinet","robots":{"index":"noindex","follow":"follow","max-snippet":"max-snippet:-1","max-image-preview":"max-image-preview:large","max-video-preview":"max-video-preview:-1"},"og_locale":"sv_SE","og_type":"article","og_title":"H\u00e4r tar den falske l\u00e4karen Manuel Rodr\u00edguez Navarro emot sina patienter","og_description":"M\u00e1lagapolisen f\u00f6rs\u00f6ker nu kartl\u00e4gga hur m\u00e5nga som har varit patienter hos den 46-\u00e5rige l\u00e4karen Manuel Rodr\u00edguez Navarro som sedan 1998 verkat som l\u00e4kare utan licens. Polisen g\u00e5r igenom patientlistor f\u00f6r att informera tidigare patienter att l\u00e4karen gripits och det bedr\u00e4geri l\u00e4karen utsatt sina patienter f\u00f6r. Den 46-\u00e5rige mannen som kommer fr\u00e5n Melilla har haft klinik [&hellip;]","og_url":"https:\/\/lightweb.dev\/l\/svm-temp\/nyheter\/har-tar-den-falske-lakaren-manuel-rodriguez-navarro-emot-sina-patienter\/","og_site_name":"Svenska Magasinet","article_publisher":"https:\/\/www.facebook.com\/svenskamagasinet","article_published_time":"2013-11-28T23:00:00+00:00","author":"Redaktionen SvM","twitter_card":"summary_large_image","twitter_creator":"@SvenskaMagasine","twitter_site":"@SvenskaMagasine","schema":{"@context":"https:\/\/schema.org","@graph":[{"@type":"Article","@id":"https:\/\/lightweb.dev\/l\/svm-temp\/nyheter\/har-tar-den-falske-lakaren-manuel-rodriguez-navarro-emot-sina-patienter\/#article","isPartOf":{"@id":"https:\/\/lightweb.dev\/l\/svm-temp\/nyheter\/har-tar-den-falske-lakaren-manuel-rodriguez-navarro-emot-sina-patienter\/"},"author":{"name":"Redaktionen SvM","@id":"https:\/\/lightweb.dev\/l\/svm-temp\/#\/schema\/person\/206a3bda5b607b0c25e1749191e4d837"},"headline":"H\u00e4r tar den falske l\u00e4karen Manuel Rodr\u00edguez Navarro emot sina patienter","datePublished":"2013-11-28T23:00:00+00:00","mainEntityOfPage":{"@id":"https:\/\/lightweb.dev\/l\/svm-temp\/nyheter\/har-tar-den-falske-lakaren-manuel-rodriguez-navarro-emot-sina-patienter\/"},"wordCount":262,"commentCount":0,"publisher":{"@id":"https:\/\/lightweb.dev\/l\/svm-temp\/#organization"},"image":{"@id":"https:\/\/lightweb.dev\/l\/svm-temp\/nyheter\/har-tar-den-falske-lakaren-manuel-rodriguez-navarro-emot-sina-patienter\/#primaryimage"},"thumbnailUrl":"https:\/\/lightweb.dev\/l\/svm-temp\/wp-content\/uploads\/2022\/06\/har-tar-den-falske-lakaren-manuel-rodriguez-navarro-emot-sina-patienter.png","articleSection":["Arkiv","Nyheter"],"inLanguage":"sv-SE"},{"@type":"WebPage","@id":"https:\/\/lightweb.dev\/l\/svm-temp\/nyheter\/har-tar-den-falske-lakaren-manuel-rodriguez-navarro-emot-sina-patienter\/","url":"https:\/\/lightweb.dev\/l\/svm-temp\/nyheter\/har-tar-den-falske-lakaren-manuel-rodriguez-navarro-emot-sina-patienter\/","name":"H\u00e4r tar den falske l\u00e4karen Manuel Rodr\u00edguez Navarro emot sina patienter - Svenska Magasinet","isPartOf":{"@id":"https:\/\/lightweb.dev\/l\/svm-temp\/#website"},"primaryImageOfPage":{"@id":"https:\/\/lightweb.dev\/l\/svm-temp\/nyheter\/har-tar-den-falske-lakaren-manuel-rodriguez-navarro-emot-sina-patienter\/#primaryimage"},"image":{"@id":"https:\/\/lightweb.dev\/l\/svm-temp\/nyheter\/har-tar-den-falske-lakaren-manuel-rodriguez-navarro-emot-sina-patienter\/#primaryimage"},"thumbnailUrl":"https:\/\/lightweb.dev\/l\/svm-temp\/wp-content\/uploads\/2022\/06\/har-tar-den-falske-lakaren-manuel-rodriguez-navarro-emot-sina-patienter.png","datePublished":"2013-11-28T23:00:00+00:00","breadcrumb":{"@id":"https:\/\/lightweb.dev\/l\/svm-temp\/nyheter\/har-tar-den-falske-lakaren-manuel-rodriguez-navarro-emot-sina-patienter\/#breadcrumb"},"inLanguage":"sv-SE","potentialAction":[{"@type":"ReadAction","target":["https:\/\/lightweb.dev\/l\/svm-temp\/nyheter\/har-tar-den-falske-lakaren-manuel-rodriguez-navarro-emot-sina-patienter\/"]}]},{"@type":"ImageObject","inLanguage":"sv-SE","@id":"https:\/\/lightweb.dev\/l\/svm-temp\/nyheter\/har-tar-den-falske-lakaren-manuel-rodriguez-navarro-emot-sina-patienter\/#primaryimage","url":"https:\/\/lightweb.dev\/l\/svm-temp\/wp-content\/uploads\/2022\/06\/har-tar-den-falske-lakaren-manuel-rodriguez-navarro-emot-sina-patienter.png","contentUrl":"https:\/\/lightweb.dev\/l\/svm-temp\/wp-content\/uploads\/2022\/06\/har-tar-den-falske-lakaren-manuel-rodriguez-navarro-emot-sina-patienter.png","width":326,"height":200},{"@type":"BreadcrumbList","@id":"https:\/\/lightweb.dev\/l\/svm-temp\/nyheter\/har-tar-den-falske-lakaren-manuel-rodriguez-navarro-emot-sina-patienter\/#breadcrumb","itemListElement":[{"@type":"ListItem","position":1,"name":"Hem","item":"https:\/\/lightweb.dev\/l\/svm-temp\/"},{"@type":"ListItem","position":2,"name":"H\u00e4r tar den falske l\u00e4karen Manuel Rodr\u00edguez Navarro emot sina patienter"}]},{"@type":"WebSite","@id":"https:\/\/lightweb.dev\/l\/svm-temp\/#website","url":"https:\/\/lightweb.dev\/l\/svm-temp\/","name":"Svenska Magasinet","description":"Dina Spanska nyheter p&aring; Svenska","publisher":{"@id":"https:\/\/lightweb.dev\/l\/svm-temp\/#organization"},"potentialAction":[{"@type":"SearchAction","target":{"@type":"EntryPoint","urlTemplate":"https:\/\/lightweb.dev\/l\/svm-temp\/?s={search_term_string}"},"query-input":{"@type":"PropertyValueSpecification","valueRequired":true,"valueName":"search_term_string"}}],"inLanguage":"sv-SE"},{"@type":"Organization","@id":"https:\/\/lightweb.dev\/l\/svm-temp\/#organization","name":"Melkerson y Nott SL","alternateName":"Svenska Magasinet","url":"https:\/\/lightweb.dev\/l\/svm-temp\/","logo":{"@type":"ImageObject","inLanguage":"sv-SE","@id":"https:\/\/lightweb.dev\/l\/svm-temp\/#\/schema\/logo\/image\/","url":"https:\/\/lightweb.dev\/l\/svm-temp\/wp-content\/uploads\/2025\/02\/SvM-logo-Xtra-Centrerad-SVART.png","contentUrl":"https:\/\/lightweb.dev\/l\/svm-temp\/wp-content\/uploads\/2025\/02\/SvM-logo-Xtra-Centrerad-SVART.png","width":300,"height":99,"caption":"Melkerson y Nott SL"},"image":{"@id":"https:\/\/lightweb.dev\/l\/svm-temp\/#\/schema\/logo\/image\/"},"sameAs":["https:\/\/www.facebook.com\/svenskamagasinet","https:\/\/x.com\/SvenskaMagasine"]},{"@type":"Person","@id":"https:\/\/lightweb.dev\/l\/svm-temp\/#\/schema\/person\/206a3bda5b607b0c25e1749191e4d837","name":"Redaktionen SvM","description":"Redaktionen","sameAs":["https:\/\/lightweb.dev\/l\/svm-temp"],"url":"https:\/\/lightweb.dev\/l\/svm-temp\/reporter\/redaktionen\/"}]}},"_links":{"self":[{"href":"https:\/\/lightweb.dev\/l\/svm-temp\/wp-json\/wp\/v2\/posts\/28401","targetHints":{"allow":["GET"]}}],"collection":[{"href":"https:\/\/lightweb.dev\/l\/svm-temp\/wp-json\/wp\/v2\/posts"}],"about":[{"href":"https:\/\/lightweb.dev\/l\/svm-temp\/wp-json\/wp\/v2\/types\/post"}],"author":[{"embeddable":true,"href":"https:\/\/lightweb.dev\/l\/svm-temp\/wp-json\/wp\/v2\/users\/8"}],"replies":[{"embeddable":true,"href":"https:\/\/lightweb.dev\/l\/svm-temp\/wp-json\/wp\/v2\/comments?post=28401"}],"version-history":[{"count":0,"href":"https:\/\/lightweb.dev\/l\/svm-temp\/wp-json\/wp\/v2\/posts\/28401\/revisions"}],"wp:featuredmedia":[{"embeddable":true,"href":"https:\/\/lightweb.dev\/l\/svm-temp\/wp-json\/wp\/v2\/media\/28403"}],"wp:attachment":[{"href":"https:\/\/lightweb.dev\/l\/svm-temp\/wp-json\/wp\/v2\/media?parent=28401"}],"wp:term":[{"taxonomy":"category","embeddable":true,"href":"https:\/\/lightweb.dev\/l\/svm-temp\/wp-json\/wp\/v2\/categories?post=28401"},{"taxonomy":"post_tag","embeddable":true,"href":"https:\/\/lightweb.dev\/l\/svm-temp\/wp-json\/wp\/v2\/tags?post=28401"}],"curies":[{"name":"wp","href":"https:\/\/api.w.org\/{rel}","templated":true}]}}