{"id":28427,"date":"2013-11-27T00:00:00","date_gmt":"2013-11-26T23:00:00","guid":{"rendered":"https:\/\/lightweb.dev\/l\/svm-temp\/nyheter\/misstankt-pedofil-gripen-och-frislappt-tre-ganger-pa-17-dagar\/"},"modified":"2013-11-27T00:00:00","modified_gmt":"2013-11-26T23:00:00","slug":"misstankt-pedofil-gripen-och-frislappt-tre-ganger-pa-17-dagar","status":"publish","type":"post","link":"https:\/\/lightweb.dev\/l\/svm-temp\/nyheter\/misstankt-pedofil-gripen-och-frislappt-tre-ganger-pa-17-dagar\/","title":{"rendered":"Misst\u00e4nkt pedofil gripen och frisl\u00e4ppt tre g\u00e5nger p\u00e5 17 dagar"},"content":{"rendered":"<p> 78-\u00e5rige David Cassidy som nyligen blev frisl\u00e4ppt efter att ha varit efterlyst av de brittiska myndigheterna har gripits och sl\u00e4ppts ytterligare tv\u00e5 g\u00e5nger efter det. Under tisdagen greps han f\u00f6r tredje g\u00e5ngen p\u00e5 17 dagar denna g\u00e5ng anklagade f\u00f6r att ha blottat sig framf\u00f6r en 8-\u00e5rig flicka i Estepona.<\/p>\n<p>Efter f\u00f6rh\u00f6r och att betalat borgen sl\u00e4pptes den rullstolsburne brittiske medborgaren. Det nya gripandet under g\u00e5rdagen intr\u00e4ffade efter en anm\u00e4lan mot mannen. Det var i slutet av f\u00f6rra sommaren som mannen skulle ha \u00e4gnat sig \u00e5t exhibitionism framf\u00f6r en \u00e5tta\u00e5rig flicka.<\/p>\n<p>Enligt vittnesm\u00e5l fr\u00e5n den \u00e5tta\u00e5riga flickans mormor ska David Cassidy upprepade g\u00e5nger ha gett godsaker till den lilla flickan. Han ska \u00e4ven ha gett pengar f\u00f6r att bli god v\u00e4n till flickan.<\/p>\n<p>78-\u00e5ringen som \u00e4r bosatt i Gamla stan i Estepona \u00e4r ocks\u00e5 misst\u00e4nkt f\u00f6r att ha f\u00f6rgripit sig p\u00e5 tv\u00e5 systrar.<\/p>\n<p>Efter att David Cassidy l\u00e4mnade domstolsbyggnaden i Estepona p\u00e5 tisdagar var han synbart arg skriver dagstidningen Diario SUR.<\/p>\n<p>\u201dKvinnan har uppfunnit allt\u201d sa han kort. L\u00e4s mer: Greps och sl\u00e4pptes efter 30 \u00e5r f\u00f6r sexorgier med minder\u00e5riga<\/p>\n","protected":false},"excerpt":{"rendered":"<p>78-\u00e5rige David Cassidy som nyligen blev frisl\u00e4ppt efter att ha varit efterlyst av de brittiska myndigheterna har gripits och sl\u00e4ppts ytterligare tv\u00e5 g\u00e5nger efter det. Under tisdagen greps han f\u00f6r tredje g\u00e5ngen p\u00e5 17 dagar denna g\u00e5ng anklagade f\u00f6r att ha blottat sig framf\u00f6r en 8-\u00e5rig flicka i Estepona. Efter f\u00f6rh\u00f6r och att betalat borgen [&hellip;]<\/p>\n","protected":false},"author":8,"featured_media":28430,"comment_status":"open","ping_status":"open","sticky":false,"template":"","format":"standard","meta":{"_et_pb_use_builder":"","_et_pb_old_content":"","_et_gb_content_width":"","footnotes":""},"categories":[395,3],"tags":[],"class_list":["post-28427","post","type-post","status-publish","format-standard","has-post-thumbnail","hentry","category-arkiv-nyheter","category-nyheter"],"yoast_head":"<!-- This site is optimized with the Yoast SEO Premium plugin v26.2 (Yoast SEO v27.4) - https:\/\/yoast.com\/product\/yoast-seo-premium-wordpress\/ -->\n<title>Misst\u00e4nkt pedofil gripen och frisl\u00e4ppt tre g\u00e5nger p\u00e5 17 dagar - Svenska Magasinet<\/title>\n<meta name=\"robots\" content=\"noindex, follow, max-snippet:-1, max-image-preview:large, max-video-preview:-1\" \/>\n<meta property=\"og:locale\" content=\"sv_SE\" \/>\n<meta property=\"og:type\" content=\"article\" \/>\n<meta property=\"og:title\" content=\"Misst\u00e4nkt pedofil gripen och frisl\u00e4ppt tre g\u00e5nger p\u00e5 17 dagar\" \/>\n<meta property=\"og:description\" content=\"78-\u00e5rige David Cassidy som nyligen blev frisl\u00e4ppt efter att ha varit efterlyst av de brittiska myndigheterna har gripits och sl\u00e4ppts ytterligare tv\u00e5 g\u00e5nger efter det. Under tisdagen greps han f\u00f6r tredje g\u00e5ngen p\u00e5 17 dagar denna g\u00e5ng anklagade f\u00f6r att ha blottat sig framf\u00f6r en 8-\u00e5rig flicka i Estepona. Efter f\u00f6rh\u00f6r och att betalat borgen [&hellip;]\" \/>\n<meta property=\"og:url\" content=\"https:\/\/lightweb.dev\/l\/svm-temp\/nyheter\/misstankt-pedofil-gripen-och-frislappt-tre-ganger-pa-17-dagar\/\" \/>\n<meta property=\"og:site_name\" content=\"Svenska Magasinet\" \/>\n<meta property=\"article:publisher\" content=\"https:\/\/www.facebook.com\/svenskamagasinet\" \/>\n<meta property=\"article:published_time\" content=\"2013-11-26T23:00:00+00:00\" \/>\n<meta name=\"author\" content=\"Redaktionen SvM\" \/>\n<meta name=\"twitter:card\" content=\"summary_large_image\" \/>\n<meta name=\"twitter:creator\" content=\"@SvenskaMagasine\" \/>\n<meta name=\"twitter:site\" content=\"@SvenskaMagasine\" \/>\n<script type=\"application\/ld+json\" class=\"yoast-schema-graph\">{\"@context\":\"https:\\\/\\\/schema.org\",\"@graph\":[{\"@type\":\"Article\",\"@id\":\"https:\\\/\\\/lightweb.dev\\\/l\\\/svm-temp\\\/nyheter\\\/misstankt-pedofil-gripen-och-frislappt-tre-ganger-pa-17-dagar\\\/#article\",\"isPartOf\":{\"@id\":\"https:\\\/\\\/lightweb.dev\\\/l\\\/svm-temp\\\/nyheter\\\/misstankt-pedofil-gripen-och-frislappt-tre-ganger-pa-17-dagar\\\/\"},\"author\":{\"name\":\"Redaktionen SvM\",\"@id\":\"https:\\\/\\\/lightweb.dev\\\/l\\\/svm-temp\\\/#\\\/schema\\\/person\\\/206a3bda5b607b0c25e1749191e4d837\"},\"headline\":\"Misst\u00e4nkt pedofil gripen och frisl\u00e4ppt tre g\u00e5nger p\u00e5 17 dagar\",\"datePublished\":\"2013-11-26T23:00:00+00:00\",\"mainEntityOfPage\":{\"@id\":\"https:\\\/\\\/lightweb.dev\\\/l\\\/svm-temp\\\/nyheter\\\/misstankt-pedofil-gripen-och-frislappt-tre-ganger-pa-17-dagar\\\/\"},\"wordCount\":223,\"commentCount\":0,\"publisher\":{\"@id\":\"https:\\\/\\\/lightweb.dev\\\/l\\\/svm-temp\\\/#organization\"},\"image\":{\"@id\":\"https:\\\/\\\/lightweb.dev\\\/l\\\/svm-temp\\\/nyheter\\\/misstankt-pedofil-gripen-och-frislappt-tre-ganger-pa-17-dagar\\\/#primaryimage\"},\"thumbnailUrl\":\"https:\\\/\\\/lightweb.dev\\\/l\\\/svm-temp\\\/wp-content\\\/uploads\\\/2022\\\/06\\\/misstankt-pedofil-gripen-och-frislappt-tre-ganger-pa-17-dagar.png\",\"articleSection\":[\"Arkiv\",\"Nyheter\"],\"inLanguage\":\"sv-SE\"},{\"@type\":\"WebPage\",\"@id\":\"https:\\\/\\\/lightweb.dev\\\/l\\\/svm-temp\\\/nyheter\\\/misstankt-pedofil-gripen-och-frislappt-tre-ganger-pa-17-dagar\\\/\",\"url\":\"https:\\\/\\\/lightweb.dev\\\/l\\\/svm-temp\\\/nyheter\\\/misstankt-pedofil-gripen-och-frislappt-tre-ganger-pa-17-dagar\\\/\",\"name\":\"Misst\u00e4nkt pedofil gripen och frisl\u00e4ppt tre g\u00e5nger p\u00e5 17 dagar - Svenska Magasinet\",\"isPartOf\":{\"@id\":\"https:\\\/\\\/lightweb.dev\\\/l\\\/svm-temp\\\/#website\"},\"primaryImageOfPage\":{\"@id\":\"https:\\\/\\\/lightweb.dev\\\/l\\\/svm-temp\\\/nyheter\\\/misstankt-pedofil-gripen-och-frislappt-tre-ganger-pa-17-dagar\\\/#primaryimage\"},\"image\":{\"@id\":\"https:\\\/\\\/lightweb.dev\\\/l\\\/svm-temp\\\/nyheter\\\/misstankt-pedofil-gripen-och-frislappt-tre-ganger-pa-17-dagar\\\/#primaryimage\"},\"thumbnailUrl\":\"https:\\\/\\\/lightweb.dev\\\/l\\\/svm-temp\\\/wp-content\\\/uploads\\\/2022\\\/06\\\/misstankt-pedofil-gripen-och-frislappt-tre-ganger-pa-17-dagar.png\",\"datePublished\":\"2013-11-26T23:00:00+00:00\",\"breadcrumb\":{\"@id\":\"https:\\\/\\\/lightweb.dev\\\/l\\\/svm-temp\\\/nyheter\\\/misstankt-pedofil-gripen-och-frislappt-tre-ganger-pa-17-dagar\\\/#breadcrumb\"},\"inLanguage\":\"sv-SE\",\"potentialAction\":[{\"@type\":\"ReadAction\",\"target\":[\"https:\\\/\\\/lightweb.dev\\\/l\\\/svm-temp\\\/nyheter\\\/misstankt-pedofil-gripen-och-frislappt-tre-ganger-pa-17-dagar\\\/\"]}]},{\"@type\":\"ImageObject\",\"inLanguage\":\"sv-SE\",\"@id\":\"https:\\\/\\\/lightweb.dev\\\/l\\\/svm-temp\\\/nyheter\\\/misstankt-pedofil-gripen-och-frislappt-tre-ganger-pa-17-dagar\\\/#primaryimage\",\"url\":\"https:\\\/\\\/lightweb.dev\\\/l\\\/svm-temp\\\/wp-content\\\/uploads\\\/2022\\\/06\\\/misstankt-pedofil-gripen-och-frislappt-tre-ganger-pa-17-dagar.png\",\"contentUrl\":\"https:\\\/\\\/lightweb.dev\\\/l\\\/svm-temp\\\/wp-content\\\/uploads\\\/2022\\\/06\\\/misstankt-pedofil-gripen-och-frislappt-tre-ganger-pa-17-dagar.png\",\"width\":299,\"height\":200},{\"@type\":\"BreadcrumbList\",\"@id\":\"https:\\\/\\\/lightweb.dev\\\/l\\\/svm-temp\\\/nyheter\\\/misstankt-pedofil-gripen-och-frislappt-tre-ganger-pa-17-dagar\\\/#breadcrumb\",\"itemListElement\":[{\"@type\":\"ListItem\",\"position\":1,\"name\":\"Hem\",\"item\":\"https:\\\/\\\/lightweb.dev\\\/l\\\/svm-temp\\\/\"},{\"@type\":\"ListItem\",\"position\":2,\"name\":\"Misst\u00e4nkt pedofil gripen och frisl\u00e4ppt tre g\u00e5nger p\u00e5 17 dagar\"}]},{\"@type\":\"WebSite\",\"@id\":\"https:\\\/\\\/lightweb.dev\\\/l\\\/svm-temp\\\/#website\",\"url\":\"https:\\\/\\\/lightweb.dev\\\/l\\\/svm-temp\\\/\",\"name\":\"Svenska Magasinet\",\"description\":\"Dina Spanska nyheter p&aring; Svenska\",\"publisher\":{\"@id\":\"https:\\\/\\\/lightweb.dev\\\/l\\\/svm-temp\\\/#organization\"},\"potentialAction\":[{\"@type\":\"SearchAction\",\"target\":{\"@type\":\"EntryPoint\",\"urlTemplate\":\"https:\\\/\\\/lightweb.dev\\\/l\\\/svm-temp\\\/?s={search_term_string}\"},\"query-input\":{\"@type\":\"PropertyValueSpecification\",\"valueRequired\":true,\"valueName\":\"search_term_string\"}}],\"inLanguage\":\"sv-SE\"},{\"@type\":\"Organization\",\"@id\":\"https:\\\/\\\/lightweb.dev\\\/l\\\/svm-temp\\\/#organization\",\"name\":\"Melkerson y Nott SL\",\"alternateName\":\"Svenska Magasinet\",\"url\":\"https:\\\/\\\/lightweb.dev\\\/l\\\/svm-temp\\\/\",\"logo\":{\"@type\":\"ImageObject\",\"inLanguage\":\"sv-SE\",\"@id\":\"https:\\\/\\\/lightweb.dev\\\/l\\\/svm-temp\\\/#\\\/schema\\\/logo\\\/image\\\/\",\"url\":\"https:\\\/\\\/lightweb.dev\\\/l\\\/svm-temp\\\/wp-content\\\/uploads\\\/2025\\\/02\\\/SvM-logo-Xtra-Centrerad-SVART.png\",\"contentUrl\":\"https:\\\/\\\/lightweb.dev\\\/l\\\/svm-temp\\\/wp-content\\\/uploads\\\/2025\\\/02\\\/SvM-logo-Xtra-Centrerad-SVART.png\",\"width\":300,\"height\":99,\"caption\":\"Melkerson y Nott SL\"},\"image\":{\"@id\":\"https:\\\/\\\/lightweb.dev\\\/l\\\/svm-temp\\\/#\\\/schema\\\/logo\\\/image\\\/\"},\"sameAs\":[\"https:\\\/\\\/www.facebook.com\\\/svenskamagasinet\",\"https:\\\/\\\/x.com\\\/SvenskaMagasine\"]},{\"@type\":\"Person\",\"@id\":\"https:\\\/\\\/lightweb.dev\\\/l\\\/svm-temp\\\/#\\\/schema\\\/person\\\/206a3bda5b607b0c25e1749191e4d837\",\"name\":\"Redaktionen SvM\",\"description\":\"Redaktionen\",\"sameAs\":[\"https:\\\/\\\/lightweb.dev\\\/l\\\/svm-temp\"],\"url\":\"https:\\\/\\\/lightweb.dev\\\/l\\\/svm-temp\\\/reporter\\\/redaktionen\\\/\"}]}<\/script>\n<!-- \/ Yoast SEO Premium plugin. -->","yoast_head_json":{"title":"Misst\u00e4nkt pedofil gripen och frisl\u00e4ppt tre g\u00e5nger p\u00e5 17 dagar - Svenska Magasinet","robots":{"index":"noindex","follow":"follow","max-snippet":"max-snippet:-1","max-image-preview":"max-image-preview:large","max-video-preview":"max-video-preview:-1"},"og_locale":"sv_SE","og_type":"article","og_title":"Misst\u00e4nkt pedofil gripen och frisl\u00e4ppt tre g\u00e5nger p\u00e5 17 dagar","og_description":"78-\u00e5rige David Cassidy som nyligen blev frisl\u00e4ppt efter att ha varit efterlyst av de brittiska myndigheterna har gripits och sl\u00e4ppts ytterligare tv\u00e5 g\u00e5nger efter det. Under tisdagen greps han f\u00f6r tredje g\u00e5ngen p\u00e5 17 dagar denna g\u00e5ng anklagade f\u00f6r att ha blottat sig framf\u00f6r en 8-\u00e5rig flicka i Estepona. Efter f\u00f6rh\u00f6r och att betalat borgen [&hellip;]","og_url":"https:\/\/lightweb.dev\/l\/svm-temp\/nyheter\/misstankt-pedofil-gripen-och-frislappt-tre-ganger-pa-17-dagar\/","og_site_name":"Svenska Magasinet","article_publisher":"https:\/\/www.facebook.com\/svenskamagasinet","article_published_time":"2013-11-26T23:00:00+00:00","author":"Redaktionen SvM","twitter_card":"summary_large_image","twitter_creator":"@SvenskaMagasine","twitter_site":"@SvenskaMagasine","schema":{"@context":"https:\/\/schema.org","@graph":[{"@type":"Article","@id":"https:\/\/lightweb.dev\/l\/svm-temp\/nyheter\/misstankt-pedofil-gripen-och-frislappt-tre-ganger-pa-17-dagar\/#article","isPartOf":{"@id":"https:\/\/lightweb.dev\/l\/svm-temp\/nyheter\/misstankt-pedofil-gripen-och-frislappt-tre-ganger-pa-17-dagar\/"},"author":{"name":"Redaktionen SvM","@id":"https:\/\/lightweb.dev\/l\/svm-temp\/#\/schema\/person\/206a3bda5b607b0c25e1749191e4d837"},"headline":"Misst\u00e4nkt pedofil gripen och frisl\u00e4ppt tre g\u00e5nger p\u00e5 17 dagar","datePublished":"2013-11-26T23:00:00+00:00","mainEntityOfPage":{"@id":"https:\/\/lightweb.dev\/l\/svm-temp\/nyheter\/misstankt-pedofil-gripen-och-frislappt-tre-ganger-pa-17-dagar\/"},"wordCount":223,"commentCount":0,"publisher":{"@id":"https:\/\/lightweb.dev\/l\/svm-temp\/#organization"},"image":{"@id":"https:\/\/lightweb.dev\/l\/svm-temp\/nyheter\/misstankt-pedofil-gripen-och-frislappt-tre-ganger-pa-17-dagar\/#primaryimage"},"thumbnailUrl":"https:\/\/lightweb.dev\/l\/svm-temp\/wp-content\/uploads\/2022\/06\/misstankt-pedofil-gripen-och-frislappt-tre-ganger-pa-17-dagar.png","articleSection":["Arkiv","Nyheter"],"inLanguage":"sv-SE"},{"@type":"WebPage","@id":"https:\/\/lightweb.dev\/l\/svm-temp\/nyheter\/misstankt-pedofil-gripen-och-frislappt-tre-ganger-pa-17-dagar\/","url":"https:\/\/lightweb.dev\/l\/svm-temp\/nyheter\/misstankt-pedofil-gripen-och-frislappt-tre-ganger-pa-17-dagar\/","name":"Misst\u00e4nkt pedofil gripen och frisl\u00e4ppt tre g\u00e5nger p\u00e5 17 dagar - Svenska Magasinet","isPartOf":{"@id":"https:\/\/lightweb.dev\/l\/svm-temp\/#website"},"primaryImageOfPage":{"@id":"https:\/\/lightweb.dev\/l\/svm-temp\/nyheter\/misstankt-pedofil-gripen-och-frislappt-tre-ganger-pa-17-dagar\/#primaryimage"},"image":{"@id":"https:\/\/lightweb.dev\/l\/svm-temp\/nyheter\/misstankt-pedofil-gripen-och-frislappt-tre-ganger-pa-17-dagar\/#primaryimage"},"thumbnailUrl":"https:\/\/lightweb.dev\/l\/svm-temp\/wp-content\/uploads\/2022\/06\/misstankt-pedofil-gripen-och-frislappt-tre-ganger-pa-17-dagar.png","datePublished":"2013-11-26T23:00:00+00:00","breadcrumb":{"@id":"https:\/\/lightweb.dev\/l\/svm-temp\/nyheter\/misstankt-pedofil-gripen-och-frislappt-tre-ganger-pa-17-dagar\/#breadcrumb"},"inLanguage":"sv-SE","potentialAction":[{"@type":"ReadAction","target":["https:\/\/lightweb.dev\/l\/svm-temp\/nyheter\/misstankt-pedofil-gripen-och-frislappt-tre-ganger-pa-17-dagar\/"]}]},{"@type":"ImageObject","inLanguage":"sv-SE","@id":"https:\/\/lightweb.dev\/l\/svm-temp\/nyheter\/misstankt-pedofil-gripen-och-frislappt-tre-ganger-pa-17-dagar\/#primaryimage","url":"https:\/\/lightweb.dev\/l\/svm-temp\/wp-content\/uploads\/2022\/06\/misstankt-pedofil-gripen-och-frislappt-tre-ganger-pa-17-dagar.png","contentUrl":"https:\/\/lightweb.dev\/l\/svm-temp\/wp-content\/uploads\/2022\/06\/misstankt-pedofil-gripen-och-frislappt-tre-ganger-pa-17-dagar.png","width":299,"height":200},{"@type":"BreadcrumbList","@id":"https:\/\/lightweb.dev\/l\/svm-temp\/nyheter\/misstankt-pedofil-gripen-och-frislappt-tre-ganger-pa-17-dagar\/#breadcrumb","itemListElement":[{"@type":"ListItem","position":1,"name":"Hem","item":"https:\/\/lightweb.dev\/l\/svm-temp\/"},{"@type":"ListItem","position":2,"name":"Misst\u00e4nkt pedofil gripen och frisl\u00e4ppt tre g\u00e5nger p\u00e5 17 dagar"}]},{"@type":"WebSite","@id":"https:\/\/lightweb.dev\/l\/svm-temp\/#website","url":"https:\/\/lightweb.dev\/l\/svm-temp\/","name":"Svenska Magasinet","description":"Dina Spanska nyheter p&aring; Svenska","publisher":{"@id":"https:\/\/lightweb.dev\/l\/svm-temp\/#organization"},"potentialAction":[{"@type":"SearchAction","target":{"@type":"EntryPoint","urlTemplate":"https:\/\/lightweb.dev\/l\/svm-temp\/?s={search_term_string}"},"query-input":{"@type":"PropertyValueSpecification","valueRequired":true,"valueName":"search_term_string"}}],"inLanguage":"sv-SE"},{"@type":"Organization","@id":"https:\/\/lightweb.dev\/l\/svm-temp\/#organization","name":"Melkerson y Nott SL","alternateName":"Svenska Magasinet","url":"https:\/\/lightweb.dev\/l\/svm-temp\/","logo":{"@type":"ImageObject","inLanguage":"sv-SE","@id":"https:\/\/lightweb.dev\/l\/svm-temp\/#\/schema\/logo\/image\/","url":"https:\/\/lightweb.dev\/l\/svm-temp\/wp-content\/uploads\/2025\/02\/SvM-logo-Xtra-Centrerad-SVART.png","contentUrl":"https:\/\/lightweb.dev\/l\/svm-temp\/wp-content\/uploads\/2025\/02\/SvM-logo-Xtra-Centrerad-SVART.png","width":300,"height":99,"caption":"Melkerson y Nott SL"},"image":{"@id":"https:\/\/lightweb.dev\/l\/svm-temp\/#\/schema\/logo\/image\/"},"sameAs":["https:\/\/www.facebook.com\/svenskamagasinet","https:\/\/x.com\/SvenskaMagasine"]},{"@type":"Person","@id":"https:\/\/lightweb.dev\/l\/svm-temp\/#\/schema\/person\/206a3bda5b607b0c25e1749191e4d837","name":"Redaktionen SvM","description":"Redaktionen","sameAs":["https:\/\/lightweb.dev\/l\/svm-temp"],"url":"https:\/\/lightweb.dev\/l\/svm-temp\/reporter\/redaktionen\/"}]}},"_links":{"self":[{"href":"https:\/\/lightweb.dev\/l\/svm-temp\/wp-json\/wp\/v2\/posts\/28427","targetHints":{"allow":["GET"]}}],"collection":[{"href":"https:\/\/lightweb.dev\/l\/svm-temp\/wp-json\/wp\/v2\/posts"}],"about":[{"href":"https:\/\/lightweb.dev\/l\/svm-temp\/wp-json\/wp\/v2\/types\/post"}],"author":[{"embeddable":true,"href":"https:\/\/lightweb.dev\/l\/svm-temp\/wp-json\/wp\/v2\/users\/8"}],"replies":[{"embeddable":true,"href":"https:\/\/lightweb.dev\/l\/svm-temp\/wp-json\/wp\/v2\/comments?post=28427"}],"version-history":[{"count":0,"href":"https:\/\/lightweb.dev\/l\/svm-temp\/wp-json\/wp\/v2\/posts\/28427\/revisions"}],"wp:featuredmedia":[{"embeddable":true,"href":"https:\/\/lightweb.dev\/l\/svm-temp\/wp-json\/wp\/v2\/media\/28430"}],"wp:attachment":[{"href":"https:\/\/lightweb.dev\/l\/svm-temp\/wp-json\/wp\/v2\/media?parent=28427"}],"wp:term":[{"taxonomy":"category","embeddable":true,"href":"https:\/\/lightweb.dev\/l\/svm-temp\/wp-json\/wp\/v2\/categories?post=28427"},{"taxonomy":"post_tag","embeddable":true,"href":"https:\/\/lightweb.dev\/l\/svm-temp\/wp-json\/wp\/v2\/tags?post=28427"}],"curies":[{"name":"wp","href":"https:\/\/api.w.org\/{rel}","templated":true}]}}