{"id":28431,"date":"2013-11-27T00:00:00","date_gmt":"2013-11-26T23:00:00","guid":{"rendered":"https:\/\/lightweb.dev\/l\/svm-temp\/nyheter\/valet-till-andalusiska-golfforbundet-ogiltigforklaras-for-andra-gangen\/"},"modified":"2013-11-27T00:00:00","modified_gmt":"2013-11-26T23:00:00","slug":"valet-till-andalusiska-golfforbundet-ogiltigforklaras-for-andra-gangen","status":"publish","type":"post","link":"https:\/\/lightweb.dev\/l\/svm-temp\/nyheter\/valet-till-andalusiska-golfforbundet-ogiltigforklaras-for-andra-gangen\/","title":{"rendered":"Valet till andalusiska golff\u00f6rbundet ogiltigf\u00f6rklaras f\u00f6r andra g\u00e5ngen"},"content":{"rendered":"<p> P\u00e5 grund av nya konfrontationer och anklagelser ogiltigf\u00f6rklaras \u00e4ven det andra valet till ny styrelse i andalusiska golff\u00f6rbundet. Som Svenska Magasinet ber\u00e4ttade ig\u00e5r skakas golff\u00f6rbundet av kontroverser, hot och polisingripanden.<\/p>\n<p>N\u00e4r en omr\u00f6stning av en ny styrelse skulle ske i helgen fick 2.300 r\u00f6ster \u00f6vervakas i n\u00e4rvaro av en notarie, \u00e5tta valobservat\u00f6rer fr\u00e5n regionalregeringen Junta de Andalucia och spansk polis.<\/p>\n<p>Nu visar det sig att \u00e4ven omr\u00f6stningen ogiltigf\u00f6rklarats. Situationen beskrivs som en katastrof efter att nya konfrontationer och anklagelser har kommit upp.<\/p>\n<p>Valkommissionen har kallat till krism\u00f6te p\u00e5 fredag f\u00f6r att besluta vad som kommer att h\u00e4nda.<\/p>\n<p>Sent i s\u00f6ndags kv\u00e4ll uppt\u00e4cktes dubbla r\u00f6ster vilket f\u00f6ranledde polisen att bes\u00f6ka golff\u00f6rbundets kansli som ligger i stadsdelen El Limonar i de \u00f6stra delarna av M\u00e1laga.<\/p>\n<p>I nul\u00e4get pekar det mesta p\u00e5 att valkommissionen p\u00e5 fredagen utser en interimstyrelse som blir ansvariga f\u00f6r att valprocessen kan \u00e5terupptas.<\/p>\n<p>Presidenten f\u00f6r r\u00f6str\u00e4kningen avgick d\u00e5 denne och sekreteraren inte stod ut l\u00e4ngre med alla hotelser och trakasserier. Vid r\u00f6str\u00e4kningen kr\u00e4vde ordf\u00f6randen att vissa skulle l\u00e4mna rummet p\u00e5 grund av trakasserier. N\u00e4r de v\u00e4grade kallades polisen in, ber\u00e4ttar en k\u00e4lla till Svenska Magasinet. De personliga \u00f6vergreppen har fortsatt s\u00e5 flera har beslutat att avg\u00e5.<\/p>\n<p>\u201dHela situationen \u00e4r en skam f\u00f6r golfsporten i Andalusien och f\u00f6r regionalregeringen Junta de Andalucia som ansvarade f\u00f6r omr\u00f6stningen\u201d.<\/p>\n<p>N\u00e4r presidenten f\u00f6r r\u00f6str\u00e4kningen gick sa denne:<br \/>\n\u201dSpanska juridiska och administrativa system \u00e4r f\u00f6r gamla och f\u00f6r ineffektiv. Det finns v\u00e4ldigt mycket korruption i Andalusien\u201d. <\/p>\n","protected":false},"excerpt":{"rendered":"<p>P\u00e5 grund av nya konfrontationer och anklagelser ogiltigf\u00f6rklaras \u00e4ven det andra valet till ny styrelse i andalusiska golff\u00f6rbundet. Som Svenska Magasinet ber\u00e4ttade ig\u00e5r skakas golff\u00f6rbundet av kontroverser, hot och polisingripanden. N\u00e4r en omr\u00f6stning av en ny styrelse skulle ske i helgen fick 2.300 r\u00f6ster \u00f6vervakas i n\u00e4rvaro av en notarie, \u00e5tta valobservat\u00f6rer fr\u00e5n regionalregeringen Junta [&hellip;]<\/p>\n","protected":false},"author":8,"featured_media":28435,"comment_status":"open","ping_status":"open","sticky":false,"template":"","format":"standard","meta":{"_et_pb_use_builder":"","_et_pb_old_content":"","_et_gb_content_width":"","footnotes":""},"categories":[395,3],"tags":[],"class_list":["post-28431","post","type-post","status-publish","format-standard","has-post-thumbnail","hentry","category-arkiv-nyheter","category-nyheter"],"yoast_head":"<!-- This site is optimized with the Yoast SEO Premium plugin v26.2 (Yoast SEO v27.4) - https:\/\/yoast.com\/product\/yoast-seo-premium-wordpress\/ -->\n<title>Valet till andalusiska golff\u00f6rbundet ogiltigf\u00f6rklaras f\u00f6r andra g\u00e5ngen - Svenska Magasinet<\/title>\n<meta name=\"robots\" content=\"noindex, follow, max-snippet:-1, max-image-preview:large, max-video-preview:-1\" \/>\n<meta property=\"og:locale\" content=\"sv_SE\" \/>\n<meta property=\"og:type\" content=\"article\" \/>\n<meta property=\"og:title\" content=\"Valet till andalusiska golff\u00f6rbundet ogiltigf\u00f6rklaras f\u00f6r andra g\u00e5ngen\" \/>\n<meta property=\"og:description\" content=\"P\u00e5 grund av nya konfrontationer och anklagelser ogiltigf\u00f6rklaras \u00e4ven det andra valet till ny styrelse i andalusiska golff\u00f6rbundet. Som Svenska Magasinet ber\u00e4ttade ig\u00e5r skakas golff\u00f6rbundet av kontroverser, hot och polisingripanden. N\u00e4r en omr\u00f6stning av en ny styrelse skulle ske i helgen fick 2.300 r\u00f6ster \u00f6vervakas i n\u00e4rvaro av en notarie, \u00e5tta valobservat\u00f6rer fr\u00e5n regionalregeringen Junta [&hellip;]\" \/>\n<meta property=\"og:url\" content=\"https:\/\/lightweb.dev\/l\/svm-temp\/nyheter\/valet-till-andalusiska-golfforbundet-ogiltigforklaras-for-andra-gangen\/\" \/>\n<meta property=\"og:site_name\" content=\"Svenska Magasinet\" \/>\n<meta property=\"article:publisher\" content=\"https:\/\/www.facebook.com\/svenskamagasinet\" \/>\n<meta property=\"article:published_time\" content=\"2013-11-26T23:00:00+00:00\" \/>\n<meta name=\"author\" content=\"Redaktionen SvM\" \/>\n<meta name=\"twitter:card\" content=\"summary_large_image\" \/>\n<meta name=\"twitter:creator\" content=\"@SvenskaMagasine\" \/>\n<meta name=\"twitter:site\" content=\"@SvenskaMagasine\" \/>\n<script type=\"application\/ld+json\" class=\"yoast-schema-graph\">{\"@context\":\"https:\\\/\\\/schema.org\",\"@graph\":[{\"@type\":\"Article\",\"@id\":\"https:\\\/\\\/lightweb.dev\\\/l\\\/svm-temp\\\/nyheter\\\/valet-till-andalusiska-golfforbundet-ogiltigforklaras-for-andra-gangen\\\/#article\",\"isPartOf\":{\"@id\":\"https:\\\/\\\/lightweb.dev\\\/l\\\/svm-temp\\\/nyheter\\\/valet-till-andalusiska-golfforbundet-ogiltigforklaras-for-andra-gangen\\\/\"},\"author\":{\"name\":\"Redaktionen SvM\",\"@id\":\"https:\\\/\\\/lightweb.dev\\\/l\\\/svm-temp\\\/#\\\/schema\\\/person\\\/206a3bda5b607b0c25e1749191e4d837\"},\"headline\":\"Valet till andalusiska golff\u00f6rbundet ogiltigf\u00f6rklaras f\u00f6r andra g\u00e5ngen\",\"datePublished\":\"2013-11-26T23:00:00+00:00\",\"mainEntityOfPage\":{\"@id\":\"https:\\\/\\\/lightweb.dev\\\/l\\\/svm-temp\\\/nyheter\\\/valet-till-andalusiska-golfforbundet-ogiltigforklaras-for-andra-gangen\\\/\"},\"wordCount\":302,\"commentCount\":0,\"publisher\":{\"@id\":\"https:\\\/\\\/lightweb.dev\\\/l\\\/svm-temp\\\/#organization\"},\"image\":{\"@id\":\"https:\\\/\\\/lightweb.dev\\\/l\\\/svm-temp\\\/nyheter\\\/valet-till-andalusiska-golfforbundet-ogiltigforklaras-for-andra-gangen\\\/#primaryimage\"},\"thumbnailUrl\":\"https:\\\/\\\/lightweb.dev\\\/l\\\/svm-temp\\\/wp-content\\\/uploads\\\/2022\\\/06\\\/valet-till-andalusiska-golfforbundet-ogiltigforklaras-for-andra-gangen.png\",\"articleSection\":[\"Arkiv\",\"Nyheter\"],\"inLanguage\":\"sv-SE\"},{\"@type\":\"WebPage\",\"@id\":\"https:\\\/\\\/lightweb.dev\\\/l\\\/svm-temp\\\/nyheter\\\/valet-till-andalusiska-golfforbundet-ogiltigforklaras-for-andra-gangen\\\/\",\"url\":\"https:\\\/\\\/lightweb.dev\\\/l\\\/svm-temp\\\/nyheter\\\/valet-till-andalusiska-golfforbundet-ogiltigforklaras-for-andra-gangen\\\/\",\"name\":\"Valet till andalusiska golff\u00f6rbundet ogiltigf\u00f6rklaras f\u00f6r andra g\u00e5ngen - Svenska Magasinet\",\"isPartOf\":{\"@id\":\"https:\\\/\\\/lightweb.dev\\\/l\\\/svm-temp\\\/#website\"},\"primaryImageOfPage\":{\"@id\":\"https:\\\/\\\/lightweb.dev\\\/l\\\/svm-temp\\\/nyheter\\\/valet-till-andalusiska-golfforbundet-ogiltigforklaras-for-andra-gangen\\\/#primaryimage\"},\"image\":{\"@id\":\"https:\\\/\\\/lightweb.dev\\\/l\\\/svm-temp\\\/nyheter\\\/valet-till-andalusiska-golfforbundet-ogiltigforklaras-for-andra-gangen\\\/#primaryimage\"},\"thumbnailUrl\":\"https:\\\/\\\/lightweb.dev\\\/l\\\/svm-temp\\\/wp-content\\\/uploads\\\/2022\\\/06\\\/valet-till-andalusiska-golfforbundet-ogiltigforklaras-for-andra-gangen.png\",\"datePublished\":\"2013-11-26T23:00:00+00:00\",\"breadcrumb\":{\"@id\":\"https:\\\/\\\/lightweb.dev\\\/l\\\/svm-temp\\\/nyheter\\\/valet-till-andalusiska-golfforbundet-ogiltigforklaras-for-andra-gangen\\\/#breadcrumb\"},\"inLanguage\":\"sv-SE\",\"potentialAction\":[{\"@type\":\"ReadAction\",\"target\":[\"https:\\\/\\\/lightweb.dev\\\/l\\\/svm-temp\\\/nyheter\\\/valet-till-andalusiska-golfforbundet-ogiltigforklaras-for-andra-gangen\\\/\"]}]},{\"@type\":\"ImageObject\",\"inLanguage\":\"sv-SE\",\"@id\":\"https:\\\/\\\/lightweb.dev\\\/l\\\/svm-temp\\\/nyheter\\\/valet-till-andalusiska-golfforbundet-ogiltigforklaras-for-andra-gangen\\\/#primaryimage\",\"url\":\"https:\\\/\\\/lightweb.dev\\\/l\\\/svm-temp\\\/wp-content\\\/uploads\\\/2022\\\/06\\\/valet-till-andalusiska-golfforbundet-ogiltigforklaras-for-andra-gangen.png\",\"contentUrl\":\"https:\\\/\\\/lightweb.dev\\\/l\\\/svm-temp\\\/wp-content\\\/uploads\\\/2022\\\/06\\\/valet-till-andalusiska-golfforbundet-ogiltigforklaras-for-andra-gangen.png\",\"width\":280,\"height\":270},{\"@type\":\"BreadcrumbList\",\"@id\":\"https:\\\/\\\/lightweb.dev\\\/l\\\/svm-temp\\\/nyheter\\\/valet-till-andalusiska-golfforbundet-ogiltigforklaras-for-andra-gangen\\\/#breadcrumb\",\"itemListElement\":[{\"@type\":\"ListItem\",\"position\":1,\"name\":\"Hem\",\"item\":\"https:\\\/\\\/lightweb.dev\\\/l\\\/svm-temp\\\/\"},{\"@type\":\"ListItem\",\"position\":2,\"name\":\"Valet till andalusiska golff\u00f6rbundet ogiltigf\u00f6rklaras f\u00f6r andra g\u00e5ngen\"}]},{\"@type\":\"WebSite\",\"@id\":\"https:\\\/\\\/lightweb.dev\\\/l\\\/svm-temp\\\/#website\",\"url\":\"https:\\\/\\\/lightweb.dev\\\/l\\\/svm-temp\\\/\",\"name\":\"Svenska Magasinet\",\"description\":\"Dina Spanska nyheter p&aring; Svenska\",\"publisher\":{\"@id\":\"https:\\\/\\\/lightweb.dev\\\/l\\\/svm-temp\\\/#organization\"},\"potentialAction\":[{\"@type\":\"SearchAction\",\"target\":{\"@type\":\"EntryPoint\",\"urlTemplate\":\"https:\\\/\\\/lightweb.dev\\\/l\\\/svm-temp\\\/?s={search_term_string}\"},\"query-input\":{\"@type\":\"PropertyValueSpecification\",\"valueRequired\":true,\"valueName\":\"search_term_string\"}}],\"inLanguage\":\"sv-SE\"},{\"@type\":\"Organization\",\"@id\":\"https:\\\/\\\/lightweb.dev\\\/l\\\/svm-temp\\\/#organization\",\"name\":\"Melkerson y Nott SL\",\"alternateName\":\"Svenska Magasinet\",\"url\":\"https:\\\/\\\/lightweb.dev\\\/l\\\/svm-temp\\\/\",\"logo\":{\"@type\":\"ImageObject\",\"inLanguage\":\"sv-SE\",\"@id\":\"https:\\\/\\\/lightweb.dev\\\/l\\\/svm-temp\\\/#\\\/schema\\\/logo\\\/image\\\/\",\"url\":\"https:\\\/\\\/lightweb.dev\\\/l\\\/svm-temp\\\/wp-content\\\/uploads\\\/2025\\\/02\\\/SvM-logo-Xtra-Centrerad-SVART.png\",\"contentUrl\":\"https:\\\/\\\/lightweb.dev\\\/l\\\/svm-temp\\\/wp-content\\\/uploads\\\/2025\\\/02\\\/SvM-logo-Xtra-Centrerad-SVART.png\",\"width\":300,\"height\":99,\"caption\":\"Melkerson y Nott SL\"},\"image\":{\"@id\":\"https:\\\/\\\/lightweb.dev\\\/l\\\/svm-temp\\\/#\\\/schema\\\/logo\\\/image\\\/\"},\"sameAs\":[\"https:\\\/\\\/www.facebook.com\\\/svenskamagasinet\",\"https:\\\/\\\/x.com\\\/SvenskaMagasine\"]},{\"@type\":\"Person\",\"@id\":\"https:\\\/\\\/lightweb.dev\\\/l\\\/svm-temp\\\/#\\\/schema\\\/person\\\/206a3bda5b607b0c25e1749191e4d837\",\"name\":\"Redaktionen SvM\",\"description\":\"Redaktionen\",\"sameAs\":[\"https:\\\/\\\/lightweb.dev\\\/l\\\/svm-temp\"],\"url\":\"https:\\\/\\\/lightweb.dev\\\/l\\\/svm-temp\\\/reporter\\\/redaktionen\\\/\"}]}<\/script>\n<!-- \/ Yoast SEO Premium plugin. -->","yoast_head_json":{"title":"Valet till andalusiska golff\u00f6rbundet ogiltigf\u00f6rklaras f\u00f6r andra g\u00e5ngen - Svenska Magasinet","robots":{"index":"noindex","follow":"follow","max-snippet":"max-snippet:-1","max-image-preview":"max-image-preview:large","max-video-preview":"max-video-preview:-1"},"og_locale":"sv_SE","og_type":"article","og_title":"Valet till andalusiska golff\u00f6rbundet ogiltigf\u00f6rklaras f\u00f6r andra g\u00e5ngen","og_description":"P\u00e5 grund av nya konfrontationer och anklagelser ogiltigf\u00f6rklaras \u00e4ven det andra valet till ny styrelse i andalusiska golff\u00f6rbundet. Som Svenska Magasinet ber\u00e4ttade ig\u00e5r skakas golff\u00f6rbundet av kontroverser, hot och polisingripanden. N\u00e4r en omr\u00f6stning av en ny styrelse skulle ske i helgen fick 2.300 r\u00f6ster \u00f6vervakas i n\u00e4rvaro av en notarie, \u00e5tta valobservat\u00f6rer fr\u00e5n regionalregeringen Junta [&hellip;]","og_url":"https:\/\/lightweb.dev\/l\/svm-temp\/nyheter\/valet-till-andalusiska-golfforbundet-ogiltigforklaras-for-andra-gangen\/","og_site_name":"Svenska Magasinet","article_publisher":"https:\/\/www.facebook.com\/svenskamagasinet","article_published_time":"2013-11-26T23:00:00+00:00","author":"Redaktionen SvM","twitter_card":"summary_large_image","twitter_creator":"@SvenskaMagasine","twitter_site":"@SvenskaMagasine","schema":{"@context":"https:\/\/schema.org","@graph":[{"@type":"Article","@id":"https:\/\/lightweb.dev\/l\/svm-temp\/nyheter\/valet-till-andalusiska-golfforbundet-ogiltigforklaras-for-andra-gangen\/#article","isPartOf":{"@id":"https:\/\/lightweb.dev\/l\/svm-temp\/nyheter\/valet-till-andalusiska-golfforbundet-ogiltigforklaras-for-andra-gangen\/"},"author":{"name":"Redaktionen SvM","@id":"https:\/\/lightweb.dev\/l\/svm-temp\/#\/schema\/person\/206a3bda5b607b0c25e1749191e4d837"},"headline":"Valet till andalusiska golff\u00f6rbundet ogiltigf\u00f6rklaras f\u00f6r andra g\u00e5ngen","datePublished":"2013-11-26T23:00:00+00:00","mainEntityOfPage":{"@id":"https:\/\/lightweb.dev\/l\/svm-temp\/nyheter\/valet-till-andalusiska-golfforbundet-ogiltigforklaras-for-andra-gangen\/"},"wordCount":302,"commentCount":0,"publisher":{"@id":"https:\/\/lightweb.dev\/l\/svm-temp\/#organization"},"image":{"@id":"https:\/\/lightweb.dev\/l\/svm-temp\/nyheter\/valet-till-andalusiska-golfforbundet-ogiltigforklaras-for-andra-gangen\/#primaryimage"},"thumbnailUrl":"https:\/\/lightweb.dev\/l\/svm-temp\/wp-content\/uploads\/2022\/06\/valet-till-andalusiska-golfforbundet-ogiltigforklaras-for-andra-gangen.png","articleSection":["Arkiv","Nyheter"],"inLanguage":"sv-SE"},{"@type":"WebPage","@id":"https:\/\/lightweb.dev\/l\/svm-temp\/nyheter\/valet-till-andalusiska-golfforbundet-ogiltigforklaras-for-andra-gangen\/","url":"https:\/\/lightweb.dev\/l\/svm-temp\/nyheter\/valet-till-andalusiska-golfforbundet-ogiltigforklaras-for-andra-gangen\/","name":"Valet till andalusiska golff\u00f6rbundet ogiltigf\u00f6rklaras f\u00f6r andra g\u00e5ngen - Svenska Magasinet","isPartOf":{"@id":"https:\/\/lightweb.dev\/l\/svm-temp\/#website"},"primaryImageOfPage":{"@id":"https:\/\/lightweb.dev\/l\/svm-temp\/nyheter\/valet-till-andalusiska-golfforbundet-ogiltigforklaras-for-andra-gangen\/#primaryimage"},"image":{"@id":"https:\/\/lightweb.dev\/l\/svm-temp\/nyheter\/valet-till-andalusiska-golfforbundet-ogiltigforklaras-for-andra-gangen\/#primaryimage"},"thumbnailUrl":"https:\/\/lightweb.dev\/l\/svm-temp\/wp-content\/uploads\/2022\/06\/valet-till-andalusiska-golfforbundet-ogiltigforklaras-for-andra-gangen.png","datePublished":"2013-11-26T23:00:00+00:00","breadcrumb":{"@id":"https:\/\/lightweb.dev\/l\/svm-temp\/nyheter\/valet-till-andalusiska-golfforbundet-ogiltigforklaras-for-andra-gangen\/#breadcrumb"},"inLanguage":"sv-SE","potentialAction":[{"@type":"ReadAction","target":["https:\/\/lightweb.dev\/l\/svm-temp\/nyheter\/valet-till-andalusiska-golfforbundet-ogiltigforklaras-for-andra-gangen\/"]}]},{"@type":"ImageObject","inLanguage":"sv-SE","@id":"https:\/\/lightweb.dev\/l\/svm-temp\/nyheter\/valet-till-andalusiska-golfforbundet-ogiltigforklaras-for-andra-gangen\/#primaryimage","url":"https:\/\/lightweb.dev\/l\/svm-temp\/wp-content\/uploads\/2022\/06\/valet-till-andalusiska-golfforbundet-ogiltigforklaras-for-andra-gangen.png","contentUrl":"https:\/\/lightweb.dev\/l\/svm-temp\/wp-content\/uploads\/2022\/06\/valet-till-andalusiska-golfforbundet-ogiltigforklaras-for-andra-gangen.png","width":280,"height":270},{"@type":"BreadcrumbList","@id":"https:\/\/lightweb.dev\/l\/svm-temp\/nyheter\/valet-till-andalusiska-golfforbundet-ogiltigforklaras-for-andra-gangen\/#breadcrumb","itemListElement":[{"@type":"ListItem","position":1,"name":"Hem","item":"https:\/\/lightweb.dev\/l\/svm-temp\/"},{"@type":"ListItem","position":2,"name":"Valet till andalusiska golff\u00f6rbundet ogiltigf\u00f6rklaras f\u00f6r andra g\u00e5ngen"}]},{"@type":"WebSite","@id":"https:\/\/lightweb.dev\/l\/svm-temp\/#website","url":"https:\/\/lightweb.dev\/l\/svm-temp\/","name":"Svenska Magasinet","description":"Dina Spanska nyheter p&aring; Svenska","publisher":{"@id":"https:\/\/lightweb.dev\/l\/svm-temp\/#organization"},"potentialAction":[{"@type":"SearchAction","target":{"@type":"EntryPoint","urlTemplate":"https:\/\/lightweb.dev\/l\/svm-temp\/?s={search_term_string}"},"query-input":{"@type":"PropertyValueSpecification","valueRequired":true,"valueName":"search_term_string"}}],"inLanguage":"sv-SE"},{"@type":"Organization","@id":"https:\/\/lightweb.dev\/l\/svm-temp\/#organization","name":"Melkerson y Nott SL","alternateName":"Svenska Magasinet","url":"https:\/\/lightweb.dev\/l\/svm-temp\/","logo":{"@type":"ImageObject","inLanguage":"sv-SE","@id":"https:\/\/lightweb.dev\/l\/svm-temp\/#\/schema\/logo\/image\/","url":"https:\/\/lightweb.dev\/l\/svm-temp\/wp-content\/uploads\/2025\/02\/SvM-logo-Xtra-Centrerad-SVART.png","contentUrl":"https:\/\/lightweb.dev\/l\/svm-temp\/wp-content\/uploads\/2025\/02\/SvM-logo-Xtra-Centrerad-SVART.png","width":300,"height":99,"caption":"Melkerson y Nott SL"},"image":{"@id":"https:\/\/lightweb.dev\/l\/svm-temp\/#\/schema\/logo\/image\/"},"sameAs":["https:\/\/www.facebook.com\/svenskamagasinet","https:\/\/x.com\/SvenskaMagasine"]},{"@type":"Person","@id":"https:\/\/lightweb.dev\/l\/svm-temp\/#\/schema\/person\/206a3bda5b607b0c25e1749191e4d837","name":"Redaktionen SvM","description":"Redaktionen","sameAs":["https:\/\/lightweb.dev\/l\/svm-temp"],"url":"https:\/\/lightweb.dev\/l\/svm-temp\/reporter\/redaktionen\/"}]}},"_links":{"self":[{"href":"https:\/\/lightweb.dev\/l\/svm-temp\/wp-json\/wp\/v2\/posts\/28431","targetHints":{"allow":["GET"]}}],"collection":[{"href":"https:\/\/lightweb.dev\/l\/svm-temp\/wp-json\/wp\/v2\/posts"}],"about":[{"href":"https:\/\/lightweb.dev\/l\/svm-temp\/wp-json\/wp\/v2\/types\/post"}],"author":[{"embeddable":true,"href":"https:\/\/lightweb.dev\/l\/svm-temp\/wp-json\/wp\/v2\/users\/8"}],"replies":[{"embeddable":true,"href":"https:\/\/lightweb.dev\/l\/svm-temp\/wp-json\/wp\/v2\/comments?post=28431"}],"version-history":[{"count":0,"href":"https:\/\/lightweb.dev\/l\/svm-temp\/wp-json\/wp\/v2\/posts\/28431\/revisions"}],"wp:featuredmedia":[{"embeddable":true,"href":"https:\/\/lightweb.dev\/l\/svm-temp\/wp-json\/wp\/v2\/media\/28435"}],"wp:attachment":[{"href":"https:\/\/lightweb.dev\/l\/svm-temp\/wp-json\/wp\/v2\/media?parent=28431"}],"wp:term":[{"taxonomy":"category","embeddable":true,"href":"https:\/\/lightweb.dev\/l\/svm-temp\/wp-json\/wp\/v2\/categories?post=28431"},{"taxonomy":"post_tag","embeddable":true,"href":"https:\/\/lightweb.dev\/l\/svm-temp\/wp-json\/wp\/v2\/tags?post=28431"}],"curies":[{"name":"wp","href":"https:\/\/api.w.org\/{rel}","templated":true}]}}