{"id":28457,"date":"2013-11-22T00:00:00","date_gmt":"2013-11-21T23:00:00","guid":{"rendered":"https:\/\/lightweb.dev\/l\/svm-temp\/nyheter\/servitor-atalas-for-finlandares-dod-anvande-korkskruv\/"},"modified":"2013-11-22T00:00:00","modified_gmt":"2013-11-21T23:00:00","slug":"servitor-atalas-for-finlandares-dod-anvande-korkskruv","status":"publish","type":"post","link":"https:\/\/lightweb.dev\/l\/svm-temp\/nyheter\/servitor-atalas-for-finlandares-dod-anvande-korkskruv\/","title":{"rendered":"Servit\u00f6r \u00e5talas f\u00f6r finl\u00e4ndares d\u00f6d \u2013 anv\u00e4nde korkskruv"},"content":{"rendered":"<p> En marockansk medborgare riskerar att d\u00f6mas till 16 och ett halvt \u00e5rs f\u00e4ngelse f\u00f6r att ha orsakat en finl\u00e4ndares d\u00f6d. Enligt \u00e5klagaren ska den marockanske medborgaren som jobbade som servit\u00f6r ha hotat finl\u00e4ndaren med en korkskruv s\u00e5 att denne f\u00f6ll bak\u00e5t och slog huvudet. Mannen avled av skadorna.<\/p>\n<p>Den marockanske mannen ska \u00e4ven ha misshandlat och orsakat skador i ansiktet p\u00e5 ytterligare en finl\u00e4ndare som var v\u00e4n till mannen som avled. H\u00e4ndelsen intr\u00e4ffade p\u00e5 en restaurang i Calahonda i Mijas den 8 augusti 2012.<\/p>\n<p>Enligt uppgifter ska en diskussion ha urartat vilket gjorde att den marockanske mannen ska ha gett sig p\u00e5 de tv\u00e5 finl\u00e4ndarna med en korkskruv skriver dagstidningen La Opini\u00f3n de M\u00e1laga.<\/p>\n<p>\u00c5klagaren kr\u00e4ver tre och ett halv \u00e5rs f\u00e4ngelse f\u00f6r misshandel d\u00e4r mannen ska ha anv\u00e4nt ett farligt verktyg. I det andra fallet kr\u00e4ver \u00e5klagaren 13 \u00e5rs f\u00e4ngelse f\u00f6r mord. Mannen ska \u00e4ven betala 201.100 euro.<\/p>\n<p>R\u00e4tteg\u00e5ngen h\u00e5lls i provinsdomstolen i M\u00e1laga. <\/p>\n","protected":false},"excerpt":{"rendered":"<p>En marockansk medborgare riskerar att d\u00f6mas till 16 och ett halvt \u00e5rs f\u00e4ngelse f\u00f6r att ha orsakat en finl\u00e4ndares d\u00f6d. Enligt \u00e5klagaren ska den marockanske medborgaren som jobbade som servit\u00f6r ha hotat finl\u00e4ndaren med en korkskruv s\u00e5 att denne f\u00f6ll bak\u00e5t och slog huvudet. Mannen avled av skadorna. Den marockanske mannen ska \u00e4ven ha misshandlat [&hellip;]<\/p>\n","protected":false},"author":8,"featured_media":28460,"comment_status":"open","ping_status":"open","sticky":false,"template":"","format":"standard","meta":{"_et_pb_use_builder":"","_et_pb_old_content":"","_et_gb_content_width":"","footnotes":""},"categories":[395,3],"tags":[],"class_list":["post-28457","post","type-post","status-publish","format-standard","has-post-thumbnail","hentry","category-arkiv-nyheter","category-nyheter"],"yoast_head":"<!-- This site is optimized with the Yoast SEO Premium plugin v26.2 (Yoast SEO v27.4) - https:\/\/yoast.com\/product\/yoast-seo-premium-wordpress\/ -->\n<title>Servit\u00f6r \u00e5talas f\u00f6r finl\u00e4ndares d\u00f6d \u2013 anv\u00e4nde korkskruv - Svenska Magasinet<\/title>\n<meta name=\"robots\" content=\"noindex, follow, max-snippet:-1, max-image-preview:large, max-video-preview:-1\" \/>\n<meta property=\"og:locale\" content=\"sv_SE\" \/>\n<meta property=\"og:type\" content=\"article\" \/>\n<meta property=\"og:title\" content=\"Servit\u00f6r \u00e5talas f\u00f6r finl\u00e4ndares d\u00f6d \u2013 anv\u00e4nde korkskruv\" \/>\n<meta property=\"og:description\" content=\"En marockansk medborgare riskerar att d\u00f6mas till 16 och ett halvt \u00e5rs f\u00e4ngelse f\u00f6r att ha orsakat en finl\u00e4ndares d\u00f6d. Enligt \u00e5klagaren ska den marockanske medborgaren som jobbade som servit\u00f6r ha hotat finl\u00e4ndaren med en korkskruv s\u00e5 att denne f\u00f6ll bak\u00e5t och slog huvudet. Mannen avled av skadorna. Den marockanske mannen ska \u00e4ven ha misshandlat [&hellip;]\" \/>\n<meta property=\"og:url\" content=\"https:\/\/lightweb.dev\/l\/svm-temp\/nyheter\/servitor-atalas-for-finlandares-dod-anvande-korkskruv\/\" \/>\n<meta property=\"og:site_name\" content=\"Svenska Magasinet\" \/>\n<meta property=\"article:publisher\" content=\"https:\/\/www.facebook.com\/svenskamagasinet\" \/>\n<meta property=\"article:published_time\" content=\"2013-11-21T23:00:00+00:00\" \/>\n<meta name=\"author\" content=\"Redaktionen SvM\" \/>\n<meta name=\"twitter:card\" content=\"summary_large_image\" \/>\n<meta name=\"twitter:creator\" content=\"@SvenskaMagasine\" \/>\n<meta name=\"twitter:site\" content=\"@SvenskaMagasine\" \/>\n<script type=\"application\/ld+json\" class=\"yoast-schema-graph\">{\"@context\":\"https:\\\/\\\/schema.org\",\"@graph\":[{\"@type\":\"Article\",\"@id\":\"https:\\\/\\\/lightweb.dev\\\/l\\\/svm-temp\\\/nyheter\\\/servitor-atalas-for-finlandares-dod-anvande-korkskruv\\\/#article\",\"isPartOf\":{\"@id\":\"https:\\\/\\\/lightweb.dev\\\/l\\\/svm-temp\\\/nyheter\\\/servitor-atalas-for-finlandares-dod-anvande-korkskruv\\\/\"},\"author\":{\"name\":\"Redaktionen SvM\",\"@id\":\"https:\\\/\\\/lightweb.dev\\\/l\\\/svm-temp\\\/#\\\/schema\\\/person\\\/206a3bda5b607b0c25e1749191e4d837\"},\"headline\":\"Servit\u00f6r \u00e5talas f\u00f6r finl\u00e4ndares d\u00f6d \u2013 anv\u00e4nde korkskruv\",\"datePublished\":\"2013-11-21T23:00:00+00:00\",\"mainEntityOfPage\":{\"@id\":\"https:\\\/\\\/lightweb.dev\\\/l\\\/svm-temp\\\/nyheter\\\/servitor-atalas-for-finlandares-dod-anvande-korkskruv\\\/\"},\"wordCount\":190,\"commentCount\":0,\"publisher\":{\"@id\":\"https:\\\/\\\/lightweb.dev\\\/l\\\/svm-temp\\\/#organization\"},\"image\":{\"@id\":\"https:\\\/\\\/lightweb.dev\\\/l\\\/svm-temp\\\/nyheter\\\/servitor-atalas-for-finlandares-dod-anvande-korkskruv\\\/#primaryimage\"},\"thumbnailUrl\":\"https:\\\/\\\/lightweb.dev\\\/l\\\/svm-temp\\\/wp-content\\\/uploads\\\/2022\\\/06\\\/servitor-atalas-for-finlandares-dod-anvande-korkskruv.png\",\"articleSection\":[\"Arkiv\",\"Nyheter\"],\"inLanguage\":\"sv-SE\"},{\"@type\":\"WebPage\",\"@id\":\"https:\\\/\\\/lightweb.dev\\\/l\\\/svm-temp\\\/nyheter\\\/servitor-atalas-for-finlandares-dod-anvande-korkskruv\\\/\",\"url\":\"https:\\\/\\\/lightweb.dev\\\/l\\\/svm-temp\\\/nyheter\\\/servitor-atalas-for-finlandares-dod-anvande-korkskruv\\\/\",\"name\":\"Servit\u00f6r \u00e5talas f\u00f6r finl\u00e4ndares d\u00f6d \u2013 anv\u00e4nde korkskruv - Svenska Magasinet\",\"isPartOf\":{\"@id\":\"https:\\\/\\\/lightweb.dev\\\/l\\\/svm-temp\\\/#website\"},\"primaryImageOfPage\":{\"@id\":\"https:\\\/\\\/lightweb.dev\\\/l\\\/svm-temp\\\/nyheter\\\/servitor-atalas-for-finlandares-dod-anvande-korkskruv\\\/#primaryimage\"},\"image\":{\"@id\":\"https:\\\/\\\/lightweb.dev\\\/l\\\/svm-temp\\\/nyheter\\\/servitor-atalas-for-finlandares-dod-anvande-korkskruv\\\/#primaryimage\"},\"thumbnailUrl\":\"https:\\\/\\\/lightweb.dev\\\/l\\\/svm-temp\\\/wp-content\\\/uploads\\\/2022\\\/06\\\/servitor-atalas-for-finlandares-dod-anvande-korkskruv.png\",\"datePublished\":\"2013-11-21T23:00:00+00:00\",\"breadcrumb\":{\"@id\":\"https:\\\/\\\/lightweb.dev\\\/l\\\/svm-temp\\\/nyheter\\\/servitor-atalas-for-finlandares-dod-anvande-korkskruv\\\/#breadcrumb\"},\"inLanguage\":\"sv-SE\",\"potentialAction\":[{\"@type\":\"ReadAction\",\"target\":[\"https:\\\/\\\/lightweb.dev\\\/l\\\/svm-temp\\\/nyheter\\\/servitor-atalas-for-finlandares-dod-anvande-korkskruv\\\/\"]}]},{\"@type\":\"ImageObject\",\"inLanguage\":\"sv-SE\",\"@id\":\"https:\\\/\\\/lightweb.dev\\\/l\\\/svm-temp\\\/nyheter\\\/servitor-atalas-for-finlandares-dod-anvande-korkskruv\\\/#primaryimage\",\"url\":\"https:\\\/\\\/lightweb.dev\\\/l\\\/svm-temp\\\/wp-content\\\/uploads\\\/2022\\\/06\\\/servitor-atalas-for-finlandares-dod-anvande-korkskruv.png\",\"contentUrl\":\"https:\\\/\\\/lightweb.dev\\\/l\\\/svm-temp\\\/wp-content\\\/uploads\\\/2022\\\/06\\\/servitor-atalas-for-finlandares-dod-anvande-korkskruv.png\",\"width\":301,\"height\":200},{\"@type\":\"BreadcrumbList\",\"@id\":\"https:\\\/\\\/lightweb.dev\\\/l\\\/svm-temp\\\/nyheter\\\/servitor-atalas-for-finlandares-dod-anvande-korkskruv\\\/#breadcrumb\",\"itemListElement\":[{\"@type\":\"ListItem\",\"position\":1,\"name\":\"Hem\",\"item\":\"https:\\\/\\\/lightweb.dev\\\/l\\\/svm-temp\\\/\"},{\"@type\":\"ListItem\",\"position\":2,\"name\":\"Servit\u00f6r \u00e5talas f\u00f6r finl\u00e4ndares d\u00f6d \u2013 anv\u00e4nde korkskruv\"}]},{\"@type\":\"WebSite\",\"@id\":\"https:\\\/\\\/lightweb.dev\\\/l\\\/svm-temp\\\/#website\",\"url\":\"https:\\\/\\\/lightweb.dev\\\/l\\\/svm-temp\\\/\",\"name\":\"Svenska Magasinet\",\"description\":\"Dina Spanska nyheter p&aring; Svenska\",\"publisher\":{\"@id\":\"https:\\\/\\\/lightweb.dev\\\/l\\\/svm-temp\\\/#organization\"},\"potentialAction\":[{\"@type\":\"SearchAction\",\"target\":{\"@type\":\"EntryPoint\",\"urlTemplate\":\"https:\\\/\\\/lightweb.dev\\\/l\\\/svm-temp\\\/?s={search_term_string}\"},\"query-input\":{\"@type\":\"PropertyValueSpecification\",\"valueRequired\":true,\"valueName\":\"search_term_string\"}}],\"inLanguage\":\"sv-SE\"},{\"@type\":\"Organization\",\"@id\":\"https:\\\/\\\/lightweb.dev\\\/l\\\/svm-temp\\\/#organization\",\"name\":\"Melkerson y Nott SL\",\"alternateName\":\"Svenska Magasinet\",\"url\":\"https:\\\/\\\/lightweb.dev\\\/l\\\/svm-temp\\\/\",\"logo\":{\"@type\":\"ImageObject\",\"inLanguage\":\"sv-SE\",\"@id\":\"https:\\\/\\\/lightweb.dev\\\/l\\\/svm-temp\\\/#\\\/schema\\\/logo\\\/image\\\/\",\"url\":\"https:\\\/\\\/lightweb.dev\\\/l\\\/svm-temp\\\/wp-content\\\/uploads\\\/2025\\\/02\\\/SvM-logo-Xtra-Centrerad-SVART.png\",\"contentUrl\":\"https:\\\/\\\/lightweb.dev\\\/l\\\/svm-temp\\\/wp-content\\\/uploads\\\/2025\\\/02\\\/SvM-logo-Xtra-Centrerad-SVART.png\",\"width\":300,\"height\":99,\"caption\":\"Melkerson y Nott SL\"},\"image\":{\"@id\":\"https:\\\/\\\/lightweb.dev\\\/l\\\/svm-temp\\\/#\\\/schema\\\/logo\\\/image\\\/\"},\"sameAs\":[\"https:\\\/\\\/www.facebook.com\\\/svenskamagasinet\",\"https:\\\/\\\/x.com\\\/SvenskaMagasine\"]},{\"@type\":\"Person\",\"@id\":\"https:\\\/\\\/lightweb.dev\\\/l\\\/svm-temp\\\/#\\\/schema\\\/person\\\/206a3bda5b607b0c25e1749191e4d837\",\"name\":\"Redaktionen SvM\",\"description\":\"Redaktionen\",\"sameAs\":[\"https:\\\/\\\/lightweb.dev\\\/l\\\/svm-temp\"],\"url\":\"https:\\\/\\\/lightweb.dev\\\/l\\\/svm-temp\\\/reporter\\\/redaktionen\\\/\"}]}<\/script>\n<!-- \/ Yoast SEO Premium plugin. -->","yoast_head_json":{"title":"Servit\u00f6r \u00e5talas f\u00f6r finl\u00e4ndares d\u00f6d \u2013 anv\u00e4nde korkskruv - Svenska Magasinet","robots":{"index":"noindex","follow":"follow","max-snippet":"max-snippet:-1","max-image-preview":"max-image-preview:large","max-video-preview":"max-video-preview:-1"},"og_locale":"sv_SE","og_type":"article","og_title":"Servit\u00f6r \u00e5talas f\u00f6r finl\u00e4ndares d\u00f6d \u2013 anv\u00e4nde korkskruv","og_description":"En marockansk medborgare riskerar att d\u00f6mas till 16 och ett halvt \u00e5rs f\u00e4ngelse f\u00f6r att ha orsakat en finl\u00e4ndares d\u00f6d. Enligt \u00e5klagaren ska den marockanske medborgaren som jobbade som servit\u00f6r ha hotat finl\u00e4ndaren med en korkskruv s\u00e5 att denne f\u00f6ll bak\u00e5t och slog huvudet. Mannen avled av skadorna. Den marockanske mannen ska \u00e4ven ha misshandlat [&hellip;]","og_url":"https:\/\/lightweb.dev\/l\/svm-temp\/nyheter\/servitor-atalas-for-finlandares-dod-anvande-korkskruv\/","og_site_name":"Svenska Magasinet","article_publisher":"https:\/\/www.facebook.com\/svenskamagasinet","article_published_time":"2013-11-21T23:00:00+00:00","author":"Redaktionen SvM","twitter_card":"summary_large_image","twitter_creator":"@SvenskaMagasine","twitter_site":"@SvenskaMagasine","schema":{"@context":"https:\/\/schema.org","@graph":[{"@type":"Article","@id":"https:\/\/lightweb.dev\/l\/svm-temp\/nyheter\/servitor-atalas-for-finlandares-dod-anvande-korkskruv\/#article","isPartOf":{"@id":"https:\/\/lightweb.dev\/l\/svm-temp\/nyheter\/servitor-atalas-for-finlandares-dod-anvande-korkskruv\/"},"author":{"name":"Redaktionen SvM","@id":"https:\/\/lightweb.dev\/l\/svm-temp\/#\/schema\/person\/206a3bda5b607b0c25e1749191e4d837"},"headline":"Servit\u00f6r \u00e5talas f\u00f6r finl\u00e4ndares d\u00f6d \u2013 anv\u00e4nde korkskruv","datePublished":"2013-11-21T23:00:00+00:00","mainEntityOfPage":{"@id":"https:\/\/lightweb.dev\/l\/svm-temp\/nyheter\/servitor-atalas-for-finlandares-dod-anvande-korkskruv\/"},"wordCount":190,"commentCount":0,"publisher":{"@id":"https:\/\/lightweb.dev\/l\/svm-temp\/#organization"},"image":{"@id":"https:\/\/lightweb.dev\/l\/svm-temp\/nyheter\/servitor-atalas-for-finlandares-dod-anvande-korkskruv\/#primaryimage"},"thumbnailUrl":"https:\/\/lightweb.dev\/l\/svm-temp\/wp-content\/uploads\/2022\/06\/servitor-atalas-for-finlandares-dod-anvande-korkskruv.png","articleSection":["Arkiv","Nyheter"],"inLanguage":"sv-SE"},{"@type":"WebPage","@id":"https:\/\/lightweb.dev\/l\/svm-temp\/nyheter\/servitor-atalas-for-finlandares-dod-anvande-korkskruv\/","url":"https:\/\/lightweb.dev\/l\/svm-temp\/nyheter\/servitor-atalas-for-finlandares-dod-anvande-korkskruv\/","name":"Servit\u00f6r \u00e5talas f\u00f6r finl\u00e4ndares d\u00f6d \u2013 anv\u00e4nde korkskruv - Svenska Magasinet","isPartOf":{"@id":"https:\/\/lightweb.dev\/l\/svm-temp\/#website"},"primaryImageOfPage":{"@id":"https:\/\/lightweb.dev\/l\/svm-temp\/nyheter\/servitor-atalas-for-finlandares-dod-anvande-korkskruv\/#primaryimage"},"image":{"@id":"https:\/\/lightweb.dev\/l\/svm-temp\/nyheter\/servitor-atalas-for-finlandares-dod-anvande-korkskruv\/#primaryimage"},"thumbnailUrl":"https:\/\/lightweb.dev\/l\/svm-temp\/wp-content\/uploads\/2022\/06\/servitor-atalas-for-finlandares-dod-anvande-korkskruv.png","datePublished":"2013-11-21T23:00:00+00:00","breadcrumb":{"@id":"https:\/\/lightweb.dev\/l\/svm-temp\/nyheter\/servitor-atalas-for-finlandares-dod-anvande-korkskruv\/#breadcrumb"},"inLanguage":"sv-SE","potentialAction":[{"@type":"ReadAction","target":["https:\/\/lightweb.dev\/l\/svm-temp\/nyheter\/servitor-atalas-for-finlandares-dod-anvande-korkskruv\/"]}]},{"@type":"ImageObject","inLanguage":"sv-SE","@id":"https:\/\/lightweb.dev\/l\/svm-temp\/nyheter\/servitor-atalas-for-finlandares-dod-anvande-korkskruv\/#primaryimage","url":"https:\/\/lightweb.dev\/l\/svm-temp\/wp-content\/uploads\/2022\/06\/servitor-atalas-for-finlandares-dod-anvande-korkskruv.png","contentUrl":"https:\/\/lightweb.dev\/l\/svm-temp\/wp-content\/uploads\/2022\/06\/servitor-atalas-for-finlandares-dod-anvande-korkskruv.png","width":301,"height":200},{"@type":"BreadcrumbList","@id":"https:\/\/lightweb.dev\/l\/svm-temp\/nyheter\/servitor-atalas-for-finlandares-dod-anvande-korkskruv\/#breadcrumb","itemListElement":[{"@type":"ListItem","position":1,"name":"Hem","item":"https:\/\/lightweb.dev\/l\/svm-temp\/"},{"@type":"ListItem","position":2,"name":"Servit\u00f6r \u00e5talas f\u00f6r finl\u00e4ndares d\u00f6d \u2013 anv\u00e4nde korkskruv"}]},{"@type":"WebSite","@id":"https:\/\/lightweb.dev\/l\/svm-temp\/#website","url":"https:\/\/lightweb.dev\/l\/svm-temp\/","name":"Svenska Magasinet","description":"Dina Spanska nyheter p&aring; Svenska","publisher":{"@id":"https:\/\/lightweb.dev\/l\/svm-temp\/#organization"},"potentialAction":[{"@type":"SearchAction","target":{"@type":"EntryPoint","urlTemplate":"https:\/\/lightweb.dev\/l\/svm-temp\/?s={search_term_string}"},"query-input":{"@type":"PropertyValueSpecification","valueRequired":true,"valueName":"search_term_string"}}],"inLanguage":"sv-SE"},{"@type":"Organization","@id":"https:\/\/lightweb.dev\/l\/svm-temp\/#organization","name":"Melkerson y Nott SL","alternateName":"Svenska Magasinet","url":"https:\/\/lightweb.dev\/l\/svm-temp\/","logo":{"@type":"ImageObject","inLanguage":"sv-SE","@id":"https:\/\/lightweb.dev\/l\/svm-temp\/#\/schema\/logo\/image\/","url":"https:\/\/lightweb.dev\/l\/svm-temp\/wp-content\/uploads\/2025\/02\/SvM-logo-Xtra-Centrerad-SVART.png","contentUrl":"https:\/\/lightweb.dev\/l\/svm-temp\/wp-content\/uploads\/2025\/02\/SvM-logo-Xtra-Centrerad-SVART.png","width":300,"height":99,"caption":"Melkerson y Nott SL"},"image":{"@id":"https:\/\/lightweb.dev\/l\/svm-temp\/#\/schema\/logo\/image\/"},"sameAs":["https:\/\/www.facebook.com\/svenskamagasinet","https:\/\/x.com\/SvenskaMagasine"]},{"@type":"Person","@id":"https:\/\/lightweb.dev\/l\/svm-temp\/#\/schema\/person\/206a3bda5b607b0c25e1749191e4d837","name":"Redaktionen SvM","description":"Redaktionen","sameAs":["https:\/\/lightweb.dev\/l\/svm-temp"],"url":"https:\/\/lightweb.dev\/l\/svm-temp\/reporter\/redaktionen\/"}]}},"_links":{"self":[{"href":"https:\/\/lightweb.dev\/l\/svm-temp\/wp-json\/wp\/v2\/posts\/28457","targetHints":{"allow":["GET"]}}],"collection":[{"href":"https:\/\/lightweb.dev\/l\/svm-temp\/wp-json\/wp\/v2\/posts"}],"about":[{"href":"https:\/\/lightweb.dev\/l\/svm-temp\/wp-json\/wp\/v2\/types\/post"}],"author":[{"embeddable":true,"href":"https:\/\/lightweb.dev\/l\/svm-temp\/wp-json\/wp\/v2\/users\/8"}],"replies":[{"embeddable":true,"href":"https:\/\/lightweb.dev\/l\/svm-temp\/wp-json\/wp\/v2\/comments?post=28457"}],"version-history":[{"count":0,"href":"https:\/\/lightweb.dev\/l\/svm-temp\/wp-json\/wp\/v2\/posts\/28457\/revisions"}],"wp:featuredmedia":[{"embeddable":true,"href":"https:\/\/lightweb.dev\/l\/svm-temp\/wp-json\/wp\/v2\/media\/28460"}],"wp:attachment":[{"href":"https:\/\/lightweb.dev\/l\/svm-temp\/wp-json\/wp\/v2\/media?parent=28457"}],"wp:term":[{"taxonomy":"category","embeddable":true,"href":"https:\/\/lightweb.dev\/l\/svm-temp\/wp-json\/wp\/v2\/categories?post=28457"},{"taxonomy":"post_tag","embeddable":true,"href":"https:\/\/lightweb.dev\/l\/svm-temp\/wp-json\/wp\/v2\/tags?post=28457"}],"curies":[{"name":"wp","href":"https:\/\/api.w.org\/{rel}","templated":true}]}}