{"id":28459,"date":"2013-11-22T00:00:00","date_gmt":"2013-11-21T23:00:00","guid":{"rendered":"https:\/\/lightweb.dev\/l\/svm-temp\/nyheter\/regeringen-utarbetar-beredskapsplaner-for-jordskalv-pa-solkusten\/"},"modified":"2013-11-22T00:00:00","modified_gmt":"2013-11-21T23:00:00","slug":"regeringen-utarbetar-beredskapsplaner-for-jordskalv-pa-solkusten","status":"publish","type":"post","link":"https:\/\/lightweb.dev\/l\/svm-temp\/nyheter\/regeringen-utarbetar-beredskapsplaner-for-jordskalv-pa-solkusten\/","title":{"rendered":"Regeringen utarbetar beredskapsplaner f\u00f6r jordskalv p\u00e5 Solkusten"},"content":{"rendered":"<p> Regionalregeringen Junta de Andalucia f\u00f6rbereder nu beredskapsplaner i h\u00e4ndelse av att provinsen M\u00e1laga drabbas av st\u00f6rre jordskalv. Det g\u00e4ller i synnerhet M\u00e1laga stad och Antequera-omr\u00e5det uppger dagstidningen Diario SUR.<\/p>\n<p>Det finns en h\u00f6g risk f\u00f6r att jordskalv i framtiden kan komma att orsaka stora skador. D\u00e4rf\u00f6r har regionalregeringen inlett ett arbete med att utarbeta beredskapsplaner. Det g\u00e4ller institutioner som sjukv\u00e5rd, f\u00f6rsvarsmakten och organisationer f\u00f6r samh\u00e4llsskydd hur dessa kan vara f\u00f6rberedda i h\u00e4ndelse av naturkatastrofer.<\/p>\n<p>\u201dBara f\u00f6r att vi g\u00e5r ig\u00e5ng med dessa beredskapsplaner s\u00e5 betyder det inte att det finns en \u00f6verh\u00e4ngande risk f\u00f6r jordskalv den n\u00e4rmaste tiden\u201d s\u00e4ger Jos\u00e9 Luis Ruiz Espejo, regeringens talesman i provinsen M\u00e1laga.<\/p>\n<p>\u201dDet handlar om att skapa samordning mellan f\u00f6rvaltningarna\u201d.<\/p>\n<p>Senast provinsen drabbades av ett st\u00f6rre jordskalv var 1884 och det g\u00e5r mellan 87 till 117 \u00e5r mellan varje st\u00f6rre jordskalv enligt officiell statistik.<\/p>\n<p>Med befolkningstillv\u00e4xt skulle ett jordskalv orsaka st\u00f6rre skador i v\u00e5r tid vilket ocks\u00e5 kr\u00e4ver st\u00f6rre s\u00e4kerhet n\u00e4r det g\u00e4ller byggnader som skolor, v\u00e5rdcentraler och sjukhus. <\/p>\n","protected":false},"excerpt":{"rendered":"<p>Regionalregeringen Junta de Andalucia f\u00f6rbereder nu beredskapsplaner i h\u00e4ndelse av att provinsen M\u00e1laga drabbas av st\u00f6rre jordskalv. Det g\u00e4ller i synnerhet M\u00e1laga stad och Antequera-omr\u00e5det uppger dagstidningen Diario SUR. Det finns en h\u00f6g risk f\u00f6r att jordskalv i framtiden kan komma att orsaka stora skador. D\u00e4rf\u00f6r har regionalregeringen inlett ett arbete med att utarbeta beredskapsplaner. [&hellip;]<\/p>\n","protected":false},"author":8,"featured_media":28462,"comment_status":"open","ping_status":"open","sticky":false,"template":"","format":"standard","meta":{"_et_pb_use_builder":"","_et_pb_old_content":"","_et_gb_content_width":"","footnotes":""},"categories":[395,3],"tags":[],"class_list":["post-28459","post","type-post","status-publish","format-standard","has-post-thumbnail","hentry","category-arkiv-nyheter","category-nyheter"],"yoast_head":"<!-- This site is optimized with the Yoast SEO Premium plugin v26.2 (Yoast SEO v27.4) - https:\/\/yoast.com\/product\/yoast-seo-premium-wordpress\/ -->\n<title>Regeringen utarbetar beredskapsplaner f\u00f6r jordskalv p\u00e5 Solkusten - Svenska Magasinet<\/title>\n<meta name=\"robots\" content=\"noindex, follow, max-snippet:-1, max-image-preview:large, max-video-preview:-1\" \/>\n<meta property=\"og:locale\" content=\"sv_SE\" \/>\n<meta property=\"og:type\" content=\"article\" \/>\n<meta property=\"og:title\" content=\"Regeringen utarbetar beredskapsplaner f\u00f6r jordskalv p\u00e5 Solkusten\" \/>\n<meta property=\"og:description\" content=\"Regionalregeringen Junta de Andalucia f\u00f6rbereder nu beredskapsplaner i h\u00e4ndelse av att provinsen M\u00e1laga drabbas av st\u00f6rre jordskalv. Det g\u00e4ller i synnerhet M\u00e1laga stad och Antequera-omr\u00e5det uppger dagstidningen Diario SUR. Det finns en h\u00f6g risk f\u00f6r att jordskalv i framtiden kan komma att orsaka stora skador. D\u00e4rf\u00f6r har regionalregeringen inlett ett arbete med att utarbeta beredskapsplaner. [&hellip;]\" \/>\n<meta property=\"og:url\" content=\"https:\/\/lightweb.dev\/l\/svm-temp\/nyheter\/regeringen-utarbetar-beredskapsplaner-for-jordskalv-pa-solkusten\/\" \/>\n<meta property=\"og:site_name\" content=\"Svenska Magasinet\" \/>\n<meta property=\"article:publisher\" content=\"https:\/\/www.facebook.com\/svenskamagasinet\" \/>\n<meta property=\"article:published_time\" content=\"2013-11-21T23:00:00+00:00\" \/>\n<meta name=\"author\" content=\"Redaktionen SvM\" \/>\n<meta name=\"twitter:card\" content=\"summary_large_image\" \/>\n<meta name=\"twitter:creator\" content=\"@SvenskaMagasine\" \/>\n<meta name=\"twitter:site\" content=\"@SvenskaMagasine\" \/>\n<script type=\"application\/ld+json\" class=\"yoast-schema-graph\">{\"@context\":\"https:\\\/\\\/schema.org\",\"@graph\":[{\"@type\":\"Article\",\"@id\":\"https:\\\/\\\/lightweb.dev\\\/l\\\/svm-temp\\\/nyheter\\\/regeringen-utarbetar-beredskapsplaner-for-jordskalv-pa-solkusten\\\/#article\",\"isPartOf\":{\"@id\":\"https:\\\/\\\/lightweb.dev\\\/l\\\/svm-temp\\\/nyheter\\\/regeringen-utarbetar-beredskapsplaner-for-jordskalv-pa-solkusten\\\/\"},\"author\":{\"name\":\"Redaktionen SvM\",\"@id\":\"https:\\\/\\\/lightweb.dev\\\/l\\\/svm-temp\\\/#\\\/schema\\\/person\\\/206a3bda5b607b0c25e1749191e4d837\"},\"headline\":\"Regeringen utarbetar beredskapsplaner f\u00f6r jordskalv p\u00e5 Solkusten\",\"datePublished\":\"2013-11-21T23:00:00+00:00\",\"mainEntityOfPage\":{\"@id\":\"https:\\\/\\\/lightweb.dev\\\/l\\\/svm-temp\\\/nyheter\\\/regeringen-utarbetar-beredskapsplaner-for-jordskalv-pa-solkusten\\\/\"},\"wordCount\":209,\"commentCount\":0,\"publisher\":{\"@id\":\"https:\\\/\\\/lightweb.dev\\\/l\\\/svm-temp\\\/#organization\"},\"image\":{\"@id\":\"https:\\\/\\\/lightweb.dev\\\/l\\\/svm-temp\\\/nyheter\\\/regeringen-utarbetar-beredskapsplaner-for-jordskalv-pa-solkusten\\\/#primaryimage\"},\"thumbnailUrl\":\"https:\\\/\\\/lightweb.dev\\\/l\\\/svm-temp\\\/wp-content\\\/uploads\\\/2022\\\/06\\\/regeringen-utarbetar-beredskapsplaner-for-jordskalv-pa-solkusten.png\",\"articleSection\":[\"Arkiv\",\"Nyheter\"],\"inLanguage\":\"sv-SE\"},{\"@type\":\"WebPage\",\"@id\":\"https:\\\/\\\/lightweb.dev\\\/l\\\/svm-temp\\\/nyheter\\\/regeringen-utarbetar-beredskapsplaner-for-jordskalv-pa-solkusten\\\/\",\"url\":\"https:\\\/\\\/lightweb.dev\\\/l\\\/svm-temp\\\/nyheter\\\/regeringen-utarbetar-beredskapsplaner-for-jordskalv-pa-solkusten\\\/\",\"name\":\"Regeringen utarbetar beredskapsplaner f\u00f6r jordskalv p\u00e5 Solkusten - Svenska Magasinet\",\"isPartOf\":{\"@id\":\"https:\\\/\\\/lightweb.dev\\\/l\\\/svm-temp\\\/#website\"},\"primaryImageOfPage\":{\"@id\":\"https:\\\/\\\/lightweb.dev\\\/l\\\/svm-temp\\\/nyheter\\\/regeringen-utarbetar-beredskapsplaner-for-jordskalv-pa-solkusten\\\/#primaryimage\"},\"image\":{\"@id\":\"https:\\\/\\\/lightweb.dev\\\/l\\\/svm-temp\\\/nyheter\\\/regeringen-utarbetar-beredskapsplaner-for-jordskalv-pa-solkusten\\\/#primaryimage\"},\"thumbnailUrl\":\"https:\\\/\\\/lightweb.dev\\\/l\\\/svm-temp\\\/wp-content\\\/uploads\\\/2022\\\/06\\\/regeringen-utarbetar-beredskapsplaner-for-jordskalv-pa-solkusten.png\",\"datePublished\":\"2013-11-21T23:00:00+00:00\",\"breadcrumb\":{\"@id\":\"https:\\\/\\\/lightweb.dev\\\/l\\\/svm-temp\\\/nyheter\\\/regeringen-utarbetar-beredskapsplaner-for-jordskalv-pa-solkusten\\\/#breadcrumb\"},\"inLanguage\":\"sv-SE\",\"potentialAction\":[{\"@type\":\"ReadAction\",\"target\":[\"https:\\\/\\\/lightweb.dev\\\/l\\\/svm-temp\\\/nyheter\\\/regeringen-utarbetar-beredskapsplaner-for-jordskalv-pa-solkusten\\\/\"]}]},{\"@type\":\"ImageObject\",\"inLanguage\":\"sv-SE\",\"@id\":\"https:\\\/\\\/lightweb.dev\\\/l\\\/svm-temp\\\/nyheter\\\/regeringen-utarbetar-beredskapsplaner-for-jordskalv-pa-solkusten\\\/#primaryimage\",\"url\":\"https:\\\/\\\/lightweb.dev\\\/l\\\/svm-temp\\\/wp-content\\\/uploads\\\/2022\\\/06\\\/regeringen-utarbetar-beredskapsplaner-for-jordskalv-pa-solkusten.png\",\"contentUrl\":\"https:\\\/\\\/lightweb.dev\\\/l\\\/svm-temp\\\/wp-content\\\/uploads\\\/2022\\\/06\\\/regeringen-utarbetar-beredskapsplaner-for-jordskalv-pa-solkusten.png\",\"width\":287,\"height\":200},{\"@type\":\"BreadcrumbList\",\"@id\":\"https:\\\/\\\/lightweb.dev\\\/l\\\/svm-temp\\\/nyheter\\\/regeringen-utarbetar-beredskapsplaner-for-jordskalv-pa-solkusten\\\/#breadcrumb\",\"itemListElement\":[{\"@type\":\"ListItem\",\"position\":1,\"name\":\"Hem\",\"item\":\"https:\\\/\\\/lightweb.dev\\\/l\\\/svm-temp\\\/\"},{\"@type\":\"ListItem\",\"position\":2,\"name\":\"Regeringen utarbetar beredskapsplaner f\u00f6r jordskalv p\u00e5 Solkusten\"}]},{\"@type\":\"WebSite\",\"@id\":\"https:\\\/\\\/lightweb.dev\\\/l\\\/svm-temp\\\/#website\",\"url\":\"https:\\\/\\\/lightweb.dev\\\/l\\\/svm-temp\\\/\",\"name\":\"Svenska Magasinet\",\"description\":\"Dina Spanska nyheter p&aring; Svenska\",\"publisher\":{\"@id\":\"https:\\\/\\\/lightweb.dev\\\/l\\\/svm-temp\\\/#organization\"},\"potentialAction\":[{\"@type\":\"SearchAction\",\"target\":{\"@type\":\"EntryPoint\",\"urlTemplate\":\"https:\\\/\\\/lightweb.dev\\\/l\\\/svm-temp\\\/?s={search_term_string}\"},\"query-input\":{\"@type\":\"PropertyValueSpecification\",\"valueRequired\":true,\"valueName\":\"search_term_string\"}}],\"inLanguage\":\"sv-SE\"},{\"@type\":\"Organization\",\"@id\":\"https:\\\/\\\/lightweb.dev\\\/l\\\/svm-temp\\\/#organization\",\"name\":\"Melkerson y Nott SL\",\"alternateName\":\"Svenska Magasinet\",\"url\":\"https:\\\/\\\/lightweb.dev\\\/l\\\/svm-temp\\\/\",\"logo\":{\"@type\":\"ImageObject\",\"inLanguage\":\"sv-SE\",\"@id\":\"https:\\\/\\\/lightweb.dev\\\/l\\\/svm-temp\\\/#\\\/schema\\\/logo\\\/image\\\/\",\"url\":\"https:\\\/\\\/lightweb.dev\\\/l\\\/svm-temp\\\/wp-content\\\/uploads\\\/2025\\\/02\\\/SvM-logo-Xtra-Centrerad-SVART.png\",\"contentUrl\":\"https:\\\/\\\/lightweb.dev\\\/l\\\/svm-temp\\\/wp-content\\\/uploads\\\/2025\\\/02\\\/SvM-logo-Xtra-Centrerad-SVART.png\",\"width\":300,\"height\":99,\"caption\":\"Melkerson y Nott SL\"},\"image\":{\"@id\":\"https:\\\/\\\/lightweb.dev\\\/l\\\/svm-temp\\\/#\\\/schema\\\/logo\\\/image\\\/\"},\"sameAs\":[\"https:\\\/\\\/www.facebook.com\\\/svenskamagasinet\",\"https:\\\/\\\/x.com\\\/SvenskaMagasine\"]},{\"@type\":\"Person\",\"@id\":\"https:\\\/\\\/lightweb.dev\\\/l\\\/svm-temp\\\/#\\\/schema\\\/person\\\/206a3bda5b607b0c25e1749191e4d837\",\"name\":\"Redaktionen SvM\",\"description\":\"Redaktionen\",\"sameAs\":[\"https:\\\/\\\/lightweb.dev\\\/l\\\/svm-temp\"],\"url\":\"https:\\\/\\\/lightweb.dev\\\/l\\\/svm-temp\\\/reporter\\\/redaktionen\\\/\"}]}<\/script>\n<!-- \/ Yoast SEO Premium plugin. -->","yoast_head_json":{"title":"Regeringen utarbetar beredskapsplaner f\u00f6r jordskalv p\u00e5 Solkusten - Svenska Magasinet","robots":{"index":"noindex","follow":"follow","max-snippet":"max-snippet:-1","max-image-preview":"max-image-preview:large","max-video-preview":"max-video-preview:-1"},"og_locale":"sv_SE","og_type":"article","og_title":"Regeringen utarbetar beredskapsplaner f\u00f6r jordskalv p\u00e5 Solkusten","og_description":"Regionalregeringen Junta de Andalucia f\u00f6rbereder nu beredskapsplaner i h\u00e4ndelse av att provinsen M\u00e1laga drabbas av st\u00f6rre jordskalv. Det g\u00e4ller i synnerhet M\u00e1laga stad och Antequera-omr\u00e5det uppger dagstidningen Diario SUR. Det finns en h\u00f6g risk f\u00f6r att jordskalv i framtiden kan komma att orsaka stora skador. D\u00e4rf\u00f6r har regionalregeringen inlett ett arbete med att utarbeta beredskapsplaner. [&hellip;]","og_url":"https:\/\/lightweb.dev\/l\/svm-temp\/nyheter\/regeringen-utarbetar-beredskapsplaner-for-jordskalv-pa-solkusten\/","og_site_name":"Svenska Magasinet","article_publisher":"https:\/\/www.facebook.com\/svenskamagasinet","article_published_time":"2013-11-21T23:00:00+00:00","author":"Redaktionen SvM","twitter_card":"summary_large_image","twitter_creator":"@SvenskaMagasine","twitter_site":"@SvenskaMagasine","schema":{"@context":"https:\/\/schema.org","@graph":[{"@type":"Article","@id":"https:\/\/lightweb.dev\/l\/svm-temp\/nyheter\/regeringen-utarbetar-beredskapsplaner-for-jordskalv-pa-solkusten\/#article","isPartOf":{"@id":"https:\/\/lightweb.dev\/l\/svm-temp\/nyheter\/regeringen-utarbetar-beredskapsplaner-for-jordskalv-pa-solkusten\/"},"author":{"name":"Redaktionen SvM","@id":"https:\/\/lightweb.dev\/l\/svm-temp\/#\/schema\/person\/206a3bda5b607b0c25e1749191e4d837"},"headline":"Regeringen utarbetar beredskapsplaner f\u00f6r jordskalv p\u00e5 Solkusten","datePublished":"2013-11-21T23:00:00+00:00","mainEntityOfPage":{"@id":"https:\/\/lightweb.dev\/l\/svm-temp\/nyheter\/regeringen-utarbetar-beredskapsplaner-for-jordskalv-pa-solkusten\/"},"wordCount":209,"commentCount":0,"publisher":{"@id":"https:\/\/lightweb.dev\/l\/svm-temp\/#organization"},"image":{"@id":"https:\/\/lightweb.dev\/l\/svm-temp\/nyheter\/regeringen-utarbetar-beredskapsplaner-for-jordskalv-pa-solkusten\/#primaryimage"},"thumbnailUrl":"https:\/\/lightweb.dev\/l\/svm-temp\/wp-content\/uploads\/2022\/06\/regeringen-utarbetar-beredskapsplaner-for-jordskalv-pa-solkusten.png","articleSection":["Arkiv","Nyheter"],"inLanguage":"sv-SE"},{"@type":"WebPage","@id":"https:\/\/lightweb.dev\/l\/svm-temp\/nyheter\/regeringen-utarbetar-beredskapsplaner-for-jordskalv-pa-solkusten\/","url":"https:\/\/lightweb.dev\/l\/svm-temp\/nyheter\/regeringen-utarbetar-beredskapsplaner-for-jordskalv-pa-solkusten\/","name":"Regeringen utarbetar beredskapsplaner f\u00f6r jordskalv p\u00e5 Solkusten - Svenska Magasinet","isPartOf":{"@id":"https:\/\/lightweb.dev\/l\/svm-temp\/#website"},"primaryImageOfPage":{"@id":"https:\/\/lightweb.dev\/l\/svm-temp\/nyheter\/regeringen-utarbetar-beredskapsplaner-for-jordskalv-pa-solkusten\/#primaryimage"},"image":{"@id":"https:\/\/lightweb.dev\/l\/svm-temp\/nyheter\/regeringen-utarbetar-beredskapsplaner-for-jordskalv-pa-solkusten\/#primaryimage"},"thumbnailUrl":"https:\/\/lightweb.dev\/l\/svm-temp\/wp-content\/uploads\/2022\/06\/regeringen-utarbetar-beredskapsplaner-for-jordskalv-pa-solkusten.png","datePublished":"2013-11-21T23:00:00+00:00","breadcrumb":{"@id":"https:\/\/lightweb.dev\/l\/svm-temp\/nyheter\/regeringen-utarbetar-beredskapsplaner-for-jordskalv-pa-solkusten\/#breadcrumb"},"inLanguage":"sv-SE","potentialAction":[{"@type":"ReadAction","target":["https:\/\/lightweb.dev\/l\/svm-temp\/nyheter\/regeringen-utarbetar-beredskapsplaner-for-jordskalv-pa-solkusten\/"]}]},{"@type":"ImageObject","inLanguage":"sv-SE","@id":"https:\/\/lightweb.dev\/l\/svm-temp\/nyheter\/regeringen-utarbetar-beredskapsplaner-for-jordskalv-pa-solkusten\/#primaryimage","url":"https:\/\/lightweb.dev\/l\/svm-temp\/wp-content\/uploads\/2022\/06\/regeringen-utarbetar-beredskapsplaner-for-jordskalv-pa-solkusten.png","contentUrl":"https:\/\/lightweb.dev\/l\/svm-temp\/wp-content\/uploads\/2022\/06\/regeringen-utarbetar-beredskapsplaner-for-jordskalv-pa-solkusten.png","width":287,"height":200},{"@type":"BreadcrumbList","@id":"https:\/\/lightweb.dev\/l\/svm-temp\/nyheter\/regeringen-utarbetar-beredskapsplaner-for-jordskalv-pa-solkusten\/#breadcrumb","itemListElement":[{"@type":"ListItem","position":1,"name":"Hem","item":"https:\/\/lightweb.dev\/l\/svm-temp\/"},{"@type":"ListItem","position":2,"name":"Regeringen utarbetar beredskapsplaner f\u00f6r jordskalv p\u00e5 Solkusten"}]},{"@type":"WebSite","@id":"https:\/\/lightweb.dev\/l\/svm-temp\/#website","url":"https:\/\/lightweb.dev\/l\/svm-temp\/","name":"Svenska Magasinet","description":"Dina Spanska nyheter p&aring; Svenska","publisher":{"@id":"https:\/\/lightweb.dev\/l\/svm-temp\/#organization"},"potentialAction":[{"@type":"SearchAction","target":{"@type":"EntryPoint","urlTemplate":"https:\/\/lightweb.dev\/l\/svm-temp\/?s={search_term_string}"},"query-input":{"@type":"PropertyValueSpecification","valueRequired":true,"valueName":"search_term_string"}}],"inLanguage":"sv-SE"},{"@type":"Organization","@id":"https:\/\/lightweb.dev\/l\/svm-temp\/#organization","name":"Melkerson y Nott SL","alternateName":"Svenska Magasinet","url":"https:\/\/lightweb.dev\/l\/svm-temp\/","logo":{"@type":"ImageObject","inLanguage":"sv-SE","@id":"https:\/\/lightweb.dev\/l\/svm-temp\/#\/schema\/logo\/image\/","url":"https:\/\/lightweb.dev\/l\/svm-temp\/wp-content\/uploads\/2025\/02\/SvM-logo-Xtra-Centrerad-SVART.png","contentUrl":"https:\/\/lightweb.dev\/l\/svm-temp\/wp-content\/uploads\/2025\/02\/SvM-logo-Xtra-Centrerad-SVART.png","width":300,"height":99,"caption":"Melkerson y Nott SL"},"image":{"@id":"https:\/\/lightweb.dev\/l\/svm-temp\/#\/schema\/logo\/image\/"},"sameAs":["https:\/\/www.facebook.com\/svenskamagasinet","https:\/\/x.com\/SvenskaMagasine"]},{"@type":"Person","@id":"https:\/\/lightweb.dev\/l\/svm-temp\/#\/schema\/person\/206a3bda5b607b0c25e1749191e4d837","name":"Redaktionen SvM","description":"Redaktionen","sameAs":["https:\/\/lightweb.dev\/l\/svm-temp"],"url":"https:\/\/lightweb.dev\/l\/svm-temp\/reporter\/redaktionen\/"}]}},"_links":{"self":[{"href":"https:\/\/lightweb.dev\/l\/svm-temp\/wp-json\/wp\/v2\/posts\/28459","targetHints":{"allow":["GET"]}}],"collection":[{"href":"https:\/\/lightweb.dev\/l\/svm-temp\/wp-json\/wp\/v2\/posts"}],"about":[{"href":"https:\/\/lightweb.dev\/l\/svm-temp\/wp-json\/wp\/v2\/types\/post"}],"author":[{"embeddable":true,"href":"https:\/\/lightweb.dev\/l\/svm-temp\/wp-json\/wp\/v2\/users\/8"}],"replies":[{"embeddable":true,"href":"https:\/\/lightweb.dev\/l\/svm-temp\/wp-json\/wp\/v2\/comments?post=28459"}],"version-history":[{"count":0,"href":"https:\/\/lightweb.dev\/l\/svm-temp\/wp-json\/wp\/v2\/posts\/28459\/revisions"}],"wp:featuredmedia":[{"embeddable":true,"href":"https:\/\/lightweb.dev\/l\/svm-temp\/wp-json\/wp\/v2\/media\/28462"}],"wp:attachment":[{"href":"https:\/\/lightweb.dev\/l\/svm-temp\/wp-json\/wp\/v2\/media?parent=28459"}],"wp:term":[{"taxonomy":"category","embeddable":true,"href":"https:\/\/lightweb.dev\/l\/svm-temp\/wp-json\/wp\/v2\/categories?post=28459"},{"taxonomy":"post_tag","embeddable":true,"href":"https:\/\/lightweb.dev\/l\/svm-temp\/wp-json\/wp\/v2\/tags?post=28459"}],"curies":[{"name":"wp","href":"https:\/\/api.w.org\/{rel}","templated":true}]}}