{"id":28465,"date":"2013-11-21T00:00:00","date_gmt":"2013-11-20T23:00:00","guid":{"rendered":"https:\/\/lightweb.dev\/l\/svm-temp\/nyheter\/bark-dogathon-valgorenhetspromenad-i-nueva-andalucia\/"},"modified":"2013-11-21T00:00:00","modified_gmt":"2013-11-20T23:00:00","slug":"bark-dogathon-valgorenhetspromenad-i-nueva-andalucia","status":"publish","type":"post","link":"https:\/\/lightweb.dev\/l\/svm-temp\/nyheter\/bark-dogathon-valgorenhetspromenad-i-nueva-andalucia\/","title":{"rendered":"BARK Dogathon &#8211; v\u00e4lg\u00f6renhetspromenad i Nueva Andalucia"},"content":{"rendered":"<p> P\u00e5 s\u00f6ndag den 24 november anordnas en promenad sponsrad av bland annat Starz Caf\u00e9 p\u00e5 Centro Plaza. Detta \u00e4r den f\u00f6rsta promenaden i Nueva Andalucia till f\u00f6rm\u00e5n f\u00f6r \u00f6vergivna och illa behandlade hundar och organisationen hoppas p\u00e5 god uppslutning f\u00f6r att \u00f6ka kunskap och k\u00e4nnedom om alla dessa stackars djur i behov av hj\u00e4lp.<\/p>\n<p>Hans M\u00f6ller fr\u00e5n Starz f\u00f6rklarar att man valt att st\u00f6dja Triple A, en djurskyddsf\u00f6rening som inte bara r\u00e4ddar hundar och katter, \u00e4ven h\u00e4star, \u00e5snor och f\u00e5glar har passerat under \u00e5ren. Just nu tar de hand om tv\u00e5 vietnamesiska grisar!<\/p>\n<p>Alla \u00e4r v\u00e4lkomna att delta med eller utan hund. Samling vid Starz Caf\u00e9 klockan 12<br \/>\noch promenaden ber\u00e4knas ta 30 till 40 minuter med l\u00e4ngs strandpromenaden vid Puerto Banus.<\/p>\n<p>Det blir vattenpaus f\u00f6r b\u00e5de m\u00e4nniskor och djur p\u00e5 v\u00e4gen. Tillbaka p\u00e5 Starz blir det fika, lotterier och roliga aktiviteter f\u00f6r hundar. Att delta kostar tio euro per person, hundar \u00e4r gratis och int\u00e4kterna g\u00e5r till Triple A.<\/p>\n<p>Anm\u00e4l er till Hans M\u00f6ller via e-postadressen: starz@starzmarbella.com <\/p>\n","protected":false},"excerpt":{"rendered":"<p>P\u00e5 s\u00f6ndag den 24 november anordnas en promenad sponsrad av bland annat Starz Caf\u00e9 p\u00e5 Centro Plaza. Detta \u00e4r den f\u00f6rsta promenaden i Nueva Andalucia till f\u00f6rm\u00e5n f\u00f6r \u00f6vergivna och illa behandlade hundar och organisationen hoppas p\u00e5 god uppslutning f\u00f6r att \u00f6ka kunskap och k\u00e4nnedom om alla dessa stackars djur i behov av hj\u00e4lp. Hans [&hellip;]<\/p>\n","protected":false},"author":8,"featured_media":28468,"comment_status":"open","ping_status":"open","sticky":false,"template":"","format":"standard","meta":{"_et_pb_use_builder":"","_et_pb_old_content":"","_et_gb_content_width":"","footnotes":""},"categories":[395,3],"tags":[],"class_list":["post-28465","post","type-post","status-publish","format-standard","has-post-thumbnail","hentry","category-arkiv-nyheter","category-nyheter"],"yoast_head":"<!-- This site is optimized with the Yoast SEO Premium plugin v26.2 (Yoast SEO v27.4) - https:\/\/yoast.com\/product\/yoast-seo-premium-wordpress\/ -->\n<title>BARK Dogathon - v\u00e4lg\u00f6renhetspromenad i Nueva Andalucia - Svenska Magasinet<\/title>\n<meta name=\"robots\" content=\"noindex, follow, max-snippet:-1, max-image-preview:large, max-video-preview:-1\" \/>\n<meta property=\"og:locale\" content=\"sv_SE\" \/>\n<meta property=\"og:type\" content=\"article\" \/>\n<meta property=\"og:title\" content=\"BARK Dogathon - v\u00e4lg\u00f6renhetspromenad i Nueva Andalucia\" \/>\n<meta property=\"og:description\" content=\"P\u00e5 s\u00f6ndag den 24 november anordnas en promenad sponsrad av bland annat Starz Caf\u00e9 p\u00e5 Centro Plaza. Detta \u00e4r den f\u00f6rsta promenaden i Nueva Andalucia till f\u00f6rm\u00e5n f\u00f6r \u00f6vergivna och illa behandlade hundar och organisationen hoppas p\u00e5 god uppslutning f\u00f6r att \u00f6ka kunskap och k\u00e4nnedom om alla dessa stackars djur i behov av hj\u00e4lp. Hans [&hellip;]\" \/>\n<meta property=\"og:url\" content=\"https:\/\/lightweb.dev\/l\/svm-temp\/nyheter\/bark-dogathon-valgorenhetspromenad-i-nueva-andalucia\/\" \/>\n<meta property=\"og:site_name\" content=\"Svenska Magasinet\" \/>\n<meta property=\"article:publisher\" content=\"https:\/\/www.facebook.com\/svenskamagasinet\" \/>\n<meta property=\"article:published_time\" content=\"2013-11-20T23:00:00+00:00\" \/>\n<meta name=\"author\" content=\"Redaktionen SvM\" \/>\n<meta name=\"twitter:card\" content=\"summary_large_image\" \/>\n<meta name=\"twitter:creator\" content=\"@SvenskaMagasine\" \/>\n<meta name=\"twitter:site\" content=\"@SvenskaMagasine\" \/>\n<script type=\"application\/ld+json\" class=\"yoast-schema-graph\">{\"@context\":\"https:\\\/\\\/schema.org\",\"@graph\":[{\"@type\":\"Article\",\"@id\":\"https:\\\/\\\/lightweb.dev\\\/l\\\/svm-temp\\\/nyheter\\\/bark-dogathon-valgorenhetspromenad-i-nueva-andalucia\\\/#article\",\"isPartOf\":{\"@id\":\"https:\\\/\\\/lightweb.dev\\\/l\\\/svm-temp\\\/nyheter\\\/bark-dogathon-valgorenhetspromenad-i-nueva-andalucia\\\/\"},\"author\":{\"name\":\"Redaktionen SvM\",\"@id\":\"https:\\\/\\\/lightweb.dev\\\/l\\\/svm-temp\\\/#\\\/schema\\\/person\\\/206a3bda5b607b0c25e1749191e4d837\"},\"headline\":\"BARK Dogathon &#8211; v\u00e4lg\u00f6renhetspromenad i Nueva Andalucia\",\"datePublished\":\"2013-11-20T23:00:00+00:00\",\"mainEntityOfPage\":{\"@id\":\"https:\\\/\\\/lightweb.dev\\\/l\\\/svm-temp\\\/nyheter\\\/bark-dogathon-valgorenhetspromenad-i-nueva-andalucia\\\/\"},\"wordCount\":203,\"commentCount\":0,\"publisher\":{\"@id\":\"https:\\\/\\\/lightweb.dev\\\/l\\\/svm-temp\\\/#organization\"},\"image\":{\"@id\":\"https:\\\/\\\/lightweb.dev\\\/l\\\/svm-temp\\\/nyheter\\\/bark-dogathon-valgorenhetspromenad-i-nueva-andalucia\\\/#primaryimage\"},\"thumbnailUrl\":\"https:\\\/\\\/lightweb.dev\\\/l\\\/svm-temp\\\/wp-content\\\/uploads\\\/2022\\\/06\\\/bark-dogathon-valgorenhetspromenad-i-nueva-andalucia.png\",\"articleSection\":[\"Arkiv\",\"Nyheter\"],\"inLanguage\":\"sv-SE\"},{\"@type\":\"WebPage\",\"@id\":\"https:\\\/\\\/lightweb.dev\\\/l\\\/svm-temp\\\/nyheter\\\/bark-dogathon-valgorenhetspromenad-i-nueva-andalucia\\\/\",\"url\":\"https:\\\/\\\/lightweb.dev\\\/l\\\/svm-temp\\\/nyheter\\\/bark-dogathon-valgorenhetspromenad-i-nueva-andalucia\\\/\",\"name\":\"BARK Dogathon - v\u00e4lg\u00f6renhetspromenad i Nueva Andalucia - Svenska Magasinet\",\"isPartOf\":{\"@id\":\"https:\\\/\\\/lightweb.dev\\\/l\\\/svm-temp\\\/#website\"},\"primaryImageOfPage\":{\"@id\":\"https:\\\/\\\/lightweb.dev\\\/l\\\/svm-temp\\\/nyheter\\\/bark-dogathon-valgorenhetspromenad-i-nueva-andalucia\\\/#primaryimage\"},\"image\":{\"@id\":\"https:\\\/\\\/lightweb.dev\\\/l\\\/svm-temp\\\/nyheter\\\/bark-dogathon-valgorenhetspromenad-i-nueva-andalucia\\\/#primaryimage\"},\"thumbnailUrl\":\"https:\\\/\\\/lightweb.dev\\\/l\\\/svm-temp\\\/wp-content\\\/uploads\\\/2022\\\/06\\\/bark-dogathon-valgorenhetspromenad-i-nueva-andalucia.png\",\"datePublished\":\"2013-11-20T23:00:00+00:00\",\"breadcrumb\":{\"@id\":\"https:\\\/\\\/lightweb.dev\\\/l\\\/svm-temp\\\/nyheter\\\/bark-dogathon-valgorenhetspromenad-i-nueva-andalucia\\\/#breadcrumb\"},\"inLanguage\":\"sv-SE\",\"potentialAction\":[{\"@type\":\"ReadAction\",\"target\":[\"https:\\\/\\\/lightweb.dev\\\/l\\\/svm-temp\\\/nyheter\\\/bark-dogathon-valgorenhetspromenad-i-nueva-andalucia\\\/\"]}]},{\"@type\":\"ImageObject\",\"inLanguage\":\"sv-SE\",\"@id\":\"https:\\\/\\\/lightweb.dev\\\/l\\\/svm-temp\\\/nyheter\\\/bark-dogathon-valgorenhetspromenad-i-nueva-andalucia\\\/#primaryimage\",\"url\":\"https:\\\/\\\/lightweb.dev\\\/l\\\/svm-temp\\\/wp-content\\\/uploads\\\/2022\\\/06\\\/bark-dogathon-valgorenhetspromenad-i-nueva-andalucia.png\",\"contentUrl\":\"https:\\\/\\\/lightweb.dev\\\/l\\\/svm-temp\\\/wp-content\\\/uploads\\\/2022\\\/06\\\/bark-dogathon-valgorenhetspromenad-i-nueva-andalucia.png\",\"width\":280,\"height\":393},{\"@type\":\"BreadcrumbList\",\"@id\":\"https:\\\/\\\/lightweb.dev\\\/l\\\/svm-temp\\\/nyheter\\\/bark-dogathon-valgorenhetspromenad-i-nueva-andalucia\\\/#breadcrumb\",\"itemListElement\":[{\"@type\":\"ListItem\",\"position\":1,\"name\":\"Hem\",\"item\":\"https:\\\/\\\/lightweb.dev\\\/l\\\/svm-temp\\\/\"},{\"@type\":\"ListItem\",\"position\":2,\"name\":\"BARK Dogathon &#8211; v\u00e4lg\u00f6renhetspromenad i Nueva Andalucia\"}]},{\"@type\":\"WebSite\",\"@id\":\"https:\\\/\\\/lightweb.dev\\\/l\\\/svm-temp\\\/#website\",\"url\":\"https:\\\/\\\/lightweb.dev\\\/l\\\/svm-temp\\\/\",\"name\":\"Svenska Magasinet\",\"description\":\"Dina Spanska nyheter p&aring; Svenska\",\"publisher\":{\"@id\":\"https:\\\/\\\/lightweb.dev\\\/l\\\/svm-temp\\\/#organization\"},\"potentialAction\":[{\"@type\":\"SearchAction\",\"target\":{\"@type\":\"EntryPoint\",\"urlTemplate\":\"https:\\\/\\\/lightweb.dev\\\/l\\\/svm-temp\\\/?s={search_term_string}\"},\"query-input\":{\"@type\":\"PropertyValueSpecification\",\"valueRequired\":true,\"valueName\":\"search_term_string\"}}],\"inLanguage\":\"sv-SE\"},{\"@type\":\"Organization\",\"@id\":\"https:\\\/\\\/lightweb.dev\\\/l\\\/svm-temp\\\/#organization\",\"name\":\"Melkerson y Nott SL\",\"alternateName\":\"Svenska Magasinet\",\"url\":\"https:\\\/\\\/lightweb.dev\\\/l\\\/svm-temp\\\/\",\"logo\":{\"@type\":\"ImageObject\",\"inLanguage\":\"sv-SE\",\"@id\":\"https:\\\/\\\/lightweb.dev\\\/l\\\/svm-temp\\\/#\\\/schema\\\/logo\\\/image\\\/\",\"url\":\"https:\\\/\\\/lightweb.dev\\\/l\\\/svm-temp\\\/wp-content\\\/uploads\\\/2025\\\/02\\\/SvM-logo-Xtra-Centrerad-SVART.png\",\"contentUrl\":\"https:\\\/\\\/lightweb.dev\\\/l\\\/svm-temp\\\/wp-content\\\/uploads\\\/2025\\\/02\\\/SvM-logo-Xtra-Centrerad-SVART.png\",\"width\":300,\"height\":99,\"caption\":\"Melkerson y Nott SL\"},\"image\":{\"@id\":\"https:\\\/\\\/lightweb.dev\\\/l\\\/svm-temp\\\/#\\\/schema\\\/logo\\\/image\\\/\"},\"sameAs\":[\"https:\\\/\\\/www.facebook.com\\\/svenskamagasinet\",\"https:\\\/\\\/x.com\\\/SvenskaMagasine\"]},{\"@type\":\"Person\",\"@id\":\"https:\\\/\\\/lightweb.dev\\\/l\\\/svm-temp\\\/#\\\/schema\\\/person\\\/206a3bda5b607b0c25e1749191e4d837\",\"name\":\"Redaktionen SvM\",\"description\":\"Redaktionen\",\"sameAs\":[\"https:\\\/\\\/lightweb.dev\\\/l\\\/svm-temp\"],\"url\":\"https:\\\/\\\/lightweb.dev\\\/l\\\/svm-temp\\\/reporter\\\/redaktionen\\\/\"}]}<\/script>\n<!-- \/ Yoast SEO Premium plugin. -->","yoast_head_json":{"title":"BARK Dogathon - v\u00e4lg\u00f6renhetspromenad i Nueva Andalucia - Svenska Magasinet","robots":{"index":"noindex","follow":"follow","max-snippet":"max-snippet:-1","max-image-preview":"max-image-preview:large","max-video-preview":"max-video-preview:-1"},"og_locale":"sv_SE","og_type":"article","og_title":"BARK Dogathon - v\u00e4lg\u00f6renhetspromenad i Nueva Andalucia","og_description":"P\u00e5 s\u00f6ndag den 24 november anordnas en promenad sponsrad av bland annat Starz Caf\u00e9 p\u00e5 Centro Plaza. Detta \u00e4r den f\u00f6rsta promenaden i Nueva Andalucia till f\u00f6rm\u00e5n f\u00f6r \u00f6vergivna och illa behandlade hundar och organisationen hoppas p\u00e5 god uppslutning f\u00f6r att \u00f6ka kunskap och k\u00e4nnedom om alla dessa stackars djur i behov av hj\u00e4lp. Hans [&hellip;]","og_url":"https:\/\/lightweb.dev\/l\/svm-temp\/nyheter\/bark-dogathon-valgorenhetspromenad-i-nueva-andalucia\/","og_site_name":"Svenska Magasinet","article_publisher":"https:\/\/www.facebook.com\/svenskamagasinet","article_published_time":"2013-11-20T23:00:00+00:00","author":"Redaktionen SvM","twitter_card":"summary_large_image","twitter_creator":"@SvenskaMagasine","twitter_site":"@SvenskaMagasine","schema":{"@context":"https:\/\/schema.org","@graph":[{"@type":"Article","@id":"https:\/\/lightweb.dev\/l\/svm-temp\/nyheter\/bark-dogathon-valgorenhetspromenad-i-nueva-andalucia\/#article","isPartOf":{"@id":"https:\/\/lightweb.dev\/l\/svm-temp\/nyheter\/bark-dogathon-valgorenhetspromenad-i-nueva-andalucia\/"},"author":{"name":"Redaktionen SvM","@id":"https:\/\/lightweb.dev\/l\/svm-temp\/#\/schema\/person\/206a3bda5b607b0c25e1749191e4d837"},"headline":"BARK Dogathon &#8211; v\u00e4lg\u00f6renhetspromenad i Nueva Andalucia","datePublished":"2013-11-20T23:00:00+00:00","mainEntityOfPage":{"@id":"https:\/\/lightweb.dev\/l\/svm-temp\/nyheter\/bark-dogathon-valgorenhetspromenad-i-nueva-andalucia\/"},"wordCount":203,"commentCount":0,"publisher":{"@id":"https:\/\/lightweb.dev\/l\/svm-temp\/#organization"},"image":{"@id":"https:\/\/lightweb.dev\/l\/svm-temp\/nyheter\/bark-dogathon-valgorenhetspromenad-i-nueva-andalucia\/#primaryimage"},"thumbnailUrl":"https:\/\/lightweb.dev\/l\/svm-temp\/wp-content\/uploads\/2022\/06\/bark-dogathon-valgorenhetspromenad-i-nueva-andalucia.png","articleSection":["Arkiv","Nyheter"],"inLanguage":"sv-SE"},{"@type":"WebPage","@id":"https:\/\/lightweb.dev\/l\/svm-temp\/nyheter\/bark-dogathon-valgorenhetspromenad-i-nueva-andalucia\/","url":"https:\/\/lightweb.dev\/l\/svm-temp\/nyheter\/bark-dogathon-valgorenhetspromenad-i-nueva-andalucia\/","name":"BARK Dogathon - v\u00e4lg\u00f6renhetspromenad i Nueva Andalucia - Svenska Magasinet","isPartOf":{"@id":"https:\/\/lightweb.dev\/l\/svm-temp\/#website"},"primaryImageOfPage":{"@id":"https:\/\/lightweb.dev\/l\/svm-temp\/nyheter\/bark-dogathon-valgorenhetspromenad-i-nueva-andalucia\/#primaryimage"},"image":{"@id":"https:\/\/lightweb.dev\/l\/svm-temp\/nyheter\/bark-dogathon-valgorenhetspromenad-i-nueva-andalucia\/#primaryimage"},"thumbnailUrl":"https:\/\/lightweb.dev\/l\/svm-temp\/wp-content\/uploads\/2022\/06\/bark-dogathon-valgorenhetspromenad-i-nueva-andalucia.png","datePublished":"2013-11-20T23:00:00+00:00","breadcrumb":{"@id":"https:\/\/lightweb.dev\/l\/svm-temp\/nyheter\/bark-dogathon-valgorenhetspromenad-i-nueva-andalucia\/#breadcrumb"},"inLanguage":"sv-SE","potentialAction":[{"@type":"ReadAction","target":["https:\/\/lightweb.dev\/l\/svm-temp\/nyheter\/bark-dogathon-valgorenhetspromenad-i-nueva-andalucia\/"]}]},{"@type":"ImageObject","inLanguage":"sv-SE","@id":"https:\/\/lightweb.dev\/l\/svm-temp\/nyheter\/bark-dogathon-valgorenhetspromenad-i-nueva-andalucia\/#primaryimage","url":"https:\/\/lightweb.dev\/l\/svm-temp\/wp-content\/uploads\/2022\/06\/bark-dogathon-valgorenhetspromenad-i-nueva-andalucia.png","contentUrl":"https:\/\/lightweb.dev\/l\/svm-temp\/wp-content\/uploads\/2022\/06\/bark-dogathon-valgorenhetspromenad-i-nueva-andalucia.png","width":280,"height":393},{"@type":"BreadcrumbList","@id":"https:\/\/lightweb.dev\/l\/svm-temp\/nyheter\/bark-dogathon-valgorenhetspromenad-i-nueva-andalucia\/#breadcrumb","itemListElement":[{"@type":"ListItem","position":1,"name":"Hem","item":"https:\/\/lightweb.dev\/l\/svm-temp\/"},{"@type":"ListItem","position":2,"name":"BARK Dogathon &#8211; v\u00e4lg\u00f6renhetspromenad i Nueva Andalucia"}]},{"@type":"WebSite","@id":"https:\/\/lightweb.dev\/l\/svm-temp\/#website","url":"https:\/\/lightweb.dev\/l\/svm-temp\/","name":"Svenska Magasinet","description":"Dina Spanska nyheter p&aring; Svenska","publisher":{"@id":"https:\/\/lightweb.dev\/l\/svm-temp\/#organization"},"potentialAction":[{"@type":"SearchAction","target":{"@type":"EntryPoint","urlTemplate":"https:\/\/lightweb.dev\/l\/svm-temp\/?s={search_term_string}"},"query-input":{"@type":"PropertyValueSpecification","valueRequired":true,"valueName":"search_term_string"}}],"inLanguage":"sv-SE"},{"@type":"Organization","@id":"https:\/\/lightweb.dev\/l\/svm-temp\/#organization","name":"Melkerson y Nott SL","alternateName":"Svenska Magasinet","url":"https:\/\/lightweb.dev\/l\/svm-temp\/","logo":{"@type":"ImageObject","inLanguage":"sv-SE","@id":"https:\/\/lightweb.dev\/l\/svm-temp\/#\/schema\/logo\/image\/","url":"https:\/\/lightweb.dev\/l\/svm-temp\/wp-content\/uploads\/2025\/02\/SvM-logo-Xtra-Centrerad-SVART.png","contentUrl":"https:\/\/lightweb.dev\/l\/svm-temp\/wp-content\/uploads\/2025\/02\/SvM-logo-Xtra-Centrerad-SVART.png","width":300,"height":99,"caption":"Melkerson y Nott SL"},"image":{"@id":"https:\/\/lightweb.dev\/l\/svm-temp\/#\/schema\/logo\/image\/"},"sameAs":["https:\/\/www.facebook.com\/svenskamagasinet","https:\/\/x.com\/SvenskaMagasine"]},{"@type":"Person","@id":"https:\/\/lightweb.dev\/l\/svm-temp\/#\/schema\/person\/206a3bda5b607b0c25e1749191e4d837","name":"Redaktionen SvM","description":"Redaktionen","sameAs":["https:\/\/lightweb.dev\/l\/svm-temp"],"url":"https:\/\/lightweb.dev\/l\/svm-temp\/reporter\/redaktionen\/"}]}},"_links":{"self":[{"href":"https:\/\/lightweb.dev\/l\/svm-temp\/wp-json\/wp\/v2\/posts\/28465","targetHints":{"allow":["GET"]}}],"collection":[{"href":"https:\/\/lightweb.dev\/l\/svm-temp\/wp-json\/wp\/v2\/posts"}],"about":[{"href":"https:\/\/lightweb.dev\/l\/svm-temp\/wp-json\/wp\/v2\/types\/post"}],"author":[{"embeddable":true,"href":"https:\/\/lightweb.dev\/l\/svm-temp\/wp-json\/wp\/v2\/users\/8"}],"replies":[{"embeddable":true,"href":"https:\/\/lightweb.dev\/l\/svm-temp\/wp-json\/wp\/v2\/comments?post=28465"}],"version-history":[{"count":0,"href":"https:\/\/lightweb.dev\/l\/svm-temp\/wp-json\/wp\/v2\/posts\/28465\/revisions"}],"wp:featuredmedia":[{"embeddable":true,"href":"https:\/\/lightweb.dev\/l\/svm-temp\/wp-json\/wp\/v2\/media\/28468"}],"wp:attachment":[{"href":"https:\/\/lightweb.dev\/l\/svm-temp\/wp-json\/wp\/v2\/media?parent=28465"}],"wp:term":[{"taxonomy":"category","embeddable":true,"href":"https:\/\/lightweb.dev\/l\/svm-temp\/wp-json\/wp\/v2\/categories?post=28465"},{"taxonomy":"post_tag","embeddable":true,"href":"https:\/\/lightweb.dev\/l\/svm-temp\/wp-json\/wp\/v2\/tags?post=28465"}],"curies":[{"name":"wp","href":"https:\/\/api.w.org\/{rel}","templated":true}]}}