{"id":28475,"date":"2013-11-19T00:00:00","date_gmt":"2013-11-18T23:00:00","guid":{"rendered":"https:\/\/lightweb.dev\/l\/svm-temp\/nyheter\/europafontanen-i-nerja-med-stenblock-fran-sverige-har-stympats\/"},"modified":"2013-11-19T00:00:00","modified_gmt":"2013-11-18T23:00:00","slug":"europafontanen-i-nerja-med-stenblock-fran-sverige-har-stympats","status":"publish","type":"post","link":"https:\/\/lightweb.dev\/l\/svm-temp\/nyheter\/europafontanen-i-nerja-med-stenblock-fran-sverige-har-stympats\/","title":{"rendered":"Europafont\u00e4nen i Nerja med stenblock fr\u00e5n Sverige har stympats"},"content":{"rendered":"<p> Europafont\u00e4nen i Nerja h\u00e5ller p\u00e5 att mista sin glans. Det europeiska monumentet med anknytning till T\u00e4by kommun har sedan invigningen 2002 f\u00f6r\u00e4ndrats till det s\u00e4mre. Monumentet heter Europafont\u00e4nen (p\u00e5 spanska &#8221;Fuente de Europa&#8221;) och symboliserar det f\u00f6renade Europa med anledning av Spaniens intr\u00e4de i EU (Europeiska Unionen) \u00e5r 1986.<\/p>\n<p>Id\u00e9n var att sammanfoga ett stenblock fr\u00e5n varje EU-land (vid millennieskiftet hade EU 15 medlemsl\u00e4nder, numera 28 medlemsl\u00e4nder). Europafont\u00e4nens 16:e och sista stenblock kom fr\u00e5n staden Nerja.<\/p>\n<p>Det var i november 2001 som T\u00e4by kommun via den svenska ambassaden i Madrid tillfr\u00e5gades om att st\u00f6dja projektet Europafont\u00e4nen genom att bidra med ett stenblock. Den svenska stenen best\u00e5r av r\u00f6dgr\u00e5 granit skriver T\u00e4by Allehanda.<\/p>\n<p>Det svenska granitblocket ligger \u00f6verst med &#8221;SVERIGE&#8221; ingraverat p\u00e5 den ena sidan och T\u00e4by kommuns webbadress &#8221;TABY.SE&#8221; ingraverat p\u00e5 den andra sidan.<\/p>\n<p>Den internationella invigningen av Europafont\u00e4nen h\u00f6lls med pomp och st\u00e5t den 28 september 2002 och kulminerade i ett magnifikt fyrverkeri, enligt n\u00e4rvarande bes\u00f6kare.<\/p>\n<p>Nu, november 2013, har h\u00e4lften av tegelpelarna kring Europafont\u00e4nen tagits bort f\u00f6r att ge plats \u00e5t en fotbollsplan. Till och med sj\u00e4lva font\u00e4nen (som numera \u00e4r utan vatten) har stympats och byggts om i f\u00f6rminskat format p\u00e5 den sida som vetter mot fotbollsplanen.<\/p>\n<p>Bildtext: P\u00e5 Europafont\u00e4nen med stenblock fr\u00e5n EU:s d\u00e5varande 15 medlemsl\u00e4nder ses den svenska r\u00f6dgr\u00e5a granitstenen \u00f6verst med &#8221;SVERIGE&#8221; ingraverat p\u00e5 den ena sidan och T\u00e4by kommuns webbadress &#8221;TABY.SE&#8221; f\u00f6rutseende ingraverat p\u00e5 den andra sidan. Fotograferat den 13 november 2013. (Foto: Mac Lennart Lindskog, T\u00e4by Allehanda) <\/p>\n","protected":false},"excerpt":{"rendered":"<p>Europafont\u00e4nen i Nerja h\u00e5ller p\u00e5 att mista sin glans. Det europeiska monumentet med anknytning till T\u00e4by kommun har sedan invigningen 2002 f\u00f6r\u00e4ndrats till det s\u00e4mre. Monumentet heter Europafont\u00e4nen (p\u00e5 spanska &#8221;Fuente de Europa&#8221;) och symboliserar det f\u00f6renade Europa med anledning av Spaniens intr\u00e4de i EU (Europeiska Unionen) \u00e5r 1986. Id\u00e9n var att sammanfoga ett stenblock [&hellip;]<\/p>\n","protected":false},"author":8,"featured_media":28478,"comment_status":"open","ping_status":"open","sticky":false,"template":"","format":"standard","meta":{"_et_pb_use_builder":"","_et_pb_old_content":"","_et_gb_content_width":"","footnotes":""},"categories":[395,3],"tags":[],"class_list":["post-28475","post","type-post","status-publish","format-standard","has-post-thumbnail","hentry","category-arkiv-nyheter","category-nyheter"],"yoast_head":"<!-- This site is optimized with the Yoast SEO Premium plugin v26.2 (Yoast SEO v27.4) - https:\/\/yoast.com\/product\/yoast-seo-premium-wordpress\/ -->\n<title>Europafont\u00e4nen i Nerja med stenblock fr\u00e5n Sverige har stympats - Svenska Magasinet<\/title>\n<meta name=\"robots\" content=\"noindex, follow, max-snippet:-1, max-image-preview:large, max-video-preview:-1\" \/>\n<meta property=\"og:locale\" content=\"sv_SE\" \/>\n<meta property=\"og:type\" content=\"article\" \/>\n<meta property=\"og:title\" content=\"Europafont\u00e4nen i Nerja med stenblock fr\u00e5n Sverige har stympats\" \/>\n<meta property=\"og:description\" content=\"Europafont\u00e4nen i Nerja h\u00e5ller p\u00e5 att mista sin glans. Det europeiska monumentet med anknytning till T\u00e4by kommun har sedan invigningen 2002 f\u00f6r\u00e4ndrats till det s\u00e4mre. Monumentet heter Europafont\u00e4nen (p\u00e5 spanska &#8221;Fuente de Europa&#8221;) och symboliserar det f\u00f6renade Europa med anledning av Spaniens intr\u00e4de i EU (Europeiska Unionen) \u00e5r 1986. Id\u00e9n var att sammanfoga ett stenblock [&hellip;]\" \/>\n<meta property=\"og:url\" content=\"https:\/\/lightweb.dev\/l\/svm-temp\/nyheter\/europafontanen-i-nerja-med-stenblock-fran-sverige-har-stympats\/\" \/>\n<meta property=\"og:site_name\" content=\"Svenska Magasinet\" \/>\n<meta property=\"article:publisher\" content=\"https:\/\/www.facebook.com\/svenskamagasinet\" \/>\n<meta property=\"article:published_time\" content=\"2013-11-18T23:00:00+00:00\" \/>\n<meta name=\"author\" content=\"Redaktionen SvM\" \/>\n<meta name=\"twitter:card\" content=\"summary_large_image\" \/>\n<meta name=\"twitter:creator\" content=\"@SvenskaMagasine\" \/>\n<meta name=\"twitter:site\" content=\"@SvenskaMagasine\" \/>\n<script type=\"application\/ld+json\" class=\"yoast-schema-graph\">{\"@context\":\"https:\\\/\\\/schema.org\",\"@graph\":[{\"@type\":\"Article\",\"@id\":\"https:\\\/\\\/lightweb.dev\\\/l\\\/svm-temp\\\/nyheter\\\/europafontanen-i-nerja-med-stenblock-fran-sverige-har-stympats\\\/#article\",\"isPartOf\":{\"@id\":\"https:\\\/\\\/lightweb.dev\\\/l\\\/svm-temp\\\/nyheter\\\/europafontanen-i-nerja-med-stenblock-fran-sverige-har-stympats\\\/\"},\"author\":{\"name\":\"Redaktionen SvM\",\"@id\":\"https:\\\/\\\/lightweb.dev\\\/l\\\/svm-temp\\\/#\\\/schema\\\/person\\\/206a3bda5b607b0c25e1749191e4d837\"},\"headline\":\"Europafont\u00e4nen i Nerja med stenblock fr\u00e5n Sverige har stympats\",\"datePublished\":\"2013-11-18T23:00:00+00:00\",\"mainEntityOfPage\":{\"@id\":\"https:\\\/\\\/lightweb.dev\\\/l\\\/svm-temp\\\/nyheter\\\/europafontanen-i-nerja-med-stenblock-fran-sverige-har-stympats\\\/\"},\"wordCount\":291,\"commentCount\":0,\"publisher\":{\"@id\":\"https:\\\/\\\/lightweb.dev\\\/l\\\/svm-temp\\\/#organization\"},\"image\":{\"@id\":\"https:\\\/\\\/lightweb.dev\\\/l\\\/svm-temp\\\/nyheter\\\/europafontanen-i-nerja-med-stenblock-fran-sverige-har-stympats\\\/#primaryimage\"},\"thumbnailUrl\":\"https:\\\/\\\/lightweb.dev\\\/l\\\/svm-temp\\\/wp-content\\\/uploads\\\/2022\\\/06\\\/europafontanen-i-nerja-med-stenblock-fran-sverige-har-stympats.png\",\"articleSection\":[\"Arkiv\",\"Nyheter\"],\"inLanguage\":\"sv-SE\"},{\"@type\":\"WebPage\",\"@id\":\"https:\\\/\\\/lightweb.dev\\\/l\\\/svm-temp\\\/nyheter\\\/europafontanen-i-nerja-med-stenblock-fran-sverige-har-stympats\\\/\",\"url\":\"https:\\\/\\\/lightweb.dev\\\/l\\\/svm-temp\\\/nyheter\\\/europafontanen-i-nerja-med-stenblock-fran-sverige-har-stympats\\\/\",\"name\":\"Europafont\u00e4nen i Nerja med stenblock fr\u00e5n Sverige har stympats - Svenska Magasinet\",\"isPartOf\":{\"@id\":\"https:\\\/\\\/lightweb.dev\\\/l\\\/svm-temp\\\/#website\"},\"primaryImageOfPage\":{\"@id\":\"https:\\\/\\\/lightweb.dev\\\/l\\\/svm-temp\\\/nyheter\\\/europafontanen-i-nerja-med-stenblock-fran-sverige-har-stympats\\\/#primaryimage\"},\"image\":{\"@id\":\"https:\\\/\\\/lightweb.dev\\\/l\\\/svm-temp\\\/nyheter\\\/europafontanen-i-nerja-med-stenblock-fran-sverige-har-stympats\\\/#primaryimage\"},\"thumbnailUrl\":\"https:\\\/\\\/lightweb.dev\\\/l\\\/svm-temp\\\/wp-content\\\/uploads\\\/2022\\\/06\\\/europafontanen-i-nerja-med-stenblock-fran-sverige-har-stympats.png\",\"datePublished\":\"2013-11-18T23:00:00+00:00\",\"breadcrumb\":{\"@id\":\"https:\\\/\\\/lightweb.dev\\\/l\\\/svm-temp\\\/nyheter\\\/europafontanen-i-nerja-med-stenblock-fran-sverige-har-stympats\\\/#breadcrumb\"},\"inLanguage\":\"sv-SE\",\"potentialAction\":[{\"@type\":\"ReadAction\",\"target\":[\"https:\\\/\\\/lightweb.dev\\\/l\\\/svm-temp\\\/nyheter\\\/europafontanen-i-nerja-med-stenblock-fran-sverige-har-stympats\\\/\"]}]},{\"@type\":\"ImageObject\",\"inLanguage\":\"sv-SE\",\"@id\":\"https:\\\/\\\/lightweb.dev\\\/l\\\/svm-temp\\\/nyheter\\\/europafontanen-i-nerja-med-stenblock-fran-sverige-har-stympats\\\/#primaryimage\",\"url\":\"https:\\\/\\\/lightweb.dev\\\/l\\\/svm-temp\\\/wp-content\\\/uploads\\\/2022\\\/06\\\/europafontanen-i-nerja-med-stenblock-fran-sverige-har-stympats.png\",\"contentUrl\":\"https:\\\/\\\/lightweb.dev\\\/l\\\/svm-temp\\\/wp-content\\\/uploads\\\/2022\\\/06\\\/europafontanen-i-nerja-med-stenblock-fran-sverige-har-stympats.png\",\"width\":280,\"height\":204},{\"@type\":\"BreadcrumbList\",\"@id\":\"https:\\\/\\\/lightweb.dev\\\/l\\\/svm-temp\\\/nyheter\\\/europafontanen-i-nerja-med-stenblock-fran-sverige-har-stympats\\\/#breadcrumb\",\"itemListElement\":[{\"@type\":\"ListItem\",\"position\":1,\"name\":\"Hem\",\"item\":\"https:\\\/\\\/lightweb.dev\\\/l\\\/svm-temp\\\/\"},{\"@type\":\"ListItem\",\"position\":2,\"name\":\"Europafont\u00e4nen i Nerja med stenblock fr\u00e5n Sverige har stympats\"}]},{\"@type\":\"WebSite\",\"@id\":\"https:\\\/\\\/lightweb.dev\\\/l\\\/svm-temp\\\/#website\",\"url\":\"https:\\\/\\\/lightweb.dev\\\/l\\\/svm-temp\\\/\",\"name\":\"Svenska Magasinet\",\"description\":\"Dina Spanska nyheter p&aring; Svenska\",\"publisher\":{\"@id\":\"https:\\\/\\\/lightweb.dev\\\/l\\\/svm-temp\\\/#organization\"},\"potentialAction\":[{\"@type\":\"SearchAction\",\"target\":{\"@type\":\"EntryPoint\",\"urlTemplate\":\"https:\\\/\\\/lightweb.dev\\\/l\\\/svm-temp\\\/?s={search_term_string}\"},\"query-input\":{\"@type\":\"PropertyValueSpecification\",\"valueRequired\":true,\"valueName\":\"search_term_string\"}}],\"inLanguage\":\"sv-SE\"},{\"@type\":\"Organization\",\"@id\":\"https:\\\/\\\/lightweb.dev\\\/l\\\/svm-temp\\\/#organization\",\"name\":\"Melkerson y Nott SL\",\"alternateName\":\"Svenska Magasinet\",\"url\":\"https:\\\/\\\/lightweb.dev\\\/l\\\/svm-temp\\\/\",\"logo\":{\"@type\":\"ImageObject\",\"inLanguage\":\"sv-SE\",\"@id\":\"https:\\\/\\\/lightweb.dev\\\/l\\\/svm-temp\\\/#\\\/schema\\\/logo\\\/image\\\/\",\"url\":\"https:\\\/\\\/lightweb.dev\\\/l\\\/svm-temp\\\/wp-content\\\/uploads\\\/2025\\\/02\\\/SvM-logo-Xtra-Centrerad-SVART.png\",\"contentUrl\":\"https:\\\/\\\/lightweb.dev\\\/l\\\/svm-temp\\\/wp-content\\\/uploads\\\/2025\\\/02\\\/SvM-logo-Xtra-Centrerad-SVART.png\",\"width\":300,\"height\":99,\"caption\":\"Melkerson y Nott SL\"},\"image\":{\"@id\":\"https:\\\/\\\/lightweb.dev\\\/l\\\/svm-temp\\\/#\\\/schema\\\/logo\\\/image\\\/\"},\"sameAs\":[\"https:\\\/\\\/www.facebook.com\\\/svenskamagasinet\",\"https:\\\/\\\/x.com\\\/SvenskaMagasine\"]},{\"@type\":\"Person\",\"@id\":\"https:\\\/\\\/lightweb.dev\\\/l\\\/svm-temp\\\/#\\\/schema\\\/person\\\/206a3bda5b607b0c25e1749191e4d837\",\"name\":\"Redaktionen SvM\",\"description\":\"Redaktionen\",\"sameAs\":[\"https:\\\/\\\/lightweb.dev\\\/l\\\/svm-temp\"],\"url\":\"https:\\\/\\\/lightweb.dev\\\/l\\\/svm-temp\\\/reporter\\\/redaktionen\\\/\"}]}<\/script>\n<!-- \/ Yoast SEO Premium plugin. -->","yoast_head_json":{"title":"Europafont\u00e4nen i Nerja med stenblock fr\u00e5n Sverige har stympats - Svenska Magasinet","robots":{"index":"noindex","follow":"follow","max-snippet":"max-snippet:-1","max-image-preview":"max-image-preview:large","max-video-preview":"max-video-preview:-1"},"og_locale":"sv_SE","og_type":"article","og_title":"Europafont\u00e4nen i Nerja med stenblock fr\u00e5n Sverige har stympats","og_description":"Europafont\u00e4nen i Nerja h\u00e5ller p\u00e5 att mista sin glans. Det europeiska monumentet med anknytning till T\u00e4by kommun har sedan invigningen 2002 f\u00f6r\u00e4ndrats till det s\u00e4mre. Monumentet heter Europafont\u00e4nen (p\u00e5 spanska &#8221;Fuente de Europa&#8221;) och symboliserar det f\u00f6renade Europa med anledning av Spaniens intr\u00e4de i EU (Europeiska Unionen) \u00e5r 1986. Id\u00e9n var att sammanfoga ett stenblock [&hellip;]","og_url":"https:\/\/lightweb.dev\/l\/svm-temp\/nyheter\/europafontanen-i-nerja-med-stenblock-fran-sverige-har-stympats\/","og_site_name":"Svenska Magasinet","article_publisher":"https:\/\/www.facebook.com\/svenskamagasinet","article_published_time":"2013-11-18T23:00:00+00:00","author":"Redaktionen SvM","twitter_card":"summary_large_image","twitter_creator":"@SvenskaMagasine","twitter_site":"@SvenskaMagasine","schema":{"@context":"https:\/\/schema.org","@graph":[{"@type":"Article","@id":"https:\/\/lightweb.dev\/l\/svm-temp\/nyheter\/europafontanen-i-nerja-med-stenblock-fran-sverige-har-stympats\/#article","isPartOf":{"@id":"https:\/\/lightweb.dev\/l\/svm-temp\/nyheter\/europafontanen-i-nerja-med-stenblock-fran-sverige-har-stympats\/"},"author":{"name":"Redaktionen SvM","@id":"https:\/\/lightweb.dev\/l\/svm-temp\/#\/schema\/person\/206a3bda5b607b0c25e1749191e4d837"},"headline":"Europafont\u00e4nen i Nerja med stenblock fr\u00e5n Sverige har stympats","datePublished":"2013-11-18T23:00:00+00:00","mainEntityOfPage":{"@id":"https:\/\/lightweb.dev\/l\/svm-temp\/nyheter\/europafontanen-i-nerja-med-stenblock-fran-sverige-har-stympats\/"},"wordCount":291,"commentCount":0,"publisher":{"@id":"https:\/\/lightweb.dev\/l\/svm-temp\/#organization"},"image":{"@id":"https:\/\/lightweb.dev\/l\/svm-temp\/nyheter\/europafontanen-i-nerja-med-stenblock-fran-sverige-har-stympats\/#primaryimage"},"thumbnailUrl":"https:\/\/lightweb.dev\/l\/svm-temp\/wp-content\/uploads\/2022\/06\/europafontanen-i-nerja-med-stenblock-fran-sverige-har-stympats.png","articleSection":["Arkiv","Nyheter"],"inLanguage":"sv-SE"},{"@type":"WebPage","@id":"https:\/\/lightweb.dev\/l\/svm-temp\/nyheter\/europafontanen-i-nerja-med-stenblock-fran-sverige-har-stympats\/","url":"https:\/\/lightweb.dev\/l\/svm-temp\/nyheter\/europafontanen-i-nerja-med-stenblock-fran-sverige-har-stympats\/","name":"Europafont\u00e4nen i Nerja med stenblock fr\u00e5n Sverige har stympats - Svenska Magasinet","isPartOf":{"@id":"https:\/\/lightweb.dev\/l\/svm-temp\/#website"},"primaryImageOfPage":{"@id":"https:\/\/lightweb.dev\/l\/svm-temp\/nyheter\/europafontanen-i-nerja-med-stenblock-fran-sverige-har-stympats\/#primaryimage"},"image":{"@id":"https:\/\/lightweb.dev\/l\/svm-temp\/nyheter\/europafontanen-i-nerja-med-stenblock-fran-sverige-har-stympats\/#primaryimage"},"thumbnailUrl":"https:\/\/lightweb.dev\/l\/svm-temp\/wp-content\/uploads\/2022\/06\/europafontanen-i-nerja-med-stenblock-fran-sverige-har-stympats.png","datePublished":"2013-11-18T23:00:00+00:00","breadcrumb":{"@id":"https:\/\/lightweb.dev\/l\/svm-temp\/nyheter\/europafontanen-i-nerja-med-stenblock-fran-sverige-har-stympats\/#breadcrumb"},"inLanguage":"sv-SE","potentialAction":[{"@type":"ReadAction","target":["https:\/\/lightweb.dev\/l\/svm-temp\/nyheter\/europafontanen-i-nerja-med-stenblock-fran-sverige-har-stympats\/"]}]},{"@type":"ImageObject","inLanguage":"sv-SE","@id":"https:\/\/lightweb.dev\/l\/svm-temp\/nyheter\/europafontanen-i-nerja-med-stenblock-fran-sverige-har-stympats\/#primaryimage","url":"https:\/\/lightweb.dev\/l\/svm-temp\/wp-content\/uploads\/2022\/06\/europafontanen-i-nerja-med-stenblock-fran-sverige-har-stympats.png","contentUrl":"https:\/\/lightweb.dev\/l\/svm-temp\/wp-content\/uploads\/2022\/06\/europafontanen-i-nerja-med-stenblock-fran-sverige-har-stympats.png","width":280,"height":204},{"@type":"BreadcrumbList","@id":"https:\/\/lightweb.dev\/l\/svm-temp\/nyheter\/europafontanen-i-nerja-med-stenblock-fran-sverige-har-stympats\/#breadcrumb","itemListElement":[{"@type":"ListItem","position":1,"name":"Hem","item":"https:\/\/lightweb.dev\/l\/svm-temp\/"},{"@type":"ListItem","position":2,"name":"Europafont\u00e4nen i Nerja med stenblock fr\u00e5n Sverige har stympats"}]},{"@type":"WebSite","@id":"https:\/\/lightweb.dev\/l\/svm-temp\/#website","url":"https:\/\/lightweb.dev\/l\/svm-temp\/","name":"Svenska Magasinet","description":"Dina Spanska nyheter p&aring; Svenska","publisher":{"@id":"https:\/\/lightweb.dev\/l\/svm-temp\/#organization"},"potentialAction":[{"@type":"SearchAction","target":{"@type":"EntryPoint","urlTemplate":"https:\/\/lightweb.dev\/l\/svm-temp\/?s={search_term_string}"},"query-input":{"@type":"PropertyValueSpecification","valueRequired":true,"valueName":"search_term_string"}}],"inLanguage":"sv-SE"},{"@type":"Organization","@id":"https:\/\/lightweb.dev\/l\/svm-temp\/#organization","name":"Melkerson y Nott SL","alternateName":"Svenska Magasinet","url":"https:\/\/lightweb.dev\/l\/svm-temp\/","logo":{"@type":"ImageObject","inLanguage":"sv-SE","@id":"https:\/\/lightweb.dev\/l\/svm-temp\/#\/schema\/logo\/image\/","url":"https:\/\/lightweb.dev\/l\/svm-temp\/wp-content\/uploads\/2025\/02\/SvM-logo-Xtra-Centrerad-SVART.png","contentUrl":"https:\/\/lightweb.dev\/l\/svm-temp\/wp-content\/uploads\/2025\/02\/SvM-logo-Xtra-Centrerad-SVART.png","width":300,"height":99,"caption":"Melkerson y Nott SL"},"image":{"@id":"https:\/\/lightweb.dev\/l\/svm-temp\/#\/schema\/logo\/image\/"},"sameAs":["https:\/\/www.facebook.com\/svenskamagasinet","https:\/\/x.com\/SvenskaMagasine"]},{"@type":"Person","@id":"https:\/\/lightweb.dev\/l\/svm-temp\/#\/schema\/person\/206a3bda5b607b0c25e1749191e4d837","name":"Redaktionen SvM","description":"Redaktionen","sameAs":["https:\/\/lightweb.dev\/l\/svm-temp"],"url":"https:\/\/lightweb.dev\/l\/svm-temp\/reporter\/redaktionen\/"}]}},"_links":{"self":[{"href":"https:\/\/lightweb.dev\/l\/svm-temp\/wp-json\/wp\/v2\/posts\/28475","targetHints":{"allow":["GET"]}}],"collection":[{"href":"https:\/\/lightweb.dev\/l\/svm-temp\/wp-json\/wp\/v2\/posts"}],"about":[{"href":"https:\/\/lightweb.dev\/l\/svm-temp\/wp-json\/wp\/v2\/types\/post"}],"author":[{"embeddable":true,"href":"https:\/\/lightweb.dev\/l\/svm-temp\/wp-json\/wp\/v2\/users\/8"}],"replies":[{"embeddable":true,"href":"https:\/\/lightweb.dev\/l\/svm-temp\/wp-json\/wp\/v2\/comments?post=28475"}],"version-history":[{"count":0,"href":"https:\/\/lightweb.dev\/l\/svm-temp\/wp-json\/wp\/v2\/posts\/28475\/revisions"}],"wp:featuredmedia":[{"embeddable":true,"href":"https:\/\/lightweb.dev\/l\/svm-temp\/wp-json\/wp\/v2\/media\/28478"}],"wp:attachment":[{"href":"https:\/\/lightweb.dev\/l\/svm-temp\/wp-json\/wp\/v2\/media?parent=28475"}],"wp:term":[{"taxonomy":"category","embeddable":true,"href":"https:\/\/lightweb.dev\/l\/svm-temp\/wp-json\/wp\/v2\/categories?post=28475"},{"taxonomy":"post_tag","embeddable":true,"href":"https:\/\/lightweb.dev\/l\/svm-temp\/wp-json\/wp\/v2\/tags?post=28475"}],"curies":[{"name":"wp","href":"https:\/\/api.w.org\/{rel}","templated":true}]}}