{"id":28477,"date":"2013-11-19T00:00:00","date_gmt":"2013-11-18T23:00:00","guid":{"rendered":"https:\/\/lightweb.dev\/l\/svm-temp\/nyheter\/benadade-pedofilen-daniel-galvan-utlamnas-inte\/"},"modified":"2013-11-19T00:00:00","modified_gmt":"2013-11-18T23:00:00","slug":"benadade-pedofilen-daniel-galvan-utlamnas-inte","status":"publish","type":"post","link":"https:\/\/lightweb.dev\/l\/svm-temp\/nyheter\/benadade-pedofilen-daniel-galvan-utlamnas-inte\/","title":{"rendered":"Ben\u00e5dade pedofilen Daniel Galv\u00e1n utl\u00e4mnas inte"},"content":{"rendered":"<p> \u00c5klagaren Carlos Bautista vid Spaniens nationaldomstol har beslutat att inte utl\u00e4mna den ben\u00e5dade pedofilen Daniel Galv\u00e1n till Marocko. Galv\u00e1n var en av tiotals spanska f\u00e5ngar vilka ben\u00e5dats av kung av Marocko som diplomatisk gest. Nu kommer Galv\u00e1n att avtj\u00e4na \u00e5terstoden av sitt straff i ett f\u00e4ngelse i Spanien.<\/p>\n<p>Galv\u00e1n d\u00f6mdes i maj 2011 i Marocko till 30 \u00e5rs f\u00e4ngelse f\u00f6r sexuella \u00f6vergrepp p\u00e5 minst \u00e5tta barn mellan sex och 15 \u00e5r som hade drogats. Efter tv\u00e5 dagars l\u00e5nga protester i huvudstaden Rabat har kungen reviderat som ben\u00e5dning och urs\u00e4ktat sig med att han inte visste om spanjorens brott.<\/p>\n<p>Galv\u00e1n f\u00f6ddes i Irak men blev spansk medborgare 1982 i samband med ett gifterm\u00e5l. Efter ben\u00e5dningen greps mannen senare i Murcia.<\/p>\n<p>\u00c5klagaren h\u00e4nvisar till utl\u00e4mningskonventionen fr\u00e5n januari 2009 att det \u201dinte finns n\u00e5gon anledning att bevilja utl\u00e4mning\u201d. Galv\u00e1n f\u00e5r nu avtj\u00e4na sitt straff i Spanien. <\/p>\n","protected":false},"excerpt":{"rendered":"<p>\u00c5klagaren Carlos Bautista vid Spaniens nationaldomstol har beslutat att inte utl\u00e4mna den ben\u00e5dade pedofilen Daniel Galv\u00e1n till Marocko. Galv\u00e1n var en av tiotals spanska f\u00e5ngar vilka ben\u00e5dats av kung av Marocko som diplomatisk gest. Nu kommer Galv\u00e1n att avtj\u00e4na \u00e5terstoden av sitt straff i ett f\u00e4ngelse i Spanien. Galv\u00e1n d\u00f6mdes i maj 2011 i Marocko [&hellip;]<\/p>\n","protected":false},"author":8,"featured_media":28480,"comment_status":"open","ping_status":"open","sticky":false,"template":"","format":"standard","meta":{"_et_pb_use_builder":"","_et_pb_old_content":"","_et_gb_content_width":"","footnotes":""},"categories":[395,3],"tags":[],"class_list":["post-28477","post","type-post","status-publish","format-standard","has-post-thumbnail","hentry","category-arkiv-nyheter","category-nyheter"],"yoast_head":"<!-- This site is optimized with the Yoast SEO Premium plugin v26.2 (Yoast SEO v27.4) - https:\/\/yoast.com\/product\/yoast-seo-premium-wordpress\/ -->\n<title>Ben\u00e5dade pedofilen Daniel Galv\u00e1n utl\u00e4mnas inte - Svenska Magasinet<\/title>\n<meta name=\"robots\" content=\"noindex, follow, max-snippet:-1, max-image-preview:large, max-video-preview:-1\" \/>\n<meta property=\"og:locale\" content=\"sv_SE\" \/>\n<meta property=\"og:type\" content=\"article\" \/>\n<meta property=\"og:title\" content=\"Ben\u00e5dade pedofilen Daniel Galv\u00e1n utl\u00e4mnas inte\" \/>\n<meta property=\"og:description\" content=\"\u00c5klagaren Carlos Bautista vid Spaniens nationaldomstol har beslutat att inte utl\u00e4mna den ben\u00e5dade pedofilen Daniel Galv\u00e1n till Marocko. Galv\u00e1n var en av tiotals spanska f\u00e5ngar vilka ben\u00e5dats av kung av Marocko som diplomatisk gest. Nu kommer Galv\u00e1n att avtj\u00e4na \u00e5terstoden av sitt straff i ett f\u00e4ngelse i Spanien. Galv\u00e1n d\u00f6mdes i maj 2011 i Marocko [&hellip;]\" \/>\n<meta property=\"og:url\" content=\"https:\/\/lightweb.dev\/l\/svm-temp\/nyheter\/benadade-pedofilen-daniel-galvan-utlamnas-inte\/\" \/>\n<meta property=\"og:site_name\" content=\"Svenska Magasinet\" \/>\n<meta property=\"article:publisher\" content=\"https:\/\/www.facebook.com\/svenskamagasinet\" \/>\n<meta property=\"article:published_time\" content=\"2013-11-18T23:00:00+00:00\" \/>\n<meta name=\"author\" content=\"Redaktionen SvM\" \/>\n<meta name=\"twitter:card\" content=\"summary_large_image\" \/>\n<meta name=\"twitter:creator\" content=\"@SvenskaMagasine\" \/>\n<meta name=\"twitter:site\" content=\"@SvenskaMagasine\" \/>\n<script type=\"application\/ld+json\" class=\"yoast-schema-graph\">{\"@context\":\"https:\\\/\\\/schema.org\",\"@graph\":[{\"@type\":\"Article\",\"@id\":\"https:\\\/\\\/lightweb.dev\\\/l\\\/svm-temp\\\/nyheter\\\/benadade-pedofilen-daniel-galvan-utlamnas-inte\\\/#article\",\"isPartOf\":{\"@id\":\"https:\\\/\\\/lightweb.dev\\\/l\\\/svm-temp\\\/nyheter\\\/benadade-pedofilen-daniel-galvan-utlamnas-inte\\\/\"},\"author\":{\"name\":\"Redaktionen SvM\",\"@id\":\"https:\\\/\\\/lightweb.dev\\\/l\\\/svm-temp\\\/#\\\/schema\\\/person\\\/206a3bda5b607b0c25e1749191e4d837\"},\"headline\":\"Ben\u00e5dade pedofilen Daniel Galv\u00e1n utl\u00e4mnas inte\",\"datePublished\":\"2013-11-18T23:00:00+00:00\",\"mainEntityOfPage\":{\"@id\":\"https:\\\/\\\/lightweb.dev\\\/l\\\/svm-temp\\\/nyheter\\\/benadade-pedofilen-daniel-galvan-utlamnas-inte\\\/\"},\"wordCount\":175,\"commentCount\":0,\"publisher\":{\"@id\":\"https:\\\/\\\/lightweb.dev\\\/l\\\/svm-temp\\\/#organization\"},\"image\":{\"@id\":\"https:\\\/\\\/lightweb.dev\\\/l\\\/svm-temp\\\/nyheter\\\/benadade-pedofilen-daniel-galvan-utlamnas-inte\\\/#primaryimage\"},\"thumbnailUrl\":\"https:\\\/\\\/lightweb.dev\\\/l\\\/svm-temp\\\/wp-content\\\/uploads\\\/2022\\\/06\\\/benadade-pedofilen-daniel-galvan-utlamnas-inte.png\",\"articleSection\":[\"Arkiv\",\"Nyheter\"],\"inLanguage\":\"sv-SE\"},{\"@type\":\"WebPage\",\"@id\":\"https:\\\/\\\/lightweb.dev\\\/l\\\/svm-temp\\\/nyheter\\\/benadade-pedofilen-daniel-galvan-utlamnas-inte\\\/\",\"url\":\"https:\\\/\\\/lightweb.dev\\\/l\\\/svm-temp\\\/nyheter\\\/benadade-pedofilen-daniel-galvan-utlamnas-inte\\\/\",\"name\":\"Ben\u00e5dade pedofilen Daniel Galv\u00e1n utl\u00e4mnas inte - Svenska Magasinet\",\"isPartOf\":{\"@id\":\"https:\\\/\\\/lightweb.dev\\\/l\\\/svm-temp\\\/#website\"},\"primaryImageOfPage\":{\"@id\":\"https:\\\/\\\/lightweb.dev\\\/l\\\/svm-temp\\\/nyheter\\\/benadade-pedofilen-daniel-galvan-utlamnas-inte\\\/#primaryimage\"},\"image\":{\"@id\":\"https:\\\/\\\/lightweb.dev\\\/l\\\/svm-temp\\\/nyheter\\\/benadade-pedofilen-daniel-galvan-utlamnas-inte\\\/#primaryimage\"},\"thumbnailUrl\":\"https:\\\/\\\/lightweb.dev\\\/l\\\/svm-temp\\\/wp-content\\\/uploads\\\/2022\\\/06\\\/benadade-pedofilen-daniel-galvan-utlamnas-inte.png\",\"datePublished\":\"2013-11-18T23:00:00+00:00\",\"breadcrumb\":{\"@id\":\"https:\\\/\\\/lightweb.dev\\\/l\\\/svm-temp\\\/nyheter\\\/benadade-pedofilen-daniel-galvan-utlamnas-inte\\\/#breadcrumb\"},\"inLanguage\":\"sv-SE\",\"potentialAction\":[{\"@type\":\"ReadAction\",\"target\":[\"https:\\\/\\\/lightweb.dev\\\/l\\\/svm-temp\\\/nyheter\\\/benadade-pedofilen-daniel-galvan-utlamnas-inte\\\/\"]}]},{\"@type\":\"ImageObject\",\"inLanguage\":\"sv-SE\",\"@id\":\"https:\\\/\\\/lightweb.dev\\\/l\\\/svm-temp\\\/nyheter\\\/benadade-pedofilen-daniel-galvan-utlamnas-inte\\\/#primaryimage\",\"url\":\"https:\\\/\\\/lightweb.dev\\\/l\\\/svm-temp\\\/wp-content\\\/uploads\\\/2022\\\/06\\\/benadade-pedofilen-daniel-galvan-utlamnas-inte.png\",\"contentUrl\":\"https:\\\/\\\/lightweb.dev\\\/l\\\/svm-temp\\\/wp-content\\\/uploads\\\/2022\\\/06\\\/benadade-pedofilen-daniel-galvan-utlamnas-inte.png\",\"width\":315,\"height\":200},{\"@type\":\"BreadcrumbList\",\"@id\":\"https:\\\/\\\/lightweb.dev\\\/l\\\/svm-temp\\\/nyheter\\\/benadade-pedofilen-daniel-galvan-utlamnas-inte\\\/#breadcrumb\",\"itemListElement\":[{\"@type\":\"ListItem\",\"position\":1,\"name\":\"Hem\",\"item\":\"https:\\\/\\\/lightweb.dev\\\/l\\\/svm-temp\\\/\"},{\"@type\":\"ListItem\",\"position\":2,\"name\":\"Ben\u00e5dade pedofilen Daniel Galv\u00e1n utl\u00e4mnas inte\"}]},{\"@type\":\"WebSite\",\"@id\":\"https:\\\/\\\/lightweb.dev\\\/l\\\/svm-temp\\\/#website\",\"url\":\"https:\\\/\\\/lightweb.dev\\\/l\\\/svm-temp\\\/\",\"name\":\"Svenska Magasinet\",\"description\":\"Dina Spanska nyheter p&aring; Svenska\",\"publisher\":{\"@id\":\"https:\\\/\\\/lightweb.dev\\\/l\\\/svm-temp\\\/#organization\"},\"potentialAction\":[{\"@type\":\"SearchAction\",\"target\":{\"@type\":\"EntryPoint\",\"urlTemplate\":\"https:\\\/\\\/lightweb.dev\\\/l\\\/svm-temp\\\/?s={search_term_string}\"},\"query-input\":{\"@type\":\"PropertyValueSpecification\",\"valueRequired\":true,\"valueName\":\"search_term_string\"}}],\"inLanguage\":\"sv-SE\"},{\"@type\":\"Organization\",\"@id\":\"https:\\\/\\\/lightweb.dev\\\/l\\\/svm-temp\\\/#organization\",\"name\":\"Melkerson y Nott SL\",\"alternateName\":\"Svenska Magasinet\",\"url\":\"https:\\\/\\\/lightweb.dev\\\/l\\\/svm-temp\\\/\",\"logo\":{\"@type\":\"ImageObject\",\"inLanguage\":\"sv-SE\",\"@id\":\"https:\\\/\\\/lightweb.dev\\\/l\\\/svm-temp\\\/#\\\/schema\\\/logo\\\/image\\\/\",\"url\":\"https:\\\/\\\/lightweb.dev\\\/l\\\/svm-temp\\\/wp-content\\\/uploads\\\/2025\\\/02\\\/SvM-logo-Xtra-Centrerad-SVART.png\",\"contentUrl\":\"https:\\\/\\\/lightweb.dev\\\/l\\\/svm-temp\\\/wp-content\\\/uploads\\\/2025\\\/02\\\/SvM-logo-Xtra-Centrerad-SVART.png\",\"width\":300,\"height\":99,\"caption\":\"Melkerson y Nott SL\"},\"image\":{\"@id\":\"https:\\\/\\\/lightweb.dev\\\/l\\\/svm-temp\\\/#\\\/schema\\\/logo\\\/image\\\/\"},\"sameAs\":[\"https:\\\/\\\/www.facebook.com\\\/svenskamagasinet\",\"https:\\\/\\\/x.com\\\/SvenskaMagasine\"]},{\"@type\":\"Person\",\"@id\":\"https:\\\/\\\/lightweb.dev\\\/l\\\/svm-temp\\\/#\\\/schema\\\/person\\\/206a3bda5b607b0c25e1749191e4d837\",\"name\":\"Redaktionen SvM\",\"description\":\"Redaktionen\",\"sameAs\":[\"https:\\\/\\\/lightweb.dev\\\/l\\\/svm-temp\"],\"url\":\"https:\\\/\\\/lightweb.dev\\\/l\\\/svm-temp\\\/reporter\\\/redaktionen\\\/\"}]}<\/script>\n<!-- \/ Yoast SEO Premium plugin. -->","yoast_head_json":{"title":"Ben\u00e5dade pedofilen Daniel Galv\u00e1n utl\u00e4mnas inte - Svenska Magasinet","robots":{"index":"noindex","follow":"follow","max-snippet":"max-snippet:-1","max-image-preview":"max-image-preview:large","max-video-preview":"max-video-preview:-1"},"og_locale":"sv_SE","og_type":"article","og_title":"Ben\u00e5dade pedofilen Daniel Galv\u00e1n utl\u00e4mnas inte","og_description":"\u00c5klagaren Carlos Bautista vid Spaniens nationaldomstol har beslutat att inte utl\u00e4mna den ben\u00e5dade pedofilen Daniel Galv\u00e1n till Marocko. Galv\u00e1n var en av tiotals spanska f\u00e5ngar vilka ben\u00e5dats av kung av Marocko som diplomatisk gest. Nu kommer Galv\u00e1n att avtj\u00e4na \u00e5terstoden av sitt straff i ett f\u00e4ngelse i Spanien. Galv\u00e1n d\u00f6mdes i maj 2011 i Marocko [&hellip;]","og_url":"https:\/\/lightweb.dev\/l\/svm-temp\/nyheter\/benadade-pedofilen-daniel-galvan-utlamnas-inte\/","og_site_name":"Svenska Magasinet","article_publisher":"https:\/\/www.facebook.com\/svenskamagasinet","article_published_time":"2013-11-18T23:00:00+00:00","author":"Redaktionen SvM","twitter_card":"summary_large_image","twitter_creator":"@SvenskaMagasine","twitter_site":"@SvenskaMagasine","schema":{"@context":"https:\/\/schema.org","@graph":[{"@type":"Article","@id":"https:\/\/lightweb.dev\/l\/svm-temp\/nyheter\/benadade-pedofilen-daniel-galvan-utlamnas-inte\/#article","isPartOf":{"@id":"https:\/\/lightweb.dev\/l\/svm-temp\/nyheter\/benadade-pedofilen-daniel-galvan-utlamnas-inte\/"},"author":{"name":"Redaktionen SvM","@id":"https:\/\/lightweb.dev\/l\/svm-temp\/#\/schema\/person\/206a3bda5b607b0c25e1749191e4d837"},"headline":"Ben\u00e5dade pedofilen Daniel Galv\u00e1n utl\u00e4mnas inte","datePublished":"2013-11-18T23:00:00+00:00","mainEntityOfPage":{"@id":"https:\/\/lightweb.dev\/l\/svm-temp\/nyheter\/benadade-pedofilen-daniel-galvan-utlamnas-inte\/"},"wordCount":175,"commentCount":0,"publisher":{"@id":"https:\/\/lightweb.dev\/l\/svm-temp\/#organization"},"image":{"@id":"https:\/\/lightweb.dev\/l\/svm-temp\/nyheter\/benadade-pedofilen-daniel-galvan-utlamnas-inte\/#primaryimage"},"thumbnailUrl":"https:\/\/lightweb.dev\/l\/svm-temp\/wp-content\/uploads\/2022\/06\/benadade-pedofilen-daniel-galvan-utlamnas-inte.png","articleSection":["Arkiv","Nyheter"],"inLanguage":"sv-SE"},{"@type":"WebPage","@id":"https:\/\/lightweb.dev\/l\/svm-temp\/nyheter\/benadade-pedofilen-daniel-galvan-utlamnas-inte\/","url":"https:\/\/lightweb.dev\/l\/svm-temp\/nyheter\/benadade-pedofilen-daniel-galvan-utlamnas-inte\/","name":"Ben\u00e5dade pedofilen Daniel Galv\u00e1n utl\u00e4mnas inte - Svenska Magasinet","isPartOf":{"@id":"https:\/\/lightweb.dev\/l\/svm-temp\/#website"},"primaryImageOfPage":{"@id":"https:\/\/lightweb.dev\/l\/svm-temp\/nyheter\/benadade-pedofilen-daniel-galvan-utlamnas-inte\/#primaryimage"},"image":{"@id":"https:\/\/lightweb.dev\/l\/svm-temp\/nyheter\/benadade-pedofilen-daniel-galvan-utlamnas-inte\/#primaryimage"},"thumbnailUrl":"https:\/\/lightweb.dev\/l\/svm-temp\/wp-content\/uploads\/2022\/06\/benadade-pedofilen-daniel-galvan-utlamnas-inte.png","datePublished":"2013-11-18T23:00:00+00:00","breadcrumb":{"@id":"https:\/\/lightweb.dev\/l\/svm-temp\/nyheter\/benadade-pedofilen-daniel-galvan-utlamnas-inte\/#breadcrumb"},"inLanguage":"sv-SE","potentialAction":[{"@type":"ReadAction","target":["https:\/\/lightweb.dev\/l\/svm-temp\/nyheter\/benadade-pedofilen-daniel-galvan-utlamnas-inte\/"]}]},{"@type":"ImageObject","inLanguage":"sv-SE","@id":"https:\/\/lightweb.dev\/l\/svm-temp\/nyheter\/benadade-pedofilen-daniel-galvan-utlamnas-inte\/#primaryimage","url":"https:\/\/lightweb.dev\/l\/svm-temp\/wp-content\/uploads\/2022\/06\/benadade-pedofilen-daniel-galvan-utlamnas-inte.png","contentUrl":"https:\/\/lightweb.dev\/l\/svm-temp\/wp-content\/uploads\/2022\/06\/benadade-pedofilen-daniel-galvan-utlamnas-inte.png","width":315,"height":200},{"@type":"BreadcrumbList","@id":"https:\/\/lightweb.dev\/l\/svm-temp\/nyheter\/benadade-pedofilen-daniel-galvan-utlamnas-inte\/#breadcrumb","itemListElement":[{"@type":"ListItem","position":1,"name":"Hem","item":"https:\/\/lightweb.dev\/l\/svm-temp\/"},{"@type":"ListItem","position":2,"name":"Ben\u00e5dade pedofilen Daniel Galv\u00e1n utl\u00e4mnas inte"}]},{"@type":"WebSite","@id":"https:\/\/lightweb.dev\/l\/svm-temp\/#website","url":"https:\/\/lightweb.dev\/l\/svm-temp\/","name":"Svenska Magasinet","description":"Dina Spanska nyheter p&aring; Svenska","publisher":{"@id":"https:\/\/lightweb.dev\/l\/svm-temp\/#organization"},"potentialAction":[{"@type":"SearchAction","target":{"@type":"EntryPoint","urlTemplate":"https:\/\/lightweb.dev\/l\/svm-temp\/?s={search_term_string}"},"query-input":{"@type":"PropertyValueSpecification","valueRequired":true,"valueName":"search_term_string"}}],"inLanguage":"sv-SE"},{"@type":"Organization","@id":"https:\/\/lightweb.dev\/l\/svm-temp\/#organization","name":"Melkerson y Nott SL","alternateName":"Svenska Magasinet","url":"https:\/\/lightweb.dev\/l\/svm-temp\/","logo":{"@type":"ImageObject","inLanguage":"sv-SE","@id":"https:\/\/lightweb.dev\/l\/svm-temp\/#\/schema\/logo\/image\/","url":"https:\/\/lightweb.dev\/l\/svm-temp\/wp-content\/uploads\/2025\/02\/SvM-logo-Xtra-Centrerad-SVART.png","contentUrl":"https:\/\/lightweb.dev\/l\/svm-temp\/wp-content\/uploads\/2025\/02\/SvM-logo-Xtra-Centrerad-SVART.png","width":300,"height":99,"caption":"Melkerson y Nott SL"},"image":{"@id":"https:\/\/lightweb.dev\/l\/svm-temp\/#\/schema\/logo\/image\/"},"sameAs":["https:\/\/www.facebook.com\/svenskamagasinet","https:\/\/x.com\/SvenskaMagasine"]},{"@type":"Person","@id":"https:\/\/lightweb.dev\/l\/svm-temp\/#\/schema\/person\/206a3bda5b607b0c25e1749191e4d837","name":"Redaktionen SvM","description":"Redaktionen","sameAs":["https:\/\/lightweb.dev\/l\/svm-temp"],"url":"https:\/\/lightweb.dev\/l\/svm-temp\/reporter\/redaktionen\/"}]}},"_links":{"self":[{"href":"https:\/\/lightweb.dev\/l\/svm-temp\/wp-json\/wp\/v2\/posts\/28477","targetHints":{"allow":["GET"]}}],"collection":[{"href":"https:\/\/lightweb.dev\/l\/svm-temp\/wp-json\/wp\/v2\/posts"}],"about":[{"href":"https:\/\/lightweb.dev\/l\/svm-temp\/wp-json\/wp\/v2\/types\/post"}],"author":[{"embeddable":true,"href":"https:\/\/lightweb.dev\/l\/svm-temp\/wp-json\/wp\/v2\/users\/8"}],"replies":[{"embeddable":true,"href":"https:\/\/lightweb.dev\/l\/svm-temp\/wp-json\/wp\/v2\/comments?post=28477"}],"version-history":[{"count":0,"href":"https:\/\/lightweb.dev\/l\/svm-temp\/wp-json\/wp\/v2\/posts\/28477\/revisions"}],"wp:featuredmedia":[{"embeddable":true,"href":"https:\/\/lightweb.dev\/l\/svm-temp\/wp-json\/wp\/v2\/media\/28480"}],"wp:attachment":[{"href":"https:\/\/lightweb.dev\/l\/svm-temp\/wp-json\/wp\/v2\/media?parent=28477"}],"wp:term":[{"taxonomy":"category","embeddable":true,"href":"https:\/\/lightweb.dev\/l\/svm-temp\/wp-json\/wp\/v2\/categories?post=28477"},{"taxonomy":"post_tag","embeddable":true,"href":"https:\/\/lightweb.dev\/l\/svm-temp\/wp-json\/wp\/v2\/tags?post=28477"}],"curies":[{"name":"wp","href":"https:\/\/api.w.org\/{rel}","templated":true}]}}