{"id":28479,"date":"2013-11-19T00:00:00","date_gmt":"2013-11-18T23:00:00","guid":{"rendered":"https:\/\/lightweb.dev\/l\/svm-temp\/nyheter\/malaga-ska-inte-tillata-att-deras-traditionella-sota-viner-forsvinner\/"},"modified":"2013-11-19T00:00:00","modified_gmt":"2013-11-18T23:00:00","slug":"malaga-ska-inte-tillata-att-deras-traditionella-sota-viner-forsvinner","status":"publish","type":"post","link":"https:\/\/lightweb.dev\/l\/svm-temp\/nyheter\/malaga-ska-inte-tillata-att-deras-traditionella-sota-viner-forsvinner\/","title":{"rendered":"\u201dM\u00e1laga ska inte till\u00e5ta att deras traditionella s\u00f6ta viner f\u00f6rsvinner\u201d"},"content":{"rendered":"<p> Spaniens mest ansedda vinguide, Gu\u00eda Pe\u00f1\u00edn, kommer i sin n\u00e4sta upplaga att ha med 10.200 viner. Ig\u00e5r bes\u00f6kte vinguidens direkt\u00f6r, Jos\u00e9 Pe\u00f1\u00edn, M\u00e1laga och han betonade hur viktigt det \u00e4r att provinsens inte f\u00f6rlorar sina traditionella s\u00f6ta dessertviner.<\/p>\n<p>Den prestigefyllda vinjournalisten medverkade vid en blind provsmakning av 45 viner fr\u00e5n 18 bodegas i provinsen M\u00e1laga. Som ordf\u00f6rande i juryn betonade Pe\u00f1\u00edn v\u00e4rdet av de s\u00f6ta vinerna fr\u00e5n M\u00e1laga<br \/>\n\u201dVi lever i en tid pr\u00e4glad av torra viner, och vin till lunch. Idag prioriteras b\u00e5de vita och r\u00f6da men s\u00f6ta viner \u00e4r gr\u00e4dden p\u00e5 moset\u201d.<\/p>\n<p>Dock varnade han f\u00f6r att M\u00e1lagas vinindustri inte b\u00f6r leva uteslutande p\u00e5 s\u00f6ta viner.<\/p>\n<p>Tillsammans med vinguiden Pe\u00f1\u00edn \u00e4r vinsajten verema.com med 700.000 anv\u00e4ndare i m\u00e5naden fantastiska hj\u00e4lpmedel i att hitta spanska viner. <\/p>\n","protected":false},"excerpt":{"rendered":"<p>Spaniens mest ansedda vinguide, Gu\u00eda Pe\u00f1\u00edn, kommer i sin n\u00e4sta upplaga att ha med 10.200 viner. Ig\u00e5r bes\u00f6kte vinguidens direkt\u00f6r, Jos\u00e9 Pe\u00f1\u00edn, M\u00e1laga och han betonade hur viktigt det \u00e4r att provinsens inte f\u00f6rlorar sina traditionella s\u00f6ta dessertviner. Den prestigefyllda vinjournalisten medverkade vid en blind provsmakning av 45 viner fr\u00e5n 18 bodegas i provinsen M\u00e1laga. [&hellip;]<\/p>\n","protected":false},"author":8,"featured_media":28482,"comment_status":"open","ping_status":"open","sticky":false,"template":"","format":"standard","meta":{"_et_pb_use_builder":"","_et_pb_old_content":"","_et_gb_content_width":"","footnotes":""},"categories":[395,3],"tags":[],"class_list":["post-28479","post","type-post","status-publish","format-standard","has-post-thumbnail","hentry","category-arkiv-nyheter","category-nyheter"],"yoast_head":"<!-- This site is optimized with the Yoast SEO Premium plugin v26.2 (Yoast SEO v27.4) - https:\/\/yoast.com\/product\/yoast-seo-premium-wordpress\/ -->\n<title>\u201dM\u00e1laga ska inte till\u00e5ta att deras traditionella s\u00f6ta viner f\u00f6rsvinner\u201d - Svenska Magasinet<\/title>\n<meta name=\"robots\" content=\"noindex, follow, max-snippet:-1, max-image-preview:large, max-video-preview:-1\" \/>\n<meta property=\"og:locale\" content=\"sv_SE\" \/>\n<meta property=\"og:type\" content=\"article\" \/>\n<meta property=\"og:title\" content=\"\u201dM\u00e1laga ska inte till\u00e5ta att deras traditionella s\u00f6ta viner f\u00f6rsvinner\u201d\" \/>\n<meta property=\"og:description\" content=\"Spaniens mest ansedda vinguide, Gu\u00eda Pe\u00f1\u00edn, kommer i sin n\u00e4sta upplaga att ha med 10.200 viner. Ig\u00e5r bes\u00f6kte vinguidens direkt\u00f6r, Jos\u00e9 Pe\u00f1\u00edn, M\u00e1laga och han betonade hur viktigt det \u00e4r att provinsens inte f\u00f6rlorar sina traditionella s\u00f6ta dessertviner. Den prestigefyllda vinjournalisten medverkade vid en blind provsmakning av 45 viner fr\u00e5n 18 bodegas i provinsen M\u00e1laga. [&hellip;]\" \/>\n<meta property=\"og:url\" content=\"https:\/\/lightweb.dev\/l\/svm-temp\/nyheter\/malaga-ska-inte-tillata-att-deras-traditionella-sota-viner-forsvinner\/\" \/>\n<meta property=\"og:site_name\" content=\"Svenska Magasinet\" \/>\n<meta property=\"article:publisher\" content=\"https:\/\/www.facebook.com\/svenskamagasinet\" \/>\n<meta property=\"article:published_time\" content=\"2013-11-18T23:00:00+00:00\" \/>\n<meta name=\"author\" content=\"Redaktionen SvM\" \/>\n<meta name=\"twitter:card\" content=\"summary_large_image\" \/>\n<meta name=\"twitter:creator\" content=\"@SvenskaMagasine\" \/>\n<meta name=\"twitter:site\" content=\"@SvenskaMagasine\" \/>\n<script type=\"application\/ld+json\" class=\"yoast-schema-graph\">{\"@context\":\"https:\\\/\\\/schema.org\",\"@graph\":[{\"@type\":\"Article\",\"@id\":\"https:\\\/\\\/lightweb.dev\\\/l\\\/svm-temp\\\/nyheter\\\/malaga-ska-inte-tillata-att-deras-traditionella-sota-viner-forsvinner\\\/#article\",\"isPartOf\":{\"@id\":\"https:\\\/\\\/lightweb.dev\\\/l\\\/svm-temp\\\/nyheter\\\/malaga-ska-inte-tillata-att-deras-traditionella-sota-viner-forsvinner\\\/\"},\"author\":{\"name\":\"Redaktionen SvM\",\"@id\":\"https:\\\/\\\/lightweb.dev\\\/l\\\/svm-temp\\\/#\\\/schema\\\/person\\\/206a3bda5b607b0c25e1749191e4d837\"},\"headline\":\"\u201dM\u00e1laga ska inte till\u00e5ta att deras traditionella s\u00f6ta viner f\u00f6rsvinner\u201d\",\"datePublished\":\"2013-11-18T23:00:00+00:00\",\"mainEntityOfPage\":{\"@id\":\"https:\\\/\\\/lightweb.dev\\\/l\\\/svm-temp\\\/nyheter\\\/malaga-ska-inte-tillata-att-deras-traditionella-sota-viner-forsvinner\\\/\"},\"wordCount\":169,\"commentCount\":0,\"publisher\":{\"@id\":\"https:\\\/\\\/lightweb.dev\\\/l\\\/svm-temp\\\/#organization\"},\"image\":{\"@id\":\"https:\\\/\\\/lightweb.dev\\\/l\\\/svm-temp\\\/nyheter\\\/malaga-ska-inte-tillata-att-deras-traditionella-sota-viner-forsvinner\\\/#primaryimage\"},\"thumbnailUrl\":\"https:\\\/\\\/lightweb.dev\\\/l\\\/svm-temp\\\/wp-content\\\/uploads\\\/2022\\\/06\\\/malaga-ska-inte-tillata-att-deras-traditionella-sota-viner-forsvinner.png\",\"articleSection\":[\"Arkiv\",\"Nyheter\"],\"inLanguage\":\"sv-SE\"},{\"@type\":\"WebPage\",\"@id\":\"https:\\\/\\\/lightweb.dev\\\/l\\\/svm-temp\\\/nyheter\\\/malaga-ska-inte-tillata-att-deras-traditionella-sota-viner-forsvinner\\\/\",\"url\":\"https:\\\/\\\/lightweb.dev\\\/l\\\/svm-temp\\\/nyheter\\\/malaga-ska-inte-tillata-att-deras-traditionella-sota-viner-forsvinner\\\/\",\"name\":\"\u201dM\u00e1laga ska inte till\u00e5ta att deras traditionella s\u00f6ta viner f\u00f6rsvinner\u201d - Svenska Magasinet\",\"isPartOf\":{\"@id\":\"https:\\\/\\\/lightweb.dev\\\/l\\\/svm-temp\\\/#website\"},\"primaryImageOfPage\":{\"@id\":\"https:\\\/\\\/lightweb.dev\\\/l\\\/svm-temp\\\/nyheter\\\/malaga-ska-inte-tillata-att-deras-traditionella-sota-viner-forsvinner\\\/#primaryimage\"},\"image\":{\"@id\":\"https:\\\/\\\/lightweb.dev\\\/l\\\/svm-temp\\\/nyheter\\\/malaga-ska-inte-tillata-att-deras-traditionella-sota-viner-forsvinner\\\/#primaryimage\"},\"thumbnailUrl\":\"https:\\\/\\\/lightweb.dev\\\/l\\\/svm-temp\\\/wp-content\\\/uploads\\\/2022\\\/06\\\/malaga-ska-inte-tillata-att-deras-traditionella-sota-viner-forsvinner.png\",\"datePublished\":\"2013-11-18T23:00:00+00:00\",\"breadcrumb\":{\"@id\":\"https:\\\/\\\/lightweb.dev\\\/l\\\/svm-temp\\\/nyheter\\\/malaga-ska-inte-tillata-att-deras-traditionella-sota-viner-forsvinner\\\/#breadcrumb\"},\"inLanguage\":\"sv-SE\",\"potentialAction\":[{\"@type\":\"ReadAction\",\"target\":[\"https:\\\/\\\/lightweb.dev\\\/l\\\/svm-temp\\\/nyheter\\\/malaga-ska-inte-tillata-att-deras-traditionella-sota-viner-forsvinner\\\/\"]}]},{\"@type\":\"ImageObject\",\"inLanguage\":\"sv-SE\",\"@id\":\"https:\\\/\\\/lightweb.dev\\\/l\\\/svm-temp\\\/nyheter\\\/malaga-ska-inte-tillata-att-deras-traditionella-sota-viner-forsvinner\\\/#primaryimage\",\"url\":\"https:\\\/\\\/lightweb.dev\\\/l\\\/svm-temp\\\/wp-content\\\/uploads\\\/2022\\\/06\\\/malaga-ska-inte-tillata-att-deras-traditionella-sota-viner-forsvinner.png\",\"contentUrl\":\"https:\\\/\\\/lightweb.dev\\\/l\\\/svm-temp\\\/wp-content\\\/uploads\\\/2022\\\/06\\\/malaga-ska-inte-tillata-att-deras-traditionella-sota-viner-forsvinner.png\",\"width\":280,\"height\":210},{\"@type\":\"BreadcrumbList\",\"@id\":\"https:\\\/\\\/lightweb.dev\\\/l\\\/svm-temp\\\/nyheter\\\/malaga-ska-inte-tillata-att-deras-traditionella-sota-viner-forsvinner\\\/#breadcrumb\",\"itemListElement\":[{\"@type\":\"ListItem\",\"position\":1,\"name\":\"Hem\",\"item\":\"https:\\\/\\\/lightweb.dev\\\/l\\\/svm-temp\\\/\"},{\"@type\":\"ListItem\",\"position\":2,\"name\":\"\u201dM\u00e1laga ska inte till\u00e5ta att deras traditionella s\u00f6ta viner f\u00f6rsvinner\u201d\"}]},{\"@type\":\"WebSite\",\"@id\":\"https:\\\/\\\/lightweb.dev\\\/l\\\/svm-temp\\\/#website\",\"url\":\"https:\\\/\\\/lightweb.dev\\\/l\\\/svm-temp\\\/\",\"name\":\"Svenska Magasinet\",\"description\":\"Dina Spanska nyheter p&aring; Svenska\",\"publisher\":{\"@id\":\"https:\\\/\\\/lightweb.dev\\\/l\\\/svm-temp\\\/#organization\"},\"potentialAction\":[{\"@type\":\"SearchAction\",\"target\":{\"@type\":\"EntryPoint\",\"urlTemplate\":\"https:\\\/\\\/lightweb.dev\\\/l\\\/svm-temp\\\/?s={search_term_string}\"},\"query-input\":{\"@type\":\"PropertyValueSpecification\",\"valueRequired\":true,\"valueName\":\"search_term_string\"}}],\"inLanguage\":\"sv-SE\"},{\"@type\":\"Organization\",\"@id\":\"https:\\\/\\\/lightweb.dev\\\/l\\\/svm-temp\\\/#organization\",\"name\":\"Melkerson y Nott SL\",\"alternateName\":\"Svenska Magasinet\",\"url\":\"https:\\\/\\\/lightweb.dev\\\/l\\\/svm-temp\\\/\",\"logo\":{\"@type\":\"ImageObject\",\"inLanguage\":\"sv-SE\",\"@id\":\"https:\\\/\\\/lightweb.dev\\\/l\\\/svm-temp\\\/#\\\/schema\\\/logo\\\/image\\\/\",\"url\":\"https:\\\/\\\/lightweb.dev\\\/l\\\/svm-temp\\\/wp-content\\\/uploads\\\/2025\\\/02\\\/SvM-logo-Xtra-Centrerad-SVART.png\",\"contentUrl\":\"https:\\\/\\\/lightweb.dev\\\/l\\\/svm-temp\\\/wp-content\\\/uploads\\\/2025\\\/02\\\/SvM-logo-Xtra-Centrerad-SVART.png\",\"width\":300,\"height\":99,\"caption\":\"Melkerson y Nott SL\"},\"image\":{\"@id\":\"https:\\\/\\\/lightweb.dev\\\/l\\\/svm-temp\\\/#\\\/schema\\\/logo\\\/image\\\/\"},\"sameAs\":[\"https:\\\/\\\/www.facebook.com\\\/svenskamagasinet\",\"https:\\\/\\\/x.com\\\/SvenskaMagasine\"]},{\"@type\":\"Person\",\"@id\":\"https:\\\/\\\/lightweb.dev\\\/l\\\/svm-temp\\\/#\\\/schema\\\/person\\\/206a3bda5b607b0c25e1749191e4d837\",\"name\":\"Redaktionen SvM\",\"description\":\"Redaktionen\",\"sameAs\":[\"https:\\\/\\\/lightweb.dev\\\/l\\\/svm-temp\"],\"url\":\"https:\\\/\\\/lightweb.dev\\\/l\\\/svm-temp\\\/reporter\\\/redaktionen\\\/\"}]}<\/script>\n<!-- \/ Yoast SEO Premium plugin. -->","yoast_head_json":{"title":"\u201dM\u00e1laga ska inte till\u00e5ta att deras traditionella s\u00f6ta viner f\u00f6rsvinner\u201d - Svenska Magasinet","robots":{"index":"noindex","follow":"follow","max-snippet":"max-snippet:-1","max-image-preview":"max-image-preview:large","max-video-preview":"max-video-preview:-1"},"og_locale":"sv_SE","og_type":"article","og_title":"\u201dM\u00e1laga ska inte till\u00e5ta att deras traditionella s\u00f6ta viner f\u00f6rsvinner\u201d","og_description":"Spaniens mest ansedda vinguide, Gu\u00eda Pe\u00f1\u00edn, kommer i sin n\u00e4sta upplaga att ha med 10.200 viner. Ig\u00e5r bes\u00f6kte vinguidens direkt\u00f6r, Jos\u00e9 Pe\u00f1\u00edn, M\u00e1laga och han betonade hur viktigt det \u00e4r att provinsens inte f\u00f6rlorar sina traditionella s\u00f6ta dessertviner. Den prestigefyllda vinjournalisten medverkade vid en blind provsmakning av 45 viner fr\u00e5n 18 bodegas i provinsen M\u00e1laga. [&hellip;]","og_url":"https:\/\/lightweb.dev\/l\/svm-temp\/nyheter\/malaga-ska-inte-tillata-att-deras-traditionella-sota-viner-forsvinner\/","og_site_name":"Svenska Magasinet","article_publisher":"https:\/\/www.facebook.com\/svenskamagasinet","article_published_time":"2013-11-18T23:00:00+00:00","author":"Redaktionen SvM","twitter_card":"summary_large_image","twitter_creator":"@SvenskaMagasine","twitter_site":"@SvenskaMagasine","schema":{"@context":"https:\/\/schema.org","@graph":[{"@type":"Article","@id":"https:\/\/lightweb.dev\/l\/svm-temp\/nyheter\/malaga-ska-inte-tillata-att-deras-traditionella-sota-viner-forsvinner\/#article","isPartOf":{"@id":"https:\/\/lightweb.dev\/l\/svm-temp\/nyheter\/malaga-ska-inte-tillata-att-deras-traditionella-sota-viner-forsvinner\/"},"author":{"name":"Redaktionen SvM","@id":"https:\/\/lightweb.dev\/l\/svm-temp\/#\/schema\/person\/206a3bda5b607b0c25e1749191e4d837"},"headline":"\u201dM\u00e1laga ska inte till\u00e5ta att deras traditionella s\u00f6ta viner f\u00f6rsvinner\u201d","datePublished":"2013-11-18T23:00:00+00:00","mainEntityOfPage":{"@id":"https:\/\/lightweb.dev\/l\/svm-temp\/nyheter\/malaga-ska-inte-tillata-att-deras-traditionella-sota-viner-forsvinner\/"},"wordCount":169,"commentCount":0,"publisher":{"@id":"https:\/\/lightweb.dev\/l\/svm-temp\/#organization"},"image":{"@id":"https:\/\/lightweb.dev\/l\/svm-temp\/nyheter\/malaga-ska-inte-tillata-att-deras-traditionella-sota-viner-forsvinner\/#primaryimage"},"thumbnailUrl":"https:\/\/lightweb.dev\/l\/svm-temp\/wp-content\/uploads\/2022\/06\/malaga-ska-inte-tillata-att-deras-traditionella-sota-viner-forsvinner.png","articleSection":["Arkiv","Nyheter"],"inLanguage":"sv-SE"},{"@type":"WebPage","@id":"https:\/\/lightweb.dev\/l\/svm-temp\/nyheter\/malaga-ska-inte-tillata-att-deras-traditionella-sota-viner-forsvinner\/","url":"https:\/\/lightweb.dev\/l\/svm-temp\/nyheter\/malaga-ska-inte-tillata-att-deras-traditionella-sota-viner-forsvinner\/","name":"\u201dM\u00e1laga ska inte till\u00e5ta att deras traditionella s\u00f6ta viner f\u00f6rsvinner\u201d - Svenska Magasinet","isPartOf":{"@id":"https:\/\/lightweb.dev\/l\/svm-temp\/#website"},"primaryImageOfPage":{"@id":"https:\/\/lightweb.dev\/l\/svm-temp\/nyheter\/malaga-ska-inte-tillata-att-deras-traditionella-sota-viner-forsvinner\/#primaryimage"},"image":{"@id":"https:\/\/lightweb.dev\/l\/svm-temp\/nyheter\/malaga-ska-inte-tillata-att-deras-traditionella-sota-viner-forsvinner\/#primaryimage"},"thumbnailUrl":"https:\/\/lightweb.dev\/l\/svm-temp\/wp-content\/uploads\/2022\/06\/malaga-ska-inte-tillata-att-deras-traditionella-sota-viner-forsvinner.png","datePublished":"2013-11-18T23:00:00+00:00","breadcrumb":{"@id":"https:\/\/lightweb.dev\/l\/svm-temp\/nyheter\/malaga-ska-inte-tillata-att-deras-traditionella-sota-viner-forsvinner\/#breadcrumb"},"inLanguage":"sv-SE","potentialAction":[{"@type":"ReadAction","target":["https:\/\/lightweb.dev\/l\/svm-temp\/nyheter\/malaga-ska-inte-tillata-att-deras-traditionella-sota-viner-forsvinner\/"]}]},{"@type":"ImageObject","inLanguage":"sv-SE","@id":"https:\/\/lightweb.dev\/l\/svm-temp\/nyheter\/malaga-ska-inte-tillata-att-deras-traditionella-sota-viner-forsvinner\/#primaryimage","url":"https:\/\/lightweb.dev\/l\/svm-temp\/wp-content\/uploads\/2022\/06\/malaga-ska-inte-tillata-att-deras-traditionella-sota-viner-forsvinner.png","contentUrl":"https:\/\/lightweb.dev\/l\/svm-temp\/wp-content\/uploads\/2022\/06\/malaga-ska-inte-tillata-att-deras-traditionella-sota-viner-forsvinner.png","width":280,"height":210},{"@type":"BreadcrumbList","@id":"https:\/\/lightweb.dev\/l\/svm-temp\/nyheter\/malaga-ska-inte-tillata-att-deras-traditionella-sota-viner-forsvinner\/#breadcrumb","itemListElement":[{"@type":"ListItem","position":1,"name":"Hem","item":"https:\/\/lightweb.dev\/l\/svm-temp\/"},{"@type":"ListItem","position":2,"name":"\u201dM\u00e1laga ska inte till\u00e5ta att deras traditionella s\u00f6ta viner f\u00f6rsvinner\u201d"}]},{"@type":"WebSite","@id":"https:\/\/lightweb.dev\/l\/svm-temp\/#website","url":"https:\/\/lightweb.dev\/l\/svm-temp\/","name":"Svenska Magasinet","description":"Dina Spanska nyheter p&aring; Svenska","publisher":{"@id":"https:\/\/lightweb.dev\/l\/svm-temp\/#organization"},"potentialAction":[{"@type":"SearchAction","target":{"@type":"EntryPoint","urlTemplate":"https:\/\/lightweb.dev\/l\/svm-temp\/?s={search_term_string}"},"query-input":{"@type":"PropertyValueSpecification","valueRequired":true,"valueName":"search_term_string"}}],"inLanguage":"sv-SE"},{"@type":"Organization","@id":"https:\/\/lightweb.dev\/l\/svm-temp\/#organization","name":"Melkerson y Nott SL","alternateName":"Svenska Magasinet","url":"https:\/\/lightweb.dev\/l\/svm-temp\/","logo":{"@type":"ImageObject","inLanguage":"sv-SE","@id":"https:\/\/lightweb.dev\/l\/svm-temp\/#\/schema\/logo\/image\/","url":"https:\/\/lightweb.dev\/l\/svm-temp\/wp-content\/uploads\/2025\/02\/SvM-logo-Xtra-Centrerad-SVART.png","contentUrl":"https:\/\/lightweb.dev\/l\/svm-temp\/wp-content\/uploads\/2025\/02\/SvM-logo-Xtra-Centrerad-SVART.png","width":300,"height":99,"caption":"Melkerson y Nott SL"},"image":{"@id":"https:\/\/lightweb.dev\/l\/svm-temp\/#\/schema\/logo\/image\/"},"sameAs":["https:\/\/www.facebook.com\/svenskamagasinet","https:\/\/x.com\/SvenskaMagasine"]},{"@type":"Person","@id":"https:\/\/lightweb.dev\/l\/svm-temp\/#\/schema\/person\/206a3bda5b607b0c25e1749191e4d837","name":"Redaktionen SvM","description":"Redaktionen","sameAs":["https:\/\/lightweb.dev\/l\/svm-temp"],"url":"https:\/\/lightweb.dev\/l\/svm-temp\/reporter\/redaktionen\/"}]}},"_links":{"self":[{"href":"https:\/\/lightweb.dev\/l\/svm-temp\/wp-json\/wp\/v2\/posts\/28479","targetHints":{"allow":["GET"]}}],"collection":[{"href":"https:\/\/lightweb.dev\/l\/svm-temp\/wp-json\/wp\/v2\/posts"}],"about":[{"href":"https:\/\/lightweb.dev\/l\/svm-temp\/wp-json\/wp\/v2\/types\/post"}],"author":[{"embeddable":true,"href":"https:\/\/lightweb.dev\/l\/svm-temp\/wp-json\/wp\/v2\/users\/8"}],"replies":[{"embeddable":true,"href":"https:\/\/lightweb.dev\/l\/svm-temp\/wp-json\/wp\/v2\/comments?post=28479"}],"version-history":[{"count":0,"href":"https:\/\/lightweb.dev\/l\/svm-temp\/wp-json\/wp\/v2\/posts\/28479\/revisions"}],"wp:featuredmedia":[{"embeddable":true,"href":"https:\/\/lightweb.dev\/l\/svm-temp\/wp-json\/wp\/v2\/media\/28482"}],"wp:attachment":[{"href":"https:\/\/lightweb.dev\/l\/svm-temp\/wp-json\/wp\/v2\/media?parent=28479"}],"wp:term":[{"taxonomy":"category","embeddable":true,"href":"https:\/\/lightweb.dev\/l\/svm-temp\/wp-json\/wp\/v2\/categories?post=28479"},{"taxonomy":"post_tag","embeddable":true,"href":"https:\/\/lightweb.dev\/l\/svm-temp\/wp-json\/wp\/v2\/tags?post=28479"}],"curies":[{"name":"wp","href":"https:\/\/api.w.org\/{rel}","templated":true}]}}