{"id":28517,"date":"2013-11-13T00:00:00","date_gmt":"2013-11-12T23:00:00","guid":{"rendered":"https:\/\/lightweb.dev\/l\/svm-temp\/nyheter\/jag-kom-hit-for-att-jag-har-dodat-min-kvinna\/"},"modified":"2013-11-13T00:00:00","modified_gmt":"2013-11-12T23:00:00","slug":"jag-kom-hit-for-att-jag-har-dodat-min-kvinna","status":"publish","type":"post","link":"https:\/\/lightweb.dev\/l\/svm-temp\/nyheter\/jag-kom-hit-for-att-jag-har-dodat-min-kvinna\/","title":{"rendered":"\u201dJag kom hit f\u00f6r att jag har d\u00f6dat min kvinna\u201d"},"content":{"rendered":"<p> Det sa 51-\u00e5rige Alfredo C.G efter att ha g\u00e5tt till polisstationen som bara ligger 50 meter fr\u00e5n brottsplatsen d\u00e4r kvinnan senare hittades d\u00f6d. Mannen som tidigare har jobbat vid en domstol \u00f6verl\u00e4mnade sig sj\u00e4lv och har erk\u00e4nt att det var hans som d\u00f6dade den 36-\u00e5riga kvinnan Eva V.P.<\/p>\n<p>51-\u00e5ringen har under onsdagen h\u00e4ktats vid Torremolinos domstol f\u00f6r mord.<\/p>\n<p>De lokala tidningarna i provinsen M\u00e1laga uppm\u00e4rksammar m\u00e5ndagens h\u00e4ndelse i Torremolinos med stora uppslag i onsdagsupplagorna. F\u00f6r bara en vecka sedan intr\u00e4ffade en liknande h\u00e4ndelse i M\u00e1laga. Den g\u00e5ngen tog g\u00e4rningsmannen sitt liv efter att ha knivd\u00f6dat sin ex-fru.<\/p>\n<p>Kvinnan som d\u00f6dades tidigt i m\u00e5ndags morse i l\u00e4genhet 104 i bostadsomr\u00e5det La Roca som ligger mellan v\u00e4garna calle Brasil och calle Skal i Torremolinos \u00e4r den femte kvinnan som blir offer f\u00f6r k\u00f6nsrelaterat v\u00e5ld i provinsen M\u00e1laga i \u00e5r som beskrivs som ett \u201dsvart \u00e5r\u201d.<\/p>\n<p>Polisen fann kroppen vid halv fem-tiden p\u00e5 morgonen bakom en soffa, t\u00e4ckt av ett lakan. Enligt Diario SUR finns det tydliga tecken p\u00e5 v\u00e5ld och blodfl\u00e4ckar i l\u00e4genheten. Enligt en rapport fr\u00e5n obduktionen knivh\u00f6ggs kvinnan till d\u00f6ds.<\/p>\n<p>I dagsl\u00e4get har polisen tv\u00e5 hypoteser; antingen handlar det om svartsjuka eller att kvinnan hade hotat att g\u00f6ra slut med mannen.<\/p>\n<p>Mannen och kvinnan hade en relation sedan n\u00e5gra m\u00e5nader. Kvinnan beskrivs ha levat i en \u201dspiral av k\u00f6nsrelaterat v\u00e5ld\u201d d\u00e4r tv\u00e5 tidigare relationer har slutat med att de m\u00e4nnen f\u00e5tt bes\u00f6ksf\u00f6rbud hos kvinnan. N\u00e5gon anm\u00e4lan mot den nuvarande mannen fanns inte.<\/p>\n<p>Under tisdagen h\u00f6ll kommunledningen i Torremolinos en tyst minut. Ytterligare ett misst\u00e4nkt k\u00f6nsrelaterat mord<\/p>\n","protected":false},"excerpt":{"rendered":"<p>Det sa 51-\u00e5rige Alfredo C.G efter att ha g\u00e5tt till polisstationen som bara ligger 50 meter fr\u00e5n brottsplatsen d\u00e4r kvinnan senare hittades d\u00f6d. Mannen som tidigare har jobbat vid en domstol \u00f6verl\u00e4mnade sig sj\u00e4lv och har erk\u00e4nt att det var hans som d\u00f6dade den 36-\u00e5riga kvinnan Eva V.P. 51-\u00e5ringen har under onsdagen h\u00e4ktats vid Torremolinos [&hellip;]<\/p>\n","protected":false},"author":8,"featured_media":28520,"comment_status":"open","ping_status":"open","sticky":false,"template":"","format":"standard","meta":{"_et_pb_use_builder":"","_et_pb_old_content":"","_et_gb_content_width":"","footnotes":""},"categories":[395,3],"tags":[],"class_list":["post-28517","post","type-post","status-publish","format-standard","has-post-thumbnail","hentry","category-arkiv-nyheter","category-nyheter"],"yoast_head":"<!-- This site is optimized with the Yoast SEO Premium plugin v26.2 (Yoast SEO v27.4) - https:\/\/yoast.com\/product\/yoast-seo-premium-wordpress\/ -->\n<title>\u201dJag kom hit f\u00f6r att jag har d\u00f6dat min kvinna\u201d - Svenska Magasinet<\/title>\n<meta name=\"robots\" content=\"noindex, follow, max-snippet:-1, max-image-preview:large, max-video-preview:-1\" \/>\n<meta property=\"og:locale\" content=\"sv_SE\" \/>\n<meta property=\"og:type\" content=\"article\" \/>\n<meta property=\"og:title\" content=\"\u201dJag kom hit f\u00f6r att jag har d\u00f6dat min kvinna\u201d\" \/>\n<meta property=\"og:description\" content=\"Det sa 51-\u00e5rige Alfredo C.G efter att ha g\u00e5tt till polisstationen som bara ligger 50 meter fr\u00e5n brottsplatsen d\u00e4r kvinnan senare hittades d\u00f6d. Mannen som tidigare har jobbat vid en domstol \u00f6verl\u00e4mnade sig sj\u00e4lv och har erk\u00e4nt att det var hans som d\u00f6dade den 36-\u00e5riga kvinnan Eva V.P. 51-\u00e5ringen har under onsdagen h\u00e4ktats vid Torremolinos [&hellip;]\" \/>\n<meta property=\"og:url\" content=\"https:\/\/lightweb.dev\/l\/svm-temp\/nyheter\/jag-kom-hit-for-att-jag-har-dodat-min-kvinna\/\" \/>\n<meta property=\"og:site_name\" content=\"Svenska Magasinet\" \/>\n<meta property=\"article:publisher\" content=\"https:\/\/www.facebook.com\/svenskamagasinet\" \/>\n<meta property=\"article:published_time\" content=\"2013-11-12T23:00:00+00:00\" \/>\n<meta name=\"author\" content=\"Redaktionen SvM\" \/>\n<meta name=\"twitter:card\" content=\"summary_large_image\" \/>\n<meta name=\"twitter:creator\" content=\"@SvenskaMagasine\" \/>\n<meta name=\"twitter:site\" content=\"@SvenskaMagasine\" \/>\n<script type=\"application\/ld+json\" class=\"yoast-schema-graph\">{\"@context\":\"https:\\\/\\\/schema.org\",\"@graph\":[{\"@type\":\"Article\",\"@id\":\"https:\\\/\\\/lightweb.dev\\\/l\\\/svm-temp\\\/nyheter\\\/jag-kom-hit-for-att-jag-har-dodat-min-kvinna\\\/#article\",\"isPartOf\":{\"@id\":\"https:\\\/\\\/lightweb.dev\\\/l\\\/svm-temp\\\/nyheter\\\/jag-kom-hit-for-att-jag-har-dodat-min-kvinna\\\/\"},\"author\":{\"name\":\"Redaktionen SvM\",\"@id\":\"https:\\\/\\\/lightweb.dev\\\/l\\\/svm-temp\\\/#\\\/schema\\\/person\\\/206a3bda5b607b0c25e1749191e4d837\"},\"headline\":\"\u201dJag kom hit f\u00f6r att jag har d\u00f6dat min kvinna\u201d\",\"datePublished\":\"2013-11-12T23:00:00+00:00\",\"mainEntityOfPage\":{\"@id\":\"https:\\\/\\\/lightweb.dev\\\/l\\\/svm-temp\\\/nyheter\\\/jag-kom-hit-for-att-jag-har-dodat-min-kvinna\\\/\"},\"wordCount\":324,\"commentCount\":0,\"publisher\":{\"@id\":\"https:\\\/\\\/lightweb.dev\\\/l\\\/svm-temp\\\/#organization\"},\"image\":{\"@id\":\"https:\\\/\\\/lightweb.dev\\\/l\\\/svm-temp\\\/nyheter\\\/jag-kom-hit-for-att-jag-har-dodat-min-kvinna\\\/#primaryimage\"},\"thumbnailUrl\":\"https:\\\/\\\/lightweb.dev\\\/l\\\/svm-temp\\\/wp-content\\\/uploads\\\/2022\\\/06\\\/jag-kom-hit-for-att-jag-har-dodat-min-kvinna.png\",\"articleSection\":[\"Arkiv\",\"Nyheter\"],\"inLanguage\":\"sv-SE\"},{\"@type\":\"WebPage\",\"@id\":\"https:\\\/\\\/lightweb.dev\\\/l\\\/svm-temp\\\/nyheter\\\/jag-kom-hit-for-att-jag-har-dodat-min-kvinna\\\/\",\"url\":\"https:\\\/\\\/lightweb.dev\\\/l\\\/svm-temp\\\/nyheter\\\/jag-kom-hit-for-att-jag-har-dodat-min-kvinna\\\/\",\"name\":\"\u201dJag kom hit f\u00f6r att jag har d\u00f6dat min kvinna\u201d - Svenska Magasinet\",\"isPartOf\":{\"@id\":\"https:\\\/\\\/lightweb.dev\\\/l\\\/svm-temp\\\/#website\"},\"primaryImageOfPage\":{\"@id\":\"https:\\\/\\\/lightweb.dev\\\/l\\\/svm-temp\\\/nyheter\\\/jag-kom-hit-for-att-jag-har-dodat-min-kvinna\\\/#primaryimage\"},\"image\":{\"@id\":\"https:\\\/\\\/lightweb.dev\\\/l\\\/svm-temp\\\/nyheter\\\/jag-kom-hit-for-att-jag-har-dodat-min-kvinna\\\/#primaryimage\"},\"thumbnailUrl\":\"https:\\\/\\\/lightweb.dev\\\/l\\\/svm-temp\\\/wp-content\\\/uploads\\\/2022\\\/06\\\/jag-kom-hit-for-att-jag-har-dodat-min-kvinna.png\",\"datePublished\":\"2013-11-12T23:00:00+00:00\",\"breadcrumb\":{\"@id\":\"https:\\\/\\\/lightweb.dev\\\/l\\\/svm-temp\\\/nyheter\\\/jag-kom-hit-for-att-jag-har-dodat-min-kvinna\\\/#breadcrumb\"},\"inLanguage\":\"sv-SE\",\"potentialAction\":[{\"@type\":\"ReadAction\",\"target\":[\"https:\\\/\\\/lightweb.dev\\\/l\\\/svm-temp\\\/nyheter\\\/jag-kom-hit-for-att-jag-har-dodat-min-kvinna\\\/\"]}]},{\"@type\":\"ImageObject\",\"inLanguage\":\"sv-SE\",\"@id\":\"https:\\\/\\\/lightweb.dev\\\/l\\\/svm-temp\\\/nyheter\\\/jag-kom-hit-for-att-jag-har-dodat-min-kvinna\\\/#primaryimage\",\"url\":\"https:\\\/\\\/lightweb.dev\\\/l\\\/svm-temp\\\/wp-content\\\/uploads\\\/2022\\\/06\\\/jag-kom-hit-for-att-jag-har-dodat-min-kvinna.png\",\"contentUrl\":\"https:\\\/\\\/lightweb.dev\\\/l\\\/svm-temp\\\/wp-content\\\/uploads\\\/2022\\\/06\\\/jag-kom-hit-for-att-jag-har-dodat-min-kvinna.png\",\"width\":280,\"height\":210},{\"@type\":\"BreadcrumbList\",\"@id\":\"https:\\\/\\\/lightweb.dev\\\/l\\\/svm-temp\\\/nyheter\\\/jag-kom-hit-for-att-jag-har-dodat-min-kvinna\\\/#breadcrumb\",\"itemListElement\":[{\"@type\":\"ListItem\",\"position\":1,\"name\":\"Hem\",\"item\":\"https:\\\/\\\/lightweb.dev\\\/l\\\/svm-temp\\\/\"},{\"@type\":\"ListItem\",\"position\":2,\"name\":\"\u201dJag kom hit f\u00f6r att jag har d\u00f6dat min kvinna\u201d\"}]},{\"@type\":\"WebSite\",\"@id\":\"https:\\\/\\\/lightweb.dev\\\/l\\\/svm-temp\\\/#website\",\"url\":\"https:\\\/\\\/lightweb.dev\\\/l\\\/svm-temp\\\/\",\"name\":\"Svenska Magasinet\",\"description\":\"Dina Spanska nyheter p&aring; Svenska\",\"publisher\":{\"@id\":\"https:\\\/\\\/lightweb.dev\\\/l\\\/svm-temp\\\/#organization\"},\"potentialAction\":[{\"@type\":\"SearchAction\",\"target\":{\"@type\":\"EntryPoint\",\"urlTemplate\":\"https:\\\/\\\/lightweb.dev\\\/l\\\/svm-temp\\\/?s={search_term_string}\"},\"query-input\":{\"@type\":\"PropertyValueSpecification\",\"valueRequired\":true,\"valueName\":\"search_term_string\"}}],\"inLanguage\":\"sv-SE\"},{\"@type\":\"Organization\",\"@id\":\"https:\\\/\\\/lightweb.dev\\\/l\\\/svm-temp\\\/#organization\",\"name\":\"Melkerson y Nott SL\",\"alternateName\":\"Svenska Magasinet\",\"url\":\"https:\\\/\\\/lightweb.dev\\\/l\\\/svm-temp\\\/\",\"logo\":{\"@type\":\"ImageObject\",\"inLanguage\":\"sv-SE\",\"@id\":\"https:\\\/\\\/lightweb.dev\\\/l\\\/svm-temp\\\/#\\\/schema\\\/logo\\\/image\\\/\",\"url\":\"https:\\\/\\\/lightweb.dev\\\/l\\\/svm-temp\\\/wp-content\\\/uploads\\\/2025\\\/02\\\/SvM-logo-Xtra-Centrerad-SVART.png\",\"contentUrl\":\"https:\\\/\\\/lightweb.dev\\\/l\\\/svm-temp\\\/wp-content\\\/uploads\\\/2025\\\/02\\\/SvM-logo-Xtra-Centrerad-SVART.png\",\"width\":300,\"height\":99,\"caption\":\"Melkerson y Nott SL\"},\"image\":{\"@id\":\"https:\\\/\\\/lightweb.dev\\\/l\\\/svm-temp\\\/#\\\/schema\\\/logo\\\/image\\\/\"},\"sameAs\":[\"https:\\\/\\\/www.facebook.com\\\/svenskamagasinet\",\"https:\\\/\\\/x.com\\\/SvenskaMagasine\"]},{\"@type\":\"Person\",\"@id\":\"https:\\\/\\\/lightweb.dev\\\/l\\\/svm-temp\\\/#\\\/schema\\\/person\\\/206a3bda5b607b0c25e1749191e4d837\",\"name\":\"Redaktionen SvM\",\"description\":\"Redaktionen\",\"sameAs\":[\"https:\\\/\\\/lightweb.dev\\\/l\\\/svm-temp\"],\"url\":\"https:\\\/\\\/lightweb.dev\\\/l\\\/svm-temp\\\/reporter\\\/redaktionen\\\/\"}]}<\/script>\n<!-- \/ Yoast SEO Premium plugin. -->","yoast_head_json":{"title":"\u201dJag kom hit f\u00f6r att jag har d\u00f6dat min kvinna\u201d - Svenska Magasinet","robots":{"index":"noindex","follow":"follow","max-snippet":"max-snippet:-1","max-image-preview":"max-image-preview:large","max-video-preview":"max-video-preview:-1"},"og_locale":"sv_SE","og_type":"article","og_title":"\u201dJag kom hit f\u00f6r att jag har d\u00f6dat min kvinna\u201d","og_description":"Det sa 51-\u00e5rige Alfredo C.G efter att ha g\u00e5tt till polisstationen som bara ligger 50 meter fr\u00e5n brottsplatsen d\u00e4r kvinnan senare hittades d\u00f6d. Mannen som tidigare har jobbat vid en domstol \u00f6verl\u00e4mnade sig sj\u00e4lv och har erk\u00e4nt att det var hans som d\u00f6dade den 36-\u00e5riga kvinnan Eva V.P. 51-\u00e5ringen har under onsdagen h\u00e4ktats vid Torremolinos [&hellip;]","og_url":"https:\/\/lightweb.dev\/l\/svm-temp\/nyheter\/jag-kom-hit-for-att-jag-har-dodat-min-kvinna\/","og_site_name":"Svenska Magasinet","article_publisher":"https:\/\/www.facebook.com\/svenskamagasinet","article_published_time":"2013-11-12T23:00:00+00:00","author":"Redaktionen SvM","twitter_card":"summary_large_image","twitter_creator":"@SvenskaMagasine","twitter_site":"@SvenskaMagasine","schema":{"@context":"https:\/\/schema.org","@graph":[{"@type":"Article","@id":"https:\/\/lightweb.dev\/l\/svm-temp\/nyheter\/jag-kom-hit-for-att-jag-har-dodat-min-kvinna\/#article","isPartOf":{"@id":"https:\/\/lightweb.dev\/l\/svm-temp\/nyheter\/jag-kom-hit-for-att-jag-har-dodat-min-kvinna\/"},"author":{"name":"Redaktionen SvM","@id":"https:\/\/lightweb.dev\/l\/svm-temp\/#\/schema\/person\/206a3bda5b607b0c25e1749191e4d837"},"headline":"\u201dJag kom hit f\u00f6r att jag har d\u00f6dat min kvinna\u201d","datePublished":"2013-11-12T23:00:00+00:00","mainEntityOfPage":{"@id":"https:\/\/lightweb.dev\/l\/svm-temp\/nyheter\/jag-kom-hit-for-att-jag-har-dodat-min-kvinna\/"},"wordCount":324,"commentCount":0,"publisher":{"@id":"https:\/\/lightweb.dev\/l\/svm-temp\/#organization"},"image":{"@id":"https:\/\/lightweb.dev\/l\/svm-temp\/nyheter\/jag-kom-hit-for-att-jag-har-dodat-min-kvinna\/#primaryimage"},"thumbnailUrl":"https:\/\/lightweb.dev\/l\/svm-temp\/wp-content\/uploads\/2022\/06\/jag-kom-hit-for-att-jag-har-dodat-min-kvinna.png","articleSection":["Arkiv","Nyheter"],"inLanguage":"sv-SE"},{"@type":"WebPage","@id":"https:\/\/lightweb.dev\/l\/svm-temp\/nyheter\/jag-kom-hit-for-att-jag-har-dodat-min-kvinna\/","url":"https:\/\/lightweb.dev\/l\/svm-temp\/nyheter\/jag-kom-hit-for-att-jag-har-dodat-min-kvinna\/","name":"\u201dJag kom hit f\u00f6r att jag har d\u00f6dat min kvinna\u201d - Svenska Magasinet","isPartOf":{"@id":"https:\/\/lightweb.dev\/l\/svm-temp\/#website"},"primaryImageOfPage":{"@id":"https:\/\/lightweb.dev\/l\/svm-temp\/nyheter\/jag-kom-hit-for-att-jag-har-dodat-min-kvinna\/#primaryimage"},"image":{"@id":"https:\/\/lightweb.dev\/l\/svm-temp\/nyheter\/jag-kom-hit-for-att-jag-har-dodat-min-kvinna\/#primaryimage"},"thumbnailUrl":"https:\/\/lightweb.dev\/l\/svm-temp\/wp-content\/uploads\/2022\/06\/jag-kom-hit-for-att-jag-har-dodat-min-kvinna.png","datePublished":"2013-11-12T23:00:00+00:00","breadcrumb":{"@id":"https:\/\/lightweb.dev\/l\/svm-temp\/nyheter\/jag-kom-hit-for-att-jag-har-dodat-min-kvinna\/#breadcrumb"},"inLanguage":"sv-SE","potentialAction":[{"@type":"ReadAction","target":["https:\/\/lightweb.dev\/l\/svm-temp\/nyheter\/jag-kom-hit-for-att-jag-har-dodat-min-kvinna\/"]}]},{"@type":"ImageObject","inLanguage":"sv-SE","@id":"https:\/\/lightweb.dev\/l\/svm-temp\/nyheter\/jag-kom-hit-for-att-jag-har-dodat-min-kvinna\/#primaryimage","url":"https:\/\/lightweb.dev\/l\/svm-temp\/wp-content\/uploads\/2022\/06\/jag-kom-hit-for-att-jag-har-dodat-min-kvinna.png","contentUrl":"https:\/\/lightweb.dev\/l\/svm-temp\/wp-content\/uploads\/2022\/06\/jag-kom-hit-for-att-jag-har-dodat-min-kvinna.png","width":280,"height":210},{"@type":"BreadcrumbList","@id":"https:\/\/lightweb.dev\/l\/svm-temp\/nyheter\/jag-kom-hit-for-att-jag-har-dodat-min-kvinna\/#breadcrumb","itemListElement":[{"@type":"ListItem","position":1,"name":"Hem","item":"https:\/\/lightweb.dev\/l\/svm-temp\/"},{"@type":"ListItem","position":2,"name":"\u201dJag kom hit f\u00f6r att jag har d\u00f6dat min kvinna\u201d"}]},{"@type":"WebSite","@id":"https:\/\/lightweb.dev\/l\/svm-temp\/#website","url":"https:\/\/lightweb.dev\/l\/svm-temp\/","name":"Svenska Magasinet","description":"Dina Spanska nyheter p&aring; Svenska","publisher":{"@id":"https:\/\/lightweb.dev\/l\/svm-temp\/#organization"},"potentialAction":[{"@type":"SearchAction","target":{"@type":"EntryPoint","urlTemplate":"https:\/\/lightweb.dev\/l\/svm-temp\/?s={search_term_string}"},"query-input":{"@type":"PropertyValueSpecification","valueRequired":true,"valueName":"search_term_string"}}],"inLanguage":"sv-SE"},{"@type":"Organization","@id":"https:\/\/lightweb.dev\/l\/svm-temp\/#organization","name":"Melkerson y Nott SL","alternateName":"Svenska Magasinet","url":"https:\/\/lightweb.dev\/l\/svm-temp\/","logo":{"@type":"ImageObject","inLanguage":"sv-SE","@id":"https:\/\/lightweb.dev\/l\/svm-temp\/#\/schema\/logo\/image\/","url":"https:\/\/lightweb.dev\/l\/svm-temp\/wp-content\/uploads\/2025\/02\/SvM-logo-Xtra-Centrerad-SVART.png","contentUrl":"https:\/\/lightweb.dev\/l\/svm-temp\/wp-content\/uploads\/2025\/02\/SvM-logo-Xtra-Centrerad-SVART.png","width":300,"height":99,"caption":"Melkerson y Nott SL"},"image":{"@id":"https:\/\/lightweb.dev\/l\/svm-temp\/#\/schema\/logo\/image\/"},"sameAs":["https:\/\/www.facebook.com\/svenskamagasinet","https:\/\/x.com\/SvenskaMagasine"]},{"@type":"Person","@id":"https:\/\/lightweb.dev\/l\/svm-temp\/#\/schema\/person\/206a3bda5b607b0c25e1749191e4d837","name":"Redaktionen SvM","description":"Redaktionen","sameAs":["https:\/\/lightweb.dev\/l\/svm-temp"],"url":"https:\/\/lightweb.dev\/l\/svm-temp\/reporter\/redaktionen\/"}]}},"_links":{"self":[{"href":"https:\/\/lightweb.dev\/l\/svm-temp\/wp-json\/wp\/v2\/posts\/28517","targetHints":{"allow":["GET"]}}],"collection":[{"href":"https:\/\/lightweb.dev\/l\/svm-temp\/wp-json\/wp\/v2\/posts"}],"about":[{"href":"https:\/\/lightweb.dev\/l\/svm-temp\/wp-json\/wp\/v2\/types\/post"}],"author":[{"embeddable":true,"href":"https:\/\/lightweb.dev\/l\/svm-temp\/wp-json\/wp\/v2\/users\/8"}],"replies":[{"embeddable":true,"href":"https:\/\/lightweb.dev\/l\/svm-temp\/wp-json\/wp\/v2\/comments?post=28517"}],"version-history":[{"count":0,"href":"https:\/\/lightweb.dev\/l\/svm-temp\/wp-json\/wp\/v2\/posts\/28517\/revisions"}],"wp:featuredmedia":[{"embeddable":true,"href":"https:\/\/lightweb.dev\/l\/svm-temp\/wp-json\/wp\/v2\/media\/28520"}],"wp:attachment":[{"href":"https:\/\/lightweb.dev\/l\/svm-temp\/wp-json\/wp\/v2\/media?parent=28517"}],"wp:term":[{"taxonomy":"category","embeddable":true,"href":"https:\/\/lightweb.dev\/l\/svm-temp\/wp-json\/wp\/v2\/categories?post=28517"},{"taxonomy":"post_tag","embeddable":true,"href":"https:\/\/lightweb.dev\/l\/svm-temp\/wp-json\/wp\/v2\/tags?post=28517"}],"curies":[{"name":"wp","href":"https:\/\/api.w.org\/{rel}","templated":true}]}}