{"id":28531,"date":"2013-11-12T00:00:00","date_gmt":"2013-11-11T23:00:00","guid":{"rendered":"https:\/\/lightweb.dev\/l\/svm-temp\/nyheter\/ytterligare-ett-misstankt-konsrelaterat-mord\/"},"modified":"2013-11-12T00:00:00","modified_gmt":"2013-11-11T23:00:00","slug":"ytterligare-ett-misstankt-konsrelaterat-mord","status":"publish","type":"post","link":"https:\/\/lightweb.dev\/l\/svm-temp\/nyheter\/ytterligare-ett-misstankt-konsrelaterat-mord\/","title":{"rendered":"Ytterligare ett misst\u00e4nkt k\u00f6nsrelaterat mord"},"content":{"rendered":"<p> Spansk nationalpolis unders\u00f6ker ett d\u00f6dsfall som intr\u00e4ffade under g\u00e5rdagen i Torremolinos d\u00e4r en 36-\u00e5rig kvinna troligtvis d\u00f6dades. Kroppen p\u00e5tr\u00e4ffades klockan 04.42 i m\u00e5ndags morse i en l\u00e4genhet p\u00e5 calle Brasil mitt emot den gamla svenskhotellet Stella Polaris.<\/p>\n<p>Enligt sjukhusk\u00e4llor ska kvinnans kropp visa tecken p\u00e5 att ha blivit utsatt f\u00f6r v\u00e5ld. En 51-\u00e5rig man kom till polisstationen i Torremolinos och \u00f6verl\u00e4mnade sig sj\u00e4lv och gav samtidigt nycklarna till den l\u00e4genhet d\u00e4r kvinnan senare hittades.<\/p>\n<p>Mannen med initialerna ACG ska enligt uppgifter i media ha varit kvinnans partner. Om h\u00e4ndelsen i Torremolinos skulle visa sig vara ett k\u00f6nsrelaterat mord skulle det vara det femte fallet i provinsen M\u00e1laga i \u00e5r.<\/p>\n<p>Dagstidningen La Opini\u00f3n de M\u00e1laga skriver att mannen har haft bes\u00f6ksf\u00f6rbud hos en tidigare kvinna. Samtidigt ska den kvinna som hittades d\u00f6d ha blivit misshandlad vid tv\u00e5 tidigare tillf\u00e4llen, 2004 och 2011, av tv\u00e5 andra m\u00e4n som hade bes\u00f6ksf\u00f6rbud. Det senaste fallet var inte avgjort och en r\u00e4tteg\u00e5ng skulle inom kort inledas. Det bekr\u00e4ftas av Estefan\u00eda Mart\u00edn Palop vid organisationen Instituto Andaluz de la Mujer i M\u00e1laga.<\/p>\n<p>G\u00e5rdagens fall \u00e4r det andra p\u00e5 kort tid. I onsdags knivd\u00f6dades 66-\u00e5riga Rosario G\u00e1lvez i stadsdelen Ciudad Jard\u00edn i M\u00e1laga av sin ex-man som senare hoppade fr\u00e5n femte v\u00e5ningen och tog sitt liv.<\/p>\n<p>Telefon 016 Delegaci\u00f3n del Gobierno para la Violencia de G\u00e9nero. <\/p>\n","protected":false},"excerpt":{"rendered":"<p>Spansk nationalpolis unders\u00f6ker ett d\u00f6dsfall som intr\u00e4ffade under g\u00e5rdagen i Torremolinos d\u00e4r en 36-\u00e5rig kvinna troligtvis d\u00f6dades. Kroppen p\u00e5tr\u00e4ffades klockan 04.42 i m\u00e5ndags morse i en l\u00e4genhet p\u00e5 calle Brasil mitt emot den gamla svenskhotellet Stella Polaris. Enligt sjukhusk\u00e4llor ska kvinnans kropp visa tecken p\u00e5 att ha blivit utsatt f\u00f6r v\u00e5ld. En 51-\u00e5rig man kom [&hellip;]<\/p>\n","protected":false},"author":8,"featured_media":28534,"comment_status":"open","ping_status":"open","sticky":false,"template":"","format":"standard","meta":{"_et_pb_use_builder":"","_et_pb_old_content":"","_et_gb_content_width":"","footnotes":""},"categories":[395,3],"tags":[],"class_list":["post-28531","post","type-post","status-publish","format-standard","has-post-thumbnail","hentry","category-arkiv-nyheter","category-nyheter"],"yoast_head":"<!-- This site is optimized with the Yoast SEO Premium plugin v26.2 (Yoast SEO v27.4) - https:\/\/yoast.com\/product\/yoast-seo-premium-wordpress\/ -->\n<title>Ytterligare ett misst\u00e4nkt k\u00f6nsrelaterat mord - Svenska Magasinet<\/title>\n<meta name=\"robots\" content=\"noindex, follow, max-snippet:-1, max-image-preview:large, max-video-preview:-1\" \/>\n<meta property=\"og:locale\" content=\"sv_SE\" \/>\n<meta property=\"og:type\" content=\"article\" \/>\n<meta property=\"og:title\" content=\"Ytterligare ett misst\u00e4nkt k\u00f6nsrelaterat mord\" \/>\n<meta property=\"og:description\" content=\"Spansk nationalpolis unders\u00f6ker ett d\u00f6dsfall som intr\u00e4ffade under g\u00e5rdagen i Torremolinos d\u00e4r en 36-\u00e5rig kvinna troligtvis d\u00f6dades. Kroppen p\u00e5tr\u00e4ffades klockan 04.42 i m\u00e5ndags morse i en l\u00e4genhet p\u00e5 calle Brasil mitt emot den gamla svenskhotellet Stella Polaris. Enligt sjukhusk\u00e4llor ska kvinnans kropp visa tecken p\u00e5 att ha blivit utsatt f\u00f6r v\u00e5ld. En 51-\u00e5rig man kom [&hellip;]\" \/>\n<meta property=\"og:url\" content=\"https:\/\/lightweb.dev\/l\/svm-temp\/nyheter\/ytterligare-ett-misstankt-konsrelaterat-mord\/\" \/>\n<meta property=\"og:site_name\" content=\"Svenska Magasinet\" \/>\n<meta property=\"article:publisher\" content=\"https:\/\/www.facebook.com\/svenskamagasinet\" \/>\n<meta property=\"article:published_time\" content=\"2013-11-11T23:00:00+00:00\" \/>\n<meta name=\"author\" content=\"Redaktionen SvM\" \/>\n<meta name=\"twitter:card\" content=\"summary_large_image\" \/>\n<meta name=\"twitter:creator\" content=\"@SvenskaMagasine\" \/>\n<meta name=\"twitter:site\" content=\"@SvenskaMagasine\" \/>\n<script type=\"application\/ld+json\" class=\"yoast-schema-graph\">{\"@context\":\"https:\\\/\\\/schema.org\",\"@graph\":[{\"@type\":\"Article\",\"@id\":\"https:\\\/\\\/lightweb.dev\\\/l\\\/svm-temp\\\/nyheter\\\/ytterligare-ett-misstankt-konsrelaterat-mord\\\/#article\",\"isPartOf\":{\"@id\":\"https:\\\/\\\/lightweb.dev\\\/l\\\/svm-temp\\\/nyheter\\\/ytterligare-ett-misstankt-konsrelaterat-mord\\\/\"},\"author\":{\"name\":\"Redaktionen SvM\",\"@id\":\"https:\\\/\\\/lightweb.dev\\\/l\\\/svm-temp\\\/#\\\/schema\\\/person\\\/206a3bda5b607b0c25e1749191e4d837\"},\"headline\":\"Ytterligare ett misst\u00e4nkt k\u00f6nsrelaterat mord\",\"datePublished\":\"2013-11-11T23:00:00+00:00\",\"mainEntityOfPage\":{\"@id\":\"https:\\\/\\\/lightweb.dev\\\/l\\\/svm-temp\\\/nyheter\\\/ytterligare-ett-misstankt-konsrelaterat-mord\\\/\"},\"wordCount\":269,\"commentCount\":0,\"publisher\":{\"@id\":\"https:\\\/\\\/lightweb.dev\\\/l\\\/svm-temp\\\/#organization\"},\"image\":{\"@id\":\"https:\\\/\\\/lightweb.dev\\\/l\\\/svm-temp\\\/nyheter\\\/ytterligare-ett-misstankt-konsrelaterat-mord\\\/#primaryimage\"},\"thumbnailUrl\":\"https:\\\/\\\/lightweb.dev\\\/l\\\/svm-temp\\\/wp-content\\\/uploads\\\/2022\\\/06\\\/ytterligare-ett-misstankt-konsrelaterat-mord.png\",\"articleSection\":[\"Arkiv\",\"Nyheter\"],\"inLanguage\":\"sv-SE\"},{\"@type\":\"WebPage\",\"@id\":\"https:\\\/\\\/lightweb.dev\\\/l\\\/svm-temp\\\/nyheter\\\/ytterligare-ett-misstankt-konsrelaterat-mord\\\/\",\"url\":\"https:\\\/\\\/lightweb.dev\\\/l\\\/svm-temp\\\/nyheter\\\/ytterligare-ett-misstankt-konsrelaterat-mord\\\/\",\"name\":\"Ytterligare ett misst\u00e4nkt k\u00f6nsrelaterat mord - Svenska Magasinet\",\"isPartOf\":{\"@id\":\"https:\\\/\\\/lightweb.dev\\\/l\\\/svm-temp\\\/#website\"},\"primaryImageOfPage\":{\"@id\":\"https:\\\/\\\/lightweb.dev\\\/l\\\/svm-temp\\\/nyheter\\\/ytterligare-ett-misstankt-konsrelaterat-mord\\\/#primaryimage\"},\"image\":{\"@id\":\"https:\\\/\\\/lightweb.dev\\\/l\\\/svm-temp\\\/nyheter\\\/ytterligare-ett-misstankt-konsrelaterat-mord\\\/#primaryimage\"},\"thumbnailUrl\":\"https:\\\/\\\/lightweb.dev\\\/l\\\/svm-temp\\\/wp-content\\\/uploads\\\/2022\\\/06\\\/ytterligare-ett-misstankt-konsrelaterat-mord.png\",\"datePublished\":\"2013-11-11T23:00:00+00:00\",\"breadcrumb\":{\"@id\":\"https:\\\/\\\/lightweb.dev\\\/l\\\/svm-temp\\\/nyheter\\\/ytterligare-ett-misstankt-konsrelaterat-mord\\\/#breadcrumb\"},\"inLanguage\":\"sv-SE\",\"potentialAction\":[{\"@type\":\"ReadAction\",\"target\":[\"https:\\\/\\\/lightweb.dev\\\/l\\\/svm-temp\\\/nyheter\\\/ytterligare-ett-misstankt-konsrelaterat-mord\\\/\"]}]},{\"@type\":\"ImageObject\",\"inLanguage\":\"sv-SE\",\"@id\":\"https:\\\/\\\/lightweb.dev\\\/l\\\/svm-temp\\\/nyheter\\\/ytterligare-ett-misstankt-konsrelaterat-mord\\\/#primaryimage\",\"url\":\"https:\\\/\\\/lightweb.dev\\\/l\\\/svm-temp\\\/wp-content\\\/uploads\\\/2022\\\/06\\\/ytterligare-ett-misstankt-konsrelaterat-mord.png\",\"contentUrl\":\"https:\\\/\\\/lightweb.dev\\\/l\\\/svm-temp\\\/wp-content\\\/uploads\\\/2022\\\/06\\\/ytterligare-ett-misstankt-konsrelaterat-mord.png\",\"width\":280,\"height\":210},{\"@type\":\"BreadcrumbList\",\"@id\":\"https:\\\/\\\/lightweb.dev\\\/l\\\/svm-temp\\\/nyheter\\\/ytterligare-ett-misstankt-konsrelaterat-mord\\\/#breadcrumb\",\"itemListElement\":[{\"@type\":\"ListItem\",\"position\":1,\"name\":\"Hem\",\"item\":\"https:\\\/\\\/lightweb.dev\\\/l\\\/svm-temp\\\/\"},{\"@type\":\"ListItem\",\"position\":2,\"name\":\"Ytterligare ett misst\u00e4nkt k\u00f6nsrelaterat mord\"}]},{\"@type\":\"WebSite\",\"@id\":\"https:\\\/\\\/lightweb.dev\\\/l\\\/svm-temp\\\/#website\",\"url\":\"https:\\\/\\\/lightweb.dev\\\/l\\\/svm-temp\\\/\",\"name\":\"Svenska Magasinet\",\"description\":\"Dina Spanska nyheter p&aring; Svenska\",\"publisher\":{\"@id\":\"https:\\\/\\\/lightweb.dev\\\/l\\\/svm-temp\\\/#organization\"},\"potentialAction\":[{\"@type\":\"SearchAction\",\"target\":{\"@type\":\"EntryPoint\",\"urlTemplate\":\"https:\\\/\\\/lightweb.dev\\\/l\\\/svm-temp\\\/?s={search_term_string}\"},\"query-input\":{\"@type\":\"PropertyValueSpecification\",\"valueRequired\":true,\"valueName\":\"search_term_string\"}}],\"inLanguage\":\"sv-SE\"},{\"@type\":\"Organization\",\"@id\":\"https:\\\/\\\/lightweb.dev\\\/l\\\/svm-temp\\\/#organization\",\"name\":\"Melkerson y Nott SL\",\"alternateName\":\"Svenska Magasinet\",\"url\":\"https:\\\/\\\/lightweb.dev\\\/l\\\/svm-temp\\\/\",\"logo\":{\"@type\":\"ImageObject\",\"inLanguage\":\"sv-SE\",\"@id\":\"https:\\\/\\\/lightweb.dev\\\/l\\\/svm-temp\\\/#\\\/schema\\\/logo\\\/image\\\/\",\"url\":\"https:\\\/\\\/lightweb.dev\\\/l\\\/svm-temp\\\/wp-content\\\/uploads\\\/2025\\\/02\\\/SvM-logo-Xtra-Centrerad-SVART.png\",\"contentUrl\":\"https:\\\/\\\/lightweb.dev\\\/l\\\/svm-temp\\\/wp-content\\\/uploads\\\/2025\\\/02\\\/SvM-logo-Xtra-Centrerad-SVART.png\",\"width\":300,\"height\":99,\"caption\":\"Melkerson y Nott SL\"},\"image\":{\"@id\":\"https:\\\/\\\/lightweb.dev\\\/l\\\/svm-temp\\\/#\\\/schema\\\/logo\\\/image\\\/\"},\"sameAs\":[\"https:\\\/\\\/www.facebook.com\\\/svenskamagasinet\",\"https:\\\/\\\/x.com\\\/SvenskaMagasine\"]},{\"@type\":\"Person\",\"@id\":\"https:\\\/\\\/lightweb.dev\\\/l\\\/svm-temp\\\/#\\\/schema\\\/person\\\/206a3bda5b607b0c25e1749191e4d837\",\"name\":\"Redaktionen SvM\",\"description\":\"Redaktionen\",\"sameAs\":[\"https:\\\/\\\/lightweb.dev\\\/l\\\/svm-temp\"],\"url\":\"https:\\\/\\\/lightweb.dev\\\/l\\\/svm-temp\\\/reporter\\\/redaktionen\\\/\"}]}<\/script>\n<!-- \/ Yoast SEO Premium plugin. -->","yoast_head_json":{"title":"Ytterligare ett misst\u00e4nkt k\u00f6nsrelaterat mord - Svenska Magasinet","robots":{"index":"noindex","follow":"follow","max-snippet":"max-snippet:-1","max-image-preview":"max-image-preview:large","max-video-preview":"max-video-preview:-1"},"og_locale":"sv_SE","og_type":"article","og_title":"Ytterligare ett misst\u00e4nkt k\u00f6nsrelaterat mord","og_description":"Spansk nationalpolis unders\u00f6ker ett d\u00f6dsfall som intr\u00e4ffade under g\u00e5rdagen i Torremolinos d\u00e4r en 36-\u00e5rig kvinna troligtvis d\u00f6dades. Kroppen p\u00e5tr\u00e4ffades klockan 04.42 i m\u00e5ndags morse i en l\u00e4genhet p\u00e5 calle Brasil mitt emot den gamla svenskhotellet Stella Polaris. Enligt sjukhusk\u00e4llor ska kvinnans kropp visa tecken p\u00e5 att ha blivit utsatt f\u00f6r v\u00e5ld. En 51-\u00e5rig man kom [&hellip;]","og_url":"https:\/\/lightweb.dev\/l\/svm-temp\/nyheter\/ytterligare-ett-misstankt-konsrelaterat-mord\/","og_site_name":"Svenska Magasinet","article_publisher":"https:\/\/www.facebook.com\/svenskamagasinet","article_published_time":"2013-11-11T23:00:00+00:00","author":"Redaktionen SvM","twitter_card":"summary_large_image","twitter_creator":"@SvenskaMagasine","twitter_site":"@SvenskaMagasine","schema":{"@context":"https:\/\/schema.org","@graph":[{"@type":"Article","@id":"https:\/\/lightweb.dev\/l\/svm-temp\/nyheter\/ytterligare-ett-misstankt-konsrelaterat-mord\/#article","isPartOf":{"@id":"https:\/\/lightweb.dev\/l\/svm-temp\/nyheter\/ytterligare-ett-misstankt-konsrelaterat-mord\/"},"author":{"name":"Redaktionen SvM","@id":"https:\/\/lightweb.dev\/l\/svm-temp\/#\/schema\/person\/206a3bda5b607b0c25e1749191e4d837"},"headline":"Ytterligare ett misst\u00e4nkt k\u00f6nsrelaterat mord","datePublished":"2013-11-11T23:00:00+00:00","mainEntityOfPage":{"@id":"https:\/\/lightweb.dev\/l\/svm-temp\/nyheter\/ytterligare-ett-misstankt-konsrelaterat-mord\/"},"wordCount":269,"commentCount":0,"publisher":{"@id":"https:\/\/lightweb.dev\/l\/svm-temp\/#organization"},"image":{"@id":"https:\/\/lightweb.dev\/l\/svm-temp\/nyheter\/ytterligare-ett-misstankt-konsrelaterat-mord\/#primaryimage"},"thumbnailUrl":"https:\/\/lightweb.dev\/l\/svm-temp\/wp-content\/uploads\/2022\/06\/ytterligare-ett-misstankt-konsrelaterat-mord.png","articleSection":["Arkiv","Nyheter"],"inLanguage":"sv-SE"},{"@type":"WebPage","@id":"https:\/\/lightweb.dev\/l\/svm-temp\/nyheter\/ytterligare-ett-misstankt-konsrelaterat-mord\/","url":"https:\/\/lightweb.dev\/l\/svm-temp\/nyheter\/ytterligare-ett-misstankt-konsrelaterat-mord\/","name":"Ytterligare ett misst\u00e4nkt k\u00f6nsrelaterat mord - Svenska Magasinet","isPartOf":{"@id":"https:\/\/lightweb.dev\/l\/svm-temp\/#website"},"primaryImageOfPage":{"@id":"https:\/\/lightweb.dev\/l\/svm-temp\/nyheter\/ytterligare-ett-misstankt-konsrelaterat-mord\/#primaryimage"},"image":{"@id":"https:\/\/lightweb.dev\/l\/svm-temp\/nyheter\/ytterligare-ett-misstankt-konsrelaterat-mord\/#primaryimage"},"thumbnailUrl":"https:\/\/lightweb.dev\/l\/svm-temp\/wp-content\/uploads\/2022\/06\/ytterligare-ett-misstankt-konsrelaterat-mord.png","datePublished":"2013-11-11T23:00:00+00:00","breadcrumb":{"@id":"https:\/\/lightweb.dev\/l\/svm-temp\/nyheter\/ytterligare-ett-misstankt-konsrelaterat-mord\/#breadcrumb"},"inLanguage":"sv-SE","potentialAction":[{"@type":"ReadAction","target":["https:\/\/lightweb.dev\/l\/svm-temp\/nyheter\/ytterligare-ett-misstankt-konsrelaterat-mord\/"]}]},{"@type":"ImageObject","inLanguage":"sv-SE","@id":"https:\/\/lightweb.dev\/l\/svm-temp\/nyheter\/ytterligare-ett-misstankt-konsrelaterat-mord\/#primaryimage","url":"https:\/\/lightweb.dev\/l\/svm-temp\/wp-content\/uploads\/2022\/06\/ytterligare-ett-misstankt-konsrelaterat-mord.png","contentUrl":"https:\/\/lightweb.dev\/l\/svm-temp\/wp-content\/uploads\/2022\/06\/ytterligare-ett-misstankt-konsrelaterat-mord.png","width":280,"height":210},{"@type":"BreadcrumbList","@id":"https:\/\/lightweb.dev\/l\/svm-temp\/nyheter\/ytterligare-ett-misstankt-konsrelaterat-mord\/#breadcrumb","itemListElement":[{"@type":"ListItem","position":1,"name":"Hem","item":"https:\/\/lightweb.dev\/l\/svm-temp\/"},{"@type":"ListItem","position":2,"name":"Ytterligare ett misst\u00e4nkt k\u00f6nsrelaterat mord"}]},{"@type":"WebSite","@id":"https:\/\/lightweb.dev\/l\/svm-temp\/#website","url":"https:\/\/lightweb.dev\/l\/svm-temp\/","name":"Svenska Magasinet","description":"Dina Spanska nyheter p&aring; Svenska","publisher":{"@id":"https:\/\/lightweb.dev\/l\/svm-temp\/#organization"},"potentialAction":[{"@type":"SearchAction","target":{"@type":"EntryPoint","urlTemplate":"https:\/\/lightweb.dev\/l\/svm-temp\/?s={search_term_string}"},"query-input":{"@type":"PropertyValueSpecification","valueRequired":true,"valueName":"search_term_string"}}],"inLanguage":"sv-SE"},{"@type":"Organization","@id":"https:\/\/lightweb.dev\/l\/svm-temp\/#organization","name":"Melkerson y Nott SL","alternateName":"Svenska Magasinet","url":"https:\/\/lightweb.dev\/l\/svm-temp\/","logo":{"@type":"ImageObject","inLanguage":"sv-SE","@id":"https:\/\/lightweb.dev\/l\/svm-temp\/#\/schema\/logo\/image\/","url":"https:\/\/lightweb.dev\/l\/svm-temp\/wp-content\/uploads\/2025\/02\/SvM-logo-Xtra-Centrerad-SVART.png","contentUrl":"https:\/\/lightweb.dev\/l\/svm-temp\/wp-content\/uploads\/2025\/02\/SvM-logo-Xtra-Centrerad-SVART.png","width":300,"height":99,"caption":"Melkerson y Nott SL"},"image":{"@id":"https:\/\/lightweb.dev\/l\/svm-temp\/#\/schema\/logo\/image\/"},"sameAs":["https:\/\/www.facebook.com\/svenskamagasinet","https:\/\/x.com\/SvenskaMagasine"]},{"@type":"Person","@id":"https:\/\/lightweb.dev\/l\/svm-temp\/#\/schema\/person\/206a3bda5b607b0c25e1749191e4d837","name":"Redaktionen SvM","description":"Redaktionen","sameAs":["https:\/\/lightweb.dev\/l\/svm-temp"],"url":"https:\/\/lightweb.dev\/l\/svm-temp\/reporter\/redaktionen\/"}]}},"_links":{"self":[{"href":"https:\/\/lightweb.dev\/l\/svm-temp\/wp-json\/wp\/v2\/posts\/28531","targetHints":{"allow":["GET"]}}],"collection":[{"href":"https:\/\/lightweb.dev\/l\/svm-temp\/wp-json\/wp\/v2\/posts"}],"about":[{"href":"https:\/\/lightweb.dev\/l\/svm-temp\/wp-json\/wp\/v2\/types\/post"}],"author":[{"embeddable":true,"href":"https:\/\/lightweb.dev\/l\/svm-temp\/wp-json\/wp\/v2\/users\/8"}],"replies":[{"embeddable":true,"href":"https:\/\/lightweb.dev\/l\/svm-temp\/wp-json\/wp\/v2\/comments?post=28531"}],"version-history":[{"count":0,"href":"https:\/\/lightweb.dev\/l\/svm-temp\/wp-json\/wp\/v2\/posts\/28531\/revisions"}],"wp:featuredmedia":[{"embeddable":true,"href":"https:\/\/lightweb.dev\/l\/svm-temp\/wp-json\/wp\/v2\/media\/28534"}],"wp:attachment":[{"href":"https:\/\/lightweb.dev\/l\/svm-temp\/wp-json\/wp\/v2\/media?parent=28531"}],"wp:term":[{"taxonomy":"category","embeddable":true,"href":"https:\/\/lightweb.dev\/l\/svm-temp\/wp-json\/wp\/v2\/categories?post=28531"},{"taxonomy":"post_tag","embeddable":true,"href":"https:\/\/lightweb.dev\/l\/svm-temp\/wp-json\/wp\/v2\/tags?post=28531"}],"curies":[{"name":"wp","href":"https:\/\/api.w.org\/{rel}","templated":true}]}}