{"id":28533,"date":"2013-11-12T00:00:00","date_gmt":"2013-11-11T23:00:00","guid":{"rendered":"https:\/\/lightweb.dev\/l\/svm-temp\/nyheter\/provinsen-malaga-gar-mot-strommen-bostadskopen-okar\/"},"modified":"2013-11-12T00:00:00","modified_gmt":"2013-11-11T23:00:00","slug":"provinsen-malaga-gar-mot-strommen-bostadskopen-okar","status":"publish","type":"post","link":"https:\/\/lightweb.dev\/l\/svm-temp\/nyheter\/provinsen-malaga-gar-mot-strommen-bostadskopen-okar\/","title":{"rendered":"Provinsen M\u00e1laga g\u00e5r mot str\u00f6mmen \u2013 bostadsk\u00f6pen \u00f6kar"},"content":{"rendered":"<p> Allt fler uppgifter pekar p\u00e5 att fastighetsbranschen p\u00e5 Costa del Sol h\u00e5ller p\u00e5 att ta fart igen. F\u00f6rs\u00e4ljningen av bost\u00e4der i provinsen M\u00e1laga steg med 40 procent under september j\u00e4mf\u00f6rt med samma m\u00e5nad ifjol. 1.897 f\u00f6rs\u00e4ljningar genomf\u00f6rdes visar siffror fr\u00e5n Instituto Nacional de Estad\u00edstica (INE).<\/p>\n<p>Med siffran fr\u00e5n september s\u00e5 har det fram till 1 oktober gjorts 14.502 f\u00f6rs\u00e4ljningar i \u00e5r vilket \u00e4r en uppg\u00e5ng med 6,5 procent.<\/p>\n<p>Och det \u00e4r k\u00f6psugna utl\u00e4nningar som nordbor, ryssar, belgare och britter som ger siffran \u00f6ver k\u00f6pta bost\u00e4der en knuff upp\u00e5t. Marknaden bland inhemska k\u00f6pare f\u00f6rblir dock fortsatt k\u00e4rv p\u00e5 grund av arbetsl\u00f6shet, ekonomisk os\u00e4kerhet och v\u00e4gran fr\u00e5n bankerna att l\u00e5na ut pengar.<\/p>\n<p>Nationellt s\u00e5 minskade f\u00f6rs\u00e4ljningen av bost\u00e4der med 8,6 procent i september i \u00e5r j\u00e4mf\u00f6rt med ifjol. Sedan ny\u00e5ret \u00f6kar f\u00f6rs\u00e4ljningen i Spanien med svaga 0,2 procent. <\/p>\n","protected":false},"excerpt":{"rendered":"<p>Allt fler uppgifter pekar p\u00e5 att fastighetsbranschen p\u00e5 Costa del Sol h\u00e5ller p\u00e5 att ta fart igen. F\u00f6rs\u00e4ljningen av bost\u00e4der i provinsen M\u00e1laga steg med 40 procent under september j\u00e4mf\u00f6rt med samma m\u00e5nad ifjol. 1.897 f\u00f6rs\u00e4ljningar genomf\u00f6rdes visar siffror fr\u00e5n Instituto Nacional de Estad\u00edstica (INE). Med siffran fr\u00e5n september s\u00e5 har det fram till 1 [&hellip;]<\/p>\n","protected":false},"author":8,"featured_media":28536,"comment_status":"open","ping_status":"open","sticky":false,"template":"","format":"standard","meta":{"_et_pb_use_builder":"","_et_pb_old_content":"","_et_gb_content_width":"","footnotes":""},"categories":[395,3],"tags":[],"class_list":["post-28533","post","type-post","status-publish","format-standard","has-post-thumbnail","hentry","category-arkiv-nyheter","category-nyheter"],"yoast_head":"<!-- This site is optimized with the Yoast SEO Premium plugin v26.2 (Yoast SEO v27.4) - https:\/\/yoast.com\/product\/yoast-seo-premium-wordpress\/ -->\n<title>Provinsen M\u00e1laga g\u00e5r mot str\u00f6mmen \u2013 bostadsk\u00f6pen \u00f6kar - Svenska Magasinet<\/title>\n<meta name=\"robots\" content=\"noindex, follow, max-snippet:-1, max-image-preview:large, max-video-preview:-1\" \/>\n<meta property=\"og:locale\" content=\"sv_SE\" \/>\n<meta property=\"og:type\" content=\"article\" \/>\n<meta property=\"og:title\" content=\"Provinsen M\u00e1laga g\u00e5r mot str\u00f6mmen \u2013 bostadsk\u00f6pen \u00f6kar\" \/>\n<meta property=\"og:description\" content=\"Allt fler uppgifter pekar p\u00e5 att fastighetsbranschen p\u00e5 Costa del Sol h\u00e5ller p\u00e5 att ta fart igen. F\u00f6rs\u00e4ljningen av bost\u00e4der i provinsen M\u00e1laga steg med 40 procent under september j\u00e4mf\u00f6rt med samma m\u00e5nad ifjol. 1.897 f\u00f6rs\u00e4ljningar genomf\u00f6rdes visar siffror fr\u00e5n Instituto Nacional de Estad\u00edstica (INE). Med siffran fr\u00e5n september s\u00e5 har det fram till 1 [&hellip;]\" \/>\n<meta property=\"og:url\" content=\"https:\/\/lightweb.dev\/l\/svm-temp\/nyheter\/provinsen-malaga-gar-mot-strommen-bostadskopen-okar\/\" \/>\n<meta property=\"og:site_name\" content=\"Svenska Magasinet\" \/>\n<meta property=\"article:publisher\" content=\"https:\/\/www.facebook.com\/svenskamagasinet\" \/>\n<meta property=\"article:published_time\" content=\"2013-11-11T23:00:00+00:00\" \/>\n<meta name=\"author\" content=\"Redaktionen SvM\" \/>\n<meta name=\"twitter:card\" content=\"summary_large_image\" \/>\n<meta name=\"twitter:creator\" content=\"@SvenskaMagasine\" \/>\n<meta name=\"twitter:site\" content=\"@SvenskaMagasine\" \/>\n<script type=\"application\/ld+json\" class=\"yoast-schema-graph\">{\"@context\":\"https:\\\/\\\/schema.org\",\"@graph\":[{\"@type\":\"Article\",\"@id\":\"https:\\\/\\\/lightweb.dev\\\/l\\\/svm-temp\\\/nyheter\\\/provinsen-malaga-gar-mot-strommen-bostadskopen-okar\\\/#article\",\"isPartOf\":{\"@id\":\"https:\\\/\\\/lightweb.dev\\\/l\\\/svm-temp\\\/nyheter\\\/provinsen-malaga-gar-mot-strommen-bostadskopen-okar\\\/\"},\"author\":{\"name\":\"Redaktionen SvM\",\"@id\":\"https:\\\/\\\/lightweb.dev\\\/l\\\/svm-temp\\\/#\\\/schema\\\/person\\\/206a3bda5b607b0c25e1749191e4d837\"},\"headline\":\"Provinsen M\u00e1laga g\u00e5r mot str\u00f6mmen \u2013 bostadsk\u00f6pen \u00f6kar\",\"datePublished\":\"2013-11-11T23:00:00+00:00\",\"mainEntityOfPage\":{\"@id\":\"https:\\\/\\\/lightweb.dev\\\/l\\\/svm-temp\\\/nyheter\\\/provinsen-malaga-gar-mot-strommen-bostadskopen-okar\\\/\"},\"wordCount\":178,\"commentCount\":0,\"publisher\":{\"@id\":\"https:\\\/\\\/lightweb.dev\\\/l\\\/svm-temp\\\/#organization\"},\"image\":{\"@id\":\"https:\\\/\\\/lightweb.dev\\\/l\\\/svm-temp\\\/nyheter\\\/provinsen-malaga-gar-mot-strommen-bostadskopen-okar\\\/#primaryimage\"},\"thumbnailUrl\":\"https:\\\/\\\/lightweb.dev\\\/l\\\/svm-temp\\\/wp-content\\\/uploads\\\/2022\\\/06\\\/provinsen-malaga-gar-mot-strommen-bostadskopen-okar.png\",\"articleSection\":[\"Arkiv\",\"Nyheter\"],\"inLanguage\":\"sv-SE\"},{\"@type\":\"WebPage\",\"@id\":\"https:\\\/\\\/lightweb.dev\\\/l\\\/svm-temp\\\/nyheter\\\/provinsen-malaga-gar-mot-strommen-bostadskopen-okar\\\/\",\"url\":\"https:\\\/\\\/lightweb.dev\\\/l\\\/svm-temp\\\/nyheter\\\/provinsen-malaga-gar-mot-strommen-bostadskopen-okar\\\/\",\"name\":\"Provinsen M\u00e1laga g\u00e5r mot str\u00f6mmen \u2013 bostadsk\u00f6pen \u00f6kar - Svenska Magasinet\",\"isPartOf\":{\"@id\":\"https:\\\/\\\/lightweb.dev\\\/l\\\/svm-temp\\\/#website\"},\"primaryImageOfPage\":{\"@id\":\"https:\\\/\\\/lightweb.dev\\\/l\\\/svm-temp\\\/nyheter\\\/provinsen-malaga-gar-mot-strommen-bostadskopen-okar\\\/#primaryimage\"},\"image\":{\"@id\":\"https:\\\/\\\/lightweb.dev\\\/l\\\/svm-temp\\\/nyheter\\\/provinsen-malaga-gar-mot-strommen-bostadskopen-okar\\\/#primaryimage\"},\"thumbnailUrl\":\"https:\\\/\\\/lightweb.dev\\\/l\\\/svm-temp\\\/wp-content\\\/uploads\\\/2022\\\/06\\\/provinsen-malaga-gar-mot-strommen-bostadskopen-okar.png\",\"datePublished\":\"2013-11-11T23:00:00+00:00\",\"breadcrumb\":{\"@id\":\"https:\\\/\\\/lightweb.dev\\\/l\\\/svm-temp\\\/nyheter\\\/provinsen-malaga-gar-mot-strommen-bostadskopen-okar\\\/#breadcrumb\"},\"inLanguage\":\"sv-SE\",\"potentialAction\":[{\"@type\":\"ReadAction\",\"target\":[\"https:\\\/\\\/lightweb.dev\\\/l\\\/svm-temp\\\/nyheter\\\/provinsen-malaga-gar-mot-strommen-bostadskopen-okar\\\/\"]}]},{\"@type\":\"ImageObject\",\"inLanguage\":\"sv-SE\",\"@id\":\"https:\\\/\\\/lightweb.dev\\\/l\\\/svm-temp\\\/nyheter\\\/provinsen-malaga-gar-mot-strommen-bostadskopen-okar\\\/#primaryimage\",\"url\":\"https:\\\/\\\/lightweb.dev\\\/l\\\/svm-temp\\\/wp-content\\\/uploads\\\/2022\\\/06\\\/provinsen-malaga-gar-mot-strommen-bostadskopen-okar.png\",\"contentUrl\":\"https:\\\/\\\/lightweb.dev\\\/l\\\/svm-temp\\\/wp-content\\\/uploads\\\/2022\\\/06\\\/provinsen-malaga-gar-mot-strommen-bostadskopen-okar.png\",\"width\":280,\"height\":210},{\"@type\":\"BreadcrumbList\",\"@id\":\"https:\\\/\\\/lightweb.dev\\\/l\\\/svm-temp\\\/nyheter\\\/provinsen-malaga-gar-mot-strommen-bostadskopen-okar\\\/#breadcrumb\",\"itemListElement\":[{\"@type\":\"ListItem\",\"position\":1,\"name\":\"Hem\",\"item\":\"https:\\\/\\\/lightweb.dev\\\/l\\\/svm-temp\\\/\"},{\"@type\":\"ListItem\",\"position\":2,\"name\":\"Provinsen M\u00e1laga g\u00e5r mot str\u00f6mmen \u2013 bostadsk\u00f6pen \u00f6kar\"}]},{\"@type\":\"WebSite\",\"@id\":\"https:\\\/\\\/lightweb.dev\\\/l\\\/svm-temp\\\/#website\",\"url\":\"https:\\\/\\\/lightweb.dev\\\/l\\\/svm-temp\\\/\",\"name\":\"Svenska Magasinet\",\"description\":\"Dina Spanska nyheter p&aring; Svenska\",\"publisher\":{\"@id\":\"https:\\\/\\\/lightweb.dev\\\/l\\\/svm-temp\\\/#organization\"},\"potentialAction\":[{\"@type\":\"SearchAction\",\"target\":{\"@type\":\"EntryPoint\",\"urlTemplate\":\"https:\\\/\\\/lightweb.dev\\\/l\\\/svm-temp\\\/?s={search_term_string}\"},\"query-input\":{\"@type\":\"PropertyValueSpecification\",\"valueRequired\":true,\"valueName\":\"search_term_string\"}}],\"inLanguage\":\"sv-SE\"},{\"@type\":\"Organization\",\"@id\":\"https:\\\/\\\/lightweb.dev\\\/l\\\/svm-temp\\\/#organization\",\"name\":\"Melkerson y Nott SL\",\"alternateName\":\"Svenska Magasinet\",\"url\":\"https:\\\/\\\/lightweb.dev\\\/l\\\/svm-temp\\\/\",\"logo\":{\"@type\":\"ImageObject\",\"inLanguage\":\"sv-SE\",\"@id\":\"https:\\\/\\\/lightweb.dev\\\/l\\\/svm-temp\\\/#\\\/schema\\\/logo\\\/image\\\/\",\"url\":\"https:\\\/\\\/lightweb.dev\\\/l\\\/svm-temp\\\/wp-content\\\/uploads\\\/2025\\\/02\\\/SvM-logo-Xtra-Centrerad-SVART.png\",\"contentUrl\":\"https:\\\/\\\/lightweb.dev\\\/l\\\/svm-temp\\\/wp-content\\\/uploads\\\/2025\\\/02\\\/SvM-logo-Xtra-Centrerad-SVART.png\",\"width\":300,\"height\":99,\"caption\":\"Melkerson y Nott SL\"},\"image\":{\"@id\":\"https:\\\/\\\/lightweb.dev\\\/l\\\/svm-temp\\\/#\\\/schema\\\/logo\\\/image\\\/\"},\"sameAs\":[\"https:\\\/\\\/www.facebook.com\\\/svenskamagasinet\",\"https:\\\/\\\/x.com\\\/SvenskaMagasine\"]},{\"@type\":\"Person\",\"@id\":\"https:\\\/\\\/lightweb.dev\\\/l\\\/svm-temp\\\/#\\\/schema\\\/person\\\/206a3bda5b607b0c25e1749191e4d837\",\"name\":\"Redaktionen SvM\",\"description\":\"Redaktionen\",\"sameAs\":[\"https:\\\/\\\/lightweb.dev\\\/l\\\/svm-temp\"],\"url\":\"https:\\\/\\\/lightweb.dev\\\/l\\\/svm-temp\\\/reporter\\\/redaktionen\\\/\"}]}<\/script>\n<!-- \/ Yoast SEO Premium plugin. -->","yoast_head_json":{"title":"Provinsen M\u00e1laga g\u00e5r mot str\u00f6mmen \u2013 bostadsk\u00f6pen \u00f6kar - Svenska Magasinet","robots":{"index":"noindex","follow":"follow","max-snippet":"max-snippet:-1","max-image-preview":"max-image-preview:large","max-video-preview":"max-video-preview:-1"},"og_locale":"sv_SE","og_type":"article","og_title":"Provinsen M\u00e1laga g\u00e5r mot str\u00f6mmen \u2013 bostadsk\u00f6pen \u00f6kar","og_description":"Allt fler uppgifter pekar p\u00e5 att fastighetsbranschen p\u00e5 Costa del Sol h\u00e5ller p\u00e5 att ta fart igen. F\u00f6rs\u00e4ljningen av bost\u00e4der i provinsen M\u00e1laga steg med 40 procent under september j\u00e4mf\u00f6rt med samma m\u00e5nad ifjol. 1.897 f\u00f6rs\u00e4ljningar genomf\u00f6rdes visar siffror fr\u00e5n Instituto Nacional de Estad\u00edstica (INE). Med siffran fr\u00e5n september s\u00e5 har det fram till 1 [&hellip;]","og_url":"https:\/\/lightweb.dev\/l\/svm-temp\/nyheter\/provinsen-malaga-gar-mot-strommen-bostadskopen-okar\/","og_site_name":"Svenska Magasinet","article_publisher":"https:\/\/www.facebook.com\/svenskamagasinet","article_published_time":"2013-11-11T23:00:00+00:00","author":"Redaktionen SvM","twitter_card":"summary_large_image","twitter_creator":"@SvenskaMagasine","twitter_site":"@SvenskaMagasine","schema":{"@context":"https:\/\/schema.org","@graph":[{"@type":"Article","@id":"https:\/\/lightweb.dev\/l\/svm-temp\/nyheter\/provinsen-malaga-gar-mot-strommen-bostadskopen-okar\/#article","isPartOf":{"@id":"https:\/\/lightweb.dev\/l\/svm-temp\/nyheter\/provinsen-malaga-gar-mot-strommen-bostadskopen-okar\/"},"author":{"name":"Redaktionen SvM","@id":"https:\/\/lightweb.dev\/l\/svm-temp\/#\/schema\/person\/206a3bda5b607b0c25e1749191e4d837"},"headline":"Provinsen M\u00e1laga g\u00e5r mot str\u00f6mmen \u2013 bostadsk\u00f6pen \u00f6kar","datePublished":"2013-11-11T23:00:00+00:00","mainEntityOfPage":{"@id":"https:\/\/lightweb.dev\/l\/svm-temp\/nyheter\/provinsen-malaga-gar-mot-strommen-bostadskopen-okar\/"},"wordCount":178,"commentCount":0,"publisher":{"@id":"https:\/\/lightweb.dev\/l\/svm-temp\/#organization"},"image":{"@id":"https:\/\/lightweb.dev\/l\/svm-temp\/nyheter\/provinsen-malaga-gar-mot-strommen-bostadskopen-okar\/#primaryimage"},"thumbnailUrl":"https:\/\/lightweb.dev\/l\/svm-temp\/wp-content\/uploads\/2022\/06\/provinsen-malaga-gar-mot-strommen-bostadskopen-okar.png","articleSection":["Arkiv","Nyheter"],"inLanguage":"sv-SE"},{"@type":"WebPage","@id":"https:\/\/lightweb.dev\/l\/svm-temp\/nyheter\/provinsen-malaga-gar-mot-strommen-bostadskopen-okar\/","url":"https:\/\/lightweb.dev\/l\/svm-temp\/nyheter\/provinsen-malaga-gar-mot-strommen-bostadskopen-okar\/","name":"Provinsen M\u00e1laga g\u00e5r mot str\u00f6mmen \u2013 bostadsk\u00f6pen \u00f6kar - Svenska Magasinet","isPartOf":{"@id":"https:\/\/lightweb.dev\/l\/svm-temp\/#website"},"primaryImageOfPage":{"@id":"https:\/\/lightweb.dev\/l\/svm-temp\/nyheter\/provinsen-malaga-gar-mot-strommen-bostadskopen-okar\/#primaryimage"},"image":{"@id":"https:\/\/lightweb.dev\/l\/svm-temp\/nyheter\/provinsen-malaga-gar-mot-strommen-bostadskopen-okar\/#primaryimage"},"thumbnailUrl":"https:\/\/lightweb.dev\/l\/svm-temp\/wp-content\/uploads\/2022\/06\/provinsen-malaga-gar-mot-strommen-bostadskopen-okar.png","datePublished":"2013-11-11T23:00:00+00:00","breadcrumb":{"@id":"https:\/\/lightweb.dev\/l\/svm-temp\/nyheter\/provinsen-malaga-gar-mot-strommen-bostadskopen-okar\/#breadcrumb"},"inLanguage":"sv-SE","potentialAction":[{"@type":"ReadAction","target":["https:\/\/lightweb.dev\/l\/svm-temp\/nyheter\/provinsen-malaga-gar-mot-strommen-bostadskopen-okar\/"]}]},{"@type":"ImageObject","inLanguage":"sv-SE","@id":"https:\/\/lightweb.dev\/l\/svm-temp\/nyheter\/provinsen-malaga-gar-mot-strommen-bostadskopen-okar\/#primaryimage","url":"https:\/\/lightweb.dev\/l\/svm-temp\/wp-content\/uploads\/2022\/06\/provinsen-malaga-gar-mot-strommen-bostadskopen-okar.png","contentUrl":"https:\/\/lightweb.dev\/l\/svm-temp\/wp-content\/uploads\/2022\/06\/provinsen-malaga-gar-mot-strommen-bostadskopen-okar.png","width":280,"height":210},{"@type":"BreadcrumbList","@id":"https:\/\/lightweb.dev\/l\/svm-temp\/nyheter\/provinsen-malaga-gar-mot-strommen-bostadskopen-okar\/#breadcrumb","itemListElement":[{"@type":"ListItem","position":1,"name":"Hem","item":"https:\/\/lightweb.dev\/l\/svm-temp\/"},{"@type":"ListItem","position":2,"name":"Provinsen M\u00e1laga g\u00e5r mot str\u00f6mmen \u2013 bostadsk\u00f6pen \u00f6kar"}]},{"@type":"WebSite","@id":"https:\/\/lightweb.dev\/l\/svm-temp\/#website","url":"https:\/\/lightweb.dev\/l\/svm-temp\/","name":"Svenska Magasinet","description":"Dina Spanska nyheter p&aring; Svenska","publisher":{"@id":"https:\/\/lightweb.dev\/l\/svm-temp\/#organization"},"potentialAction":[{"@type":"SearchAction","target":{"@type":"EntryPoint","urlTemplate":"https:\/\/lightweb.dev\/l\/svm-temp\/?s={search_term_string}"},"query-input":{"@type":"PropertyValueSpecification","valueRequired":true,"valueName":"search_term_string"}}],"inLanguage":"sv-SE"},{"@type":"Organization","@id":"https:\/\/lightweb.dev\/l\/svm-temp\/#organization","name":"Melkerson y Nott SL","alternateName":"Svenska Magasinet","url":"https:\/\/lightweb.dev\/l\/svm-temp\/","logo":{"@type":"ImageObject","inLanguage":"sv-SE","@id":"https:\/\/lightweb.dev\/l\/svm-temp\/#\/schema\/logo\/image\/","url":"https:\/\/lightweb.dev\/l\/svm-temp\/wp-content\/uploads\/2025\/02\/SvM-logo-Xtra-Centrerad-SVART.png","contentUrl":"https:\/\/lightweb.dev\/l\/svm-temp\/wp-content\/uploads\/2025\/02\/SvM-logo-Xtra-Centrerad-SVART.png","width":300,"height":99,"caption":"Melkerson y Nott SL"},"image":{"@id":"https:\/\/lightweb.dev\/l\/svm-temp\/#\/schema\/logo\/image\/"},"sameAs":["https:\/\/www.facebook.com\/svenskamagasinet","https:\/\/x.com\/SvenskaMagasine"]},{"@type":"Person","@id":"https:\/\/lightweb.dev\/l\/svm-temp\/#\/schema\/person\/206a3bda5b607b0c25e1749191e4d837","name":"Redaktionen SvM","description":"Redaktionen","sameAs":["https:\/\/lightweb.dev\/l\/svm-temp"],"url":"https:\/\/lightweb.dev\/l\/svm-temp\/reporter\/redaktionen\/"}]}},"_links":{"self":[{"href":"https:\/\/lightweb.dev\/l\/svm-temp\/wp-json\/wp\/v2\/posts\/28533","targetHints":{"allow":["GET"]}}],"collection":[{"href":"https:\/\/lightweb.dev\/l\/svm-temp\/wp-json\/wp\/v2\/posts"}],"about":[{"href":"https:\/\/lightweb.dev\/l\/svm-temp\/wp-json\/wp\/v2\/types\/post"}],"author":[{"embeddable":true,"href":"https:\/\/lightweb.dev\/l\/svm-temp\/wp-json\/wp\/v2\/users\/8"}],"replies":[{"embeddable":true,"href":"https:\/\/lightweb.dev\/l\/svm-temp\/wp-json\/wp\/v2\/comments?post=28533"}],"version-history":[{"count":0,"href":"https:\/\/lightweb.dev\/l\/svm-temp\/wp-json\/wp\/v2\/posts\/28533\/revisions"}],"wp:featuredmedia":[{"embeddable":true,"href":"https:\/\/lightweb.dev\/l\/svm-temp\/wp-json\/wp\/v2\/media\/28536"}],"wp:attachment":[{"href":"https:\/\/lightweb.dev\/l\/svm-temp\/wp-json\/wp\/v2\/media?parent=28533"}],"wp:term":[{"taxonomy":"category","embeddable":true,"href":"https:\/\/lightweb.dev\/l\/svm-temp\/wp-json\/wp\/v2\/categories?post=28533"},{"taxonomy":"post_tag","embeddable":true,"href":"https:\/\/lightweb.dev\/l\/svm-temp\/wp-json\/wp\/v2\/tags?post=28533"}],"curies":[{"name":"wp","href":"https:\/\/api.w.org\/{rel}","templated":true}]}}