{"id":28567,"date":"2013-11-07T00:00:00","date_gmt":"2013-11-06T23:00:00","guid":{"rendered":"https:\/\/lightweb.dev\/l\/svm-temp\/nyheter\/tredje-gangen-gillt-for-fastighetsbyran-i-fuengirola\/"},"modified":"2013-11-07T00:00:00","modified_gmt":"2013-11-06T23:00:00","slug":"tredje-gangen-gillt-for-fastighetsbyran-i-fuengirola","status":"publish","type":"post","link":"https:\/\/lightweb.dev\/l\/svm-temp\/nyheter\/tredje-gangen-gillt-for-fastighetsbyran-i-fuengirola\/","title":{"rendered":"Tredje g\u00e5ngen gillt f\u00f6r Fastighetsbyr\u00e5n i Fuengirola?"},"content":{"rendered":"<p> Fastighetsbyr\u00e5n invigde p\u00e5 onsdagen sitt nya franchisekontor i h\u00f6rnet av Avenida Ramon y Cajal 7 och Calle Salvador Cortes 1 i centrala Fuengirola. Niclas Udd\u00e9n \u00e4r franchistagare f\u00f6r kontoret. Av Ola Josefsson<\/p>\n<p>&#8211; Fastighetsbyr\u00e5n \u00e4r ett starkt varum\u00e4rke med kompetens inom alla omr\u00e5den vilket saknas i alla sm\u00e5bolag, s\u00e4ger Niclas Udd\u00e9n som i grunden \u00e4r utbildad jurist.<\/p>\n<p>Det blir tredje g\u00e5ngen som Fastighetsbyr\u00e5n \u00f6ppnar ett franchisekontor i Fuengirola. Dags att lyckas nu?<br \/>\n&#8211; Det \u00e4r en tuff bransch. Vi ska g\u00f6ra ett bra jobb och ge god service till v\u00e5ra svenska kunder. Vi \u00e4r sex personer som sitter i en modern ljus lokal. Vi \u00e4r ett bra skyltf\u00f6nster p\u00e5 huvudgatan f\u00f6r dem som g\u00e5r och letar efter bost\u00e4der, menar Niclas Udd\u00e9n.<\/p>\n<p>F\u00f6rs\u00e4ljningskontoret i Fuengirola ska i f\u00f6rsta hand arbeta mellan M\u00e1laga och Calahonda i Mijas Costa.<br \/>\n&#8211; Fuengirola har en internationell status och intresset f\u00f6r Benalm\u00e1dena \u00e4r stort. Vi har tagit in m\u00e5nga intressanta objekt i Benalm\u00e1dena som ligger bra till p\u00e5 Solkusten. <\/p>\n<p>Vid ny\u00f6ppningen i Fuengirola n\u00e4rvarade Per Johnler, styrelseordf\u00f6rande i Fastighetsbyr\u00e5n, Daniel Nilsson, regionchef f\u00f6r Spanien, Markus Michanek, C.F.O samt Constanza Gure, aff\u00e4rsst\u00f6d.<\/p>\n<p>2011 bytte verksamheten i Spanien namn fr\u00e5n Fastighetsbyr\u00e5n till The Real Estate Agency. I samband med att Fastighetsbyr\u00e5n i Sverige bytte logotyp har The Real Estate Agency sett \u00f6ver sitt varum\u00e4rke. Nyligen valde verksamheten i Spanien att \u00e5terg\u00e5 till samma namn som moderbolaget i Sverige \u2013 Fastighetsbyr\u00e5n.<\/p>\n<p>Fastighetsbyr\u00e5n i Spanien har etablerade nya franchisekontor i Albir\/Altea, Barcelona, Marbella, Nerja, Palma de Mallorca, Torrevieja, Alicante och Fuengirola.<\/p>\n<p>Under torsdagen invigs ett nytt nya franchisekontor i San Augustin p\u00e5 Gran Canaria.<\/p>\n","protected":false},"excerpt":{"rendered":"<p>Fastighetsbyr\u00e5n invigde p\u00e5 onsdagen sitt nya franchisekontor i h\u00f6rnet av Avenida Ramon y Cajal 7 och Calle Salvador Cortes 1 i centrala Fuengirola. Niclas Udd\u00e9n \u00e4r franchistagare f\u00f6r kontoret. Av Ola Josefsson &#8211; Fastighetsbyr\u00e5n \u00e4r ett starkt varum\u00e4rke med kompetens inom alla omr\u00e5den vilket saknas i alla sm\u00e5bolag, s\u00e4ger Niclas Udd\u00e9n som i grunden \u00e4r [&hellip;]<\/p>\n","protected":false},"author":8,"featured_media":28570,"comment_status":"open","ping_status":"open","sticky":false,"template":"","format":"standard","meta":{"_et_pb_use_builder":"","_et_pb_old_content":"","_et_gb_content_width":"","footnotes":""},"categories":[395,3],"tags":[],"class_list":["post-28567","post","type-post","status-publish","format-standard","has-post-thumbnail","hentry","category-arkiv-nyheter","category-nyheter"],"yoast_head":"<!-- This site is optimized with the Yoast SEO Premium plugin v26.2 (Yoast SEO v27.4) - https:\/\/yoast.com\/product\/yoast-seo-premium-wordpress\/ -->\n<title>Tredje g\u00e5ngen gillt f\u00f6r Fastighetsbyr\u00e5n i Fuengirola? - Svenska Magasinet<\/title>\n<meta name=\"robots\" content=\"noindex, follow, max-snippet:-1, max-image-preview:large, max-video-preview:-1\" \/>\n<meta property=\"og:locale\" content=\"sv_SE\" \/>\n<meta property=\"og:type\" content=\"article\" \/>\n<meta property=\"og:title\" content=\"Tredje g\u00e5ngen gillt f\u00f6r Fastighetsbyr\u00e5n i Fuengirola?\" \/>\n<meta property=\"og:description\" content=\"Fastighetsbyr\u00e5n invigde p\u00e5 onsdagen sitt nya franchisekontor i h\u00f6rnet av Avenida Ramon y Cajal 7 och Calle Salvador Cortes 1 i centrala Fuengirola. Niclas Udd\u00e9n \u00e4r franchistagare f\u00f6r kontoret. Av Ola Josefsson &#8211; Fastighetsbyr\u00e5n \u00e4r ett starkt varum\u00e4rke med kompetens inom alla omr\u00e5den vilket saknas i alla sm\u00e5bolag, s\u00e4ger Niclas Udd\u00e9n som i grunden \u00e4r [&hellip;]\" \/>\n<meta property=\"og:url\" content=\"https:\/\/lightweb.dev\/l\/svm-temp\/nyheter\/tredje-gangen-gillt-for-fastighetsbyran-i-fuengirola\/\" \/>\n<meta property=\"og:site_name\" content=\"Svenska Magasinet\" \/>\n<meta property=\"article:publisher\" content=\"https:\/\/www.facebook.com\/svenskamagasinet\" \/>\n<meta property=\"article:published_time\" content=\"2013-11-06T23:00:00+00:00\" \/>\n<meta name=\"author\" content=\"Redaktionen SvM\" \/>\n<meta name=\"twitter:card\" content=\"summary_large_image\" \/>\n<meta name=\"twitter:creator\" content=\"@SvenskaMagasine\" \/>\n<meta name=\"twitter:site\" content=\"@SvenskaMagasine\" \/>\n<script type=\"application\/ld+json\" class=\"yoast-schema-graph\">{\"@context\":\"https:\\\/\\\/schema.org\",\"@graph\":[{\"@type\":\"Article\",\"@id\":\"https:\\\/\\\/lightweb.dev\\\/l\\\/svm-temp\\\/nyheter\\\/tredje-gangen-gillt-for-fastighetsbyran-i-fuengirola\\\/#article\",\"isPartOf\":{\"@id\":\"https:\\\/\\\/lightweb.dev\\\/l\\\/svm-temp\\\/nyheter\\\/tredje-gangen-gillt-for-fastighetsbyran-i-fuengirola\\\/\"},\"author\":{\"name\":\"Redaktionen SvM\",\"@id\":\"https:\\\/\\\/lightweb.dev\\\/l\\\/svm-temp\\\/#\\\/schema\\\/person\\\/206a3bda5b607b0c25e1749191e4d837\"},\"headline\":\"Tredje g\u00e5ngen gillt f\u00f6r Fastighetsbyr\u00e5n i Fuengirola?\",\"datePublished\":\"2013-11-06T23:00:00+00:00\",\"mainEntityOfPage\":{\"@id\":\"https:\\\/\\\/lightweb.dev\\\/l\\\/svm-temp\\\/nyheter\\\/tredje-gangen-gillt-for-fastighetsbyran-i-fuengirola\\\/\"},\"wordCount\":313,\"commentCount\":0,\"publisher\":{\"@id\":\"https:\\\/\\\/lightweb.dev\\\/l\\\/svm-temp\\\/#organization\"},\"image\":{\"@id\":\"https:\\\/\\\/lightweb.dev\\\/l\\\/svm-temp\\\/nyheter\\\/tredje-gangen-gillt-for-fastighetsbyran-i-fuengirola\\\/#primaryimage\"},\"thumbnailUrl\":\"https:\\\/\\\/lightweb.dev\\\/l\\\/svm-temp\\\/wp-content\\\/uploads\\\/2022\\\/06\\\/tredje-gangen-gillt-for-fastighetsbyran-i-fuengirola.png\",\"articleSection\":[\"Arkiv\",\"Nyheter\"],\"inLanguage\":\"sv-SE\"},{\"@type\":\"WebPage\",\"@id\":\"https:\\\/\\\/lightweb.dev\\\/l\\\/svm-temp\\\/nyheter\\\/tredje-gangen-gillt-for-fastighetsbyran-i-fuengirola\\\/\",\"url\":\"https:\\\/\\\/lightweb.dev\\\/l\\\/svm-temp\\\/nyheter\\\/tredje-gangen-gillt-for-fastighetsbyran-i-fuengirola\\\/\",\"name\":\"Tredje g\u00e5ngen gillt f\u00f6r Fastighetsbyr\u00e5n i Fuengirola? - Svenska Magasinet\",\"isPartOf\":{\"@id\":\"https:\\\/\\\/lightweb.dev\\\/l\\\/svm-temp\\\/#website\"},\"primaryImageOfPage\":{\"@id\":\"https:\\\/\\\/lightweb.dev\\\/l\\\/svm-temp\\\/nyheter\\\/tredje-gangen-gillt-for-fastighetsbyran-i-fuengirola\\\/#primaryimage\"},\"image\":{\"@id\":\"https:\\\/\\\/lightweb.dev\\\/l\\\/svm-temp\\\/nyheter\\\/tredje-gangen-gillt-for-fastighetsbyran-i-fuengirola\\\/#primaryimage\"},\"thumbnailUrl\":\"https:\\\/\\\/lightweb.dev\\\/l\\\/svm-temp\\\/wp-content\\\/uploads\\\/2022\\\/06\\\/tredje-gangen-gillt-for-fastighetsbyran-i-fuengirola.png\",\"datePublished\":\"2013-11-06T23:00:00+00:00\",\"breadcrumb\":{\"@id\":\"https:\\\/\\\/lightweb.dev\\\/l\\\/svm-temp\\\/nyheter\\\/tredje-gangen-gillt-for-fastighetsbyran-i-fuengirola\\\/#breadcrumb\"},\"inLanguage\":\"sv-SE\",\"potentialAction\":[{\"@type\":\"ReadAction\",\"target\":[\"https:\\\/\\\/lightweb.dev\\\/l\\\/svm-temp\\\/nyheter\\\/tredje-gangen-gillt-for-fastighetsbyran-i-fuengirola\\\/\"]}]},{\"@type\":\"ImageObject\",\"inLanguage\":\"sv-SE\",\"@id\":\"https:\\\/\\\/lightweb.dev\\\/l\\\/svm-temp\\\/nyheter\\\/tredje-gangen-gillt-for-fastighetsbyran-i-fuengirola\\\/#primaryimage\",\"url\":\"https:\\\/\\\/lightweb.dev\\\/l\\\/svm-temp\\\/wp-content\\\/uploads\\\/2022\\\/06\\\/tredje-gangen-gillt-for-fastighetsbyran-i-fuengirola.png\",\"contentUrl\":\"https:\\\/\\\/lightweb.dev\\\/l\\\/svm-temp\\\/wp-content\\\/uploads\\\/2022\\\/06\\\/tredje-gangen-gillt-for-fastighetsbyran-i-fuengirola.png\",\"width\":299,\"height\":200},{\"@type\":\"BreadcrumbList\",\"@id\":\"https:\\\/\\\/lightweb.dev\\\/l\\\/svm-temp\\\/nyheter\\\/tredje-gangen-gillt-for-fastighetsbyran-i-fuengirola\\\/#breadcrumb\",\"itemListElement\":[{\"@type\":\"ListItem\",\"position\":1,\"name\":\"Hem\",\"item\":\"https:\\\/\\\/lightweb.dev\\\/l\\\/svm-temp\\\/\"},{\"@type\":\"ListItem\",\"position\":2,\"name\":\"Tredje g\u00e5ngen gillt f\u00f6r Fastighetsbyr\u00e5n i Fuengirola?\"}]},{\"@type\":\"WebSite\",\"@id\":\"https:\\\/\\\/lightweb.dev\\\/l\\\/svm-temp\\\/#website\",\"url\":\"https:\\\/\\\/lightweb.dev\\\/l\\\/svm-temp\\\/\",\"name\":\"Svenska Magasinet\",\"description\":\"Dina Spanska nyheter p&aring; Svenska\",\"publisher\":{\"@id\":\"https:\\\/\\\/lightweb.dev\\\/l\\\/svm-temp\\\/#organization\"},\"potentialAction\":[{\"@type\":\"SearchAction\",\"target\":{\"@type\":\"EntryPoint\",\"urlTemplate\":\"https:\\\/\\\/lightweb.dev\\\/l\\\/svm-temp\\\/?s={search_term_string}\"},\"query-input\":{\"@type\":\"PropertyValueSpecification\",\"valueRequired\":true,\"valueName\":\"search_term_string\"}}],\"inLanguage\":\"sv-SE\"},{\"@type\":\"Organization\",\"@id\":\"https:\\\/\\\/lightweb.dev\\\/l\\\/svm-temp\\\/#organization\",\"name\":\"Melkerson y Nott SL\",\"alternateName\":\"Svenska Magasinet\",\"url\":\"https:\\\/\\\/lightweb.dev\\\/l\\\/svm-temp\\\/\",\"logo\":{\"@type\":\"ImageObject\",\"inLanguage\":\"sv-SE\",\"@id\":\"https:\\\/\\\/lightweb.dev\\\/l\\\/svm-temp\\\/#\\\/schema\\\/logo\\\/image\\\/\",\"url\":\"https:\\\/\\\/lightweb.dev\\\/l\\\/svm-temp\\\/wp-content\\\/uploads\\\/2025\\\/02\\\/SvM-logo-Xtra-Centrerad-SVART.png\",\"contentUrl\":\"https:\\\/\\\/lightweb.dev\\\/l\\\/svm-temp\\\/wp-content\\\/uploads\\\/2025\\\/02\\\/SvM-logo-Xtra-Centrerad-SVART.png\",\"width\":300,\"height\":99,\"caption\":\"Melkerson y Nott SL\"},\"image\":{\"@id\":\"https:\\\/\\\/lightweb.dev\\\/l\\\/svm-temp\\\/#\\\/schema\\\/logo\\\/image\\\/\"},\"sameAs\":[\"https:\\\/\\\/www.facebook.com\\\/svenskamagasinet\",\"https:\\\/\\\/x.com\\\/SvenskaMagasine\"]},{\"@type\":\"Person\",\"@id\":\"https:\\\/\\\/lightweb.dev\\\/l\\\/svm-temp\\\/#\\\/schema\\\/person\\\/206a3bda5b607b0c25e1749191e4d837\",\"name\":\"Redaktionen SvM\",\"description\":\"Redaktionen\",\"sameAs\":[\"https:\\\/\\\/lightweb.dev\\\/l\\\/svm-temp\"],\"url\":\"https:\\\/\\\/lightweb.dev\\\/l\\\/svm-temp\\\/reporter\\\/redaktionen\\\/\"}]}<\/script>\n<!-- \/ Yoast SEO Premium plugin. -->","yoast_head_json":{"title":"Tredje g\u00e5ngen gillt f\u00f6r Fastighetsbyr\u00e5n i Fuengirola? - Svenska Magasinet","robots":{"index":"noindex","follow":"follow","max-snippet":"max-snippet:-1","max-image-preview":"max-image-preview:large","max-video-preview":"max-video-preview:-1"},"og_locale":"sv_SE","og_type":"article","og_title":"Tredje g\u00e5ngen gillt f\u00f6r Fastighetsbyr\u00e5n i Fuengirola?","og_description":"Fastighetsbyr\u00e5n invigde p\u00e5 onsdagen sitt nya franchisekontor i h\u00f6rnet av Avenida Ramon y Cajal 7 och Calle Salvador Cortes 1 i centrala Fuengirola. Niclas Udd\u00e9n \u00e4r franchistagare f\u00f6r kontoret. Av Ola Josefsson &#8211; Fastighetsbyr\u00e5n \u00e4r ett starkt varum\u00e4rke med kompetens inom alla omr\u00e5den vilket saknas i alla sm\u00e5bolag, s\u00e4ger Niclas Udd\u00e9n som i grunden \u00e4r [&hellip;]","og_url":"https:\/\/lightweb.dev\/l\/svm-temp\/nyheter\/tredje-gangen-gillt-for-fastighetsbyran-i-fuengirola\/","og_site_name":"Svenska Magasinet","article_publisher":"https:\/\/www.facebook.com\/svenskamagasinet","article_published_time":"2013-11-06T23:00:00+00:00","author":"Redaktionen SvM","twitter_card":"summary_large_image","twitter_creator":"@SvenskaMagasine","twitter_site":"@SvenskaMagasine","schema":{"@context":"https:\/\/schema.org","@graph":[{"@type":"Article","@id":"https:\/\/lightweb.dev\/l\/svm-temp\/nyheter\/tredje-gangen-gillt-for-fastighetsbyran-i-fuengirola\/#article","isPartOf":{"@id":"https:\/\/lightweb.dev\/l\/svm-temp\/nyheter\/tredje-gangen-gillt-for-fastighetsbyran-i-fuengirola\/"},"author":{"name":"Redaktionen SvM","@id":"https:\/\/lightweb.dev\/l\/svm-temp\/#\/schema\/person\/206a3bda5b607b0c25e1749191e4d837"},"headline":"Tredje g\u00e5ngen gillt f\u00f6r Fastighetsbyr\u00e5n i Fuengirola?","datePublished":"2013-11-06T23:00:00+00:00","mainEntityOfPage":{"@id":"https:\/\/lightweb.dev\/l\/svm-temp\/nyheter\/tredje-gangen-gillt-for-fastighetsbyran-i-fuengirola\/"},"wordCount":313,"commentCount":0,"publisher":{"@id":"https:\/\/lightweb.dev\/l\/svm-temp\/#organization"},"image":{"@id":"https:\/\/lightweb.dev\/l\/svm-temp\/nyheter\/tredje-gangen-gillt-for-fastighetsbyran-i-fuengirola\/#primaryimage"},"thumbnailUrl":"https:\/\/lightweb.dev\/l\/svm-temp\/wp-content\/uploads\/2022\/06\/tredje-gangen-gillt-for-fastighetsbyran-i-fuengirola.png","articleSection":["Arkiv","Nyheter"],"inLanguage":"sv-SE"},{"@type":"WebPage","@id":"https:\/\/lightweb.dev\/l\/svm-temp\/nyheter\/tredje-gangen-gillt-for-fastighetsbyran-i-fuengirola\/","url":"https:\/\/lightweb.dev\/l\/svm-temp\/nyheter\/tredje-gangen-gillt-for-fastighetsbyran-i-fuengirola\/","name":"Tredje g\u00e5ngen gillt f\u00f6r Fastighetsbyr\u00e5n i Fuengirola? - Svenska Magasinet","isPartOf":{"@id":"https:\/\/lightweb.dev\/l\/svm-temp\/#website"},"primaryImageOfPage":{"@id":"https:\/\/lightweb.dev\/l\/svm-temp\/nyheter\/tredje-gangen-gillt-for-fastighetsbyran-i-fuengirola\/#primaryimage"},"image":{"@id":"https:\/\/lightweb.dev\/l\/svm-temp\/nyheter\/tredje-gangen-gillt-for-fastighetsbyran-i-fuengirola\/#primaryimage"},"thumbnailUrl":"https:\/\/lightweb.dev\/l\/svm-temp\/wp-content\/uploads\/2022\/06\/tredje-gangen-gillt-for-fastighetsbyran-i-fuengirola.png","datePublished":"2013-11-06T23:00:00+00:00","breadcrumb":{"@id":"https:\/\/lightweb.dev\/l\/svm-temp\/nyheter\/tredje-gangen-gillt-for-fastighetsbyran-i-fuengirola\/#breadcrumb"},"inLanguage":"sv-SE","potentialAction":[{"@type":"ReadAction","target":["https:\/\/lightweb.dev\/l\/svm-temp\/nyheter\/tredje-gangen-gillt-for-fastighetsbyran-i-fuengirola\/"]}]},{"@type":"ImageObject","inLanguage":"sv-SE","@id":"https:\/\/lightweb.dev\/l\/svm-temp\/nyheter\/tredje-gangen-gillt-for-fastighetsbyran-i-fuengirola\/#primaryimage","url":"https:\/\/lightweb.dev\/l\/svm-temp\/wp-content\/uploads\/2022\/06\/tredje-gangen-gillt-for-fastighetsbyran-i-fuengirola.png","contentUrl":"https:\/\/lightweb.dev\/l\/svm-temp\/wp-content\/uploads\/2022\/06\/tredje-gangen-gillt-for-fastighetsbyran-i-fuengirola.png","width":299,"height":200},{"@type":"BreadcrumbList","@id":"https:\/\/lightweb.dev\/l\/svm-temp\/nyheter\/tredje-gangen-gillt-for-fastighetsbyran-i-fuengirola\/#breadcrumb","itemListElement":[{"@type":"ListItem","position":1,"name":"Hem","item":"https:\/\/lightweb.dev\/l\/svm-temp\/"},{"@type":"ListItem","position":2,"name":"Tredje g\u00e5ngen gillt f\u00f6r Fastighetsbyr\u00e5n i Fuengirola?"}]},{"@type":"WebSite","@id":"https:\/\/lightweb.dev\/l\/svm-temp\/#website","url":"https:\/\/lightweb.dev\/l\/svm-temp\/","name":"Svenska Magasinet","description":"Dina Spanska nyheter p&aring; Svenska","publisher":{"@id":"https:\/\/lightweb.dev\/l\/svm-temp\/#organization"},"potentialAction":[{"@type":"SearchAction","target":{"@type":"EntryPoint","urlTemplate":"https:\/\/lightweb.dev\/l\/svm-temp\/?s={search_term_string}"},"query-input":{"@type":"PropertyValueSpecification","valueRequired":true,"valueName":"search_term_string"}}],"inLanguage":"sv-SE"},{"@type":"Organization","@id":"https:\/\/lightweb.dev\/l\/svm-temp\/#organization","name":"Melkerson y Nott SL","alternateName":"Svenska Magasinet","url":"https:\/\/lightweb.dev\/l\/svm-temp\/","logo":{"@type":"ImageObject","inLanguage":"sv-SE","@id":"https:\/\/lightweb.dev\/l\/svm-temp\/#\/schema\/logo\/image\/","url":"https:\/\/lightweb.dev\/l\/svm-temp\/wp-content\/uploads\/2025\/02\/SvM-logo-Xtra-Centrerad-SVART.png","contentUrl":"https:\/\/lightweb.dev\/l\/svm-temp\/wp-content\/uploads\/2025\/02\/SvM-logo-Xtra-Centrerad-SVART.png","width":300,"height":99,"caption":"Melkerson y Nott SL"},"image":{"@id":"https:\/\/lightweb.dev\/l\/svm-temp\/#\/schema\/logo\/image\/"},"sameAs":["https:\/\/www.facebook.com\/svenskamagasinet","https:\/\/x.com\/SvenskaMagasine"]},{"@type":"Person","@id":"https:\/\/lightweb.dev\/l\/svm-temp\/#\/schema\/person\/206a3bda5b607b0c25e1749191e4d837","name":"Redaktionen SvM","description":"Redaktionen","sameAs":["https:\/\/lightweb.dev\/l\/svm-temp"],"url":"https:\/\/lightweb.dev\/l\/svm-temp\/reporter\/redaktionen\/"}]}},"_links":{"self":[{"href":"https:\/\/lightweb.dev\/l\/svm-temp\/wp-json\/wp\/v2\/posts\/28567","targetHints":{"allow":["GET"]}}],"collection":[{"href":"https:\/\/lightweb.dev\/l\/svm-temp\/wp-json\/wp\/v2\/posts"}],"about":[{"href":"https:\/\/lightweb.dev\/l\/svm-temp\/wp-json\/wp\/v2\/types\/post"}],"author":[{"embeddable":true,"href":"https:\/\/lightweb.dev\/l\/svm-temp\/wp-json\/wp\/v2\/users\/8"}],"replies":[{"embeddable":true,"href":"https:\/\/lightweb.dev\/l\/svm-temp\/wp-json\/wp\/v2\/comments?post=28567"}],"version-history":[{"count":0,"href":"https:\/\/lightweb.dev\/l\/svm-temp\/wp-json\/wp\/v2\/posts\/28567\/revisions"}],"wp:featuredmedia":[{"embeddable":true,"href":"https:\/\/lightweb.dev\/l\/svm-temp\/wp-json\/wp\/v2\/media\/28570"}],"wp:attachment":[{"href":"https:\/\/lightweb.dev\/l\/svm-temp\/wp-json\/wp\/v2\/media?parent=28567"}],"wp:term":[{"taxonomy":"category","embeddable":true,"href":"https:\/\/lightweb.dev\/l\/svm-temp\/wp-json\/wp\/v2\/categories?post=28567"},{"taxonomy":"post_tag","embeddable":true,"href":"https:\/\/lightweb.dev\/l\/svm-temp\/wp-json\/wp\/v2\/tags?post=28567"}],"curies":[{"name":"wp","href":"https:\/\/api.w.org\/{rel}","templated":true}]}}