{"id":28569,"date":"2013-11-07T00:00:00","date_gmt":"2013-11-06T23:00:00","guid":{"rendered":"https:\/\/lightweb.dev\/l\/svm-temp\/nyheter\/malaga-skakas-av-nytt-konsrelaterat-mord\/"},"modified":"2013-11-07T00:00:00","modified_gmt":"2013-11-06T23:00:00","slug":"malaga-skakas-av-nytt-konsrelaterat-mord","status":"publish","type":"post","link":"https:\/\/lightweb.dev\/l\/svm-temp\/nyheter\/malaga-skakas-av-nytt-konsrelaterat-mord\/","title":{"rendered":"M\u00e1laga skakas av nytt k\u00f6nsrelaterat mord"},"content":{"rendered":"<p> I september str\u00f6ps en kvinna och hennes son till d\u00f6ds av ex-mannen. Nu skakas M\u00e1laga av \u00e4nnu ett k\u00f6nsrelaterat mord efter att den 67-\u00e5riga kvinnan Rosario G\u00e1lvez knivhuggits till d\u00f6ds av sin ex-make Jos\u00e9 Garc\u00eda.<\/p>\n<p>Det var strax efter midnatt natten mot onsdagen som h\u00e4ndelsen intr\u00e4ffade p\u00e5 calle Comendador Bobadilla 2 i stadsdelen Ciudad Jardin i M\u00e1laga. Enligt polisk\u00e4llor ska kvinnan ha v\u00e4grat att sl\u00e4ppa in mannen. Boende i fastigheten vittnar om h\u00f6ga r\u00f6ster och skrik.<\/p>\n<p>Mannen och kvinnan har tidigare varit ett par. Efter att ha separerat f\u00f6r \u00e5tta m\u00e5nader sedan har de fortsatt att bo under samma tak. Uppgifter tyder p\u00e5 att kvinnan ska ha v\u00e5rdat mannen efter att han hade genomg\u00e5tt en prostataoperation.<\/p>\n<p>Diario SUR skriver att kvinnan fick motta tio knivhugg i hals och br\u00f6st. Mannen ska d\u00e4refter ha kastat sig ut fr\u00e5n femte v\u00e5ningen och tagit sitt liv.<\/p>\n<p>Rosario G\u00e1lvez beskrivs som en aktiv kommunist. Hon var tidigare gift med partiledaren f\u00f6r Kommunistpartiet, Jos\u00e9 Manuel Luque G\u00e1lvez. Fr\u00e5n detta f\u00f6rsta \u00e4ktenskap hade Rosario tre barn.<\/p>\n<p>Hon beskrivs som en \u201dp\u00e5litlig kommunist\u201d av sina v\u00e4nner som s\u00f6rjer henne djupt.<\/p>\n<p>Rosario G\u00e1lvez tr\u00e4ffade g\u00e4rningsmannen Jos\u00e9 Garc\u00eda f\u00f6r 14 \u00e5r sedan i samband med ett m\u00f6te f\u00f6r personer som hade separerat.<br \/>\n Erk\u00e4nner dubbelmord \u2013 f\u00f6rs\u00f6kte beg\u00e5 sj\u00e4lvmord<\/p>\n","protected":false},"excerpt":{"rendered":"<p>I september str\u00f6ps en kvinna och hennes son till d\u00f6ds av ex-mannen. Nu skakas M\u00e1laga av \u00e4nnu ett k\u00f6nsrelaterat mord efter att den 67-\u00e5riga kvinnan Rosario G\u00e1lvez knivhuggits till d\u00f6ds av sin ex-make Jos\u00e9 Garc\u00eda. Det var strax efter midnatt natten mot onsdagen som h\u00e4ndelsen intr\u00e4ffade p\u00e5 calle Comendador Bobadilla 2 i stadsdelen Ciudad Jardin [&hellip;]<\/p>\n","protected":false},"author":8,"featured_media":28572,"comment_status":"open","ping_status":"open","sticky":false,"template":"","format":"standard","meta":{"_et_pb_use_builder":"","_et_pb_old_content":"","_et_gb_content_width":"","footnotes":""},"categories":[395,3],"tags":[],"class_list":["post-28569","post","type-post","status-publish","format-standard","has-post-thumbnail","hentry","category-arkiv-nyheter","category-nyheter"],"yoast_head":"<!-- This site is optimized with the Yoast SEO Premium plugin v26.2 (Yoast SEO v27.4) - https:\/\/yoast.com\/product\/yoast-seo-premium-wordpress\/ -->\n<title>M\u00e1laga skakas av nytt k\u00f6nsrelaterat mord - Svenska Magasinet<\/title>\n<meta name=\"robots\" content=\"noindex, follow, max-snippet:-1, max-image-preview:large, max-video-preview:-1\" \/>\n<meta property=\"og:locale\" content=\"sv_SE\" \/>\n<meta property=\"og:type\" content=\"article\" \/>\n<meta property=\"og:title\" content=\"M\u00e1laga skakas av nytt k\u00f6nsrelaterat mord\" \/>\n<meta property=\"og:description\" content=\"I september str\u00f6ps en kvinna och hennes son till d\u00f6ds av ex-mannen. Nu skakas M\u00e1laga av \u00e4nnu ett k\u00f6nsrelaterat mord efter att den 67-\u00e5riga kvinnan Rosario G\u00e1lvez knivhuggits till d\u00f6ds av sin ex-make Jos\u00e9 Garc\u00eda. Det var strax efter midnatt natten mot onsdagen som h\u00e4ndelsen intr\u00e4ffade p\u00e5 calle Comendador Bobadilla 2 i stadsdelen Ciudad Jardin [&hellip;]\" \/>\n<meta property=\"og:url\" content=\"https:\/\/lightweb.dev\/l\/svm-temp\/nyheter\/malaga-skakas-av-nytt-konsrelaterat-mord\/\" \/>\n<meta property=\"og:site_name\" content=\"Svenska Magasinet\" \/>\n<meta property=\"article:publisher\" content=\"https:\/\/www.facebook.com\/svenskamagasinet\" \/>\n<meta property=\"article:published_time\" content=\"2013-11-06T23:00:00+00:00\" \/>\n<meta name=\"author\" content=\"Redaktionen SvM\" \/>\n<meta name=\"twitter:card\" content=\"summary_large_image\" \/>\n<meta name=\"twitter:creator\" content=\"@SvenskaMagasine\" \/>\n<meta name=\"twitter:site\" content=\"@SvenskaMagasine\" \/>\n<script type=\"application\/ld+json\" class=\"yoast-schema-graph\">{\"@context\":\"https:\\\/\\\/schema.org\",\"@graph\":[{\"@type\":\"Article\",\"@id\":\"https:\\\/\\\/lightweb.dev\\\/l\\\/svm-temp\\\/nyheter\\\/malaga-skakas-av-nytt-konsrelaterat-mord\\\/#article\",\"isPartOf\":{\"@id\":\"https:\\\/\\\/lightweb.dev\\\/l\\\/svm-temp\\\/nyheter\\\/malaga-skakas-av-nytt-konsrelaterat-mord\\\/\"},\"author\":{\"name\":\"Redaktionen SvM\",\"@id\":\"https:\\\/\\\/lightweb.dev\\\/l\\\/svm-temp\\\/#\\\/schema\\\/person\\\/206a3bda5b607b0c25e1749191e4d837\"},\"headline\":\"M\u00e1laga skakas av nytt k\u00f6nsrelaterat mord\",\"datePublished\":\"2013-11-06T23:00:00+00:00\",\"mainEntityOfPage\":{\"@id\":\"https:\\\/\\\/lightweb.dev\\\/l\\\/svm-temp\\\/nyheter\\\/malaga-skakas-av-nytt-konsrelaterat-mord\\\/\"},\"wordCount\":257,\"commentCount\":0,\"publisher\":{\"@id\":\"https:\\\/\\\/lightweb.dev\\\/l\\\/svm-temp\\\/#organization\"},\"image\":{\"@id\":\"https:\\\/\\\/lightweb.dev\\\/l\\\/svm-temp\\\/nyheter\\\/malaga-skakas-av-nytt-konsrelaterat-mord\\\/#primaryimage\"},\"thumbnailUrl\":\"https:\\\/\\\/lightweb.dev\\\/l\\\/svm-temp\\\/wp-content\\\/uploads\\\/2022\\\/06\\\/malaga-skakas-av-nytt-konsrelaterat-mord.png\",\"articleSection\":[\"Arkiv\",\"Nyheter\"],\"inLanguage\":\"sv-SE\"},{\"@type\":\"WebPage\",\"@id\":\"https:\\\/\\\/lightweb.dev\\\/l\\\/svm-temp\\\/nyheter\\\/malaga-skakas-av-nytt-konsrelaterat-mord\\\/\",\"url\":\"https:\\\/\\\/lightweb.dev\\\/l\\\/svm-temp\\\/nyheter\\\/malaga-skakas-av-nytt-konsrelaterat-mord\\\/\",\"name\":\"M\u00e1laga skakas av nytt k\u00f6nsrelaterat mord - Svenska Magasinet\",\"isPartOf\":{\"@id\":\"https:\\\/\\\/lightweb.dev\\\/l\\\/svm-temp\\\/#website\"},\"primaryImageOfPage\":{\"@id\":\"https:\\\/\\\/lightweb.dev\\\/l\\\/svm-temp\\\/nyheter\\\/malaga-skakas-av-nytt-konsrelaterat-mord\\\/#primaryimage\"},\"image\":{\"@id\":\"https:\\\/\\\/lightweb.dev\\\/l\\\/svm-temp\\\/nyheter\\\/malaga-skakas-av-nytt-konsrelaterat-mord\\\/#primaryimage\"},\"thumbnailUrl\":\"https:\\\/\\\/lightweb.dev\\\/l\\\/svm-temp\\\/wp-content\\\/uploads\\\/2022\\\/06\\\/malaga-skakas-av-nytt-konsrelaterat-mord.png\",\"datePublished\":\"2013-11-06T23:00:00+00:00\",\"breadcrumb\":{\"@id\":\"https:\\\/\\\/lightweb.dev\\\/l\\\/svm-temp\\\/nyheter\\\/malaga-skakas-av-nytt-konsrelaterat-mord\\\/#breadcrumb\"},\"inLanguage\":\"sv-SE\",\"potentialAction\":[{\"@type\":\"ReadAction\",\"target\":[\"https:\\\/\\\/lightweb.dev\\\/l\\\/svm-temp\\\/nyheter\\\/malaga-skakas-av-nytt-konsrelaterat-mord\\\/\"]}]},{\"@type\":\"ImageObject\",\"inLanguage\":\"sv-SE\",\"@id\":\"https:\\\/\\\/lightweb.dev\\\/l\\\/svm-temp\\\/nyheter\\\/malaga-skakas-av-nytt-konsrelaterat-mord\\\/#primaryimage\",\"url\":\"https:\\\/\\\/lightweb.dev\\\/l\\\/svm-temp\\\/wp-content\\\/uploads\\\/2022\\\/06\\\/malaga-skakas-av-nytt-konsrelaterat-mord.png\",\"contentUrl\":\"https:\\\/\\\/lightweb.dev\\\/l\\\/svm-temp\\\/wp-content\\\/uploads\\\/2022\\\/06\\\/malaga-skakas-av-nytt-konsrelaterat-mord.png\",\"width\":299,\"height\":200},{\"@type\":\"BreadcrumbList\",\"@id\":\"https:\\\/\\\/lightweb.dev\\\/l\\\/svm-temp\\\/nyheter\\\/malaga-skakas-av-nytt-konsrelaterat-mord\\\/#breadcrumb\",\"itemListElement\":[{\"@type\":\"ListItem\",\"position\":1,\"name\":\"Hem\",\"item\":\"https:\\\/\\\/lightweb.dev\\\/l\\\/svm-temp\\\/\"},{\"@type\":\"ListItem\",\"position\":2,\"name\":\"M\u00e1laga skakas av nytt k\u00f6nsrelaterat mord\"}]},{\"@type\":\"WebSite\",\"@id\":\"https:\\\/\\\/lightweb.dev\\\/l\\\/svm-temp\\\/#website\",\"url\":\"https:\\\/\\\/lightweb.dev\\\/l\\\/svm-temp\\\/\",\"name\":\"Svenska Magasinet\",\"description\":\"Dina Spanska nyheter p&aring; Svenska\",\"publisher\":{\"@id\":\"https:\\\/\\\/lightweb.dev\\\/l\\\/svm-temp\\\/#organization\"},\"potentialAction\":[{\"@type\":\"SearchAction\",\"target\":{\"@type\":\"EntryPoint\",\"urlTemplate\":\"https:\\\/\\\/lightweb.dev\\\/l\\\/svm-temp\\\/?s={search_term_string}\"},\"query-input\":{\"@type\":\"PropertyValueSpecification\",\"valueRequired\":true,\"valueName\":\"search_term_string\"}}],\"inLanguage\":\"sv-SE\"},{\"@type\":\"Organization\",\"@id\":\"https:\\\/\\\/lightweb.dev\\\/l\\\/svm-temp\\\/#organization\",\"name\":\"Melkerson y Nott SL\",\"alternateName\":\"Svenska Magasinet\",\"url\":\"https:\\\/\\\/lightweb.dev\\\/l\\\/svm-temp\\\/\",\"logo\":{\"@type\":\"ImageObject\",\"inLanguage\":\"sv-SE\",\"@id\":\"https:\\\/\\\/lightweb.dev\\\/l\\\/svm-temp\\\/#\\\/schema\\\/logo\\\/image\\\/\",\"url\":\"https:\\\/\\\/lightweb.dev\\\/l\\\/svm-temp\\\/wp-content\\\/uploads\\\/2025\\\/02\\\/SvM-logo-Xtra-Centrerad-SVART.png\",\"contentUrl\":\"https:\\\/\\\/lightweb.dev\\\/l\\\/svm-temp\\\/wp-content\\\/uploads\\\/2025\\\/02\\\/SvM-logo-Xtra-Centrerad-SVART.png\",\"width\":300,\"height\":99,\"caption\":\"Melkerson y Nott SL\"},\"image\":{\"@id\":\"https:\\\/\\\/lightweb.dev\\\/l\\\/svm-temp\\\/#\\\/schema\\\/logo\\\/image\\\/\"},\"sameAs\":[\"https:\\\/\\\/www.facebook.com\\\/svenskamagasinet\",\"https:\\\/\\\/x.com\\\/SvenskaMagasine\"]},{\"@type\":\"Person\",\"@id\":\"https:\\\/\\\/lightweb.dev\\\/l\\\/svm-temp\\\/#\\\/schema\\\/person\\\/206a3bda5b607b0c25e1749191e4d837\",\"name\":\"Redaktionen SvM\",\"description\":\"Redaktionen\",\"sameAs\":[\"https:\\\/\\\/lightweb.dev\\\/l\\\/svm-temp\"],\"url\":\"https:\\\/\\\/lightweb.dev\\\/l\\\/svm-temp\\\/reporter\\\/redaktionen\\\/\"}]}<\/script>\n<!-- \/ Yoast SEO Premium plugin. -->","yoast_head_json":{"title":"M\u00e1laga skakas av nytt k\u00f6nsrelaterat mord - Svenska Magasinet","robots":{"index":"noindex","follow":"follow","max-snippet":"max-snippet:-1","max-image-preview":"max-image-preview:large","max-video-preview":"max-video-preview:-1"},"og_locale":"sv_SE","og_type":"article","og_title":"M\u00e1laga skakas av nytt k\u00f6nsrelaterat mord","og_description":"I september str\u00f6ps en kvinna och hennes son till d\u00f6ds av ex-mannen. Nu skakas M\u00e1laga av \u00e4nnu ett k\u00f6nsrelaterat mord efter att den 67-\u00e5riga kvinnan Rosario G\u00e1lvez knivhuggits till d\u00f6ds av sin ex-make Jos\u00e9 Garc\u00eda. Det var strax efter midnatt natten mot onsdagen som h\u00e4ndelsen intr\u00e4ffade p\u00e5 calle Comendador Bobadilla 2 i stadsdelen Ciudad Jardin [&hellip;]","og_url":"https:\/\/lightweb.dev\/l\/svm-temp\/nyheter\/malaga-skakas-av-nytt-konsrelaterat-mord\/","og_site_name":"Svenska Magasinet","article_publisher":"https:\/\/www.facebook.com\/svenskamagasinet","article_published_time":"2013-11-06T23:00:00+00:00","author":"Redaktionen SvM","twitter_card":"summary_large_image","twitter_creator":"@SvenskaMagasine","twitter_site":"@SvenskaMagasine","schema":{"@context":"https:\/\/schema.org","@graph":[{"@type":"Article","@id":"https:\/\/lightweb.dev\/l\/svm-temp\/nyheter\/malaga-skakas-av-nytt-konsrelaterat-mord\/#article","isPartOf":{"@id":"https:\/\/lightweb.dev\/l\/svm-temp\/nyheter\/malaga-skakas-av-nytt-konsrelaterat-mord\/"},"author":{"name":"Redaktionen SvM","@id":"https:\/\/lightweb.dev\/l\/svm-temp\/#\/schema\/person\/206a3bda5b607b0c25e1749191e4d837"},"headline":"M\u00e1laga skakas av nytt k\u00f6nsrelaterat mord","datePublished":"2013-11-06T23:00:00+00:00","mainEntityOfPage":{"@id":"https:\/\/lightweb.dev\/l\/svm-temp\/nyheter\/malaga-skakas-av-nytt-konsrelaterat-mord\/"},"wordCount":257,"commentCount":0,"publisher":{"@id":"https:\/\/lightweb.dev\/l\/svm-temp\/#organization"},"image":{"@id":"https:\/\/lightweb.dev\/l\/svm-temp\/nyheter\/malaga-skakas-av-nytt-konsrelaterat-mord\/#primaryimage"},"thumbnailUrl":"https:\/\/lightweb.dev\/l\/svm-temp\/wp-content\/uploads\/2022\/06\/malaga-skakas-av-nytt-konsrelaterat-mord.png","articleSection":["Arkiv","Nyheter"],"inLanguage":"sv-SE"},{"@type":"WebPage","@id":"https:\/\/lightweb.dev\/l\/svm-temp\/nyheter\/malaga-skakas-av-nytt-konsrelaterat-mord\/","url":"https:\/\/lightweb.dev\/l\/svm-temp\/nyheter\/malaga-skakas-av-nytt-konsrelaterat-mord\/","name":"M\u00e1laga skakas av nytt k\u00f6nsrelaterat mord - Svenska Magasinet","isPartOf":{"@id":"https:\/\/lightweb.dev\/l\/svm-temp\/#website"},"primaryImageOfPage":{"@id":"https:\/\/lightweb.dev\/l\/svm-temp\/nyheter\/malaga-skakas-av-nytt-konsrelaterat-mord\/#primaryimage"},"image":{"@id":"https:\/\/lightweb.dev\/l\/svm-temp\/nyheter\/malaga-skakas-av-nytt-konsrelaterat-mord\/#primaryimage"},"thumbnailUrl":"https:\/\/lightweb.dev\/l\/svm-temp\/wp-content\/uploads\/2022\/06\/malaga-skakas-av-nytt-konsrelaterat-mord.png","datePublished":"2013-11-06T23:00:00+00:00","breadcrumb":{"@id":"https:\/\/lightweb.dev\/l\/svm-temp\/nyheter\/malaga-skakas-av-nytt-konsrelaterat-mord\/#breadcrumb"},"inLanguage":"sv-SE","potentialAction":[{"@type":"ReadAction","target":["https:\/\/lightweb.dev\/l\/svm-temp\/nyheter\/malaga-skakas-av-nytt-konsrelaterat-mord\/"]}]},{"@type":"ImageObject","inLanguage":"sv-SE","@id":"https:\/\/lightweb.dev\/l\/svm-temp\/nyheter\/malaga-skakas-av-nytt-konsrelaterat-mord\/#primaryimage","url":"https:\/\/lightweb.dev\/l\/svm-temp\/wp-content\/uploads\/2022\/06\/malaga-skakas-av-nytt-konsrelaterat-mord.png","contentUrl":"https:\/\/lightweb.dev\/l\/svm-temp\/wp-content\/uploads\/2022\/06\/malaga-skakas-av-nytt-konsrelaterat-mord.png","width":299,"height":200},{"@type":"BreadcrumbList","@id":"https:\/\/lightweb.dev\/l\/svm-temp\/nyheter\/malaga-skakas-av-nytt-konsrelaterat-mord\/#breadcrumb","itemListElement":[{"@type":"ListItem","position":1,"name":"Hem","item":"https:\/\/lightweb.dev\/l\/svm-temp\/"},{"@type":"ListItem","position":2,"name":"M\u00e1laga skakas av nytt k\u00f6nsrelaterat mord"}]},{"@type":"WebSite","@id":"https:\/\/lightweb.dev\/l\/svm-temp\/#website","url":"https:\/\/lightweb.dev\/l\/svm-temp\/","name":"Svenska Magasinet","description":"Dina Spanska nyheter p&aring; Svenska","publisher":{"@id":"https:\/\/lightweb.dev\/l\/svm-temp\/#organization"},"potentialAction":[{"@type":"SearchAction","target":{"@type":"EntryPoint","urlTemplate":"https:\/\/lightweb.dev\/l\/svm-temp\/?s={search_term_string}"},"query-input":{"@type":"PropertyValueSpecification","valueRequired":true,"valueName":"search_term_string"}}],"inLanguage":"sv-SE"},{"@type":"Organization","@id":"https:\/\/lightweb.dev\/l\/svm-temp\/#organization","name":"Melkerson y Nott SL","alternateName":"Svenska Magasinet","url":"https:\/\/lightweb.dev\/l\/svm-temp\/","logo":{"@type":"ImageObject","inLanguage":"sv-SE","@id":"https:\/\/lightweb.dev\/l\/svm-temp\/#\/schema\/logo\/image\/","url":"https:\/\/lightweb.dev\/l\/svm-temp\/wp-content\/uploads\/2025\/02\/SvM-logo-Xtra-Centrerad-SVART.png","contentUrl":"https:\/\/lightweb.dev\/l\/svm-temp\/wp-content\/uploads\/2025\/02\/SvM-logo-Xtra-Centrerad-SVART.png","width":300,"height":99,"caption":"Melkerson y Nott SL"},"image":{"@id":"https:\/\/lightweb.dev\/l\/svm-temp\/#\/schema\/logo\/image\/"},"sameAs":["https:\/\/www.facebook.com\/svenskamagasinet","https:\/\/x.com\/SvenskaMagasine"]},{"@type":"Person","@id":"https:\/\/lightweb.dev\/l\/svm-temp\/#\/schema\/person\/206a3bda5b607b0c25e1749191e4d837","name":"Redaktionen SvM","description":"Redaktionen","sameAs":["https:\/\/lightweb.dev\/l\/svm-temp"],"url":"https:\/\/lightweb.dev\/l\/svm-temp\/reporter\/redaktionen\/"}]}},"_links":{"self":[{"href":"https:\/\/lightweb.dev\/l\/svm-temp\/wp-json\/wp\/v2\/posts\/28569","targetHints":{"allow":["GET"]}}],"collection":[{"href":"https:\/\/lightweb.dev\/l\/svm-temp\/wp-json\/wp\/v2\/posts"}],"about":[{"href":"https:\/\/lightweb.dev\/l\/svm-temp\/wp-json\/wp\/v2\/types\/post"}],"author":[{"embeddable":true,"href":"https:\/\/lightweb.dev\/l\/svm-temp\/wp-json\/wp\/v2\/users\/8"}],"replies":[{"embeddable":true,"href":"https:\/\/lightweb.dev\/l\/svm-temp\/wp-json\/wp\/v2\/comments?post=28569"}],"version-history":[{"count":0,"href":"https:\/\/lightweb.dev\/l\/svm-temp\/wp-json\/wp\/v2\/posts\/28569\/revisions"}],"wp:featuredmedia":[{"embeddable":true,"href":"https:\/\/lightweb.dev\/l\/svm-temp\/wp-json\/wp\/v2\/media\/28572"}],"wp:attachment":[{"href":"https:\/\/lightweb.dev\/l\/svm-temp\/wp-json\/wp\/v2\/media?parent=28569"}],"wp:term":[{"taxonomy":"category","embeddable":true,"href":"https:\/\/lightweb.dev\/l\/svm-temp\/wp-json\/wp\/v2\/categories?post=28569"},{"taxonomy":"post_tag","embeddable":true,"href":"https:\/\/lightweb.dev\/l\/svm-temp\/wp-json\/wp\/v2\/tags?post=28569"}],"curies":[{"name":"wp","href":"https:\/\/api.w.org\/{rel}","templated":true}]}}