{"id":28577,"date":"2013-11-06T00:00:00","date_gmt":"2013-11-05T23:00:00","guid":{"rendered":"https:\/\/lightweb.dev\/l\/svm-temp\/nyheter\/misstankt-knivmordare-skulle-ha-utvisats-till-spanien\/"},"modified":"2013-11-06T00:00:00","modified_gmt":"2013-11-05T23:00:00","slug":"misstankt-knivmordare-skulle-ha-utvisats-till-spanien","status":"publish","type":"post","link":"https:\/\/lightweb.dev\/l\/svm-temp\/nyheter\/misstankt-knivmordare-skulle-ha-utvisats-till-spanien\/","title":{"rendered":"Misst\u00e4nkt knivm\u00f6rdare skulle ha utvisats till Spanien"},"content":{"rendered":"<p> Den 32-\u00e5rige man fr\u00e5n Sydsudan som \u00e4r misst\u00e4nkt f\u00f6r tre knivmord i Norge skulle ha utvisats till Spanien samma dag som h\u00e4ndelsen intr\u00e4ffade. Mannen som misst\u00e4nks ha d\u00f6dat tre personer, d\u00e4ribland en svensk medborgare, fick avslag p\u00e5 sin asylans\u00f6kan i juni, eftersom det enligt Dublinf\u00f6rordningen \u00e4r Spanien som ska pr\u00f6va hans asylans\u00f6kan. Det uppger den spanska nyhetsbyr\u00e5n EFE.<\/p>\n<p>Mannen knivh\u00f6gg tre personer till d\u00f6ds p\u00e5 en buss i sydv\u00e4stra Norge i m\u00e5ndags. Han \u00e4r f\u00f6dd 1982 och har bott i flera m\u00e5nader i en flyktingmottagning i \u00c5rdal centrum. Han skulle s\u00e4ndas tillbaka till Spanien som var det f\u00f6rsta land i Europa som han kom till.<\/p>\n<p>Enligt norska Utlendingsdirektoratet, UDI, kom den mordmisst\u00e4nkte 32-\u00e5ringen till Norge i april och ans\u00f6kte d\u00e5 om asyl. Men eftersom Spanien var det f\u00f6rsta landet han hade kommit till, beh\u00f6vde Norge enligt internationella konventioner inte behandla hans ans\u00f6kan.<\/p>\n<p>Vid flyktingmottagningen i \u00c5rdal d\u00e4r den 32-\u00e5rige mannen har bott har det rapporterats om att han uppvisat tecken p\u00e5 psykiska st\u00f6rningar.<\/p>\n<p>En liknande h\u00e4ndelse intr\u00e4ffade i Norge f\u00f6r tio \u00e5r sedan n\u00e4r en etiopier knivh\u00f6gg bussf\u00f6raren och en passagerare. Den g\u00e5ngen d\u00f6mdes g\u00e4rningsmannen till psykiatrisk behandling p\u00e5 sjukhus. <\/p>\n","protected":false},"excerpt":{"rendered":"<p>Den 32-\u00e5rige man fr\u00e5n Sydsudan som \u00e4r misst\u00e4nkt f\u00f6r tre knivmord i Norge skulle ha utvisats till Spanien samma dag som h\u00e4ndelsen intr\u00e4ffade. Mannen som misst\u00e4nks ha d\u00f6dat tre personer, d\u00e4ribland en svensk medborgare, fick avslag p\u00e5 sin asylans\u00f6kan i juni, eftersom det enligt Dublinf\u00f6rordningen \u00e4r Spanien som ska pr\u00f6va hans asylans\u00f6kan. Det uppger den [&hellip;]<\/p>\n","protected":false},"author":8,"featured_media":28580,"comment_status":"open","ping_status":"open","sticky":false,"template":"","format":"standard","meta":{"_et_pb_use_builder":"","_et_pb_old_content":"","_et_gb_content_width":"","footnotes":""},"categories":[395,3],"tags":[],"class_list":["post-28577","post","type-post","status-publish","format-standard","has-post-thumbnail","hentry","category-arkiv-nyheter","category-nyheter"],"yoast_head":"<!-- This site is optimized with the Yoast SEO Premium plugin v26.2 (Yoast SEO v27.4) - https:\/\/yoast.com\/product\/yoast-seo-premium-wordpress\/ -->\n<title>Misst\u00e4nkt knivm\u00f6rdare skulle ha utvisats till Spanien - Svenska Magasinet<\/title>\n<meta name=\"robots\" content=\"noindex, follow, max-snippet:-1, max-image-preview:large, max-video-preview:-1\" \/>\n<meta property=\"og:locale\" content=\"sv_SE\" \/>\n<meta property=\"og:type\" content=\"article\" \/>\n<meta property=\"og:title\" content=\"Misst\u00e4nkt knivm\u00f6rdare skulle ha utvisats till Spanien\" \/>\n<meta property=\"og:description\" content=\"Den 32-\u00e5rige man fr\u00e5n Sydsudan som \u00e4r misst\u00e4nkt f\u00f6r tre knivmord i Norge skulle ha utvisats till Spanien samma dag som h\u00e4ndelsen intr\u00e4ffade. Mannen som misst\u00e4nks ha d\u00f6dat tre personer, d\u00e4ribland en svensk medborgare, fick avslag p\u00e5 sin asylans\u00f6kan i juni, eftersom det enligt Dublinf\u00f6rordningen \u00e4r Spanien som ska pr\u00f6va hans asylans\u00f6kan. Det uppger den [&hellip;]\" \/>\n<meta property=\"og:url\" content=\"https:\/\/lightweb.dev\/l\/svm-temp\/nyheter\/misstankt-knivmordare-skulle-ha-utvisats-till-spanien\/\" \/>\n<meta property=\"og:site_name\" content=\"Svenska Magasinet\" \/>\n<meta property=\"article:publisher\" content=\"https:\/\/www.facebook.com\/svenskamagasinet\" \/>\n<meta property=\"article:published_time\" content=\"2013-11-05T23:00:00+00:00\" \/>\n<meta name=\"author\" content=\"Redaktionen SvM\" \/>\n<meta name=\"twitter:card\" content=\"summary_large_image\" \/>\n<meta name=\"twitter:creator\" content=\"@SvenskaMagasine\" \/>\n<meta name=\"twitter:site\" content=\"@SvenskaMagasine\" \/>\n<script type=\"application\/ld+json\" class=\"yoast-schema-graph\">{\"@context\":\"https:\\\/\\\/schema.org\",\"@graph\":[{\"@type\":\"Article\",\"@id\":\"https:\\\/\\\/lightweb.dev\\\/l\\\/svm-temp\\\/nyheter\\\/misstankt-knivmordare-skulle-ha-utvisats-till-spanien\\\/#article\",\"isPartOf\":{\"@id\":\"https:\\\/\\\/lightweb.dev\\\/l\\\/svm-temp\\\/nyheter\\\/misstankt-knivmordare-skulle-ha-utvisats-till-spanien\\\/\"},\"author\":{\"name\":\"Redaktionen SvM\",\"@id\":\"https:\\\/\\\/lightweb.dev\\\/l\\\/svm-temp\\\/#\\\/schema\\\/person\\\/206a3bda5b607b0c25e1749191e4d837\"},\"headline\":\"Misst\u00e4nkt knivm\u00f6rdare skulle ha utvisats till Spanien\",\"datePublished\":\"2013-11-05T23:00:00+00:00\",\"mainEntityOfPage\":{\"@id\":\"https:\\\/\\\/lightweb.dev\\\/l\\\/svm-temp\\\/nyheter\\\/misstankt-knivmordare-skulle-ha-utvisats-till-spanien\\\/\"},\"wordCount\":238,\"commentCount\":0,\"publisher\":{\"@id\":\"https:\\\/\\\/lightweb.dev\\\/l\\\/svm-temp\\\/#organization\"},\"image\":{\"@id\":\"https:\\\/\\\/lightweb.dev\\\/l\\\/svm-temp\\\/nyheter\\\/misstankt-knivmordare-skulle-ha-utvisats-till-spanien\\\/#primaryimage\"},\"thumbnailUrl\":\"https:\\\/\\\/lightweb.dev\\\/l\\\/svm-temp\\\/wp-content\\\/uploads\\\/2022\\\/06\\\/misstankt-knivmordare-skulle-ha-utvisats-till-spanien.png\",\"articleSection\":[\"Arkiv\",\"Nyheter\"],\"inLanguage\":\"sv-SE\"},{\"@type\":\"WebPage\",\"@id\":\"https:\\\/\\\/lightweb.dev\\\/l\\\/svm-temp\\\/nyheter\\\/misstankt-knivmordare-skulle-ha-utvisats-till-spanien\\\/\",\"url\":\"https:\\\/\\\/lightweb.dev\\\/l\\\/svm-temp\\\/nyheter\\\/misstankt-knivmordare-skulle-ha-utvisats-till-spanien\\\/\",\"name\":\"Misst\u00e4nkt knivm\u00f6rdare skulle ha utvisats till Spanien - Svenska Magasinet\",\"isPartOf\":{\"@id\":\"https:\\\/\\\/lightweb.dev\\\/l\\\/svm-temp\\\/#website\"},\"primaryImageOfPage\":{\"@id\":\"https:\\\/\\\/lightweb.dev\\\/l\\\/svm-temp\\\/nyheter\\\/misstankt-knivmordare-skulle-ha-utvisats-till-spanien\\\/#primaryimage\"},\"image\":{\"@id\":\"https:\\\/\\\/lightweb.dev\\\/l\\\/svm-temp\\\/nyheter\\\/misstankt-knivmordare-skulle-ha-utvisats-till-spanien\\\/#primaryimage\"},\"thumbnailUrl\":\"https:\\\/\\\/lightweb.dev\\\/l\\\/svm-temp\\\/wp-content\\\/uploads\\\/2022\\\/06\\\/misstankt-knivmordare-skulle-ha-utvisats-till-spanien.png\",\"datePublished\":\"2013-11-05T23:00:00+00:00\",\"breadcrumb\":{\"@id\":\"https:\\\/\\\/lightweb.dev\\\/l\\\/svm-temp\\\/nyheter\\\/misstankt-knivmordare-skulle-ha-utvisats-till-spanien\\\/#breadcrumb\"},\"inLanguage\":\"sv-SE\",\"potentialAction\":[{\"@type\":\"ReadAction\",\"target\":[\"https:\\\/\\\/lightweb.dev\\\/l\\\/svm-temp\\\/nyheter\\\/misstankt-knivmordare-skulle-ha-utvisats-till-spanien\\\/\"]}]},{\"@type\":\"ImageObject\",\"inLanguage\":\"sv-SE\",\"@id\":\"https:\\\/\\\/lightweb.dev\\\/l\\\/svm-temp\\\/nyheter\\\/misstankt-knivmordare-skulle-ha-utvisats-till-spanien\\\/#primaryimage\",\"url\":\"https:\\\/\\\/lightweb.dev\\\/l\\\/svm-temp\\\/wp-content\\\/uploads\\\/2022\\\/06\\\/misstankt-knivmordare-skulle-ha-utvisats-till-spanien.png\",\"contentUrl\":\"https:\\\/\\\/lightweb.dev\\\/l\\\/svm-temp\\\/wp-content\\\/uploads\\\/2022\\\/06\\\/misstankt-knivmordare-skulle-ha-utvisats-till-spanien.png\",\"width\":308,\"height\":200},{\"@type\":\"BreadcrumbList\",\"@id\":\"https:\\\/\\\/lightweb.dev\\\/l\\\/svm-temp\\\/nyheter\\\/misstankt-knivmordare-skulle-ha-utvisats-till-spanien\\\/#breadcrumb\",\"itemListElement\":[{\"@type\":\"ListItem\",\"position\":1,\"name\":\"Hem\",\"item\":\"https:\\\/\\\/lightweb.dev\\\/l\\\/svm-temp\\\/\"},{\"@type\":\"ListItem\",\"position\":2,\"name\":\"Misst\u00e4nkt knivm\u00f6rdare skulle ha utvisats till Spanien\"}]},{\"@type\":\"WebSite\",\"@id\":\"https:\\\/\\\/lightweb.dev\\\/l\\\/svm-temp\\\/#website\",\"url\":\"https:\\\/\\\/lightweb.dev\\\/l\\\/svm-temp\\\/\",\"name\":\"Svenska Magasinet\",\"description\":\"Dina Spanska nyheter p&aring; Svenska\",\"publisher\":{\"@id\":\"https:\\\/\\\/lightweb.dev\\\/l\\\/svm-temp\\\/#organization\"},\"potentialAction\":[{\"@type\":\"SearchAction\",\"target\":{\"@type\":\"EntryPoint\",\"urlTemplate\":\"https:\\\/\\\/lightweb.dev\\\/l\\\/svm-temp\\\/?s={search_term_string}\"},\"query-input\":{\"@type\":\"PropertyValueSpecification\",\"valueRequired\":true,\"valueName\":\"search_term_string\"}}],\"inLanguage\":\"sv-SE\"},{\"@type\":\"Organization\",\"@id\":\"https:\\\/\\\/lightweb.dev\\\/l\\\/svm-temp\\\/#organization\",\"name\":\"Melkerson y Nott SL\",\"alternateName\":\"Svenska Magasinet\",\"url\":\"https:\\\/\\\/lightweb.dev\\\/l\\\/svm-temp\\\/\",\"logo\":{\"@type\":\"ImageObject\",\"inLanguage\":\"sv-SE\",\"@id\":\"https:\\\/\\\/lightweb.dev\\\/l\\\/svm-temp\\\/#\\\/schema\\\/logo\\\/image\\\/\",\"url\":\"https:\\\/\\\/lightweb.dev\\\/l\\\/svm-temp\\\/wp-content\\\/uploads\\\/2025\\\/02\\\/SvM-logo-Xtra-Centrerad-SVART.png\",\"contentUrl\":\"https:\\\/\\\/lightweb.dev\\\/l\\\/svm-temp\\\/wp-content\\\/uploads\\\/2025\\\/02\\\/SvM-logo-Xtra-Centrerad-SVART.png\",\"width\":300,\"height\":99,\"caption\":\"Melkerson y Nott SL\"},\"image\":{\"@id\":\"https:\\\/\\\/lightweb.dev\\\/l\\\/svm-temp\\\/#\\\/schema\\\/logo\\\/image\\\/\"},\"sameAs\":[\"https:\\\/\\\/www.facebook.com\\\/svenskamagasinet\",\"https:\\\/\\\/x.com\\\/SvenskaMagasine\"]},{\"@type\":\"Person\",\"@id\":\"https:\\\/\\\/lightweb.dev\\\/l\\\/svm-temp\\\/#\\\/schema\\\/person\\\/206a3bda5b607b0c25e1749191e4d837\",\"name\":\"Redaktionen SvM\",\"description\":\"Redaktionen\",\"sameAs\":[\"https:\\\/\\\/lightweb.dev\\\/l\\\/svm-temp\"],\"url\":\"https:\\\/\\\/lightweb.dev\\\/l\\\/svm-temp\\\/reporter\\\/redaktionen\\\/\"}]}<\/script>\n<!-- \/ Yoast SEO Premium plugin. -->","yoast_head_json":{"title":"Misst\u00e4nkt knivm\u00f6rdare skulle ha utvisats till Spanien - Svenska Magasinet","robots":{"index":"noindex","follow":"follow","max-snippet":"max-snippet:-1","max-image-preview":"max-image-preview:large","max-video-preview":"max-video-preview:-1"},"og_locale":"sv_SE","og_type":"article","og_title":"Misst\u00e4nkt knivm\u00f6rdare skulle ha utvisats till Spanien","og_description":"Den 32-\u00e5rige man fr\u00e5n Sydsudan som \u00e4r misst\u00e4nkt f\u00f6r tre knivmord i Norge skulle ha utvisats till Spanien samma dag som h\u00e4ndelsen intr\u00e4ffade. Mannen som misst\u00e4nks ha d\u00f6dat tre personer, d\u00e4ribland en svensk medborgare, fick avslag p\u00e5 sin asylans\u00f6kan i juni, eftersom det enligt Dublinf\u00f6rordningen \u00e4r Spanien som ska pr\u00f6va hans asylans\u00f6kan. Det uppger den [&hellip;]","og_url":"https:\/\/lightweb.dev\/l\/svm-temp\/nyheter\/misstankt-knivmordare-skulle-ha-utvisats-till-spanien\/","og_site_name":"Svenska Magasinet","article_publisher":"https:\/\/www.facebook.com\/svenskamagasinet","article_published_time":"2013-11-05T23:00:00+00:00","author":"Redaktionen SvM","twitter_card":"summary_large_image","twitter_creator":"@SvenskaMagasine","twitter_site":"@SvenskaMagasine","schema":{"@context":"https:\/\/schema.org","@graph":[{"@type":"Article","@id":"https:\/\/lightweb.dev\/l\/svm-temp\/nyheter\/misstankt-knivmordare-skulle-ha-utvisats-till-spanien\/#article","isPartOf":{"@id":"https:\/\/lightweb.dev\/l\/svm-temp\/nyheter\/misstankt-knivmordare-skulle-ha-utvisats-till-spanien\/"},"author":{"name":"Redaktionen SvM","@id":"https:\/\/lightweb.dev\/l\/svm-temp\/#\/schema\/person\/206a3bda5b607b0c25e1749191e4d837"},"headline":"Misst\u00e4nkt knivm\u00f6rdare skulle ha utvisats till Spanien","datePublished":"2013-11-05T23:00:00+00:00","mainEntityOfPage":{"@id":"https:\/\/lightweb.dev\/l\/svm-temp\/nyheter\/misstankt-knivmordare-skulle-ha-utvisats-till-spanien\/"},"wordCount":238,"commentCount":0,"publisher":{"@id":"https:\/\/lightweb.dev\/l\/svm-temp\/#organization"},"image":{"@id":"https:\/\/lightweb.dev\/l\/svm-temp\/nyheter\/misstankt-knivmordare-skulle-ha-utvisats-till-spanien\/#primaryimage"},"thumbnailUrl":"https:\/\/lightweb.dev\/l\/svm-temp\/wp-content\/uploads\/2022\/06\/misstankt-knivmordare-skulle-ha-utvisats-till-spanien.png","articleSection":["Arkiv","Nyheter"],"inLanguage":"sv-SE"},{"@type":"WebPage","@id":"https:\/\/lightweb.dev\/l\/svm-temp\/nyheter\/misstankt-knivmordare-skulle-ha-utvisats-till-spanien\/","url":"https:\/\/lightweb.dev\/l\/svm-temp\/nyheter\/misstankt-knivmordare-skulle-ha-utvisats-till-spanien\/","name":"Misst\u00e4nkt knivm\u00f6rdare skulle ha utvisats till Spanien - Svenska Magasinet","isPartOf":{"@id":"https:\/\/lightweb.dev\/l\/svm-temp\/#website"},"primaryImageOfPage":{"@id":"https:\/\/lightweb.dev\/l\/svm-temp\/nyheter\/misstankt-knivmordare-skulle-ha-utvisats-till-spanien\/#primaryimage"},"image":{"@id":"https:\/\/lightweb.dev\/l\/svm-temp\/nyheter\/misstankt-knivmordare-skulle-ha-utvisats-till-spanien\/#primaryimage"},"thumbnailUrl":"https:\/\/lightweb.dev\/l\/svm-temp\/wp-content\/uploads\/2022\/06\/misstankt-knivmordare-skulle-ha-utvisats-till-spanien.png","datePublished":"2013-11-05T23:00:00+00:00","breadcrumb":{"@id":"https:\/\/lightweb.dev\/l\/svm-temp\/nyheter\/misstankt-knivmordare-skulle-ha-utvisats-till-spanien\/#breadcrumb"},"inLanguage":"sv-SE","potentialAction":[{"@type":"ReadAction","target":["https:\/\/lightweb.dev\/l\/svm-temp\/nyheter\/misstankt-knivmordare-skulle-ha-utvisats-till-spanien\/"]}]},{"@type":"ImageObject","inLanguage":"sv-SE","@id":"https:\/\/lightweb.dev\/l\/svm-temp\/nyheter\/misstankt-knivmordare-skulle-ha-utvisats-till-spanien\/#primaryimage","url":"https:\/\/lightweb.dev\/l\/svm-temp\/wp-content\/uploads\/2022\/06\/misstankt-knivmordare-skulle-ha-utvisats-till-spanien.png","contentUrl":"https:\/\/lightweb.dev\/l\/svm-temp\/wp-content\/uploads\/2022\/06\/misstankt-knivmordare-skulle-ha-utvisats-till-spanien.png","width":308,"height":200},{"@type":"BreadcrumbList","@id":"https:\/\/lightweb.dev\/l\/svm-temp\/nyheter\/misstankt-knivmordare-skulle-ha-utvisats-till-spanien\/#breadcrumb","itemListElement":[{"@type":"ListItem","position":1,"name":"Hem","item":"https:\/\/lightweb.dev\/l\/svm-temp\/"},{"@type":"ListItem","position":2,"name":"Misst\u00e4nkt knivm\u00f6rdare skulle ha utvisats till Spanien"}]},{"@type":"WebSite","@id":"https:\/\/lightweb.dev\/l\/svm-temp\/#website","url":"https:\/\/lightweb.dev\/l\/svm-temp\/","name":"Svenska Magasinet","description":"Dina Spanska nyheter p&aring; Svenska","publisher":{"@id":"https:\/\/lightweb.dev\/l\/svm-temp\/#organization"},"potentialAction":[{"@type":"SearchAction","target":{"@type":"EntryPoint","urlTemplate":"https:\/\/lightweb.dev\/l\/svm-temp\/?s={search_term_string}"},"query-input":{"@type":"PropertyValueSpecification","valueRequired":true,"valueName":"search_term_string"}}],"inLanguage":"sv-SE"},{"@type":"Organization","@id":"https:\/\/lightweb.dev\/l\/svm-temp\/#organization","name":"Melkerson y Nott SL","alternateName":"Svenska Magasinet","url":"https:\/\/lightweb.dev\/l\/svm-temp\/","logo":{"@type":"ImageObject","inLanguage":"sv-SE","@id":"https:\/\/lightweb.dev\/l\/svm-temp\/#\/schema\/logo\/image\/","url":"https:\/\/lightweb.dev\/l\/svm-temp\/wp-content\/uploads\/2025\/02\/SvM-logo-Xtra-Centrerad-SVART.png","contentUrl":"https:\/\/lightweb.dev\/l\/svm-temp\/wp-content\/uploads\/2025\/02\/SvM-logo-Xtra-Centrerad-SVART.png","width":300,"height":99,"caption":"Melkerson y Nott SL"},"image":{"@id":"https:\/\/lightweb.dev\/l\/svm-temp\/#\/schema\/logo\/image\/"},"sameAs":["https:\/\/www.facebook.com\/svenskamagasinet","https:\/\/x.com\/SvenskaMagasine"]},{"@type":"Person","@id":"https:\/\/lightweb.dev\/l\/svm-temp\/#\/schema\/person\/206a3bda5b607b0c25e1749191e4d837","name":"Redaktionen SvM","description":"Redaktionen","sameAs":["https:\/\/lightweb.dev\/l\/svm-temp"],"url":"https:\/\/lightweb.dev\/l\/svm-temp\/reporter\/redaktionen\/"}]}},"_links":{"self":[{"href":"https:\/\/lightweb.dev\/l\/svm-temp\/wp-json\/wp\/v2\/posts\/28577","targetHints":{"allow":["GET"]}}],"collection":[{"href":"https:\/\/lightweb.dev\/l\/svm-temp\/wp-json\/wp\/v2\/posts"}],"about":[{"href":"https:\/\/lightweb.dev\/l\/svm-temp\/wp-json\/wp\/v2\/types\/post"}],"author":[{"embeddable":true,"href":"https:\/\/lightweb.dev\/l\/svm-temp\/wp-json\/wp\/v2\/users\/8"}],"replies":[{"embeddable":true,"href":"https:\/\/lightweb.dev\/l\/svm-temp\/wp-json\/wp\/v2\/comments?post=28577"}],"version-history":[{"count":0,"href":"https:\/\/lightweb.dev\/l\/svm-temp\/wp-json\/wp\/v2\/posts\/28577\/revisions"}],"wp:featuredmedia":[{"embeddable":true,"href":"https:\/\/lightweb.dev\/l\/svm-temp\/wp-json\/wp\/v2\/media\/28580"}],"wp:attachment":[{"href":"https:\/\/lightweb.dev\/l\/svm-temp\/wp-json\/wp\/v2\/media?parent=28577"}],"wp:term":[{"taxonomy":"category","embeddable":true,"href":"https:\/\/lightweb.dev\/l\/svm-temp\/wp-json\/wp\/v2\/categories?post=28577"},{"taxonomy":"post_tag","embeddable":true,"href":"https:\/\/lightweb.dev\/l\/svm-temp\/wp-json\/wp\/v2\/tags?post=28577"}],"curies":[{"name":"wp","href":"https:\/\/api.w.org\/{rel}","templated":true}]}}