{"id":28579,"date":"2013-11-06T00:00:00","date_gmt":"2013-11-05T23:00:00","guid":{"rendered":"https:\/\/lightweb.dev\/l\/svm-temp\/nyheter\/3-ars-jubileum-av-smorgastartans-dag-den-23-november\/"},"modified":"2013-11-06T00:00:00","modified_gmt":"2013-11-05T23:00:00","slug":"3-ars-jubileum-av-smorgastartans-dag-den-23-november","status":"publish","type":"post","link":"https:\/\/lightweb.dev\/l\/svm-temp\/nyheter\/3-ars-jubileum-av-smorgastartans-dag-den-23-november\/","title":{"rendered":"3-\u00e5rs jubileum av Sm\u00f6rg\u00e5st\u00e5rtans dag den 23 november"},"content":{"rendered":"<p> I \u00e5r firas Sm\u00f6rg\u00e5st\u00e5rtans Dag den 23 november klockan 18 i Fuengirola p\u00e5 \u201dChiringuiton\u201d Gali Gali Beach som du hittar p\u00e5 Paseo Mar\u00edtimo Rey de Espa\u00f1a 6. 5-10 minuters g\u00e5ngavst\u00e5nd fr\u00e5n centrum mot borgen Sohail.<\/p>\n<p>Vi ser fram emot era underbara t\u00e5rtor och i \u00e5r kommer de att bed\u00f6mas. Det blir dels pris till de tre vackraste och de tre godaste. <\/p>\n<p>F\u00f6r er som \u00e4r intresserade av att g\u00f6ra t\u00e5rtor ring eller skicka ett meddelande till mig eller Susann s\u00e5 att vi kan ha lite koll p\u00e5 hur m\u00e5nga t\u00e5rtor det blir. Ni som g\u00f6r t\u00e5rtorna f\u00e5r som vanligt dricka och \u00e4ta gratis under kv\u00e4llen (max 1 pers per t\u00e5rta). Nytt \u00e4r att om ni vill ha pengar f\u00f6r ingredienserna s\u00e5 spara det p\u00e5 ett separat kvitto s\u00e5 ska vi l\u00f6sa det under kv\u00e4llens g\u00e5ng.<\/p>\n<p>Till er som bara vill komma och njuta av alla l\u00e4ckerheter s\u00e5 kostar det i \u00e5r 10 euro. Drickan betalas separat i baren n\u00e4r man best\u00e4ller. F\u00f6r \u00f6vrig information eller fr\u00e5gor ring eller messa Dessi 696 757 797. <\/p>\n","protected":false},"excerpt":{"rendered":"<p>I \u00e5r firas Sm\u00f6rg\u00e5st\u00e5rtans Dag den 23 november klockan 18 i Fuengirola p\u00e5 \u201dChiringuiton\u201d Gali Gali Beach som du hittar p\u00e5 Paseo Mar\u00edtimo Rey de Espa\u00f1a 6. 5-10 minuters g\u00e5ngavst\u00e5nd fr\u00e5n centrum mot borgen Sohail. Vi ser fram emot era underbara t\u00e5rtor och i \u00e5r kommer de att bed\u00f6mas. Det blir dels pris till de [&hellip;]<\/p>\n","protected":false},"author":8,"featured_media":28582,"comment_status":"open","ping_status":"open","sticky":false,"template":"","format":"standard","meta":{"_et_pb_use_builder":"","_et_pb_old_content":"","_et_gb_content_width":"","footnotes":""},"categories":[395,3],"tags":[],"class_list":["post-28579","post","type-post","status-publish","format-standard","has-post-thumbnail","hentry","category-arkiv-nyheter","category-nyheter"],"yoast_head":"<!-- This site is optimized with the Yoast SEO Premium plugin v26.2 (Yoast SEO v27.4) - https:\/\/yoast.com\/product\/yoast-seo-premium-wordpress\/ -->\n<title>3-\u00e5rs jubileum av Sm\u00f6rg\u00e5st\u00e5rtans dag den 23 november - Svenska Magasinet<\/title>\n<meta name=\"robots\" content=\"noindex, follow, max-snippet:-1, max-image-preview:large, max-video-preview:-1\" \/>\n<meta property=\"og:locale\" content=\"sv_SE\" \/>\n<meta property=\"og:type\" content=\"article\" \/>\n<meta property=\"og:title\" content=\"3-\u00e5rs jubileum av Sm\u00f6rg\u00e5st\u00e5rtans dag den 23 november\" \/>\n<meta property=\"og:description\" content=\"I \u00e5r firas Sm\u00f6rg\u00e5st\u00e5rtans Dag den 23 november klockan 18 i Fuengirola p\u00e5 \u201dChiringuiton\u201d Gali Gali Beach som du hittar p\u00e5 Paseo Mar\u00edtimo Rey de Espa\u00f1a 6. 5-10 minuters g\u00e5ngavst\u00e5nd fr\u00e5n centrum mot borgen Sohail. Vi ser fram emot era underbara t\u00e5rtor och i \u00e5r kommer de att bed\u00f6mas. Det blir dels pris till de [&hellip;]\" \/>\n<meta property=\"og:url\" content=\"https:\/\/lightweb.dev\/l\/svm-temp\/nyheter\/3-ars-jubileum-av-smorgastartans-dag-den-23-november\/\" \/>\n<meta property=\"og:site_name\" content=\"Svenska Magasinet\" \/>\n<meta property=\"article:publisher\" content=\"https:\/\/www.facebook.com\/svenskamagasinet\" \/>\n<meta property=\"article:published_time\" content=\"2013-11-05T23:00:00+00:00\" \/>\n<meta name=\"author\" content=\"Redaktionen SvM\" \/>\n<meta name=\"twitter:card\" content=\"summary_large_image\" \/>\n<meta name=\"twitter:creator\" content=\"@SvenskaMagasine\" \/>\n<meta name=\"twitter:site\" content=\"@SvenskaMagasine\" \/>\n<script type=\"application\/ld+json\" class=\"yoast-schema-graph\">{\"@context\":\"https:\\\/\\\/schema.org\",\"@graph\":[{\"@type\":\"Article\",\"@id\":\"https:\\\/\\\/lightweb.dev\\\/l\\\/svm-temp\\\/nyheter\\\/3-ars-jubileum-av-smorgastartans-dag-den-23-november\\\/#article\",\"isPartOf\":{\"@id\":\"https:\\\/\\\/lightweb.dev\\\/l\\\/svm-temp\\\/nyheter\\\/3-ars-jubileum-av-smorgastartans-dag-den-23-november\\\/\"},\"author\":{\"name\":\"Redaktionen SvM\",\"@id\":\"https:\\\/\\\/lightweb.dev\\\/l\\\/svm-temp\\\/#\\\/schema\\\/person\\\/206a3bda5b607b0c25e1749191e4d837\"},\"headline\":\"3-\u00e5rs jubileum av Sm\u00f6rg\u00e5st\u00e5rtans dag den 23 november\",\"datePublished\":\"2013-11-05T23:00:00+00:00\",\"mainEntityOfPage\":{\"@id\":\"https:\\\/\\\/lightweb.dev\\\/l\\\/svm-temp\\\/nyheter\\\/3-ars-jubileum-av-smorgastartans-dag-den-23-november\\\/\"},\"wordCount\":205,\"commentCount\":0,\"publisher\":{\"@id\":\"https:\\\/\\\/lightweb.dev\\\/l\\\/svm-temp\\\/#organization\"},\"image\":{\"@id\":\"https:\\\/\\\/lightweb.dev\\\/l\\\/svm-temp\\\/nyheter\\\/3-ars-jubileum-av-smorgastartans-dag-den-23-november\\\/#primaryimage\"},\"thumbnailUrl\":\"https:\\\/\\\/lightweb.dev\\\/l\\\/svm-temp\\\/wp-content\\\/uploads\\\/2022\\\/06\\\/3ars-jubileum-av-smorgastartans-dag-den-23-november.png\",\"articleSection\":[\"Arkiv\",\"Nyheter\"],\"inLanguage\":\"sv-SE\"},{\"@type\":\"WebPage\",\"@id\":\"https:\\\/\\\/lightweb.dev\\\/l\\\/svm-temp\\\/nyheter\\\/3-ars-jubileum-av-smorgastartans-dag-den-23-november\\\/\",\"url\":\"https:\\\/\\\/lightweb.dev\\\/l\\\/svm-temp\\\/nyheter\\\/3-ars-jubileum-av-smorgastartans-dag-den-23-november\\\/\",\"name\":\"3-\u00e5rs jubileum av Sm\u00f6rg\u00e5st\u00e5rtans dag den 23 november - Svenska Magasinet\",\"isPartOf\":{\"@id\":\"https:\\\/\\\/lightweb.dev\\\/l\\\/svm-temp\\\/#website\"},\"primaryImageOfPage\":{\"@id\":\"https:\\\/\\\/lightweb.dev\\\/l\\\/svm-temp\\\/nyheter\\\/3-ars-jubileum-av-smorgastartans-dag-den-23-november\\\/#primaryimage\"},\"image\":{\"@id\":\"https:\\\/\\\/lightweb.dev\\\/l\\\/svm-temp\\\/nyheter\\\/3-ars-jubileum-av-smorgastartans-dag-den-23-november\\\/#primaryimage\"},\"thumbnailUrl\":\"https:\\\/\\\/lightweb.dev\\\/l\\\/svm-temp\\\/wp-content\\\/uploads\\\/2022\\\/06\\\/3ars-jubileum-av-smorgastartans-dag-den-23-november.png\",\"datePublished\":\"2013-11-05T23:00:00+00:00\",\"breadcrumb\":{\"@id\":\"https:\\\/\\\/lightweb.dev\\\/l\\\/svm-temp\\\/nyheter\\\/3-ars-jubileum-av-smorgastartans-dag-den-23-november\\\/#breadcrumb\"},\"inLanguage\":\"sv-SE\",\"potentialAction\":[{\"@type\":\"ReadAction\",\"target\":[\"https:\\\/\\\/lightweb.dev\\\/l\\\/svm-temp\\\/nyheter\\\/3-ars-jubileum-av-smorgastartans-dag-den-23-november\\\/\"]}]},{\"@type\":\"ImageObject\",\"inLanguage\":\"sv-SE\",\"@id\":\"https:\\\/\\\/lightweb.dev\\\/l\\\/svm-temp\\\/nyheter\\\/3-ars-jubileum-av-smorgastartans-dag-den-23-november\\\/#primaryimage\",\"url\":\"https:\\\/\\\/lightweb.dev\\\/l\\\/svm-temp\\\/wp-content\\\/uploads\\\/2022\\\/06\\\/3ars-jubileum-av-smorgastartans-dag-den-23-november.png\",\"contentUrl\":\"https:\\\/\\\/lightweb.dev\\\/l\\\/svm-temp\\\/wp-content\\\/uploads\\\/2022\\\/06\\\/3ars-jubileum-av-smorgastartans-dag-den-23-november.png\",\"width\":280,\"height\":210},{\"@type\":\"BreadcrumbList\",\"@id\":\"https:\\\/\\\/lightweb.dev\\\/l\\\/svm-temp\\\/nyheter\\\/3-ars-jubileum-av-smorgastartans-dag-den-23-november\\\/#breadcrumb\",\"itemListElement\":[{\"@type\":\"ListItem\",\"position\":1,\"name\":\"Hem\",\"item\":\"https:\\\/\\\/lightweb.dev\\\/l\\\/svm-temp\\\/\"},{\"@type\":\"ListItem\",\"position\":2,\"name\":\"3-\u00e5rs jubileum av Sm\u00f6rg\u00e5st\u00e5rtans dag den 23 november\"}]},{\"@type\":\"WebSite\",\"@id\":\"https:\\\/\\\/lightweb.dev\\\/l\\\/svm-temp\\\/#website\",\"url\":\"https:\\\/\\\/lightweb.dev\\\/l\\\/svm-temp\\\/\",\"name\":\"Svenska Magasinet\",\"description\":\"Dina Spanska nyheter p&aring; Svenska\",\"publisher\":{\"@id\":\"https:\\\/\\\/lightweb.dev\\\/l\\\/svm-temp\\\/#organization\"},\"potentialAction\":[{\"@type\":\"SearchAction\",\"target\":{\"@type\":\"EntryPoint\",\"urlTemplate\":\"https:\\\/\\\/lightweb.dev\\\/l\\\/svm-temp\\\/?s={search_term_string}\"},\"query-input\":{\"@type\":\"PropertyValueSpecification\",\"valueRequired\":true,\"valueName\":\"search_term_string\"}}],\"inLanguage\":\"sv-SE\"},{\"@type\":\"Organization\",\"@id\":\"https:\\\/\\\/lightweb.dev\\\/l\\\/svm-temp\\\/#organization\",\"name\":\"Melkerson y Nott SL\",\"alternateName\":\"Svenska Magasinet\",\"url\":\"https:\\\/\\\/lightweb.dev\\\/l\\\/svm-temp\\\/\",\"logo\":{\"@type\":\"ImageObject\",\"inLanguage\":\"sv-SE\",\"@id\":\"https:\\\/\\\/lightweb.dev\\\/l\\\/svm-temp\\\/#\\\/schema\\\/logo\\\/image\\\/\",\"url\":\"https:\\\/\\\/lightweb.dev\\\/l\\\/svm-temp\\\/wp-content\\\/uploads\\\/2025\\\/02\\\/SvM-logo-Xtra-Centrerad-SVART.png\",\"contentUrl\":\"https:\\\/\\\/lightweb.dev\\\/l\\\/svm-temp\\\/wp-content\\\/uploads\\\/2025\\\/02\\\/SvM-logo-Xtra-Centrerad-SVART.png\",\"width\":300,\"height\":99,\"caption\":\"Melkerson y Nott SL\"},\"image\":{\"@id\":\"https:\\\/\\\/lightweb.dev\\\/l\\\/svm-temp\\\/#\\\/schema\\\/logo\\\/image\\\/\"},\"sameAs\":[\"https:\\\/\\\/www.facebook.com\\\/svenskamagasinet\",\"https:\\\/\\\/x.com\\\/SvenskaMagasine\"]},{\"@type\":\"Person\",\"@id\":\"https:\\\/\\\/lightweb.dev\\\/l\\\/svm-temp\\\/#\\\/schema\\\/person\\\/206a3bda5b607b0c25e1749191e4d837\",\"name\":\"Redaktionen SvM\",\"description\":\"Redaktionen\",\"sameAs\":[\"https:\\\/\\\/lightweb.dev\\\/l\\\/svm-temp\"],\"url\":\"https:\\\/\\\/lightweb.dev\\\/l\\\/svm-temp\\\/reporter\\\/redaktionen\\\/\"}]}<\/script>\n<!-- \/ Yoast SEO Premium plugin. -->","yoast_head_json":{"title":"3-\u00e5rs jubileum av Sm\u00f6rg\u00e5st\u00e5rtans dag den 23 november - Svenska Magasinet","robots":{"index":"noindex","follow":"follow","max-snippet":"max-snippet:-1","max-image-preview":"max-image-preview:large","max-video-preview":"max-video-preview:-1"},"og_locale":"sv_SE","og_type":"article","og_title":"3-\u00e5rs jubileum av Sm\u00f6rg\u00e5st\u00e5rtans dag den 23 november","og_description":"I \u00e5r firas Sm\u00f6rg\u00e5st\u00e5rtans Dag den 23 november klockan 18 i Fuengirola p\u00e5 \u201dChiringuiton\u201d Gali Gali Beach som du hittar p\u00e5 Paseo Mar\u00edtimo Rey de Espa\u00f1a 6. 5-10 minuters g\u00e5ngavst\u00e5nd fr\u00e5n centrum mot borgen Sohail. Vi ser fram emot era underbara t\u00e5rtor och i \u00e5r kommer de att bed\u00f6mas. Det blir dels pris till de [&hellip;]","og_url":"https:\/\/lightweb.dev\/l\/svm-temp\/nyheter\/3-ars-jubileum-av-smorgastartans-dag-den-23-november\/","og_site_name":"Svenska Magasinet","article_publisher":"https:\/\/www.facebook.com\/svenskamagasinet","article_published_time":"2013-11-05T23:00:00+00:00","author":"Redaktionen SvM","twitter_card":"summary_large_image","twitter_creator":"@SvenskaMagasine","twitter_site":"@SvenskaMagasine","schema":{"@context":"https:\/\/schema.org","@graph":[{"@type":"Article","@id":"https:\/\/lightweb.dev\/l\/svm-temp\/nyheter\/3-ars-jubileum-av-smorgastartans-dag-den-23-november\/#article","isPartOf":{"@id":"https:\/\/lightweb.dev\/l\/svm-temp\/nyheter\/3-ars-jubileum-av-smorgastartans-dag-den-23-november\/"},"author":{"name":"Redaktionen SvM","@id":"https:\/\/lightweb.dev\/l\/svm-temp\/#\/schema\/person\/206a3bda5b607b0c25e1749191e4d837"},"headline":"3-\u00e5rs jubileum av Sm\u00f6rg\u00e5st\u00e5rtans dag den 23 november","datePublished":"2013-11-05T23:00:00+00:00","mainEntityOfPage":{"@id":"https:\/\/lightweb.dev\/l\/svm-temp\/nyheter\/3-ars-jubileum-av-smorgastartans-dag-den-23-november\/"},"wordCount":205,"commentCount":0,"publisher":{"@id":"https:\/\/lightweb.dev\/l\/svm-temp\/#organization"},"image":{"@id":"https:\/\/lightweb.dev\/l\/svm-temp\/nyheter\/3-ars-jubileum-av-smorgastartans-dag-den-23-november\/#primaryimage"},"thumbnailUrl":"https:\/\/lightweb.dev\/l\/svm-temp\/wp-content\/uploads\/2022\/06\/3ars-jubileum-av-smorgastartans-dag-den-23-november.png","articleSection":["Arkiv","Nyheter"],"inLanguage":"sv-SE"},{"@type":"WebPage","@id":"https:\/\/lightweb.dev\/l\/svm-temp\/nyheter\/3-ars-jubileum-av-smorgastartans-dag-den-23-november\/","url":"https:\/\/lightweb.dev\/l\/svm-temp\/nyheter\/3-ars-jubileum-av-smorgastartans-dag-den-23-november\/","name":"3-\u00e5rs jubileum av Sm\u00f6rg\u00e5st\u00e5rtans dag den 23 november - Svenska Magasinet","isPartOf":{"@id":"https:\/\/lightweb.dev\/l\/svm-temp\/#website"},"primaryImageOfPage":{"@id":"https:\/\/lightweb.dev\/l\/svm-temp\/nyheter\/3-ars-jubileum-av-smorgastartans-dag-den-23-november\/#primaryimage"},"image":{"@id":"https:\/\/lightweb.dev\/l\/svm-temp\/nyheter\/3-ars-jubileum-av-smorgastartans-dag-den-23-november\/#primaryimage"},"thumbnailUrl":"https:\/\/lightweb.dev\/l\/svm-temp\/wp-content\/uploads\/2022\/06\/3ars-jubileum-av-smorgastartans-dag-den-23-november.png","datePublished":"2013-11-05T23:00:00+00:00","breadcrumb":{"@id":"https:\/\/lightweb.dev\/l\/svm-temp\/nyheter\/3-ars-jubileum-av-smorgastartans-dag-den-23-november\/#breadcrumb"},"inLanguage":"sv-SE","potentialAction":[{"@type":"ReadAction","target":["https:\/\/lightweb.dev\/l\/svm-temp\/nyheter\/3-ars-jubileum-av-smorgastartans-dag-den-23-november\/"]}]},{"@type":"ImageObject","inLanguage":"sv-SE","@id":"https:\/\/lightweb.dev\/l\/svm-temp\/nyheter\/3-ars-jubileum-av-smorgastartans-dag-den-23-november\/#primaryimage","url":"https:\/\/lightweb.dev\/l\/svm-temp\/wp-content\/uploads\/2022\/06\/3ars-jubileum-av-smorgastartans-dag-den-23-november.png","contentUrl":"https:\/\/lightweb.dev\/l\/svm-temp\/wp-content\/uploads\/2022\/06\/3ars-jubileum-av-smorgastartans-dag-den-23-november.png","width":280,"height":210},{"@type":"BreadcrumbList","@id":"https:\/\/lightweb.dev\/l\/svm-temp\/nyheter\/3-ars-jubileum-av-smorgastartans-dag-den-23-november\/#breadcrumb","itemListElement":[{"@type":"ListItem","position":1,"name":"Hem","item":"https:\/\/lightweb.dev\/l\/svm-temp\/"},{"@type":"ListItem","position":2,"name":"3-\u00e5rs jubileum av Sm\u00f6rg\u00e5st\u00e5rtans dag den 23 november"}]},{"@type":"WebSite","@id":"https:\/\/lightweb.dev\/l\/svm-temp\/#website","url":"https:\/\/lightweb.dev\/l\/svm-temp\/","name":"Svenska Magasinet","description":"Dina Spanska nyheter p&aring; Svenska","publisher":{"@id":"https:\/\/lightweb.dev\/l\/svm-temp\/#organization"},"potentialAction":[{"@type":"SearchAction","target":{"@type":"EntryPoint","urlTemplate":"https:\/\/lightweb.dev\/l\/svm-temp\/?s={search_term_string}"},"query-input":{"@type":"PropertyValueSpecification","valueRequired":true,"valueName":"search_term_string"}}],"inLanguage":"sv-SE"},{"@type":"Organization","@id":"https:\/\/lightweb.dev\/l\/svm-temp\/#organization","name":"Melkerson y Nott SL","alternateName":"Svenska Magasinet","url":"https:\/\/lightweb.dev\/l\/svm-temp\/","logo":{"@type":"ImageObject","inLanguage":"sv-SE","@id":"https:\/\/lightweb.dev\/l\/svm-temp\/#\/schema\/logo\/image\/","url":"https:\/\/lightweb.dev\/l\/svm-temp\/wp-content\/uploads\/2025\/02\/SvM-logo-Xtra-Centrerad-SVART.png","contentUrl":"https:\/\/lightweb.dev\/l\/svm-temp\/wp-content\/uploads\/2025\/02\/SvM-logo-Xtra-Centrerad-SVART.png","width":300,"height":99,"caption":"Melkerson y Nott SL"},"image":{"@id":"https:\/\/lightweb.dev\/l\/svm-temp\/#\/schema\/logo\/image\/"},"sameAs":["https:\/\/www.facebook.com\/svenskamagasinet","https:\/\/x.com\/SvenskaMagasine"]},{"@type":"Person","@id":"https:\/\/lightweb.dev\/l\/svm-temp\/#\/schema\/person\/206a3bda5b607b0c25e1749191e4d837","name":"Redaktionen SvM","description":"Redaktionen","sameAs":["https:\/\/lightweb.dev\/l\/svm-temp"],"url":"https:\/\/lightweb.dev\/l\/svm-temp\/reporter\/redaktionen\/"}]}},"_links":{"self":[{"href":"https:\/\/lightweb.dev\/l\/svm-temp\/wp-json\/wp\/v2\/posts\/28579","targetHints":{"allow":["GET"]}}],"collection":[{"href":"https:\/\/lightweb.dev\/l\/svm-temp\/wp-json\/wp\/v2\/posts"}],"about":[{"href":"https:\/\/lightweb.dev\/l\/svm-temp\/wp-json\/wp\/v2\/types\/post"}],"author":[{"embeddable":true,"href":"https:\/\/lightweb.dev\/l\/svm-temp\/wp-json\/wp\/v2\/users\/8"}],"replies":[{"embeddable":true,"href":"https:\/\/lightweb.dev\/l\/svm-temp\/wp-json\/wp\/v2\/comments?post=28579"}],"version-history":[{"count":0,"href":"https:\/\/lightweb.dev\/l\/svm-temp\/wp-json\/wp\/v2\/posts\/28579\/revisions"}],"wp:featuredmedia":[{"embeddable":true,"href":"https:\/\/lightweb.dev\/l\/svm-temp\/wp-json\/wp\/v2\/media\/28582"}],"wp:attachment":[{"href":"https:\/\/lightweb.dev\/l\/svm-temp\/wp-json\/wp\/v2\/media?parent=28579"}],"wp:term":[{"taxonomy":"category","embeddable":true,"href":"https:\/\/lightweb.dev\/l\/svm-temp\/wp-json\/wp\/v2\/categories?post=28579"},{"taxonomy":"post_tag","embeddable":true,"href":"https:\/\/lightweb.dev\/l\/svm-temp\/wp-json\/wp\/v2\/tags?post=28579"}],"curies":[{"name":"wp","href":"https:\/\/api.w.org\/{rel}","templated":true}]}}