{"id":28590,"date":"2013-11-06T00:00:00","date_gmt":"2013-11-05T23:00:00","guid":{"rendered":"https:\/\/lightweb.dev\/l\/svm-temp\/nyheter\/stor-lararkonferens-vid-svenska-skolan-i-fuengirola\/"},"modified":"2013-11-06T00:00:00","modified_gmt":"2013-11-05T23:00:00","slug":"stor-lararkonferens-vid-svenska-skolan-i-fuengirola","status":"publish","type":"post","link":"https:\/\/lightweb.dev\/l\/svm-temp\/nyheter\/stor-lararkonferens-vid-svenska-skolan-i-fuengirola\/","title":{"rendered":"Stor l\u00e4rarkonferens vid Svenska skolan i Fuengirola"},"content":{"rendered":"<p> N\u00e4ra 100 l\u00e4rare, rektorer och styrelsemedlemmar fr\u00e5n Svenska skolor i Spanien och Portugal kommer att n\u00e4rvara vid Iberiakonferensen som kommer att h\u00e5llas p\u00e5 Svenska skolan i Los Boliches, Fuengirola, n\u00e4sta veckoslut. Av Ola Josefsson<\/p>\n<p>&#8211; Iberiakonferens har arrangerats under m\u00e5nga \u00e5r, vartannat \u00e5r f\u00f6r skolorna p\u00e5 den iberiska halv\u00f6n. Det finns sju svenska utlandsskolor i Spanien och en i Lissabon. F\u00f6rutom l\u00e4rare kommer ocks\u00e5 representanter f\u00f6r SUF, Svensk utlandsundervisning f\u00f6rening, som \u00e4r en paraplyorganisation f\u00f6r v\u00e5ra utlandsskolor, s\u00e4ger Per Jonsson, rektor vid Fuengirolaskolan.<\/p>\n<p>Marbella och Madrid har arrangerat konferensen de senaste \u00e5ren. Nu \u00e4r det dags f\u00f6r Fuengirola som \u00e4r den st\u00f6rsta svenska skolan p\u00e5 den iberiska halv\u00f6n. Via SUF har man f\u00e5tt medel f\u00f6r att anordna tv\u00e5 fortbildningsdagar f\u00f6r f\u00f6rskoll\u00e4rare och l\u00e4rare samt ett rektorsm\u00f6te.<\/p>\n<p>&#8211; F\u00f6rutom v\u00e5r egen personal h\u00e4r i Fuengirola p\u00e5 omkring 30 personer kommer det uppskattningsvis 60 l\u00e4rare, rektorer och styrelsemedlemmar utifr\u00e5n.<\/p>\n<p>Den 15 och 16 november v\u00e4ntar tv\u00e5 intensiva dagar med kompetenta f\u00f6rel\u00e4sare som Lars Gustafsson, Anne-Marie K\u00f6rling och Christian Lundahl. Det blir \u00e4ven grupp\u00f6vningar f\u00f6r deltagarna.<\/p>\n<p>&#8211; Vi har i f\u00f6rsta hand satsat p\u00e5 att skapa ett l\u00e4rorikt program f\u00f6r olika personalkategorier. S\u00e5 konferensen \u00e4r verkligen n\u00e5got vi ser fram emot, s\u00e4ger Per Jonsson till Svenska Magasinet.<\/p>\n<p>N\u00e5gra av f\u00f6rel\u00e4sningarna handlar om hur engagerade, kompetenta och extremt delaktiga medarbetare \u00e4r nyckeln till bra resultat och n\u00f6jda barn, elever och v\u00e5rdnadshavare. Andra \u00e4mnen som tas upp \u00e4r hur man f\u00e5r medarbetare som vill, kan orkar och v\u00e5gar, vilka \u00e4r framg\u00e5ngsfaktorerna, vilka \u00e4r fallgroparna, hur skapas en f\u00f6rskola och skola d\u00e4r alla id\u00e9er bejakas och alla deltar i beslutsprocessen, d\u00e4r mod, prestigel\u00f6shet, humor och r\u00e4tt inst\u00e4llning har h\u00f6gsta prioritet kommer att behandlas under konferensen.<\/p>\n<p>Redan p\u00e5 torsdag eftermiddag den 14 november anordnas ett rektorsm\u00f6te p\u00e5 skolan i Fuengirola. Rektorer fr\u00e5n svenska utlandsskolor i Europa plus Riyadh i Saudiarabien n\u00e4rvarar.<\/p>\n<p>En av g\u00e4sterna \u00e4r Lars Bergman som var rektor p\u00e5 skolan i Fuengirola i mitten p\u00e5 1990-talet. Numera f\u00f6retr\u00e4der Lars Bergman Sverigekompakt som fr\u00e4mjar det svenska spr\u00e5ket och kulturen i v\u00e4rlden.<\/p>\n<p>Bildtext: Rektor Per Jonsson ser fram emot Iberiakonferensen i Fuengirola n\u00e4sta veckoslut<\/p>\n","protected":false},"excerpt":{"rendered":"<p>N\u00e4ra 100 l\u00e4rare, rektorer och styrelsemedlemmar fr\u00e5n Svenska skolor i Spanien och Portugal kommer att n\u00e4rvara vid Iberiakonferensen som kommer att h\u00e5llas p\u00e5 Svenska skolan i Los Boliches, Fuengirola, n\u00e4sta veckoslut. Av Ola Josefsson &#8211; Iberiakonferens har arrangerats under m\u00e5nga \u00e5r, vartannat \u00e5r f\u00f6r skolorna p\u00e5 den iberiska halv\u00f6n. Det finns sju svenska utlandsskolor i [&hellip;]<\/p>\n","protected":false},"author":8,"featured_media":28592,"comment_status":"open","ping_status":"open","sticky":false,"template":"","format":"standard","meta":{"_et_pb_use_builder":"","_et_pb_old_content":"","_et_gb_content_width":"","footnotes":""},"categories":[395,3],"tags":[],"class_list":["post-28590","post","type-post","status-publish","format-standard","has-post-thumbnail","hentry","category-arkiv-nyheter","category-nyheter"],"yoast_head":"<!-- This site is optimized with the Yoast SEO Premium plugin v26.2 (Yoast SEO v27.4) - https:\/\/yoast.com\/product\/yoast-seo-premium-wordpress\/ -->\n<title>Stor l\u00e4rarkonferens vid Svenska skolan i Fuengirola - Svenska Magasinet<\/title>\n<meta name=\"robots\" content=\"noindex, follow, max-snippet:-1, max-image-preview:large, max-video-preview:-1\" \/>\n<meta property=\"og:locale\" content=\"sv_SE\" \/>\n<meta property=\"og:type\" content=\"article\" \/>\n<meta property=\"og:title\" content=\"Stor l\u00e4rarkonferens vid Svenska skolan i Fuengirola\" \/>\n<meta property=\"og:description\" content=\"N\u00e4ra 100 l\u00e4rare, rektorer och styrelsemedlemmar fr\u00e5n Svenska skolor i Spanien och Portugal kommer att n\u00e4rvara vid Iberiakonferensen som kommer att h\u00e5llas p\u00e5 Svenska skolan i Los Boliches, Fuengirola, n\u00e4sta veckoslut. Av Ola Josefsson &#8211; Iberiakonferens har arrangerats under m\u00e5nga \u00e5r, vartannat \u00e5r f\u00f6r skolorna p\u00e5 den iberiska halv\u00f6n. Det finns sju svenska utlandsskolor i [&hellip;]\" \/>\n<meta property=\"og:url\" content=\"https:\/\/lightweb.dev\/l\/svm-temp\/nyheter\/stor-lararkonferens-vid-svenska-skolan-i-fuengirola\/\" \/>\n<meta property=\"og:site_name\" content=\"Svenska Magasinet\" \/>\n<meta property=\"article:publisher\" content=\"https:\/\/www.facebook.com\/svenskamagasinet\" \/>\n<meta property=\"article:published_time\" content=\"2013-11-05T23:00:00+00:00\" \/>\n<meta name=\"author\" content=\"Redaktionen SvM\" \/>\n<meta name=\"twitter:card\" content=\"summary_large_image\" \/>\n<meta name=\"twitter:creator\" content=\"@SvenskaMagasine\" \/>\n<meta name=\"twitter:site\" content=\"@SvenskaMagasine\" \/>\n<script type=\"application\/ld+json\" class=\"yoast-schema-graph\">{\"@context\":\"https:\\\/\\\/schema.org\",\"@graph\":[{\"@type\":\"Article\",\"@id\":\"https:\\\/\\\/lightweb.dev\\\/l\\\/svm-temp\\\/nyheter\\\/stor-lararkonferens-vid-svenska-skolan-i-fuengirola\\\/#article\",\"isPartOf\":{\"@id\":\"https:\\\/\\\/lightweb.dev\\\/l\\\/svm-temp\\\/nyheter\\\/stor-lararkonferens-vid-svenska-skolan-i-fuengirola\\\/\"},\"author\":{\"name\":\"Redaktionen SvM\",\"@id\":\"https:\\\/\\\/lightweb.dev\\\/l\\\/svm-temp\\\/#\\\/schema\\\/person\\\/206a3bda5b607b0c25e1749191e4d837\"},\"headline\":\"Stor l\u00e4rarkonferens vid Svenska skolan i Fuengirola\",\"datePublished\":\"2013-11-05T23:00:00+00:00\",\"mainEntityOfPage\":{\"@id\":\"https:\\\/\\\/lightweb.dev\\\/l\\\/svm-temp\\\/nyheter\\\/stor-lararkonferens-vid-svenska-skolan-i-fuengirola\\\/\"},\"wordCount\":417,\"commentCount\":0,\"publisher\":{\"@id\":\"https:\\\/\\\/lightweb.dev\\\/l\\\/svm-temp\\\/#organization\"},\"image\":{\"@id\":\"https:\\\/\\\/lightweb.dev\\\/l\\\/svm-temp\\\/nyheter\\\/stor-lararkonferens-vid-svenska-skolan-i-fuengirola\\\/#primaryimage\"},\"thumbnailUrl\":\"https:\\\/\\\/lightweb.dev\\\/l\\\/svm-temp\\\/wp-content\\\/uploads\\\/2022\\\/06\\\/stor-lararkonferens-vid-svenska-skolan-i-fuengirola.png\",\"articleSection\":[\"Arkiv\",\"Nyheter\"],\"inLanguage\":\"sv-SE\"},{\"@type\":\"WebPage\",\"@id\":\"https:\\\/\\\/lightweb.dev\\\/l\\\/svm-temp\\\/nyheter\\\/stor-lararkonferens-vid-svenska-skolan-i-fuengirola\\\/\",\"url\":\"https:\\\/\\\/lightweb.dev\\\/l\\\/svm-temp\\\/nyheter\\\/stor-lararkonferens-vid-svenska-skolan-i-fuengirola\\\/\",\"name\":\"Stor l\u00e4rarkonferens vid Svenska skolan i Fuengirola - Svenska Magasinet\",\"isPartOf\":{\"@id\":\"https:\\\/\\\/lightweb.dev\\\/l\\\/svm-temp\\\/#website\"},\"primaryImageOfPage\":{\"@id\":\"https:\\\/\\\/lightweb.dev\\\/l\\\/svm-temp\\\/nyheter\\\/stor-lararkonferens-vid-svenska-skolan-i-fuengirola\\\/#primaryimage\"},\"image\":{\"@id\":\"https:\\\/\\\/lightweb.dev\\\/l\\\/svm-temp\\\/nyheter\\\/stor-lararkonferens-vid-svenska-skolan-i-fuengirola\\\/#primaryimage\"},\"thumbnailUrl\":\"https:\\\/\\\/lightweb.dev\\\/l\\\/svm-temp\\\/wp-content\\\/uploads\\\/2022\\\/06\\\/stor-lararkonferens-vid-svenska-skolan-i-fuengirola.png\",\"datePublished\":\"2013-11-05T23:00:00+00:00\",\"breadcrumb\":{\"@id\":\"https:\\\/\\\/lightweb.dev\\\/l\\\/svm-temp\\\/nyheter\\\/stor-lararkonferens-vid-svenska-skolan-i-fuengirola\\\/#breadcrumb\"},\"inLanguage\":\"sv-SE\",\"potentialAction\":[{\"@type\":\"ReadAction\",\"target\":[\"https:\\\/\\\/lightweb.dev\\\/l\\\/svm-temp\\\/nyheter\\\/stor-lararkonferens-vid-svenska-skolan-i-fuengirola\\\/\"]}]},{\"@type\":\"ImageObject\",\"inLanguage\":\"sv-SE\",\"@id\":\"https:\\\/\\\/lightweb.dev\\\/l\\\/svm-temp\\\/nyheter\\\/stor-lararkonferens-vid-svenska-skolan-i-fuengirola\\\/#primaryimage\",\"url\":\"https:\\\/\\\/lightweb.dev\\\/l\\\/svm-temp\\\/wp-content\\\/uploads\\\/2022\\\/06\\\/stor-lararkonferens-vid-svenska-skolan-i-fuengirola.png\",\"contentUrl\":\"https:\\\/\\\/lightweb.dev\\\/l\\\/svm-temp\\\/wp-content\\\/uploads\\\/2022\\\/06\\\/stor-lararkonferens-vid-svenska-skolan-i-fuengirola.png\",\"width\":299,\"height\":200},{\"@type\":\"BreadcrumbList\",\"@id\":\"https:\\\/\\\/lightweb.dev\\\/l\\\/svm-temp\\\/nyheter\\\/stor-lararkonferens-vid-svenska-skolan-i-fuengirola\\\/#breadcrumb\",\"itemListElement\":[{\"@type\":\"ListItem\",\"position\":1,\"name\":\"Hem\",\"item\":\"https:\\\/\\\/lightweb.dev\\\/l\\\/svm-temp\\\/\"},{\"@type\":\"ListItem\",\"position\":2,\"name\":\"Stor l\u00e4rarkonferens vid Svenska skolan i Fuengirola\"}]},{\"@type\":\"WebSite\",\"@id\":\"https:\\\/\\\/lightweb.dev\\\/l\\\/svm-temp\\\/#website\",\"url\":\"https:\\\/\\\/lightweb.dev\\\/l\\\/svm-temp\\\/\",\"name\":\"Svenska Magasinet\",\"description\":\"Dina Spanska nyheter p&aring; Svenska\",\"publisher\":{\"@id\":\"https:\\\/\\\/lightweb.dev\\\/l\\\/svm-temp\\\/#organization\"},\"potentialAction\":[{\"@type\":\"SearchAction\",\"target\":{\"@type\":\"EntryPoint\",\"urlTemplate\":\"https:\\\/\\\/lightweb.dev\\\/l\\\/svm-temp\\\/?s={search_term_string}\"},\"query-input\":{\"@type\":\"PropertyValueSpecification\",\"valueRequired\":true,\"valueName\":\"search_term_string\"}}],\"inLanguage\":\"sv-SE\"},{\"@type\":\"Organization\",\"@id\":\"https:\\\/\\\/lightweb.dev\\\/l\\\/svm-temp\\\/#organization\",\"name\":\"Melkerson y Nott SL\",\"alternateName\":\"Svenska Magasinet\",\"url\":\"https:\\\/\\\/lightweb.dev\\\/l\\\/svm-temp\\\/\",\"logo\":{\"@type\":\"ImageObject\",\"inLanguage\":\"sv-SE\",\"@id\":\"https:\\\/\\\/lightweb.dev\\\/l\\\/svm-temp\\\/#\\\/schema\\\/logo\\\/image\\\/\",\"url\":\"https:\\\/\\\/lightweb.dev\\\/l\\\/svm-temp\\\/wp-content\\\/uploads\\\/2025\\\/02\\\/SvM-logo-Xtra-Centrerad-SVART.png\",\"contentUrl\":\"https:\\\/\\\/lightweb.dev\\\/l\\\/svm-temp\\\/wp-content\\\/uploads\\\/2025\\\/02\\\/SvM-logo-Xtra-Centrerad-SVART.png\",\"width\":300,\"height\":99,\"caption\":\"Melkerson y Nott SL\"},\"image\":{\"@id\":\"https:\\\/\\\/lightweb.dev\\\/l\\\/svm-temp\\\/#\\\/schema\\\/logo\\\/image\\\/\"},\"sameAs\":[\"https:\\\/\\\/www.facebook.com\\\/svenskamagasinet\",\"https:\\\/\\\/x.com\\\/SvenskaMagasine\"]},{\"@type\":\"Person\",\"@id\":\"https:\\\/\\\/lightweb.dev\\\/l\\\/svm-temp\\\/#\\\/schema\\\/person\\\/206a3bda5b607b0c25e1749191e4d837\",\"name\":\"Redaktionen SvM\",\"description\":\"Redaktionen\",\"sameAs\":[\"https:\\\/\\\/lightweb.dev\\\/l\\\/svm-temp\"],\"url\":\"https:\\\/\\\/lightweb.dev\\\/l\\\/svm-temp\\\/reporter\\\/redaktionen\\\/\"}]}<\/script>\n<!-- \/ Yoast SEO Premium plugin. -->","yoast_head_json":{"title":"Stor l\u00e4rarkonferens vid Svenska skolan i Fuengirola - Svenska Magasinet","robots":{"index":"noindex","follow":"follow","max-snippet":"max-snippet:-1","max-image-preview":"max-image-preview:large","max-video-preview":"max-video-preview:-1"},"og_locale":"sv_SE","og_type":"article","og_title":"Stor l\u00e4rarkonferens vid Svenska skolan i Fuengirola","og_description":"N\u00e4ra 100 l\u00e4rare, rektorer och styrelsemedlemmar fr\u00e5n Svenska skolor i Spanien och Portugal kommer att n\u00e4rvara vid Iberiakonferensen som kommer att h\u00e5llas p\u00e5 Svenska skolan i Los Boliches, Fuengirola, n\u00e4sta veckoslut. Av Ola Josefsson &#8211; Iberiakonferens har arrangerats under m\u00e5nga \u00e5r, vartannat \u00e5r f\u00f6r skolorna p\u00e5 den iberiska halv\u00f6n. Det finns sju svenska utlandsskolor i [&hellip;]","og_url":"https:\/\/lightweb.dev\/l\/svm-temp\/nyheter\/stor-lararkonferens-vid-svenska-skolan-i-fuengirola\/","og_site_name":"Svenska Magasinet","article_publisher":"https:\/\/www.facebook.com\/svenskamagasinet","article_published_time":"2013-11-05T23:00:00+00:00","author":"Redaktionen SvM","twitter_card":"summary_large_image","twitter_creator":"@SvenskaMagasine","twitter_site":"@SvenskaMagasine","schema":{"@context":"https:\/\/schema.org","@graph":[{"@type":"Article","@id":"https:\/\/lightweb.dev\/l\/svm-temp\/nyheter\/stor-lararkonferens-vid-svenska-skolan-i-fuengirola\/#article","isPartOf":{"@id":"https:\/\/lightweb.dev\/l\/svm-temp\/nyheter\/stor-lararkonferens-vid-svenska-skolan-i-fuengirola\/"},"author":{"name":"Redaktionen SvM","@id":"https:\/\/lightweb.dev\/l\/svm-temp\/#\/schema\/person\/206a3bda5b607b0c25e1749191e4d837"},"headline":"Stor l\u00e4rarkonferens vid Svenska skolan i Fuengirola","datePublished":"2013-11-05T23:00:00+00:00","mainEntityOfPage":{"@id":"https:\/\/lightweb.dev\/l\/svm-temp\/nyheter\/stor-lararkonferens-vid-svenska-skolan-i-fuengirola\/"},"wordCount":417,"commentCount":0,"publisher":{"@id":"https:\/\/lightweb.dev\/l\/svm-temp\/#organization"},"image":{"@id":"https:\/\/lightweb.dev\/l\/svm-temp\/nyheter\/stor-lararkonferens-vid-svenska-skolan-i-fuengirola\/#primaryimage"},"thumbnailUrl":"https:\/\/lightweb.dev\/l\/svm-temp\/wp-content\/uploads\/2022\/06\/stor-lararkonferens-vid-svenska-skolan-i-fuengirola.png","articleSection":["Arkiv","Nyheter"],"inLanguage":"sv-SE"},{"@type":"WebPage","@id":"https:\/\/lightweb.dev\/l\/svm-temp\/nyheter\/stor-lararkonferens-vid-svenska-skolan-i-fuengirola\/","url":"https:\/\/lightweb.dev\/l\/svm-temp\/nyheter\/stor-lararkonferens-vid-svenska-skolan-i-fuengirola\/","name":"Stor l\u00e4rarkonferens vid Svenska skolan i Fuengirola - Svenska Magasinet","isPartOf":{"@id":"https:\/\/lightweb.dev\/l\/svm-temp\/#website"},"primaryImageOfPage":{"@id":"https:\/\/lightweb.dev\/l\/svm-temp\/nyheter\/stor-lararkonferens-vid-svenska-skolan-i-fuengirola\/#primaryimage"},"image":{"@id":"https:\/\/lightweb.dev\/l\/svm-temp\/nyheter\/stor-lararkonferens-vid-svenska-skolan-i-fuengirola\/#primaryimage"},"thumbnailUrl":"https:\/\/lightweb.dev\/l\/svm-temp\/wp-content\/uploads\/2022\/06\/stor-lararkonferens-vid-svenska-skolan-i-fuengirola.png","datePublished":"2013-11-05T23:00:00+00:00","breadcrumb":{"@id":"https:\/\/lightweb.dev\/l\/svm-temp\/nyheter\/stor-lararkonferens-vid-svenska-skolan-i-fuengirola\/#breadcrumb"},"inLanguage":"sv-SE","potentialAction":[{"@type":"ReadAction","target":["https:\/\/lightweb.dev\/l\/svm-temp\/nyheter\/stor-lararkonferens-vid-svenska-skolan-i-fuengirola\/"]}]},{"@type":"ImageObject","inLanguage":"sv-SE","@id":"https:\/\/lightweb.dev\/l\/svm-temp\/nyheter\/stor-lararkonferens-vid-svenska-skolan-i-fuengirola\/#primaryimage","url":"https:\/\/lightweb.dev\/l\/svm-temp\/wp-content\/uploads\/2022\/06\/stor-lararkonferens-vid-svenska-skolan-i-fuengirola.png","contentUrl":"https:\/\/lightweb.dev\/l\/svm-temp\/wp-content\/uploads\/2022\/06\/stor-lararkonferens-vid-svenska-skolan-i-fuengirola.png","width":299,"height":200},{"@type":"BreadcrumbList","@id":"https:\/\/lightweb.dev\/l\/svm-temp\/nyheter\/stor-lararkonferens-vid-svenska-skolan-i-fuengirola\/#breadcrumb","itemListElement":[{"@type":"ListItem","position":1,"name":"Hem","item":"https:\/\/lightweb.dev\/l\/svm-temp\/"},{"@type":"ListItem","position":2,"name":"Stor l\u00e4rarkonferens vid Svenska skolan i Fuengirola"}]},{"@type":"WebSite","@id":"https:\/\/lightweb.dev\/l\/svm-temp\/#website","url":"https:\/\/lightweb.dev\/l\/svm-temp\/","name":"Svenska Magasinet","description":"Dina Spanska nyheter p&aring; Svenska","publisher":{"@id":"https:\/\/lightweb.dev\/l\/svm-temp\/#organization"},"potentialAction":[{"@type":"SearchAction","target":{"@type":"EntryPoint","urlTemplate":"https:\/\/lightweb.dev\/l\/svm-temp\/?s={search_term_string}"},"query-input":{"@type":"PropertyValueSpecification","valueRequired":true,"valueName":"search_term_string"}}],"inLanguage":"sv-SE"},{"@type":"Organization","@id":"https:\/\/lightweb.dev\/l\/svm-temp\/#organization","name":"Melkerson y Nott SL","alternateName":"Svenska Magasinet","url":"https:\/\/lightweb.dev\/l\/svm-temp\/","logo":{"@type":"ImageObject","inLanguage":"sv-SE","@id":"https:\/\/lightweb.dev\/l\/svm-temp\/#\/schema\/logo\/image\/","url":"https:\/\/lightweb.dev\/l\/svm-temp\/wp-content\/uploads\/2025\/02\/SvM-logo-Xtra-Centrerad-SVART.png","contentUrl":"https:\/\/lightweb.dev\/l\/svm-temp\/wp-content\/uploads\/2025\/02\/SvM-logo-Xtra-Centrerad-SVART.png","width":300,"height":99,"caption":"Melkerson y Nott SL"},"image":{"@id":"https:\/\/lightweb.dev\/l\/svm-temp\/#\/schema\/logo\/image\/"},"sameAs":["https:\/\/www.facebook.com\/svenskamagasinet","https:\/\/x.com\/SvenskaMagasine"]},{"@type":"Person","@id":"https:\/\/lightweb.dev\/l\/svm-temp\/#\/schema\/person\/206a3bda5b607b0c25e1749191e4d837","name":"Redaktionen SvM","description":"Redaktionen","sameAs":["https:\/\/lightweb.dev\/l\/svm-temp"],"url":"https:\/\/lightweb.dev\/l\/svm-temp\/reporter\/redaktionen\/"}]}},"_links":{"self":[{"href":"https:\/\/lightweb.dev\/l\/svm-temp\/wp-json\/wp\/v2\/posts\/28590","targetHints":{"allow":["GET"]}}],"collection":[{"href":"https:\/\/lightweb.dev\/l\/svm-temp\/wp-json\/wp\/v2\/posts"}],"about":[{"href":"https:\/\/lightweb.dev\/l\/svm-temp\/wp-json\/wp\/v2\/types\/post"}],"author":[{"embeddable":true,"href":"https:\/\/lightweb.dev\/l\/svm-temp\/wp-json\/wp\/v2\/users\/8"}],"replies":[{"embeddable":true,"href":"https:\/\/lightweb.dev\/l\/svm-temp\/wp-json\/wp\/v2\/comments?post=28590"}],"version-history":[{"count":0,"href":"https:\/\/lightweb.dev\/l\/svm-temp\/wp-json\/wp\/v2\/posts\/28590\/revisions"}],"wp:featuredmedia":[{"embeddable":true,"href":"https:\/\/lightweb.dev\/l\/svm-temp\/wp-json\/wp\/v2\/media\/28592"}],"wp:attachment":[{"href":"https:\/\/lightweb.dev\/l\/svm-temp\/wp-json\/wp\/v2\/media?parent=28590"}],"wp:term":[{"taxonomy":"category","embeddable":true,"href":"https:\/\/lightweb.dev\/l\/svm-temp\/wp-json\/wp\/v2\/categories?post=28590"},{"taxonomy":"post_tag","embeddable":true,"href":"https:\/\/lightweb.dev\/l\/svm-temp\/wp-json\/wp\/v2\/tags?post=28590"}],"curies":[{"name":"wp","href":"https:\/\/api.w.org\/{rel}","templated":true}]}}