{"id":28607,"date":"2013-11-05T00:00:00","date_gmt":"2013-11-04T23:00:00","guid":{"rendered":"https:\/\/lightweb.dev\/l\/svm-temp\/nyheter\/svenskar-kopte-377-bostader-under-forsta-halvaret\/"},"modified":"2013-11-05T00:00:00","modified_gmt":"2013-11-04T23:00:00","slug":"svenskar-kopte-377-bostader-under-forsta-halvaret","status":"publish","type":"post","link":"https:\/\/lightweb.dev\/l\/svm-temp\/nyheter\/svenskar-kopte-377-bostader-under-forsta-halvaret\/","title":{"rendered":"Svenskar k\u00f6pte 377 bost\u00e4der under f\u00f6rsta halv\u00e5ret"},"content":{"rendered":"<p> 377 bost\u00e4der p\u00e5 Costa del Sol k\u00f6ptes av svenskar under f\u00f6rsta halv\u00e5ret 2013. Det ber\u00e4ttade El\u00edas Bendodo (PP) vid turistmyndigheten Patronato de Turismo under tisdagen i samband med hans bes\u00f6k vid den stora turistm\u00e4ssan World Travel Market (WTM) i London som p\u00e5g\u00e5r.<\/p>\n<p>Under \u00e5rets f\u00f6rsta sex m\u00e5nader k\u00f6ptes 3.260 bost\u00e4der p\u00e5 Costa del Sol av utl\u00e4nningar vilket \u00e4r 33 procent mer \u00e4n under motsvarande period 2012. Siffrorna kommer fr\u00e5n myndigheten Consejo General del Notariado.<\/p>\n<p>Av \u00f6vriga utl\u00e4nningar gjorde britter 630 bostadsk\u00f6p f\u00f6ljt av belgare med 288 bostadsk\u00f6p, norrm\u00e4n med 281, ryssar 251och fransm\u00e4n 200.<\/p>\n<p>Turistmyndigheten Patronato de Turismo har \u00e4ven sj\u00f6satt projektet \u201dLiving Costa del Sol\u201d f\u00f6r att locka k\u00f6pare i utlandet. Turistmyndigheten kommer \u00e4ven att medverka vid m\u00e4ssan \u201dA place in the sun\u201d som h\u00e5lls 28 till 30 mars 2014. Ifjol hade den m\u00e4ssan 4.900 bes\u00f6kare och i \u00e5r v\u00e4ntas 5.500.<\/p>\n<p>De huvudsakliga investeringarna bland dessa bes\u00f6kare och k\u00f6pare g\u00f6rs i Spanien, Frankrike, Portugal, Turkiet och Florida (USA). Unders\u00f6kningar visar att 22 procent av bes\u00f6karna planerar att k\u00f6pa en bostad i utlandet inom sex m\u00e5nader, 60 procent inom ett \u00e5r och 87 procent inom tv\u00e5 \u00e5r. <\/p>\n","protected":false},"excerpt":{"rendered":"<p>377 bost\u00e4der p\u00e5 Costa del Sol k\u00f6ptes av svenskar under f\u00f6rsta halv\u00e5ret 2013. Det ber\u00e4ttade El\u00edas Bendodo (PP) vid turistmyndigheten Patronato de Turismo under tisdagen i samband med hans bes\u00f6k vid den stora turistm\u00e4ssan World Travel Market (WTM) i London som p\u00e5g\u00e5r. Under \u00e5rets f\u00f6rsta sex m\u00e5nader k\u00f6ptes 3.260 bost\u00e4der p\u00e5 Costa del Sol av [&hellip;]<\/p>\n","protected":false},"author":8,"featured_media":28610,"comment_status":"open","ping_status":"open","sticky":false,"template":"","format":"standard","meta":{"_et_pb_use_builder":"","_et_pb_old_content":"","_et_gb_content_width":"","footnotes":""},"categories":[395,3],"tags":[],"class_list":["post-28607","post","type-post","status-publish","format-standard","has-post-thumbnail","hentry","category-arkiv-nyheter","category-nyheter"],"yoast_head":"<!-- This site is optimized with the Yoast SEO Premium plugin v26.2 (Yoast SEO v27.4) - https:\/\/yoast.com\/product\/yoast-seo-premium-wordpress\/ -->\n<title>Svenskar k\u00f6pte 377 bost\u00e4der under f\u00f6rsta halv\u00e5ret - Svenska Magasinet<\/title>\n<meta name=\"robots\" content=\"noindex, follow, max-snippet:-1, max-image-preview:large, max-video-preview:-1\" \/>\n<meta property=\"og:locale\" content=\"sv_SE\" \/>\n<meta property=\"og:type\" content=\"article\" \/>\n<meta property=\"og:title\" content=\"Svenskar k\u00f6pte 377 bost\u00e4der under f\u00f6rsta halv\u00e5ret\" \/>\n<meta property=\"og:description\" content=\"377 bost\u00e4der p\u00e5 Costa del Sol k\u00f6ptes av svenskar under f\u00f6rsta halv\u00e5ret 2013. Det ber\u00e4ttade El\u00edas Bendodo (PP) vid turistmyndigheten Patronato de Turismo under tisdagen i samband med hans bes\u00f6k vid den stora turistm\u00e4ssan World Travel Market (WTM) i London som p\u00e5g\u00e5r. Under \u00e5rets f\u00f6rsta sex m\u00e5nader k\u00f6ptes 3.260 bost\u00e4der p\u00e5 Costa del Sol av [&hellip;]\" \/>\n<meta property=\"og:url\" content=\"https:\/\/lightweb.dev\/l\/svm-temp\/nyheter\/svenskar-kopte-377-bostader-under-forsta-halvaret\/\" \/>\n<meta property=\"og:site_name\" content=\"Svenska Magasinet\" \/>\n<meta property=\"article:publisher\" content=\"https:\/\/www.facebook.com\/svenskamagasinet\" \/>\n<meta property=\"article:published_time\" content=\"2013-11-04T23:00:00+00:00\" \/>\n<meta name=\"author\" content=\"Redaktionen SvM\" \/>\n<meta name=\"twitter:card\" content=\"summary_large_image\" \/>\n<meta name=\"twitter:creator\" content=\"@SvenskaMagasine\" \/>\n<meta name=\"twitter:site\" content=\"@SvenskaMagasine\" \/>\n<script type=\"application\/ld+json\" class=\"yoast-schema-graph\">{\"@context\":\"https:\\\/\\\/schema.org\",\"@graph\":[{\"@type\":\"Article\",\"@id\":\"https:\\\/\\\/lightweb.dev\\\/l\\\/svm-temp\\\/nyheter\\\/svenskar-kopte-377-bostader-under-forsta-halvaret\\\/#article\",\"isPartOf\":{\"@id\":\"https:\\\/\\\/lightweb.dev\\\/l\\\/svm-temp\\\/nyheter\\\/svenskar-kopte-377-bostader-under-forsta-halvaret\\\/\"},\"author\":{\"name\":\"Redaktionen SvM\",\"@id\":\"https:\\\/\\\/lightweb.dev\\\/l\\\/svm-temp\\\/#\\\/schema\\\/person\\\/206a3bda5b607b0c25e1749191e4d837\"},\"headline\":\"Svenskar k\u00f6pte 377 bost\u00e4der under f\u00f6rsta halv\u00e5ret\",\"datePublished\":\"2013-11-04T23:00:00+00:00\",\"mainEntityOfPage\":{\"@id\":\"https:\\\/\\\/lightweb.dev\\\/l\\\/svm-temp\\\/nyheter\\\/svenskar-kopte-377-bostader-under-forsta-halvaret\\\/\"},\"wordCount\":217,\"commentCount\":0,\"publisher\":{\"@id\":\"https:\\\/\\\/lightweb.dev\\\/l\\\/svm-temp\\\/#organization\"},\"image\":{\"@id\":\"https:\\\/\\\/lightweb.dev\\\/l\\\/svm-temp\\\/nyheter\\\/svenskar-kopte-377-bostader-under-forsta-halvaret\\\/#primaryimage\"},\"thumbnailUrl\":\"https:\\\/\\\/lightweb.dev\\\/l\\\/svm-temp\\\/wp-content\\\/uploads\\\/2022\\\/06\\\/svenskar-kopte-377-bostader-under-forsta-halvaret.png\",\"articleSection\":[\"Arkiv\",\"Nyheter\"],\"inLanguage\":\"sv-SE\"},{\"@type\":\"WebPage\",\"@id\":\"https:\\\/\\\/lightweb.dev\\\/l\\\/svm-temp\\\/nyheter\\\/svenskar-kopte-377-bostader-under-forsta-halvaret\\\/\",\"url\":\"https:\\\/\\\/lightweb.dev\\\/l\\\/svm-temp\\\/nyheter\\\/svenskar-kopte-377-bostader-under-forsta-halvaret\\\/\",\"name\":\"Svenskar k\u00f6pte 377 bost\u00e4der under f\u00f6rsta halv\u00e5ret - Svenska Magasinet\",\"isPartOf\":{\"@id\":\"https:\\\/\\\/lightweb.dev\\\/l\\\/svm-temp\\\/#website\"},\"primaryImageOfPage\":{\"@id\":\"https:\\\/\\\/lightweb.dev\\\/l\\\/svm-temp\\\/nyheter\\\/svenskar-kopte-377-bostader-under-forsta-halvaret\\\/#primaryimage\"},\"image\":{\"@id\":\"https:\\\/\\\/lightweb.dev\\\/l\\\/svm-temp\\\/nyheter\\\/svenskar-kopte-377-bostader-under-forsta-halvaret\\\/#primaryimage\"},\"thumbnailUrl\":\"https:\\\/\\\/lightweb.dev\\\/l\\\/svm-temp\\\/wp-content\\\/uploads\\\/2022\\\/06\\\/svenskar-kopte-377-bostader-under-forsta-halvaret.png\",\"datePublished\":\"2013-11-04T23:00:00+00:00\",\"breadcrumb\":{\"@id\":\"https:\\\/\\\/lightweb.dev\\\/l\\\/svm-temp\\\/nyheter\\\/svenskar-kopte-377-bostader-under-forsta-halvaret\\\/#breadcrumb\"},\"inLanguage\":\"sv-SE\",\"potentialAction\":[{\"@type\":\"ReadAction\",\"target\":[\"https:\\\/\\\/lightweb.dev\\\/l\\\/svm-temp\\\/nyheter\\\/svenskar-kopte-377-bostader-under-forsta-halvaret\\\/\"]}]},{\"@type\":\"ImageObject\",\"inLanguage\":\"sv-SE\",\"@id\":\"https:\\\/\\\/lightweb.dev\\\/l\\\/svm-temp\\\/nyheter\\\/svenskar-kopte-377-bostader-under-forsta-halvaret\\\/#primaryimage\",\"url\":\"https:\\\/\\\/lightweb.dev\\\/l\\\/svm-temp\\\/wp-content\\\/uploads\\\/2022\\\/06\\\/svenskar-kopte-377-bostader-under-forsta-halvaret.png\",\"contentUrl\":\"https:\\\/\\\/lightweb.dev\\\/l\\\/svm-temp\\\/wp-content\\\/uploads\\\/2022\\\/06\\\/svenskar-kopte-377-bostader-under-forsta-halvaret.png\",\"width\":299,\"height\":200},{\"@type\":\"BreadcrumbList\",\"@id\":\"https:\\\/\\\/lightweb.dev\\\/l\\\/svm-temp\\\/nyheter\\\/svenskar-kopte-377-bostader-under-forsta-halvaret\\\/#breadcrumb\",\"itemListElement\":[{\"@type\":\"ListItem\",\"position\":1,\"name\":\"Hem\",\"item\":\"https:\\\/\\\/lightweb.dev\\\/l\\\/svm-temp\\\/\"},{\"@type\":\"ListItem\",\"position\":2,\"name\":\"Svenskar k\u00f6pte 377 bost\u00e4der under f\u00f6rsta halv\u00e5ret\"}]},{\"@type\":\"WebSite\",\"@id\":\"https:\\\/\\\/lightweb.dev\\\/l\\\/svm-temp\\\/#website\",\"url\":\"https:\\\/\\\/lightweb.dev\\\/l\\\/svm-temp\\\/\",\"name\":\"Svenska Magasinet\",\"description\":\"Dina Spanska nyheter p&aring; Svenska\",\"publisher\":{\"@id\":\"https:\\\/\\\/lightweb.dev\\\/l\\\/svm-temp\\\/#organization\"},\"potentialAction\":[{\"@type\":\"SearchAction\",\"target\":{\"@type\":\"EntryPoint\",\"urlTemplate\":\"https:\\\/\\\/lightweb.dev\\\/l\\\/svm-temp\\\/?s={search_term_string}\"},\"query-input\":{\"@type\":\"PropertyValueSpecification\",\"valueRequired\":true,\"valueName\":\"search_term_string\"}}],\"inLanguage\":\"sv-SE\"},{\"@type\":\"Organization\",\"@id\":\"https:\\\/\\\/lightweb.dev\\\/l\\\/svm-temp\\\/#organization\",\"name\":\"Melkerson y Nott SL\",\"alternateName\":\"Svenska Magasinet\",\"url\":\"https:\\\/\\\/lightweb.dev\\\/l\\\/svm-temp\\\/\",\"logo\":{\"@type\":\"ImageObject\",\"inLanguage\":\"sv-SE\",\"@id\":\"https:\\\/\\\/lightweb.dev\\\/l\\\/svm-temp\\\/#\\\/schema\\\/logo\\\/image\\\/\",\"url\":\"https:\\\/\\\/lightweb.dev\\\/l\\\/svm-temp\\\/wp-content\\\/uploads\\\/2025\\\/02\\\/SvM-logo-Xtra-Centrerad-SVART.png\",\"contentUrl\":\"https:\\\/\\\/lightweb.dev\\\/l\\\/svm-temp\\\/wp-content\\\/uploads\\\/2025\\\/02\\\/SvM-logo-Xtra-Centrerad-SVART.png\",\"width\":300,\"height\":99,\"caption\":\"Melkerson y Nott SL\"},\"image\":{\"@id\":\"https:\\\/\\\/lightweb.dev\\\/l\\\/svm-temp\\\/#\\\/schema\\\/logo\\\/image\\\/\"},\"sameAs\":[\"https:\\\/\\\/www.facebook.com\\\/svenskamagasinet\",\"https:\\\/\\\/x.com\\\/SvenskaMagasine\"]},{\"@type\":\"Person\",\"@id\":\"https:\\\/\\\/lightweb.dev\\\/l\\\/svm-temp\\\/#\\\/schema\\\/person\\\/206a3bda5b607b0c25e1749191e4d837\",\"name\":\"Redaktionen SvM\",\"description\":\"Redaktionen\",\"sameAs\":[\"https:\\\/\\\/lightweb.dev\\\/l\\\/svm-temp\"],\"url\":\"https:\\\/\\\/lightweb.dev\\\/l\\\/svm-temp\\\/reporter\\\/redaktionen\\\/\"}]}<\/script>\n<!-- \/ Yoast SEO Premium plugin. -->","yoast_head_json":{"title":"Svenskar k\u00f6pte 377 bost\u00e4der under f\u00f6rsta halv\u00e5ret - Svenska Magasinet","robots":{"index":"noindex","follow":"follow","max-snippet":"max-snippet:-1","max-image-preview":"max-image-preview:large","max-video-preview":"max-video-preview:-1"},"og_locale":"sv_SE","og_type":"article","og_title":"Svenskar k\u00f6pte 377 bost\u00e4der under f\u00f6rsta halv\u00e5ret","og_description":"377 bost\u00e4der p\u00e5 Costa del Sol k\u00f6ptes av svenskar under f\u00f6rsta halv\u00e5ret 2013. Det ber\u00e4ttade El\u00edas Bendodo (PP) vid turistmyndigheten Patronato de Turismo under tisdagen i samband med hans bes\u00f6k vid den stora turistm\u00e4ssan World Travel Market (WTM) i London som p\u00e5g\u00e5r. Under \u00e5rets f\u00f6rsta sex m\u00e5nader k\u00f6ptes 3.260 bost\u00e4der p\u00e5 Costa del Sol av [&hellip;]","og_url":"https:\/\/lightweb.dev\/l\/svm-temp\/nyheter\/svenskar-kopte-377-bostader-under-forsta-halvaret\/","og_site_name":"Svenska Magasinet","article_publisher":"https:\/\/www.facebook.com\/svenskamagasinet","article_published_time":"2013-11-04T23:00:00+00:00","author":"Redaktionen SvM","twitter_card":"summary_large_image","twitter_creator":"@SvenskaMagasine","twitter_site":"@SvenskaMagasine","schema":{"@context":"https:\/\/schema.org","@graph":[{"@type":"Article","@id":"https:\/\/lightweb.dev\/l\/svm-temp\/nyheter\/svenskar-kopte-377-bostader-under-forsta-halvaret\/#article","isPartOf":{"@id":"https:\/\/lightweb.dev\/l\/svm-temp\/nyheter\/svenskar-kopte-377-bostader-under-forsta-halvaret\/"},"author":{"name":"Redaktionen SvM","@id":"https:\/\/lightweb.dev\/l\/svm-temp\/#\/schema\/person\/206a3bda5b607b0c25e1749191e4d837"},"headline":"Svenskar k\u00f6pte 377 bost\u00e4der under f\u00f6rsta halv\u00e5ret","datePublished":"2013-11-04T23:00:00+00:00","mainEntityOfPage":{"@id":"https:\/\/lightweb.dev\/l\/svm-temp\/nyheter\/svenskar-kopte-377-bostader-under-forsta-halvaret\/"},"wordCount":217,"commentCount":0,"publisher":{"@id":"https:\/\/lightweb.dev\/l\/svm-temp\/#organization"},"image":{"@id":"https:\/\/lightweb.dev\/l\/svm-temp\/nyheter\/svenskar-kopte-377-bostader-under-forsta-halvaret\/#primaryimage"},"thumbnailUrl":"https:\/\/lightweb.dev\/l\/svm-temp\/wp-content\/uploads\/2022\/06\/svenskar-kopte-377-bostader-under-forsta-halvaret.png","articleSection":["Arkiv","Nyheter"],"inLanguage":"sv-SE"},{"@type":"WebPage","@id":"https:\/\/lightweb.dev\/l\/svm-temp\/nyheter\/svenskar-kopte-377-bostader-under-forsta-halvaret\/","url":"https:\/\/lightweb.dev\/l\/svm-temp\/nyheter\/svenskar-kopte-377-bostader-under-forsta-halvaret\/","name":"Svenskar k\u00f6pte 377 bost\u00e4der under f\u00f6rsta halv\u00e5ret - Svenska Magasinet","isPartOf":{"@id":"https:\/\/lightweb.dev\/l\/svm-temp\/#website"},"primaryImageOfPage":{"@id":"https:\/\/lightweb.dev\/l\/svm-temp\/nyheter\/svenskar-kopte-377-bostader-under-forsta-halvaret\/#primaryimage"},"image":{"@id":"https:\/\/lightweb.dev\/l\/svm-temp\/nyheter\/svenskar-kopte-377-bostader-under-forsta-halvaret\/#primaryimage"},"thumbnailUrl":"https:\/\/lightweb.dev\/l\/svm-temp\/wp-content\/uploads\/2022\/06\/svenskar-kopte-377-bostader-under-forsta-halvaret.png","datePublished":"2013-11-04T23:00:00+00:00","breadcrumb":{"@id":"https:\/\/lightweb.dev\/l\/svm-temp\/nyheter\/svenskar-kopte-377-bostader-under-forsta-halvaret\/#breadcrumb"},"inLanguage":"sv-SE","potentialAction":[{"@type":"ReadAction","target":["https:\/\/lightweb.dev\/l\/svm-temp\/nyheter\/svenskar-kopte-377-bostader-under-forsta-halvaret\/"]}]},{"@type":"ImageObject","inLanguage":"sv-SE","@id":"https:\/\/lightweb.dev\/l\/svm-temp\/nyheter\/svenskar-kopte-377-bostader-under-forsta-halvaret\/#primaryimage","url":"https:\/\/lightweb.dev\/l\/svm-temp\/wp-content\/uploads\/2022\/06\/svenskar-kopte-377-bostader-under-forsta-halvaret.png","contentUrl":"https:\/\/lightweb.dev\/l\/svm-temp\/wp-content\/uploads\/2022\/06\/svenskar-kopte-377-bostader-under-forsta-halvaret.png","width":299,"height":200},{"@type":"BreadcrumbList","@id":"https:\/\/lightweb.dev\/l\/svm-temp\/nyheter\/svenskar-kopte-377-bostader-under-forsta-halvaret\/#breadcrumb","itemListElement":[{"@type":"ListItem","position":1,"name":"Hem","item":"https:\/\/lightweb.dev\/l\/svm-temp\/"},{"@type":"ListItem","position":2,"name":"Svenskar k\u00f6pte 377 bost\u00e4der under f\u00f6rsta halv\u00e5ret"}]},{"@type":"WebSite","@id":"https:\/\/lightweb.dev\/l\/svm-temp\/#website","url":"https:\/\/lightweb.dev\/l\/svm-temp\/","name":"Svenska Magasinet","description":"Dina Spanska nyheter p&aring; Svenska","publisher":{"@id":"https:\/\/lightweb.dev\/l\/svm-temp\/#organization"},"potentialAction":[{"@type":"SearchAction","target":{"@type":"EntryPoint","urlTemplate":"https:\/\/lightweb.dev\/l\/svm-temp\/?s={search_term_string}"},"query-input":{"@type":"PropertyValueSpecification","valueRequired":true,"valueName":"search_term_string"}}],"inLanguage":"sv-SE"},{"@type":"Organization","@id":"https:\/\/lightweb.dev\/l\/svm-temp\/#organization","name":"Melkerson y Nott SL","alternateName":"Svenska Magasinet","url":"https:\/\/lightweb.dev\/l\/svm-temp\/","logo":{"@type":"ImageObject","inLanguage":"sv-SE","@id":"https:\/\/lightweb.dev\/l\/svm-temp\/#\/schema\/logo\/image\/","url":"https:\/\/lightweb.dev\/l\/svm-temp\/wp-content\/uploads\/2025\/02\/SvM-logo-Xtra-Centrerad-SVART.png","contentUrl":"https:\/\/lightweb.dev\/l\/svm-temp\/wp-content\/uploads\/2025\/02\/SvM-logo-Xtra-Centrerad-SVART.png","width":300,"height":99,"caption":"Melkerson y Nott SL"},"image":{"@id":"https:\/\/lightweb.dev\/l\/svm-temp\/#\/schema\/logo\/image\/"},"sameAs":["https:\/\/www.facebook.com\/svenskamagasinet","https:\/\/x.com\/SvenskaMagasine"]},{"@type":"Person","@id":"https:\/\/lightweb.dev\/l\/svm-temp\/#\/schema\/person\/206a3bda5b607b0c25e1749191e4d837","name":"Redaktionen SvM","description":"Redaktionen","sameAs":["https:\/\/lightweb.dev\/l\/svm-temp"],"url":"https:\/\/lightweb.dev\/l\/svm-temp\/reporter\/redaktionen\/"}]}},"_links":{"self":[{"href":"https:\/\/lightweb.dev\/l\/svm-temp\/wp-json\/wp\/v2\/posts\/28607","targetHints":{"allow":["GET"]}}],"collection":[{"href":"https:\/\/lightweb.dev\/l\/svm-temp\/wp-json\/wp\/v2\/posts"}],"about":[{"href":"https:\/\/lightweb.dev\/l\/svm-temp\/wp-json\/wp\/v2\/types\/post"}],"author":[{"embeddable":true,"href":"https:\/\/lightweb.dev\/l\/svm-temp\/wp-json\/wp\/v2\/users\/8"}],"replies":[{"embeddable":true,"href":"https:\/\/lightweb.dev\/l\/svm-temp\/wp-json\/wp\/v2\/comments?post=28607"}],"version-history":[{"count":0,"href":"https:\/\/lightweb.dev\/l\/svm-temp\/wp-json\/wp\/v2\/posts\/28607\/revisions"}],"wp:featuredmedia":[{"embeddable":true,"href":"https:\/\/lightweb.dev\/l\/svm-temp\/wp-json\/wp\/v2\/media\/28610"}],"wp:attachment":[{"href":"https:\/\/lightweb.dev\/l\/svm-temp\/wp-json\/wp\/v2\/media?parent=28607"}],"wp:term":[{"taxonomy":"category","embeddable":true,"href":"https:\/\/lightweb.dev\/l\/svm-temp\/wp-json\/wp\/v2\/categories?post=28607"},{"taxonomy":"post_tag","embeddable":true,"href":"https:\/\/lightweb.dev\/l\/svm-temp\/wp-json\/wp\/v2\/tags?post=28607"}],"curies":[{"name":"wp","href":"https:\/\/api.w.org\/{rel}","templated":true}]}}