{"id":28621,"date":"2013-11-01T00:00:00","date_gmt":"2013-10-31T23:00:00","guid":{"rendered":"https:\/\/lightweb.dev\/l\/svm-temp\/nyheter\/skottlossningar-i-fuengirola-avrattades-med-skott-i-huvudet\/"},"modified":"2013-11-01T00:00:00","modified_gmt":"2013-10-31T23:00:00","slug":"skottlossningar-i-fuengirola-avrattades-med-skott-i-huvudet","status":"publish","type":"post","link":"https:\/\/lightweb.dev\/l\/svm-temp\/nyheter\/skottlossningar-i-fuengirola-avrattades-med-skott-i-huvudet\/","title":{"rendered":"Skottlossningar i Fuengirola \u2013 avr\u00e4ttades med skott i huvudet"},"content":{"rendered":"<p> Flera skottlossningar har intr\u00e4ffat i Fuengirola det senaste dygnet. En 38-\u00e5rig marockan, k\u00e4nd hos polisen sedan tidigare, sk\u00f6ts till d\u00f6ds p\u00e5 \u00f6ppen gata vid 16-tiden p\u00e5 torsdagen.<\/p>\n<p>Den 38-\u00e5rige tv\u00e5barnspappan kommer ursprungligen fr\u00e5n Tanger men \u00e4r bosatt i Fuengirola. Han hade precis parkerat sin terr\u00e4ngbil d\u00e5 en person gick fram och sk\u00f6t honom i huvudet. Mannen avled omedelbart. H\u00e4ndelsen observerades av en restauranganst\u00e4lld p\u00e5 calle J\u00e1bega i Miramar-kvarteren i Fuengirola.<\/p>\n<p>Dagstidningen Diario SUR uppger att det finns vittnesm\u00e5l som pekar ut en f\u00e4rgad man som g\u00e4rningsmannen och att denne kom g\u00e5ende till fots medan en medbrottsling satt och v\u00e4ntade i ett fordon. Mordet ses som en ren avr\u00e4ttning p\u00e5 en \u00f6ppen gata som intr\u00e4ffade p\u00e5 ljusa dagen.<\/p>\n<p>Den 38-\u00e5rige m\u00f6rdade mannen som g\u00e5r under namnet Tarik \u00e4r k\u00e4nd hos polisen sedan tidigare i samband med narkotikahandel. Mannen \u00e4gde tidigare en Audi som hittades utbr\u00e4nd vid ett tidigare tillf\u00e4lle rapporterar Diario SUR.<\/p>\n<p>Sl\u00e4ktingar och v\u00e4nner till den d\u00f6de samlades p\u00e5 platsen senare under dagen och skanderade b\u00f6ner f\u00f6r den d\u00f6de och framf\u00f6rde s\u00e5nger p\u00e5 arabiska. De bad om r\u00e4ttvisa i samband med mannens brutala d\u00f6d.<\/p>\n<p>Kroppen avl\u00e4gsnades vid klockan 19.30 p\u00e5 torsdagen och f\u00f6rdes till sjukhuset Hospital Cl\u00ednico Universitario i M\u00e1laga f\u00f6r obduktion.<\/p>\n<p>N\u00e5gon g\u00e4rningsman \u00e4r inte gripen.<\/p>\n<p>Ytterligare en skottlossning intr\u00e4ffade p\u00e5 gr\u00e4nsen mellan Fuengirola och Mijas utmed avenida de Andaluc\u00eda. Det finns uppgifter som pekar p\u00e5 att h\u00e4ndelsen som \u00e4r kopplad till d\u00f6dsskjutningen av den marockanske mannen skulle ha f\u00f6reg\u00e5tts av en konflikt mellan tv\u00e5 grupper av m\u00e4nniskor som intr\u00e4ffade n\u00e5gra timmar tidigare i Fuengirola. <\/p>\n","protected":false},"excerpt":{"rendered":"<p>Flera skottlossningar har intr\u00e4ffat i Fuengirola det senaste dygnet. En 38-\u00e5rig marockan, k\u00e4nd hos polisen sedan tidigare, sk\u00f6ts till d\u00f6ds p\u00e5 \u00f6ppen gata vid 16-tiden p\u00e5 torsdagen. Den 38-\u00e5rige tv\u00e5barnspappan kommer ursprungligen fr\u00e5n Tanger men \u00e4r bosatt i Fuengirola. Han hade precis parkerat sin terr\u00e4ngbil d\u00e5 en person gick fram och sk\u00f6t honom i huvudet. [&hellip;]<\/p>\n","protected":false},"author":8,"featured_media":28624,"comment_status":"open","ping_status":"open","sticky":false,"template":"","format":"standard","meta":{"_et_pb_use_builder":"","_et_pb_old_content":"","_et_gb_content_width":"","footnotes":""},"categories":[395,3],"tags":[],"class_list":["post-28621","post","type-post","status-publish","format-standard","has-post-thumbnail","hentry","category-arkiv-nyheter","category-nyheter"],"yoast_head":"<!-- This site is optimized with the Yoast SEO Premium plugin v26.2 (Yoast SEO v27.4) - https:\/\/yoast.com\/product\/yoast-seo-premium-wordpress\/ -->\n<title>Skottlossningar i Fuengirola \u2013 avr\u00e4ttades med skott i huvudet - Svenska Magasinet<\/title>\n<meta name=\"robots\" content=\"noindex, follow, max-snippet:-1, max-image-preview:large, max-video-preview:-1\" \/>\n<meta property=\"og:locale\" content=\"sv_SE\" \/>\n<meta property=\"og:type\" content=\"article\" \/>\n<meta property=\"og:title\" content=\"Skottlossningar i Fuengirola \u2013 avr\u00e4ttades med skott i huvudet\" \/>\n<meta property=\"og:description\" content=\"Flera skottlossningar har intr\u00e4ffat i Fuengirola det senaste dygnet. En 38-\u00e5rig marockan, k\u00e4nd hos polisen sedan tidigare, sk\u00f6ts till d\u00f6ds p\u00e5 \u00f6ppen gata vid 16-tiden p\u00e5 torsdagen. Den 38-\u00e5rige tv\u00e5barnspappan kommer ursprungligen fr\u00e5n Tanger men \u00e4r bosatt i Fuengirola. Han hade precis parkerat sin terr\u00e4ngbil d\u00e5 en person gick fram och sk\u00f6t honom i huvudet. [&hellip;]\" \/>\n<meta property=\"og:url\" content=\"https:\/\/lightweb.dev\/l\/svm-temp\/nyheter\/skottlossningar-i-fuengirola-avrattades-med-skott-i-huvudet\/\" \/>\n<meta property=\"og:site_name\" content=\"Svenska Magasinet\" \/>\n<meta property=\"article:publisher\" content=\"https:\/\/www.facebook.com\/svenskamagasinet\" \/>\n<meta property=\"article:published_time\" content=\"2013-10-31T23:00:00+00:00\" \/>\n<meta name=\"author\" content=\"Redaktionen SvM\" \/>\n<meta name=\"twitter:card\" content=\"summary_large_image\" \/>\n<meta name=\"twitter:creator\" content=\"@SvenskaMagasine\" \/>\n<meta name=\"twitter:site\" content=\"@SvenskaMagasine\" \/>\n<script type=\"application\/ld+json\" class=\"yoast-schema-graph\">{\"@context\":\"https:\\\/\\\/schema.org\",\"@graph\":[{\"@type\":\"Article\",\"@id\":\"https:\\\/\\\/lightweb.dev\\\/l\\\/svm-temp\\\/nyheter\\\/skottlossningar-i-fuengirola-avrattades-med-skott-i-huvudet\\\/#article\",\"isPartOf\":{\"@id\":\"https:\\\/\\\/lightweb.dev\\\/l\\\/svm-temp\\\/nyheter\\\/skottlossningar-i-fuengirola-avrattades-med-skott-i-huvudet\\\/\"},\"author\":{\"name\":\"Redaktionen SvM\",\"@id\":\"https:\\\/\\\/lightweb.dev\\\/l\\\/svm-temp\\\/#\\\/schema\\\/person\\\/206a3bda5b607b0c25e1749191e4d837\"},\"headline\":\"Skottlossningar i Fuengirola \u2013 avr\u00e4ttades med skott i huvudet\",\"datePublished\":\"2013-10-31T23:00:00+00:00\",\"mainEntityOfPage\":{\"@id\":\"https:\\\/\\\/lightweb.dev\\\/l\\\/svm-temp\\\/nyheter\\\/skottlossningar-i-fuengirola-avrattades-med-skott-i-huvudet\\\/\"},\"wordCount\":317,\"commentCount\":0,\"publisher\":{\"@id\":\"https:\\\/\\\/lightweb.dev\\\/l\\\/svm-temp\\\/#organization\"},\"image\":{\"@id\":\"https:\\\/\\\/lightweb.dev\\\/l\\\/svm-temp\\\/nyheter\\\/skottlossningar-i-fuengirola-avrattades-med-skott-i-huvudet\\\/#primaryimage\"},\"thumbnailUrl\":\"https:\\\/\\\/lightweb.dev\\\/l\\\/svm-temp\\\/wp-content\\\/uploads\\\/2022\\\/06\\\/skottlossningar-i-fuengirola-avrattades-med-skott-i-huvudet.png\",\"articleSection\":[\"Arkiv\",\"Nyheter\"],\"inLanguage\":\"sv-SE\"},{\"@type\":\"WebPage\",\"@id\":\"https:\\\/\\\/lightweb.dev\\\/l\\\/svm-temp\\\/nyheter\\\/skottlossningar-i-fuengirola-avrattades-med-skott-i-huvudet\\\/\",\"url\":\"https:\\\/\\\/lightweb.dev\\\/l\\\/svm-temp\\\/nyheter\\\/skottlossningar-i-fuengirola-avrattades-med-skott-i-huvudet\\\/\",\"name\":\"Skottlossningar i Fuengirola \u2013 avr\u00e4ttades med skott i huvudet - Svenska Magasinet\",\"isPartOf\":{\"@id\":\"https:\\\/\\\/lightweb.dev\\\/l\\\/svm-temp\\\/#website\"},\"primaryImageOfPage\":{\"@id\":\"https:\\\/\\\/lightweb.dev\\\/l\\\/svm-temp\\\/nyheter\\\/skottlossningar-i-fuengirola-avrattades-med-skott-i-huvudet\\\/#primaryimage\"},\"image\":{\"@id\":\"https:\\\/\\\/lightweb.dev\\\/l\\\/svm-temp\\\/nyheter\\\/skottlossningar-i-fuengirola-avrattades-med-skott-i-huvudet\\\/#primaryimage\"},\"thumbnailUrl\":\"https:\\\/\\\/lightweb.dev\\\/l\\\/svm-temp\\\/wp-content\\\/uploads\\\/2022\\\/06\\\/skottlossningar-i-fuengirola-avrattades-med-skott-i-huvudet.png\",\"datePublished\":\"2013-10-31T23:00:00+00:00\",\"breadcrumb\":{\"@id\":\"https:\\\/\\\/lightweb.dev\\\/l\\\/svm-temp\\\/nyheter\\\/skottlossningar-i-fuengirola-avrattades-med-skott-i-huvudet\\\/#breadcrumb\"},\"inLanguage\":\"sv-SE\",\"potentialAction\":[{\"@type\":\"ReadAction\",\"target\":[\"https:\\\/\\\/lightweb.dev\\\/l\\\/svm-temp\\\/nyheter\\\/skottlossningar-i-fuengirola-avrattades-med-skott-i-huvudet\\\/\"]}]},{\"@type\":\"ImageObject\",\"inLanguage\":\"sv-SE\",\"@id\":\"https:\\\/\\\/lightweb.dev\\\/l\\\/svm-temp\\\/nyheter\\\/skottlossningar-i-fuengirola-avrattades-med-skott-i-huvudet\\\/#primaryimage\",\"url\":\"https:\\\/\\\/lightweb.dev\\\/l\\\/svm-temp\\\/wp-content\\\/uploads\\\/2022\\\/06\\\/skottlossningar-i-fuengirola-avrattades-med-skott-i-huvudet.png\",\"contentUrl\":\"https:\\\/\\\/lightweb.dev\\\/l\\\/svm-temp\\\/wp-content\\\/uploads\\\/2022\\\/06\\\/skottlossningar-i-fuengirola-avrattades-med-skott-i-huvudet.png\",\"width\":280,\"height\":211},{\"@type\":\"BreadcrumbList\",\"@id\":\"https:\\\/\\\/lightweb.dev\\\/l\\\/svm-temp\\\/nyheter\\\/skottlossningar-i-fuengirola-avrattades-med-skott-i-huvudet\\\/#breadcrumb\",\"itemListElement\":[{\"@type\":\"ListItem\",\"position\":1,\"name\":\"Hem\",\"item\":\"https:\\\/\\\/lightweb.dev\\\/l\\\/svm-temp\\\/\"},{\"@type\":\"ListItem\",\"position\":2,\"name\":\"Skottlossningar i Fuengirola \u2013 avr\u00e4ttades med skott i huvudet\"}]},{\"@type\":\"WebSite\",\"@id\":\"https:\\\/\\\/lightweb.dev\\\/l\\\/svm-temp\\\/#website\",\"url\":\"https:\\\/\\\/lightweb.dev\\\/l\\\/svm-temp\\\/\",\"name\":\"Svenska Magasinet\",\"description\":\"Dina Spanska nyheter p&aring; Svenska\",\"publisher\":{\"@id\":\"https:\\\/\\\/lightweb.dev\\\/l\\\/svm-temp\\\/#organization\"},\"potentialAction\":[{\"@type\":\"SearchAction\",\"target\":{\"@type\":\"EntryPoint\",\"urlTemplate\":\"https:\\\/\\\/lightweb.dev\\\/l\\\/svm-temp\\\/?s={search_term_string}\"},\"query-input\":{\"@type\":\"PropertyValueSpecification\",\"valueRequired\":true,\"valueName\":\"search_term_string\"}}],\"inLanguage\":\"sv-SE\"},{\"@type\":\"Organization\",\"@id\":\"https:\\\/\\\/lightweb.dev\\\/l\\\/svm-temp\\\/#organization\",\"name\":\"Melkerson y Nott SL\",\"alternateName\":\"Svenska Magasinet\",\"url\":\"https:\\\/\\\/lightweb.dev\\\/l\\\/svm-temp\\\/\",\"logo\":{\"@type\":\"ImageObject\",\"inLanguage\":\"sv-SE\",\"@id\":\"https:\\\/\\\/lightweb.dev\\\/l\\\/svm-temp\\\/#\\\/schema\\\/logo\\\/image\\\/\",\"url\":\"https:\\\/\\\/lightweb.dev\\\/l\\\/svm-temp\\\/wp-content\\\/uploads\\\/2025\\\/02\\\/SvM-logo-Xtra-Centrerad-SVART.png\",\"contentUrl\":\"https:\\\/\\\/lightweb.dev\\\/l\\\/svm-temp\\\/wp-content\\\/uploads\\\/2025\\\/02\\\/SvM-logo-Xtra-Centrerad-SVART.png\",\"width\":300,\"height\":99,\"caption\":\"Melkerson y Nott SL\"},\"image\":{\"@id\":\"https:\\\/\\\/lightweb.dev\\\/l\\\/svm-temp\\\/#\\\/schema\\\/logo\\\/image\\\/\"},\"sameAs\":[\"https:\\\/\\\/www.facebook.com\\\/svenskamagasinet\",\"https:\\\/\\\/x.com\\\/SvenskaMagasine\"]},{\"@type\":\"Person\",\"@id\":\"https:\\\/\\\/lightweb.dev\\\/l\\\/svm-temp\\\/#\\\/schema\\\/person\\\/206a3bda5b607b0c25e1749191e4d837\",\"name\":\"Redaktionen SvM\",\"description\":\"Redaktionen\",\"sameAs\":[\"https:\\\/\\\/lightweb.dev\\\/l\\\/svm-temp\"],\"url\":\"https:\\\/\\\/lightweb.dev\\\/l\\\/svm-temp\\\/reporter\\\/redaktionen\\\/\"}]}<\/script>\n<!-- \/ Yoast SEO Premium plugin. -->","yoast_head_json":{"title":"Skottlossningar i Fuengirola \u2013 avr\u00e4ttades med skott i huvudet - Svenska Magasinet","robots":{"index":"noindex","follow":"follow","max-snippet":"max-snippet:-1","max-image-preview":"max-image-preview:large","max-video-preview":"max-video-preview:-1"},"og_locale":"sv_SE","og_type":"article","og_title":"Skottlossningar i Fuengirola \u2013 avr\u00e4ttades med skott i huvudet","og_description":"Flera skottlossningar har intr\u00e4ffat i Fuengirola det senaste dygnet. En 38-\u00e5rig marockan, k\u00e4nd hos polisen sedan tidigare, sk\u00f6ts till d\u00f6ds p\u00e5 \u00f6ppen gata vid 16-tiden p\u00e5 torsdagen. Den 38-\u00e5rige tv\u00e5barnspappan kommer ursprungligen fr\u00e5n Tanger men \u00e4r bosatt i Fuengirola. Han hade precis parkerat sin terr\u00e4ngbil d\u00e5 en person gick fram och sk\u00f6t honom i huvudet. [&hellip;]","og_url":"https:\/\/lightweb.dev\/l\/svm-temp\/nyheter\/skottlossningar-i-fuengirola-avrattades-med-skott-i-huvudet\/","og_site_name":"Svenska Magasinet","article_publisher":"https:\/\/www.facebook.com\/svenskamagasinet","article_published_time":"2013-10-31T23:00:00+00:00","author":"Redaktionen SvM","twitter_card":"summary_large_image","twitter_creator":"@SvenskaMagasine","twitter_site":"@SvenskaMagasine","schema":{"@context":"https:\/\/schema.org","@graph":[{"@type":"Article","@id":"https:\/\/lightweb.dev\/l\/svm-temp\/nyheter\/skottlossningar-i-fuengirola-avrattades-med-skott-i-huvudet\/#article","isPartOf":{"@id":"https:\/\/lightweb.dev\/l\/svm-temp\/nyheter\/skottlossningar-i-fuengirola-avrattades-med-skott-i-huvudet\/"},"author":{"name":"Redaktionen SvM","@id":"https:\/\/lightweb.dev\/l\/svm-temp\/#\/schema\/person\/206a3bda5b607b0c25e1749191e4d837"},"headline":"Skottlossningar i Fuengirola \u2013 avr\u00e4ttades med skott i huvudet","datePublished":"2013-10-31T23:00:00+00:00","mainEntityOfPage":{"@id":"https:\/\/lightweb.dev\/l\/svm-temp\/nyheter\/skottlossningar-i-fuengirola-avrattades-med-skott-i-huvudet\/"},"wordCount":317,"commentCount":0,"publisher":{"@id":"https:\/\/lightweb.dev\/l\/svm-temp\/#organization"},"image":{"@id":"https:\/\/lightweb.dev\/l\/svm-temp\/nyheter\/skottlossningar-i-fuengirola-avrattades-med-skott-i-huvudet\/#primaryimage"},"thumbnailUrl":"https:\/\/lightweb.dev\/l\/svm-temp\/wp-content\/uploads\/2022\/06\/skottlossningar-i-fuengirola-avrattades-med-skott-i-huvudet.png","articleSection":["Arkiv","Nyheter"],"inLanguage":"sv-SE"},{"@type":"WebPage","@id":"https:\/\/lightweb.dev\/l\/svm-temp\/nyheter\/skottlossningar-i-fuengirola-avrattades-med-skott-i-huvudet\/","url":"https:\/\/lightweb.dev\/l\/svm-temp\/nyheter\/skottlossningar-i-fuengirola-avrattades-med-skott-i-huvudet\/","name":"Skottlossningar i Fuengirola \u2013 avr\u00e4ttades med skott i huvudet - Svenska Magasinet","isPartOf":{"@id":"https:\/\/lightweb.dev\/l\/svm-temp\/#website"},"primaryImageOfPage":{"@id":"https:\/\/lightweb.dev\/l\/svm-temp\/nyheter\/skottlossningar-i-fuengirola-avrattades-med-skott-i-huvudet\/#primaryimage"},"image":{"@id":"https:\/\/lightweb.dev\/l\/svm-temp\/nyheter\/skottlossningar-i-fuengirola-avrattades-med-skott-i-huvudet\/#primaryimage"},"thumbnailUrl":"https:\/\/lightweb.dev\/l\/svm-temp\/wp-content\/uploads\/2022\/06\/skottlossningar-i-fuengirola-avrattades-med-skott-i-huvudet.png","datePublished":"2013-10-31T23:00:00+00:00","breadcrumb":{"@id":"https:\/\/lightweb.dev\/l\/svm-temp\/nyheter\/skottlossningar-i-fuengirola-avrattades-med-skott-i-huvudet\/#breadcrumb"},"inLanguage":"sv-SE","potentialAction":[{"@type":"ReadAction","target":["https:\/\/lightweb.dev\/l\/svm-temp\/nyheter\/skottlossningar-i-fuengirola-avrattades-med-skott-i-huvudet\/"]}]},{"@type":"ImageObject","inLanguage":"sv-SE","@id":"https:\/\/lightweb.dev\/l\/svm-temp\/nyheter\/skottlossningar-i-fuengirola-avrattades-med-skott-i-huvudet\/#primaryimage","url":"https:\/\/lightweb.dev\/l\/svm-temp\/wp-content\/uploads\/2022\/06\/skottlossningar-i-fuengirola-avrattades-med-skott-i-huvudet.png","contentUrl":"https:\/\/lightweb.dev\/l\/svm-temp\/wp-content\/uploads\/2022\/06\/skottlossningar-i-fuengirola-avrattades-med-skott-i-huvudet.png","width":280,"height":211},{"@type":"BreadcrumbList","@id":"https:\/\/lightweb.dev\/l\/svm-temp\/nyheter\/skottlossningar-i-fuengirola-avrattades-med-skott-i-huvudet\/#breadcrumb","itemListElement":[{"@type":"ListItem","position":1,"name":"Hem","item":"https:\/\/lightweb.dev\/l\/svm-temp\/"},{"@type":"ListItem","position":2,"name":"Skottlossningar i Fuengirola \u2013 avr\u00e4ttades med skott i huvudet"}]},{"@type":"WebSite","@id":"https:\/\/lightweb.dev\/l\/svm-temp\/#website","url":"https:\/\/lightweb.dev\/l\/svm-temp\/","name":"Svenska Magasinet","description":"Dina Spanska nyheter p&aring; Svenska","publisher":{"@id":"https:\/\/lightweb.dev\/l\/svm-temp\/#organization"},"potentialAction":[{"@type":"SearchAction","target":{"@type":"EntryPoint","urlTemplate":"https:\/\/lightweb.dev\/l\/svm-temp\/?s={search_term_string}"},"query-input":{"@type":"PropertyValueSpecification","valueRequired":true,"valueName":"search_term_string"}}],"inLanguage":"sv-SE"},{"@type":"Organization","@id":"https:\/\/lightweb.dev\/l\/svm-temp\/#organization","name":"Melkerson y Nott SL","alternateName":"Svenska Magasinet","url":"https:\/\/lightweb.dev\/l\/svm-temp\/","logo":{"@type":"ImageObject","inLanguage":"sv-SE","@id":"https:\/\/lightweb.dev\/l\/svm-temp\/#\/schema\/logo\/image\/","url":"https:\/\/lightweb.dev\/l\/svm-temp\/wp-content\/uploads\/2025\/02\/SvM-logo-Xtra-Centrerad-SVART.png","contentUrl":"https:\/\/lightweb.dev\/l\/svm-temp\/wp-content\/uploads\/2025\/02\/SvM-logo-Xtra-Centrerad-SVART.png","width":300,"height":99,"caption":"Melkerson y Nott SL"},"image":{"@id":"https:\/\/lightweb.dev\/l\/svm-temp\/#\/schema\/logo\/image\/"},"sameAs":["https:\/\/www.facebook.com\/svenskamagasinet","https:\/\/x.com\/SvenskaMagasine"]},{"@type":"Person","@id":"https:\/\/lightweb.dev\/l\/svm-temp\/#\/schema\/person\/206a3bda5b607b0c25e1749191e4d837","name":"Redaktionen SvM","description":"Redaktionen","sameAs":["https:\/\/lightweb.dev\/l\/svm-temp"],"url":"https:\/\/lightweb.dev\/l\/svm-temp\/reporter\/redaktionen\/"}]}},"_links":{"self":[{"href":"https:\/\/lightweb.dev\/l\/svm-temp\/wp-json\/wp\/v2\/posts\/28621","targetHints":{"allow":["GET"]}}],"collection":[{"href":"https:\/\/lightweb.dev\/l\/svm-temp\/wp-json\/wp\/v2\/posts"}],"about":[{"href":"https:\/\/lightweb.dev\/l\/svm-temp\/wp-json\/wp\/v2\/types\/post"}],"author":[{"embeddable":true,"href":"https:\/\/lightweb.dev\/l\/svm-temp\/wp-json\/wp\/v2\/users\/8"}],"replies":[{"embeddable":true,"href":"https:\/\/lightweb.dev\/l\/svm-temp\/wp-json\/wp\/v2\/comments?post=28621"}],"version-history":[{"count":0,"href":"https:\/\/lightweb.dev\/l\/svm-temp\/wp-json\/wp\/v2\/posts\/28621\/revisions"}],"wp:featuredmedia":[{"embeddable":true,"href":"https:\/\/lightweb.dev\/l\/svm-temp\/wp-json\/wp\/v2\/media\/28624"}],"wp:attachment":[{"href":"https:\/\/lightweb.dev\/l\/svm-temp\/wp-json\/wp\/v2\/media?parent=28621"}],"wp:term":[{"taxonomy":"category","embeddable":true,"href":"https:\/\/lightweb.dev\/l\/svm-temp\/wp-json\/wp\/v2\/categories?post=28621"},{"taxonomy":"post_tag","embeddable":true,"href":"https:\/\/lightweb.dev\/l\/svm-temp\/wp-json\/wp\/v2\/tags?post=28621"}],"curies":[{"name":"wp","href":"https:\/\/api.w.org\/{rel}","templated":true}]}}