{"id":28629,"date":"2013-10-31T00:00:00","date_gmt":"2013-10-30T23:00:00","guid":{"rendered":"https:\/\/lightweb.dev\/l\/svm-temp\/nyheter\/strejk-paverkar-pendeltagstrafiken-fuengirola-malaga\/"},"modified":"2013-10-31T00:00:00","modified_gmt":"2013-10-30T23:00:00","slug":"strejk-paverkar-pendeltagstrafiken-fuengirola-malaga","status":"publish","type":"post","link":"https:\/\/lightweb.dev\/l\/svm-temp\/nyheter\/strejk-paverkar-pendeltagstrafiken-fuengirola-malaga\/","title":{"rendered":"Strejk p\u00e5verkar pendelt\u00e5gstrafiken Fuengirola-M\u00e1laga"},"content":{"rendered":"<p> En t\u00e5gstrejk utlyst av fackf\u00f6rbunden CGT och Sindicato Ferroviario p\u00e5verkar pendelt\u00e5gstrafiken mellan Fuengirola och M\u00e1laga. \u00c4ven h\u00f6ghastighetst\u00e5get AVE till Madrid fr\u00e5n M\u00e1laga p\u00e5verkas med inst\u00e4llda avg\u00e5ngar.<\/p>\n<p>50 till 75 procent av avg\u00e5ngarna p\u00e5 pendelt\u00e5gslinjen C-1 mellan Fuengirola och M\u00e1laga kommer att fungera meddelar Utvecklingsdepartementet. Ett t\u00e5g av fyra t\u00e5g st\u00e4lls in under rusningstid medan tv\u00e5 av fyra t\u00e5g st\u00e4lls in \u00f6vrig tid.<\/p>\n<p>RENFE rapporterade vid tiotiden p\u00e5 torsdagen att det inte hade intr\u00e4ffat n\u00e5gra f\u00f6rseningar eller andra incidenter under morgonen. <\/p>\n","protected":false},"excerpt":{"rendered":"<p>En t\u00e5gstrejk utlyst av fackf\u00f6rbunden CGT och Sindicato Ferroviario p\u00e5verkar pendelt\u00e5gstrafiken mellan Fuengirola och M\u00e1laga. \u00c4ven h\u00f6ghastighetst\u00e5get AVE till Madrid fr\u00e5n M\u00e1laga p\u00e5verkas med inst\u00e4llda avg\u00e5ngar. 50 till 75 procent av avg\u00e5ngarna p\u00e5 pendelt\u00e5gslinjen C-1 mellan Fuengirola och M\u00e1laga kommer att fungera meddelar Utvecklingsdepartementet. Ett t\u00e5g av fyra t\u00e5g st\u00e4lls in under rusningstid medan tv\u00e5 [&hellip;]<\/p>\n","protected":false},"author":8,"featured_media":28632,"comment_status":"open","ping_status":"open","sticky":false,"template":"","format":"standard","meta":{"_et_pb_use_builder":"","_et_pb_old_content":"","_et_gb_content_width":"","footnotes":""},"categories":[395,3],"tags":[],"class_list":["post-28629","post","type-post","status-publish","format-standard","has-post-thumbnail","hentry","category-arkiv-nyheter","category-nyheter"],"yoast_head":"<!-- This site is optimized with the Yoast SEO Premium plugin v26.2 (Yoast SEO v27.4) - https:\/\/yoast.com\/product\/yoast-seo-premium-wordpress\/ -->\n<title>Strejk p\u00e5verkar pendelt\u00e5gstrafiken Fuengirola-M\u00e1laga - Svenska Magasinet<\/title>\n<meta name=\"robots\" content=\"noindex, follow, max-snippet:-1, max-image-preview:large, max-video-preview:-1\" \/>\n<meta property=\"og:locale\" content=\"sv_SE\" \/>\n<meta property=\"og:type\" content=\"article\" \/>\n<meta property=\"og:title\" content=\"Strejk p\u00e5verkar pendelt\u00e5gstrafiken Fuengirola-M\u00e1laga\" \/>\n<meta property=\"og:description\" content=\"En t\u00e5gstrejk utlyst av fackf\u00f6rbunden CGT och Sindicato Ferroviario p\u00e5verkar pendelt\u00e5gstrafiken mellan Fuengirola och M\u00e1laga. \u00c4ven h\u00f6ghastighetst\u00e5get AVE till Madrid fr\u00e5n M\u00e1laga p\u00e5verkas med inst\u00e4llda avg\u00e5ngar. 50 till 75 procent av avg\u00e5ngarna p\u00e5 pendelt\u00e5gslinjen C-1 mellan Fuengirola och M\u00e1laga kommer att fungera meddelar Utvecklingsdepartementet. Ett t\u00e5g av fyra t\u00e5g st\u00e4lls in under rusningstid medan tv\u00e5 [&hellip;]\" \/>\n<meta property=\"og:url\" content=\"https:\/\/lightweb.dev\/l\/svm-temp\/nyheter\/strejk-paverkar-pendeltagstrafiken-fuengirola-malaga\/\" \/>\n<meta property=\"og:site_name\" content=\"Svenska Magasinet\" \/>\n<meta property=\"article:publisher\" content=\"https:\/\/www.facebook.com\/svenskamagasinet\" \/>\n<meta property=\"article:published_time\" content=\"2013-10-30T23:00:00+00:00\" \/>\n<meta name=\"author\" content=\"Redaktionen SvM\" \/>\n<meta name=\"twitter:card\" content=\"summary_large_image\" \/>\n<meta name=\"twitter:creator\" content=\"@SvenskaMagasine\" \/>\n<meta name=\"twitter:site\" content=\"@SvenskaMagasine\" \/>\n<script type=\"application\/ld+json\" class=\"yoast-schema-graph\">{\"@context\":\"https:\\\/\\\/schema.org\",\"@graph\":[{\"@type\":\"Article\",\"@id\":\"https:\\\/\\\/lightweb.dev\\\/l\\\/svm-temp\\\/nyheter\\\/strejk-paverkar-pendeltagstrafiken-fuengirola-malaga\\\/#article\",\"isPartOf\":{\"@id\":\"https:\\\/\\\/lightweb.dev\\\/l\\\/svm-temp\\\/nyheter\\\/strejk-paverkar-pendeltagstrafiken-fuengirola-malaga\\\/\"},\"author\":{\"name\":\"Redaktionen SvM\",\"@id\":\"https:\\\/\\\/lightweb.dev\\\/l\\\/svm-temp\\\/#\\\/schema\\\/person\\\/206a3bda5b607b0c25e1749191e4d837\"},\"headline\":\"Strejk p\u00e5verkar pendelt\u00e5gstrafiken Fuengirola-M\u00e1laga\",\"datePublished\":\"2013-10-30T23:00:00+00:00\",\"mainEntityOfPage\":{\"@id\":\"https:\\\/\\\/lightweb.dev\\\/l\\\/svm-temp\\\/nyheter\\\/strejk-paverkar-pendeltagstrafiken-fuengirola-malaga\\\/\"},\"wordCount\":108,\"commentCount\":0,\"publisher\":{\"@id\":\"https:\\\/\\\/lightweb.dev\\\/l\\\/svm-temp\\\/#organization\"},\"image\":{\"@id\":\"https:\\\/\\\/lightweb.dev\\\/l\\\/svm-temp\\\/nyheter\\\/strejk-paverkar-pendeltagstrafiken-fuengirola-malaga\\\/#primaryimage\"},\"thumbnailUrl\":\"https:\\\/\\\/lightweb.dev\\\/l\\\/svm-temp\\\/wp-content\\\/uploads\\\/2022\\\/06\\\/strejk-paverkar-pendeltagstrafiken-fuengirolamalaga.png\",\"articleSection\":[\"Arkiv\",\"Nyheter\"],\"inLanguage\":\"sv-SE\"},{\"@type\":\"WebPage\",\"@id\":\"https:\\\/\\\/lightweb.dev\\\/l\\\/svm-temp\\\/nyheter\\\/strejk-paverkar-pendeltagstrafiken-fuengirola-malaga\\\/\",\"url\":\"https:\\\/\\\/lightweb.dev\\\/l\\\/svm-temp\\\/nyheter\\\/strejk-paverkar-pendeltagstrafiken-fuengirola-malaga\\\/\",\"name\":\"Strejk p\u00e5verkar pendelt\u00e5gstrafiken Fuengirola-M\u00e1laga - Svenska Magasinet\",\"isPartOf\":{\"@id\":\"https:\\\/\\\/lightweb.dev\\\/l\\\/svm-temp\\\/#website\"},\"primaryImageOfPage\":{\"@id\":\"https:\\\/\\\/lightweb.dev\\\/l\\\/svm-temp\\\/nyheter\\\/strejk-paverkar-pendeltagstrafiken-fuengirola-malaga\\\/#primaryimage\"},\"image\":{\"@id\":\"https:\\\/\\\/lightweb.dev\\\/l\\\/svm-temp\\\/nyheter\\\/strejk-paverkar-pendeltagstrafiken-fuengirola-malaga\\\/#primaryimage\"},\"thumbnailUrl\":\"https:\\\/\\\/lightweb.dev\\\/l\\\/svm-temp\\\/wp-content\\\/uploads\\\/2022\\\/06\\\/strejk-paverkar-pendeltagstrafiken-fuengirolamalaga.png\",\"datePublished\":\"2013-10-30T23:00:00+00:00\",\"breadcrumb\":{\"@id\":\"https:\\\/\\\/lightweb.dev\\\/l\\\/svm-temp\\\/nyheter\\\/strejk-paverkar-pendeltagstrafiken-fuengirola-malaga\\\/#breadcrumb\"},\"inLanguage\":\"sv-SE\",\"potentialAction\":[{\"@type\":\"ReadAction\",\"target\":[\"https:\\\/\\\/lightweb.dev\\\/l\\\/svm-temp\\\/nyheter\\\/strejk-paverkar-pendeltagstrafiken-fuengirola-malaga\\\/\"]}]},{\"@type\":\"ImageObject\",\"inLanguage\":\"sv-SE\",\"@id\":\"https:\\\/\\\/lightweb.dev\\\/l\\\/svm-temp\\\/nyheter\\\/strejk-paverkar-pendeltagstrafiken-fuengirola-malaga\\\/#primaryimage\",\"url\":\"https:\\\/\\\/lightweb.dev\\\/l\\\/svm-temp\\\/wp-content\\\/uploads\\\/2022\\\/06\\\/strejk-paverkar-pendeltagstrafiken-fuengirolamalaga.png\",\"contentUrl\":\"https:\\\/\\\/lightweb.dev\\\/l\\\/svm-temp\\\/wp-content\\\/uploads\\\/2022\\\/06\\\/strejk-paverkar-pendeltagstrafiken-fuengirolamalaga.png\",\"width\":299,\"height\":200},{\"@type\":\"BreadcrumbList\",\"@id\":\"https:\\\/\\\/lightweb.dev\\\/l\\\/svm-temp\\\/nyheter\\\/strejk-paverkar-pendeltagstrafiken-fuengirola-malaga\\\/#breadcrumb\",\"itemListElement\":[{\"@type\":\"ListItem\",\"position\":1,\"name\":\"Hem\",\"item\":\"https:\\\/\\\/lightweb.dev\\\/l\\\/svm-temp\\\/\"},{\"@type\":\"ListItem\",\"position\":2,\"name\":\"Strejk p\u00e5verkar pendelt\u00e5gstrafiken Fuengirola-M\u00e1laga\"}]},{\"@type\":\"WebSite\",\"@id\":\"https:\\\/\\\/lightweb.dev\\\/l\\\/svm-temp\\\/#website\",\"url\":\"https:\\\/\\\/lightweb.dev\\\/l\\\/svm-temp\\\/\",\"name\":\"Svenska Magasinet\",\"description\":\"Dina Spanska nyheter p&aring; Svenska\",\"publisher\":{\"@id\":\"https:\\\/\\\/lightweb.dev\\\/l\\\/svm-temp\\\/#organization\"},\"potentialAction\":[{\"@type\":\"SearchAction\",\"target\":{\"@type\":\"EntryPoint\",\"urlTemplate\":\"https:\\\/\\\/lightweb.dev\\\/l\\\/svm-temp\\\/?s={search_term_string}\"},\"query-input\":{\"@type\":\"PropertyValueSpecification\",\"valueRequired\":true,\"valueName\":\"search_term_string\"}}],\"inLanguage\":\"sv-SE\"},{\"@type\":\"Organization\",\"@id\":\"https:\\\/\\\/lightweb.dev\\\/l\\\/svm-temp\\\/#organization\",\"name\":\"Melkerson y Nott SL\",\"alternateName\":\"Svenska Magasinet\",\"url\":\"https:\\\/\\\/lightweb.dev\\\/l\\\/svm-temp\\\/\",\"logo\":{\"@type\":\"ImageObject\",\"inLanguage\":\"sv-SE\",\"@id\":\"https:\\\/\\\/lightweb.dev\\\/l\\\/svm-temp\\\/#\\\/schema\\\/logo\\\/image\\\/\",\"url\":\"https:\\\/\\\/lightweb.dev\\\/l\\\/svm-temp\\\/wp-content\\\/uploads\\\/2025\\\/02\\\/SvM-logo-Xtra-Centrerad-SVART.png\",\"contentUrl\":\"https:\\\/\\\/lightweb.dev\\\/l\\\/svm-temp\\\/wp-content\\\/uploads\\\/2025\\\/02\\\/SvM-logo-Xtra-Centrerad-SVART.png\",\"width\":300,\"height\":99,\"caption\":\"Melkerson y Nott SL\"},\"image\":{\"@id\":\"https:\\\/\\\/lightweb.dev\\\/l\\\/svm-temp\\\/#\\\/schema\\\/logo\\\/image\\\/\"},\"sameAs\":[\"https:\\\/\\\/www.facebook.com\\\/svenskamagasinet\",\"https:\\\/\\\/x.com\\\/SvenskaMagasine\"]},{\"@type\":\"Person\",\"@id\":\"https:\\\/\\\/lightweb.dev\\\/l\\\/svm-temp\\\/#\\\/schema\\\/person\\\/206a3bda5b607b0c25e1749191e4d837\",\"name\":\"Redaktionen SvM\",\"description\":\"Redaktionen\",\"sameAs\":[\"https:\\\/\\\/lightweb.dev\\\/l\\\/svm-temp\"],\"url\":\"https:\\\/\\\/lightweb.dev\\\/l\\\/svm-temp\\\/reporter\\\/redaktionen\\\/\"}]}<\/script>\n<!-- \/ Yoast SEO Premium plugin. -->","yoast_head_json":{"title":"Strejk p\u00e5verkar pendelt\u00e5gstrafiken Fuengirola-M\u00e1laga - Svenska Magasinet","robots":{"index":"noindex","follow":"follow","max-snippet":"max-snippet:-1","max-image-preview":"max-image-preview:large","max-video-preview":"max-video-preview:-1"},"og_locale":"sv_SE","og_type":"article","og_title":"Strejk p\u00e5verkar pendelt\u00e5gstrafiken Fuengirola-M\u00e1laga","og_description":"En t\u00e5gstrejk utlyst av fackf\u00f6rbunden CGT och Sindicato Ferroviario p\u00e5verkar pendelt\u00e5gstrafiken mellan Fuengirola och M\u00e1laga. \u00c4ven h\u00f6ghastighetst\u00e5get AVE till Madrid fr\u00e5n M\u00e1laga p\u00e5verkas med inst\u00e4llda avg\u00e5ngar. 50 till 75 procent av avg\u00e5ngarna p\u00e5 pendelt\u00e5gslinjen C-1 mellan Fuengirola och M\u00e1laga kommer att fungera meddelar Utvecklingsdepartementet. Ett t\u00e5g av fyra t\u00e5g st\u00e4lls in under rusningstid medan tv\u00e5 [&hellip;]","og_url":"https:\/\/lightweb.dev\/l\/svm-temp\/nyheter\/strejk-paverkar-pendeltagstrafiken-fuengirola-malaga\/","og_site_name":"Svenska Magasinet","article_publisher":"https:\/\/www.facebook.com\/svenskamagasinet","article_published_time":"2013-10-30T23:00:00+00:00","author":"Redaktionen SvM","twitter_card":"summary_large_image","twitter_creator":"@SvenskaMagasine","twitter_site":"@SvenskaMagasine","schema":{"@context":"https:\/\/schema.org","@graph":[{"@type":"Article","@id":"https:\/\/lightweb.dev\/l\/svm-temp\/nyheter\/strejk-paverkar-pendeltagstrafiken-fuengirola-malaga\/#article","isPartOf":{"@id":"https:\/\/lightweb.dev\/l\/svm-temp\/nyheter\/strejk-paverkar-pendeltagstrafiken-fuengirola-malaga\/"},"author":{"name":"Redaktionen SvM","@id":"https:\/\/lightweb.dev\/l\/svm-temp\/#\/schema\/person\/206a3bda5b607b0c25e1749191e4d837"},"headline":"Strejk p\u00e5verkar pendelt\u00e5gstrafiken Fuengirola-M\u00e1laga","datePublished":"2013-10-30T23:00:00+00:00","mainEntityOfPage":{"@id":"https:\/\/lightweb.dev\/l\/svm-temp\/nyheter\/strejk-paverkar-pendeltagstrafiken-fuengirola-malaga\/"},"wordCount":108,"commentCount":0,"publisher":{"@id":"https:\/\/lightweb.dev\/l\/svm-temp\/#organization"},"image":{"@id":"https:\/\/lightweb.dev\/l\/svm-temp\/nyheter\/strejk-paverkar-pendeltagstrafiken-fuengirola-malaga\/#primaryimage"},"thumbnailUrl":"https:\/\/lightweb.dev\/l\/svm-temp\/wp-content\/uploads\/2022\/06\/strejk-paverkar-pendeltagstrafiken-fuengirolamalaga.png","articleSection":["Arkiv","Nyheter"],"inLanguage":"sv-SE"},{"@type":"WebPage","@id":"https:\/\/lightweb.dev\/l\/svm-temp\/nyheter\/strejk-paverkar-pendeltagstrafiken-fuengirola-malaga\/","url":"https:\/\/lightweb.dev\/l\/svm-temp\/nyheter\/strejk-paverkar-pendeltagstrafiken-fuengirola-malaga\/","name":"Strejk p\u00e5verkar pendelt\u00e5gstrafiken Fuengirola-M\u00e1laga - Svenska Magasinet","isPartOf":{"@id":"https:\/\/lightweb.dev\/l\/svm-temp\/#website"},"primaryImageOfPage":{"@id":"https:\/\/lightweb.dev\/l\/svm-temp\/nyheter\/strejk-paverkar-pendeltagstrafiken-fuengirola-malaga\/#primaryimage"},"image":{"@id":"https:\/\/lightweb.dev\/l\/svm-temp\/nyheter\/strejk-paverkar-pendeltagstrafiken-fuengirola-malaga\/#primaryimage"},"thumbnailUrl":"https:\/\/lightweb.dev\/l\/svm-temp\/wp-content\/uploads\/2022\/06\/strejk-paverkar-pendeltagstrafiken-fuengirolamalaga.png","datePublished":"2013-10-30T23:00:00+00:00","breadcrumb":{"@id":"https:\/\/lightweb.dev\/l\/svm-temp\/nyheter\/strejk-paverkar-pendeltagstrafiken-fuengirola-malaga\/#breadcrumb"},"inLanguage":"sv-SE","potentialAction":[{"@type":"ReadAction","target":["https:\/\/lightweb.dev\/l\/svm-temp\/nyheter\/strejk-paverkar-pendeltagstrafiken-fuengirola-malaga\/"]}]},{"@type":"ImageObject","inLanguage":"sv-SE","@id":"https:\/\/lightweb.dev\/l\/svm-temp\/nyheter\/strejk-paverkar-pendeltagstrafiken-fuengirola-malaga\/#primaryimage","url":"https:\/\/lightweb.dev\/l\/svm-temp\/wp-content\/uploads\/2022\/06\/strejk-paverkar-pendeltagstrafiken-fuengirolamalaga.png","contentUrl":"https:\/\/lightweb.dev\/l\/svm-temp\/wp-content\/uploads\/2022\/06\/strejk-paverkar-pendeltagstrafiken-fuengirolamalaga.png","width":299,"height":200},{"@type":"BreadcrumbList","@id":"https:\/\/lightweb.dev\/l\/svm-temp\/nyheter\/strejk-paverkar-pendeltagstrafiken-fuengirola-malaga\/#breadcrumb","itemListElement":[{"@type":"ListItem","position":1,"name":"Hem","item":"https:\/\/lightweb.dev\/l\/svm-temp\/"},{"@type":"ListItem","position":2,"name":"Strejk p\u00e5verkar pendelt\u00e5gstrafiken Fuengirola-M\u00e1laga"}]},{"@type":"WebSite","@id":"https:\/\/lightweb.dev\/l\/svm-temp\/#website","url":"https:\/\/lightweb.dev\/l\/svm-temp\/","name":"Svenska Magasinet","description":"Dina Spanska nyheter p&aring; Svenska","publisher":{"@id":"https:\/\/lightweb.dev\/l\/svm-temp\/#organization"},"potentialAction":[{"@type":"SearchAction","target":{"@type":"EntryPoint","urlTemplate":"https:\/\/lightweb.dev\/l\/svm-temp\/?s={search_term_string}"},"query-input":{"@type":"PropertyValueSpecification","valueRequired":true,"valueName":"search_term_string"}}],"inLanguage":"sv-SE"},{"@type":"Organization","@id":"https:\/\/lightweb.dev\/l\/svm-temp\/#organization","name":"Melkerson y Nott SL","alternateName":"Svenska Magasinet","url":"https:\/\/lightweb.dev\/l\/svm-temp\/","logo":{"@type":"ImageObject","inLanguage":"sv-SE","@id":"https:\/\/lightweb.dev\/l\/svm-temp\/#\/schema\/logo\/image\/","url":"https:\/\/lightweb.dev\/l\/svm-temp\/wp-content\/uploads\/2025\/02\/SvM-logo-Xtra-Centrerad-SVART.png","contentUrl":"https:\/\/lightweb.dev\/l\/svm-temp\/wp-content\/uploads\/2025\/02\/SvM-logo-Xtra-Centrerad-SVART.png","width":300,"height":99,"caption":"Melkerson y Nott SL"},"image":{"@id":"https:\/\/lightweb.dev\/l\/svm-temp\/#\/schema\/logo\/image\/"},"sameAs":["https:\/\/www.facebook.com\/svenskamagasinet","https:\/\/x.com\/SvenskaMagasine"]},{"@type":"Person","@id":"https:\/\/lightweb.dev\/l\/svm-temp\/#\/schema\/person\/206a3bda5b607b0c25e1749191e4d837","name":"Redaktionen SvM","description":"Redaktionen","sameAs":["https:\/\/lightweb.dev\/l\/svm-temp"],"url":"https:\/\/lightweb.dev\/l\/svm-temp\/reporter\/redaktionen\/"}]}},"_links":{"self":[{"href":"https:\/\/lightweb.dev\/l\/svm-temp\/wp-json\/wp\/v2\/posts\/28629","targetHints":{"allow":["GET"]}}],"collection":[{"href":"https:\/\/lightweb.dev\/l\/svm-temp\/wp-json\/wp\/v2\/posts"}],"about":[{"href":"https:\/\/lightweb.dev\/l\/svm-temp\/wp-json\/wp\/v2\/types\/post"}],"author":[{"embeddable":true,"href":"https:\/\/lightweb.dev\/l\/svm-temp\/wp-json\/wp\/v2\/users\/8"}],"replies":[{"embeddable":true,"href":"https:\/\/lightweb.dev\/l\/svm-temp\/wp-json\/wp\/v2\/comments?post=28629"}],"version-history":[{"count":0,"href":"https:\/\/lightweb.dev\/l\/svm-temp\/wp-json\/wp\/v2\/posts\/28629\/revisions"}],"wp:featuredmedia":[{"embeddable":true,"href":"https:\/\/lightweb.dev\/l\/svm-temp\/wp-json\/wp\/v2\/media\/28632"}],"wp:attachment":[{"href":"https:\/\/lightweb.dev\/l\/svm-temp\/wp-json\/wp\/v2\/media?parent=28629"}],"wp:term":[{"taxonomy":"category","embeddable":true,"href":"https:\/\/lightweb.dev\/l\/svm-temp\/wp-json\/wp\/v2\/categories?post=28629"},{"taxonomy":"post_tag","embeddable":true,"href":"https:\/\/lightweb.dev\/l\/svm-temp\/wp-json\/wp\/v2\/tags?post=28629"}],"curies":[{"name":"wp","href":"https:\/\/api.w.org\/{rel}","templated":true}]}}