{"id":28637,"date":"2013-10-30T00:00:00","date_gmt":"2013-10-29T23:00:00","guid":{"rendered":"https:\/\/lightweb.dev\/l\/svm-temp\/nyheter\/240-brandman-forhindrade-storre-katastrof\/"},"modified":"2013-10-30T00:00:00","modified_gmt":"2013-10-29T23:00:00","slug":"240-brandman-forhindrade-storre-katastrof","status":"publish","type":"post","link":"https:\/\/lightweb.dev\/l\/svm-temp\/nyheter\/240-brandman-forhindrade-storre-katastrof\/","title":{"rendered":"240 brandm\u00e4n f\u00f6rhindrade st\u00f6rre katastrof"},"content":{"rendered":"<p> Branden b\u00f6rjade vid bensinstationen Shell vid avfart 217 p\u00e5 motorv\u00e4gen A7:an till Reserva del Higueron i Benalm\u00e1dena. Det bl\u00e5ste friskt och branden spred sig v\u00e4ldigt fort. Totalt var det tio hektar som brandh\u00e4rjades. Av Ola Josefsson<br \/>\nFoto: Johan Ting\u00e5<\/p>\n<p>70 bost\u00e4der, tv\u00e5 bensinmackar och ett hotell fick evakueras efter att en brand utbr\u00f6t vid 18-tiden p\u00e5 tisdagskv\u00e4llen vid A-7:an i j\u00e4mnh\u00f6jd med Reserva del Higueron i Benalm\u00e1dena. En fyra kilometer l\u00e5ng k\u00f6 uppstod n\u00e4r A-7:an st\u00e4ngdes och \u00e4ven v\u00e4g A-368 mellan Benalm\u00e1dena Pueblo och Mijas var tidvis avst\u00e4ngd. Branden var under kontroll vid 21-tiden p\u00e5 tisdagskv\u00e4llen.<\/p>\n<p>Det var fr\u00e4mst bost\u00e4der p\u00e5 calles Alisos, Fresno, \u00c1lamo, P\u00e9tula och Encina som fick evakueras. Eftersom vinden var frisk spred sig branden snabbt i omr\u00e5det och kom att p\u00e5verka tre kommuner, Fuengirola, Benalm\u00e1dena och Mijas.<\/p>\n<p>Boende p\u00e5 hotellet THB Reserva del Higuer\u00f3n evakuerades till hotell Torrequebrada i Benalm\u00e1dena Costa. Samtliga evakuerade kunde \u00e5terv\u00e4nda efter klockan 21.15.<\/p>\n<p>Johan Ting\u00e5 som bor i omr\u00e5det beskriver den oro som m\u00e5nga k\u00e4nde:<br \/>\n&#8211; Det ligger bensintationer i omr\u00e5det plus alla hus i den exklusiva urbanisationen Reserva del Higueron med sportklubb och hotell och m\u00e5nga blev evakuerade, tidvis var \u00e4ven motorv\u00e4gen avst\u00e4ngd samt m\u00e5nga v\u00e4gar runt avfarten till Benalm\u00e1dena.<\/p>\n<p>&#8211; Det kunde ha g\u00e5tt v\u00e4ldigt illa och branden hade kunnat utveckla sig till en stor katastrof. Brandm\u00e4nnen gjorde en fantastiskt insats och var snabbt p\u00e5 plats. Endast n\u00e5gra tr\u00e4dg\u00e5rdar och husfasader fick brandskador sa en av brandm\u00e4nnen fr\u00e5n r\u00e4ddningstj\u00e4nsten i M\u00e1lagas brandstationen som var ett av de sex branddistrikt som kom f\u00f6r att bek\u00e4mpa elden, ber\u00e4ttar Johan Ting\u00e5.<\/p>\n<p>Johan satt hemma framf\u00f6r datorn n\u00e4r det b\u00f6rjade lukta r\u00f6k.<br \/>\n&#8211; T\u00e4nkte att det var lite tidigt att b\u00f6rja elda i spisen men kanske var det n\u00e5gon som fryser. Jag tittade sedan ut och s\u00e5g r\u00f6ken och f\u00f6rstod att det brann.<\/p>\n<p>Manuel Marmolejo vid provinsens r\u00e4ddningstj\u00e4nst s\u00e4ger enligt dagstidningen La Opini\u00f3n de M\u00e1laga att en cigarettfimp vid avfarten till A-7:an kan ha orsakat branden.<\/p>\n<p>Ytterligare en brand uppstod p\u00e5 tisdagen i ett flerfamiljshus i V\u00e9lez M\u00e1laga. En tre\u00e5ring lekte med en cigarett\u00e4ndare i soffan i en l\u00e4genhet p\u00e5 calle Azalea i Torre del Mar. Fastigheten evakuerades och brandm\u00e4nnen fick elden under kontroll. Barnet fick f\u00f6ras till sjukhus efter att ha drabbats av \u00e5ngestattacker rapporterar Diario SUR.<\/p>\n","protected":false},"excerpt":{"rendered":"<p>Branden b\u00f6rjade vid bensinstationen Shell vid avfart 217 p\u00e5 motorv\u00e4gen A7:an till Reserva del Higueron i Benalm\u00e1dena. Det bl\u00e5ste friskt och branden spred sig v\u00e4ldigt fort. Totalt var det tio hektar som brandh\u00e4rjades. Av Ola Josefsson Foto: Johan Ting\u00e5 70 bost\u00e4der, tv\u00e5 bensinmackar och ett hotell fick evakueras efter att en brand utbr\u00f6t vid 18-tiden [&hellip;]<\/p>\n","protected":false},"author":8,"featured_media":28640,"comment_status":"open","ping_status":"open","sticky":false,"template":"","format":"standard","meta":{"_et_pb_use_builder":"","_et_pb_old_content":"","_et_gb_content_width":"","footnotes":""},"categories":[395,3],"tags":[],"class_list":["post-28637","post","type-post","status-publish","format-standard","has-post-thumbnail","hentry","category-arkiv-nyheter","category-nyheter"],"yoast_head":"<!-- This site is optimized with the Yoast SEO Premium plugin v26.2 (Yoast SEO v27.4) - https:\/\/yoast.com\/product\/yoast-seo-premium-wordpress\/ -->\n<title>240 brandm\u00e4n f\u00f6rhindrade st\u00f6rre katastrof - Svenska Magasinet<\/title>\n<meta name=\"robots\" content=\"noindex, follow, max-snippet:-1, max-image-preview:large, max-video-preview:-1\" \/>\n<meta property=\"og:locale\" content=\"sv_SE\" \/>\n<meta property=\"og:type\" content=\"article\" \/>\n<meta property=\"og:title\" content=\"240 brandm\u00e4n f\u00f6rhindrade st\u00f6rre katastrof\" \/>\n<meta property=\"og:description\" content=\"Branden b\u00f6rjade vid bensinstationen Shell vid avfart 217 p\u00e5 motorv\u00e4gen A7:an till Reserva del Higueron i Benalm\u00e1dena. Det bl\u00e5ste friskt och branden spred sig v\u00e4ldigt fort. Totalt var det tio hektar som brandh\u00e4rjades. Av Ola Josefsson Foto: Johan Ting\u00e5 70 bost\u00e4der, tv\u00e5 bensinmackar och ett hotell fick evakueras efter att en brand utbr\u00f6t vid 18-tiden [&hellip;]\" \/>\n<meta property=\"og:url\" content=\"https:\/\/lightweb.dev\/l\/svm-temp\/nyheter\/240-brandman-forhindrade-storre-katastrof\/\" \/>\n<meta property=\"og:site_name\" content=\"Svenska Magasinet\" \/>\n<meta property=\"article:publisher\" content=\"https:\/\/www.facebook.com\/svenskamagasinet\" \/>\n<meta property=\"article:published_time\" content=\"2013-10-29T23:00:00+00:00\" \/>\n<meta name=\"author\" content=\"Redaktionen SvM\" \/>\n<meta name=\"twitter:card\" content=\"summary_large_image\" \/>\n<meta name=\"twitter:creator\" content=\"@SvenskaMagasine\" \/>\n<meta name=\"twitter:site\" content=\"@SvenskaMagasine\" \/>\n<script type=\"application\/ld+json\" class=\"yoast-schema-graph\">{\"@context\":\"https:\\\/\\\/schema.org\",\"@graph\":[{\"@type\":\"Article\",\"@id\":\"https:\\\/\\\/lightweb.dev\\\/l\\\/svm-temp\\\/nyheter\\\/240-brandman-forhindrade-storre-katastrof\\\/#article\",\"isPartOf\":{\"@id\":\"https:\\\/\\\/lightweb.dev\\\/l\\\/svm-temp\\\/nyheter\\\/240-brandman-forhindrade-storre-katastrof\\\/\"},\"author\":{\"name\":\"Redaktionen SvM\",\"@id\":\"https:\\\/\\\/lightweb.dev\\\/l\\\/svm-temp\\\/#\\\/schema\\\/person\\\/206a3bda5b607b0c25e1749191e4d837\"},\"headline\":\"240 brandm\u00e4n f\u00f6rhindrade st\u00f6rre katastrof\",\"datePublished\":\"2013-10-29T23:00:00+00:00\",\"mainEntityOfPage\":{\"@id\":\"https:\\\/\\\/lightweb.dev\\\/l\\\/svm-temp\\\/nyheter\\\/240-brandman-forhindrade-storre-katastrof\\\/\"},\"wordCount\":457,\"commentCount\":0,\"publisher\":{\"@id\":\"https:\\\/\\\/lightweb.dev\\\/l\\\/svm-temp\\\/#organization\"},\"image\":{\"@id\":\"https:\\\/\\\/lightweb.dev\\\/l\\\/svm-temp\\\/nyheter\\\/240-brandman-forhindrade-storre-katastrof\\\/#primaryimage\"},\"thumbnailUrl\":\"https:\\\/\\\/lightweb.dev\\\/l\\\/svm-temp\\\/wp-content\\\/uploads\\\/2022\\\/06\\\/240-brandman-forhindrade-storre-katastrof.png\",\"articleSection\":[\"Arkiv\",\"Nyheter\"],\"inLanguage\":\"sv-SE\"},{\"@type\":\"WebPage\",\"@id\":\"https:\\\/\\\/lightweb.dev\\\/l\\\/svm-temp\\\/nyheter\\\/240-brandman-forhindrade-storre-katastrof\\\/\",\"url\":\"https:\\\/\\\/lightweb.dev\\\/l\\\/svm-temp\\\/nyheter\\\/240-brandman-forhindrade-storre-katastrof\\\/\",\"name\":\"240 brandm\u00e4n f\u00f6rhindrade st\u00f6rre katastrof - Svenska Magasinet\",\"isPartOf\":{\"@id\":\"https:\\\/\\\/lightweb.dev\\\/l\\\/svm-temp\\\/#website\"},\"primaryImageOfPage\":{\"@id\":\"https:\\\/\\\/lightweb.dev\\\/l\\\/svm-temp\\\/nyheter\\\/240-brandman-forhindrade-storre-katastrof\\\/#primaryimage\"},\"image\":{\"@id\":\"https:\\\/\\\/lightweb.dev\\\/l\\\/svm-temp\\\/nyheter\\\/240-brandman-forhindrade-storre-katastrof\\\/#primaryimage\"},\"thumbnailUrl\":\"https:\\\/\\\/lightweb.dev\\\/l\\\/svm-temp\\\/wp-content\\\/uploads\\\/2022\\\/06\\\/240-brandman-forhindrade-storre-katastrof.png\",\"datePublished\":\"2013-10-29T23:00:00+00:00\",\"breadcrumb\":{\"@id\":\"https:\\\/\\\/lightweb.dev\\\/l\\\/svm-temp\\\/nyheter\\\/240-brandman-forhindrade-storre-katastrof\\\/#breadcrumb\"},\"inLanguage\":\"sv-SE\",\"potentialAction\":[{\"@type\":\"ReadAction\",\"target\":[\"https:\\\/\\\/lightweb.dev\\\/l\\\/svm-temp\\\/nyheter\\\/240-brandman-forhindrade-storre-katastrof\\\/\"]}]},{\"@type\":\"ImageObject\",\"inLanguage\":\"sv-SE\",\"@id\":\"https:\\\/\\\/lightweb.dev\\\/l\\\/svm-temp\\\/nyheter\\\/240-brandman-forhindrade-storre-katastrof\\\/#primaryimage\",\"url\":\"https:\\\/\\\/lightweb.dev\\\/l\\\/svm-temp\\\/wp-content\\\/uploads\\\/2022\\\/06\\\/240-brandman-forhindrade-storre-katastrof.png\",\"contentUrl\":\"https:\\\/\\\/lightweb.dev\\\/l\\\/svm-temp\\\/wp-content\\\/uploads\\\/2022\\\/06\\\/240-brandman-forhindrade-storre-katastrof.png\",\"width\":354,\"height\":200},{\"@type\":\"BreadcrumbList\",\"@id\":\"https:\\\/\\\/lightweb.dev\\\/l\\\/svm-temp\\\/nyheter\\\/240-brandman-forhindrade-storre-katastrof\\\/#breadcrumb\",\"itemListElement\":[{\"@type\":\"ListItem\",\"position\":1,\"name\":\"Hem\",\"item\":\"https:\\\/\\\/lightweb.dev\\\/l\\\/svm-temp\\\/\"},{\"@type\":\"ListItem\",\"position\":2,\"name\":\"240 brandm\u00e4n f\u00f6rhindrade st\u00f6rre katastrof\"}]},{\"@type\":\"WebSite\",\"@id\":\"https:\\\/\\\/lightweb.dev\\\/l\\\/svm-temp\\\/#website\",\"url\":\"https:\\\/\\\/lightweb.dev\\\/l\\\/svm-temp\\\/\",\"name\":\"Svenska Magasinet\",\"description\":\"Dina Spanska nyheter p&aring; Svenska\",\"publisher\":{\"@id\":\"https:\\\/\\\/lightweb.dev\\\/l\\\/svm-temp\\\/#organization\"},\"potentialAction\":[{\"@type\":\"SearchAction\",\"target\":{\"@type\":\"EntryPoint\",\"urlTemplate\":\"https:\\\/\\\/lightweb.dev\\\/l\\\/svm-temp\\\/?s={search_term_string}\"},\"query-input\":{\"@type\":\"PropertyValueSpecification\",\"valueRequired\":true,\"valueName\":\"search_term_string\"}}],\"inLanguage\":\"sv-SE\"},{\"@type\":\"Organization\",\"@id\":\"https:\\\/\\\/lightweb.dev\\\/l\\\/svm-temp\\\/#organization\",\"name\":\"Melkerson y Nott SL\",\"alternateName\":\"Svenska Magasinet\",\"url\":\"https:\\\/\\\/lightweb.dev\\\/l\\\/svm-temp\\\/\",\"logo\":{\"@type\":\"ImageObject\",\"inLanguage\":\"sv-SE\",\"@id\":\"https:\\\/\\\/lightweb.dev\\\/l\\\/svm-temp\\\/#\\\/schema\\\/logo\\\/image\\\/\",\"url\":\"https:\\\/\\\/lightweb.dev\\\/l\\\/svm-temp\\\/wp-content\\\/uploads\\\/2025\\\/02\\\/SvM-logo-Xtra-Centrerad-SVART.png\",\"contentUrl\":\"https:\\\/\\\/lightweb.dev\\\/l\\\/svm-temp\\\/wp-content\\\/uploads\\\/2025\\\/02\\\/SvM-logo-Xtra-Centrerad-SVART.png\",\"width\":300,\"height\":99,\"caption\":\"Melkerson y Nott SL\"},\"image\":{\"@id\":\"https:\\\/\\\/lightweb.dev\\\/l\\\/svm-temp\\\/#\\\/schema\\\/logo\\\/image\\\/\"},\"sameAs\":[\"https:\\\/\\\/www.facebook.com\\\/svenskamagasinet\",\"https:\\\/\\\/x.com\\\/SvenskaMagasine\"]},{\"@type\":\"Person\",\"@id\":\"https:\\\/\\\/lightweb.dev\\\/l\\\/svm-temp\\\/#\\\/schema\\\/person\\\/206a3bda5b607b0c25e1749191e4d837\",\"name\":\"Redaktionen SvM\",\"description\":\"Redaktionen\",\"sameAs\":[\"https:\\\/\\\/lightweb.dev\\\/l\\\/svm-temp\"],\"url\":\"https:\\\/\\\/lightweb.dev\\\/l\\\/svm-temp\\\/reporter\\\/redaktionen\\\/\"}]}<\/script>\n<!-- \/ Yoast SEO Premium plugin. -->","yoast_head_json":{"title":"240 brandm\u00e4n f\u00f6rhindrade st\u00f6rre katastrof - Svenska Magasinet","robots":{"index":"noindex","follow":"follow","max-snippet":"max-snippet:-1","max-image-preview":"max-image-preview:large","max-video-preview":"max-video-preview:-1"},"og_locale":"sv_SE","og_type":"article","og_title":"240 brandm\u00e4n f\u00f6rhindrade st\u00f6rre katastrof","og_description":"Branden b\u00f6rjade vid bensinstationen Shell vid avfart 217 p\u00e5 motorv\u00e4gen A7:an till Reserva del Higueron i Benalm\u00e1dena. Det bl\u00e5ste friskt och branden spred sig v\u00e4ldigt fort. Totalt var det tio hektar som brandh\u00e4rjades. Av Ola Josefsson Foto: Johan Ting\u00e5 70 bost\u00e4der, tv\u00e5 bensinmackar och ett hotell fick evakueras efter att en brand utbr\u00f6t vid 18-tiden [&hellip;]","og_url":"https:\/\/lightweb.dev\/l\/svm-temp\/nyheter\/240-brandman-forhindrade-storre-katastrof\/","og_site_name":"Svenska Magasinet","article_publisher":"https:\/\/www.facebook.com\/svenskamagasinet","article_published_time":"2013-10-29T23:00:00+00:00","author":"Redaktionen SvM","twitter_card":"summary_large_image","twitter_creator":"@SvenskaMagasine","twitter_site":"@SvenskaMagasine","schema":{"@context":"https:\/\/schema.org","@graph":[{"@type":"Article","@id":"https:\/\/lightweb.dev\/l\/svm-temp\/nyheter\/240-brandman-forhindrade-storre-katastrof\/#article","isPartOf":{"@id":"https:\/\/lightweb.dev\/l\/svm-temp\/nyheter\/240-brandman-forhindrade-storre-katastrof\/"},"author":{"name":"Redaktionen SvM","@id":"https:\/\/lightweb.dev\/l\/svm-temp\/#\/schema\/person\/206a3bda5b607b0c25e1749191e4d837"},"headline":"240 brandm\u00e4n f\u00f6rhindrade st\u00f6rre katastrof","datePublished":"2013-10-29T23:00:00+00:00","mainEntityOfPage":{"@id":"https:\/\/lightweb.dev\/l\/svm-temp\/nyheter\/240-brandman-forhindrade-storre-katastrof\/"},"wordCount":457,"commentCount":0,"publisher":{"@id":"https:\/\/lightweb.dev\/l\/svm-temp\/#organization"},"image":{"@id":"https:\/\/lightweb.dev\/l\/svm-temp\/nyheter\/240-brandman-forhindrade-storre-katastrof\/#primaryimage"},"thumbnailUrl":"https:\/\/lightweb.dev\/l\/svm-temp\/wp-content\/uploads\/2022\/06\/240-brandman-forhindrade-storre-katastrof.png","articleSection":["Arkiv","Nyheter"],"inLanguage":"sv-SE"},{"@type":"WebPage","@id":"https:\/\/lightweb.dev\/l\/svm-temp\/nyheter\/240-brandman-forhindrade-storre-katastrof\/","url":"https:\/\/lightweb.dev\/l\/svm-temp\/nyheter\/240-brandman-forhindrade-storre-katastrof\/","name":"240 brandm\u00e4n f\u00f6rhindrade st\u00f6rre katastrof - Svenska Magasinet","isPartOf":{"@id":"https:\/\/lightweb.dev\/l\/svm-temp\/#website"},"primaryImageOfPage":{"@id":"https:\/\/lightweb.dev\/l\/svm-temp\/nyheter\/240-brandman-forhindrade-storre-katastrof\/#primaryimage"},"image":{"@id":"https:\/\/lightweb.dev\/l\/svm-temp\/nyheter\/240-brandman-forhindrade-storre-katastrof\/#primaryimage"},"thumbnailUrl":"https:\/\/lightweb.dev\/l\/svm-temp\/wp-content\/uploads\/2022\/06\/240-brandman-forhindrade-storre-katastrof.png","datePublished":"2013-10-29T23:00:00+00:00","breadcrumb":{"@id":"https:\/\/lightweb.dev\/l\/svm-temp\/nyheter\/240-brandman-forhindrade-storre-katastrof\/#breadcrumb"},"inLanguage":"sv-SE","potentialAction":[{"@type":"ReadAction","target":["https:\/\/lightweb.dev\/l\/svm-temp\/nyheter\/240-brandman-forhindrade-storre-katastrof\/"]}]},{"@type":"ImageObject","inLanguage":"sv-SE","@id":"https:\/\/lightweb.dev\/l\/svm-temp\/nyheter\/240-brandman-forhindrade-storre-katastrof\/#primaryimage","url":"https:\/\/lightweb.dev\/l\/svm-temp\/wp-content\/uploads\/2022\/06\/240-brandman-forhindrade-storre-katastrof.png","contentUrl":"https:\/\/lightweb.dev\/l\/svm-temp\/wp-content\/uploads\/2022\/06\/240-brandman-forhindrade-storre-katastrof.png","width":354,"height":200},{"@type":"BreadcrumbList","@id":"https:\/\/lightweb.dev\/l\/svm-temp\/nyheter\/240-brandman-forhindrade-storre-katastrof\/#breadcrumb","itemListElement":[{"@type":"ListItem","position":1,"name":"Hem","item":"https:\/\/lightweb.dev\/l\/svm-temp\/"},{"@type":"ListItem","position":2,"name":"240 brandm\u00e4n f\u00f6rhindrade st\u00f6rre katastrof"}]},{"@type":"WebSite","@id":"https:\/\/lightweb.dev\/l\/svm-temp\/#website","url":"https:\/\/lightweb.dev\/l\/svm-temp\/","name":"Svenska Magasinet","description":"Dina Spanska nyheter p&aring; Svenska","publisher":{"@id":"https:\/\/lightweb.dev\/l\/svm-temp\/#organization"},"potentialAction":[{"@type":"SearchAction","target":{"@type":"EntryPoint","urlTemplate":"https:\/\/lightweb.dev\/l\/svm-temp\/?s={search_term_string}"},"query-input":{"@type":"PropertyValueSpecification","valueRequired":true,"valueName":"search_term_string"}}],"inLanguage":"sv-SE"},{"@type":"Organization","@id":"https:\/\/lightweb.dev\/l\/svm-temp\/#organization","name":"Melkerson y Nott SL","alternateName":"Svenska Magasinet","url":"https:\/\/lightweb.dev\/l\/svm-temp\/","logo":{"@type":"ImageObject","inLanguage":"sv-SE","@id":"https:\/\/lightweb.dev\/l\/svm-temp\/#\/schema\/logo\/image\/","url":"https:\/\/lightweb.dev\/l\/svm-temp\/wp-content\/uploads\/2025\/02\/SvM-logo-Xtra-Centrerad-SVART.png","contentUrl":"https:\/\/lightweb.dev\/l\/svm-temp\/wp-content\/uploads\/2025\/02\/SvM-logo-Xtra-Centrerad-SVART.png","width":300,"height":99,"caption":"Melkerson y Nott SL"},"image":{"@id":"https:\/\/lightweb.dev\/l\/svm-temp\/#\/schema\/logo\/image\/"},"sameAs":["https:\/\/www.facebook.com\/svenskamagasinet","https:\/\/x.com\/SvenskaMagasine"]},{"@type":"Person","@id":"https:\/\/lightweb.dev\/l\/svm-temp\/#\/schema\/person\/206a3bda5b607b0c25e1749191e4d837","name":"Redaktionen SvM","description":"Redaktionen","sameAs":["https:\/\/lightweb.dev\/l\/svm-temp"],"url":"https:\/\/lightweb.dev\/l\/svm-temp\/reporter\/redaktionen\/"}]}},"_links":{"self":[{"href":"https:\/\/lightweb.dev\/l\/svm-temp\/wp-json\/wp\/v2\/posts\/28637","targetHints":{"allow":["GET"]}}],"collection":[{"href":"https:\/\/lightweb.dev\/l\/svm-temp\/wp-json\/wp\/v2\/posts"}],"about":[{"href":"https:\/\/lightweb.dev\/l\/svm-temp\/wp-json\/wp\/v2\/types\/post"}],"author":[{"embeddable":true,"href":"https:\/\/lightweb.dev\/l\/svm-temp\/wp-json\/wp\/v2\/users\/8"}],"replies":[{"embeddable":true,"href":"https:\/\/lightweb.dev\/l\/svm-temp\/wp-json\/wp\/v2\/comments?post=28637"}],"version-history":[{"count":0,"href":"https:\/\/lightweb.dev\/l\/svm-temp\/wp-json\/wp\/v2\/posts\/28637\/revisions"}],"wp:featuredmedia":[{"embeddable":true,"href":"https:\/\/lightweb.dev\/l\/svm-temp\/wp-json\/wp\/v2\/media\/28640"}],"wp:attachment":[{"href":"https:\/\/lightweb.dev\/l\/svm-temp\/wp-json\/wp\/v2\/media?parent=28637"}],"wp:term":[{"taxonomy":"category","embeddable":true,"href":"https:\/\/lightweb.dev\/l\/svm-temp\/wp-json\/wp\/v2\/categories?post=28637"},{"taxonomy":"post_tag","embeddable":true,"href":"https:\/\/lightweb.dev\/l\/svm-temp\/wp-json\/wp\/v2\/tags?post=28637"}],"curies":[{"name":"wp","href":"https:\/\/api.w.org\/{rel}","templated":true}]}}