{"id":28639,"date":"2013-10-30T00:00:00","date_gmt":"2013-10-29T23:00:00","guid":{"rendered":"https:\/\/lightweb.dev\/l\/svm-temp\/nyheter\/rumansk-familj-misstanks-ha-forsokt-salja-sin-14-ariga-dotter\/"},"modified":"2013-10-30T00:00:00","modified_gmt":"2013-10-29T23:00:00","slug":"rumansk-familj-misstanks-ha-forsokt-salja-sin-14-ariga-dotter","status":"publish","type":"post","link":"https:\/\/lightweb.dev\/l\/svm-temp\/nyheter\/rumansk-familj-misstanks-ha-forsokt-salja-sin-14-ariga-dotter\/","title":{"rendered":"Rum\u00e4nsk familj misst\u00e4nks ha f\u00f6rs\u00f6kt s\u00e4lja sin 14-\u00e5riga dotter"},"content":{"rendered":"<p> M\u00e1lagapolisen har inlett en utredning d\u00e4r en rum\u00e4nsk familj ska ha f\u00f6rs\u00f6kt s\u00e4lja sin 14-\u00e5riga dotter till pojkv\u00e4nnen f\u00f6r 15.000 euro. Pojkv\u00e4nnen \u00e4r ocks\u00e5 rum\u00e4n. Flickan har lokaliserats och bor i nul\u00e4get vid ett skyddat boende f\u00f6r ungdomar.<\/p>\n<p>Dagstidningen Diario SUR uppger att misstankarna uppkom efter ett uttalande fr\u00e5n flickans mamma som bad om 15.000 euro f\u00f6r att pojken skulle f\u00e5 familjens dotter. Flickan ska \u00e4ven ha blivit utsatts f\u00f6r p\u00e5tryckningar fr\u00e5n sin familj f\u00f6r att \u00f6vertyga pojkv\u00e4nnens familj att betala beloppet, vilket bekr\u00e4ftas av k\u00e4llor n\u00e4ra \u00e4rendet.<\/p>\n<p>En utredning inleddes i onsdags i f\u00f6rra veckan efter att mamman hade rapporterat sin dotter f\u00f6rsvunnen. Flickans familj bor i Bilbao och flickan skulle ha sagt att hon skulle resa till M\u00e1laga.<\/p>\n<p>Polisen i Bilbao och M\u00e1laga samarbetar i \u00e4rendet och en utredning p\u00e5g\u00e5r. <\/p>\n","protected":false},"excerpt":{"rendered":"<p>M\u00e1lagapolisen har inlett en utredning d\u00e4r en rum\u00e4nsk familj ska ha f\u00f6rs\u00f6kt s\u00e4lja sin 14-\u00e5riga dotter till pojkv\u00e4nnen f\u00f6r 15.000 euro. Pojkv\u00e4nnen \u00e4r ocks\u00e5 rum\u00e4n. Flickan har lokaliserats och bor i nul\u00e4get vid ett skyddat boende f\u00f6r ungdomar. Dagstidningen Diario SUR uppger att misstankarna uppkom efter ett uttalande fr\u00e5n flickans mamma som bad om 15.000 [&hellip;]<\/p>\n","protected":false},"author":8,"featured_media":28642,"comment_status":"open","ping_status":"open","sticky":false,"template":"","format":"standard","meta":{"_et_pb_use_builder":"","_et_pb_old_content":"","_et_gb_content_width":"","footnotes":""},"categories":[395,3],"tags":[],"class_list":["post-28639","post","type-post","status-publish","format-standard","has-post-thumbnail","hentry","category-arkiv-nyheter","category-nyheter"],"yoast_head":"<!-- This site is optimized with the Yoast SEO Premium plugin v26.2 (Yoast SEO v27.4) - https:\/\/yoast.com\/product\/yoast-seo-premium-wordpress\/ -->\n<title>Rum\u00e4nsk familj misst\u00e4nks ha f\u00f6rs\u00f6kt s\u00e4lja sin 14-\u00e5riga dotter - Svenska Magasinet<\/title>\n<meta name=\"robots\" content=\"noindex, follow, max-snippet:-1, max-image-preview:large, max-video-preview:-1\" \/>\n<meta property=\"og:locale\" content=\"sv_SE\" \/>\n<meta property=\"og:type\" content=\"article\" \/>\n<meta property=\"og:title\" content=\"Rum\u00e4nsk familj misst\u00e4nks ha f\u00f6rs\u00f6kt s\u00e4lja sin 14-\u00e5riga dotter\" \/>\n<meta property=\"og:description\" content=\"M\u00e1lagapolisen har inlett en utredning d\u00e4r en rum\u00e4nsk familj ska ha f\u00f6rs\u00f6kt s\u00e4lja sin 14-\u00e5riga dotter till pojkv\u00e4nnen f\u00f6r 15.000 euro. Pojkv\u00e4nnen \u00e4r ocks\u00e5 rum\u00e4n. Flickan har lokaliserats och bor i nul\u00e4get vid ett skyddat boende f\u00f6r ungdomar. Dagstidningen Diario SUR uppger att misstankarna uppkom efter ett uttalande fr\u00e5n flickans mamma som bad om 15.000 [&hellip;]\" \/>\n<meta property=\"og:url\" content=\"https:\/\/lightweb.dev\/l\/svm-temp\/nyheter\/rumansk-familj-misstanks-ha-forsokt-salja-sin-14-ariga-dotter\/\" \/>\n<meta property=\"og:site_name\" content=\"Svenska Magasinet\" \/>\n<meta property=\"article:publisher\" content=\"https:\/\/www.facebook.com\/svenskamagasinet\" \/>\n<meta property=\"article:published_time\" content=\"2013-10-29T23:00:00+00:00\" \/>\n<meta name=\"author\" content=\"Redaktionen SvM\" \/>\n<meta name=\"twitter:card\" content=\"summary_large_image\" \/>\n<meta name=\"twitter:creator\" content=\"@SvenskaMagasine\" \/>\n<meta name=\"twitter:site\" content=\"@SvenskaMagasine\" \/>\n<script type=\"application\/ld+json\" class=\"yoast-schema-graph\">{\"@context\":\"https:\\\/\\\/schema.org\",\"@graph\":[{\"@type\":\"Article\",\"@id\":\"https:\\\/\\\/lightweb.dev\\\/l\\\/svm-temp\\\/nyheter\\\/rumansk-familj-misstanks-ha-forsokt-salja-sin-14-ariga-dotter\\\/#article\",\"isPartOf\":{\"@id\":\"https:\\\/\\\/lightweb.dev\\\/l\\\/svm-temp\\\/nyheter\\\/rumansk-familj-misstanks-ha-forsokt-salja-sin-14-ariga-dotter\\\/\"},\"author\":{\"name\":\"Redaktionen SvM\",\"@id\":\"https:\\\/\\\/lightweb.dev\\\/l\\\/svm-temp\\\/#\\\/schema\\\/person\\\/206a3bda5b607b0c25e1749191e4d837\"},\"headline\":\"Rum\u00e4nsk familj misst\u00e4nks ha f\u00f6rs\u00f6kt s\u00e4lja sin 14-\u00e5riga dotter\",\"datePublished\":\"2013-10-29T23:00:00+00:00\",\"mainEntityOfPage\":{\"@id\":\"https:\\\/\\\/lightweb.dev\\\/l\\\/svm-temp\\\/nyheter\\\/rumansk-familj-misstanks-ha-forsokt-salja-sin-14-ariga-dotter\\\/\"},\"wordCount\":174,\"commentCount\":0,\"publisher\":{\"@id\":\"https:\\\/\\\/lightweb.dev\\\/l\\\/svm-temp\\\/#organization\"},\"image\":{\"@id\":\"https:\\\/\\\/lightweb.dev\\\/l\\\/svm-temp\\\/nyheter\\\/rumansk-familj-misstanks-ha-forsokt-salja-sin-14-ariga-dotter\\\/#primaryimage\"},\"thumbnailUrl\":\"https:\\\/\\\/lightweb.dev\\\/l\\\/svm-temp\\\/wp-content\\\/uploads\\\/2022\\\/06\\\/rumansk-familj-misstanks-ha-forsokt-salja-sin-14ariga-dotter.png\",\"articleSection\":[\"Arkiv\",\"Nyheter\"],\"inLanguage\":\"sv-SE\"},{\"@type\":\"WebPage\",\"@id\":\"https:\\\/\\\/lightweb.dev\\\/l\\\/svm-temp\\\/nyheter\\\/rumansk-familj-misstanks-ha-forsokt-salja-sin-14-ariga-dotter\\\/\",\"url\":\"https:\\\/\\\/lightweb.dev\\\/l\\\/svm-temp\\\/nyheter\\\/rumansk-familj-misstanks-ha-forsokt-salja-sin-14-ariga-dotter\\\/\",\"name\":\"Rum\u00e4nsk familj misst\u00e4nks ha f\u00f6rs\u00f6kt s\u00e4lja sin 14-\u00e5riga dotter - Svenska Magasinet\",\"isPartOf\":{\"@id\":\"https:\\\/\\\/lightweb.dev\\\/l\\\/svm-temp\\\/#website\"},\"primaryImageOfPage\":{\"@id\":\"https:\\\/\\\/lightweb.dev\\\/l\\\/svm-temp\\\/nyheter\\\/rumansk-familj-misstanks-ha-forsokt-salja-sin-14-ariga-dotter\\\/#primaryimage\"},\"image\":{\"@id\":\"https:\\\/\\\/lightweb.dev\\\/l\\\/svm-temp\\\/nyheter\\\/rumansk-familj-misstanks-ha-forsokt-salja-sin-14-ariga-dotter\\\/#primaryimage\"},\"thumbnailUrl\":\"https:\\\/\\\/lightweb.dev\\\/l\\\/svm-temp\\\/wp-content\\\/uploads\\\/2022\\\/06\\\/rumansk-familj-misstanks-ha-forsokt-salja-sin-14ariga-dotter.png\",\"datePublished\":\"2013-10-29T23:00:00+00:00\",\"breadcrumb\":{\"@id\":\"https:\\\/\\\/lightweb.dev\\\/l\\\/svm-temp\\\/nyheter\\\/rumansk-familj-misstanks-ha-forsokt-salja-sin-14-ariga-dotter\\\/#breadcrumb\"},\"inLanguage\":\"sv-SE\",\"potentialAction\":[{\"@type\":\"ReadAction\",\"target\":[\"https:\\\/\\\/lightweb.dev\\\/l\\\/svm-temp\\\/nyheter\\\/rumansk-familj-misstanks-ha-forsokt-salja-sin-14-ariga-dotter\\\/\"]}]},{\"@type\":\"ImageObject\",\"inLanguage\":\"sv-SE\",\"@id\":\"https:\\\/\\\/lightweb.dev\\\/l\\\/svm-temp\\\/nyheter\\\/rumansk-familj-misstanks-ha-forsokt-salja-sin-14-ariga-dotter\\\/#primaryimage\",\"url\":\"https:\\\/\\\/lightweb.dev\\\/l\\\/svm-temp\\\/wp-content\\\/uploads\\\/2022\\\/06\\\/rumansk-familj-misstanks-ha-forsokt-salja-sin-14ariga-dotter.png\",\"contentUrl\":\"https:\\\/\\\/lightweb.dev\\\/l\\\/svm-temp\\\/wp-content\\\/uploads\\\/2022\\\/06\\\/rumansk-familj-misstanks-ha-forsokt-salja-sin-14ariga-dotter.png\",\"width\":280,\"height\":210},{\"@type\":\"BreadcrumbList\",\"@id\":\"https:\\\/\\\/lightweb.dev\\\/l\\\/svm-temp\\\/nyheter\\\/rumansk-familj-misstanks-ha-forsokt-salja-sin-14-ariga-dotter\\\/#breadcrumb\",\"itemListElement\":[{\"@type\":\"ListItem\",\"position\":1,\"name\":\"Hem\",\"item\":\"https:\\\/\\\/lightweb.dev\\\/l\\\/svm-temp\\\/\"},{\"@type\":\"ListItem\",\"position\":2,\"name\":\"Rum\u00e4nsk familj misst\u00e4nks ha f\u00f6rs\u00f6kt s\u00e4lja sin 14-\u00e5riga dotter\"}]},{\"@type\":\"WebSite\",\"@id\":\"https:\\\/\\\/lightweb.dev\\\/l\\\/svm-temp\\\/#website\",\"url\":\"https:\\\/\\\/lightweb.dev\\\/l\\\/svm-temp\\\/\",\"name\":\"Svenska Magasinet\",\"description\":\"Dina Spanska nyheter p&aring; Svenska\",\"publisher\":{\"@id\":\"https:\\\/\\\/lightweb.dev\\\/l\\\/svm-temp\\\/#organization\"},\"potentialAction\":[{\"@type\":\"SearchAction\",\"target\":{\"@type\":\"EntryPoint\",\"urlTemplate\":\"https:\\\/\\\/lightweb.dev\\\/l\\\/svm-temp\\\/?s={search_term_string}\"},\"query-input\":{\"@type\":\"PropertyValueSpecification\",\"valueRequired\":true,\"valueName\":\"search_term_string\"}}],\"inLanguage\":\"sv-SE\"},{\"@type\":\"Organization\",\"@id\":\"https:\\\/\\\/lightweb.dev\\\/l\\\/svm-temp\\\/#organization\",\"name\":\"Melkerson y Nott SL\",\"alternateName\":\"Svenska Magasinet\",\"url\":\"https:\\\/\\\/lightweb.dev\\\/l\\\/svm-temp\\\/\",\"logo\":{\"@type\":\"ImageObject\",\"inLanguage\":\"sv-SE\",\"@id\":\"https:\\\/\\\/lightweb.dev\\\/l\\\/svm-temp\\\/#\\\/schema\\\/logo\\\/image\\\/\",\"url\":\"https:\\\/\\\/lightweb.dev\\\/l\\\/svm-temp\\\/wp-content\\\/uploads\\\/2025\\\/02\\\/SvM-logo-Xtra-Centrerad-SVART.png\",\"contentUrl\":\"https:\\\/\\\/lightweb.dev\\\/l\\\/svm-temp\\\/wp-content\\\/uploads\\\/2025\\\/02\\\/SvM-logo-Xtra-Centrerad-SVART.png\",\"width\":300,\"height\":99,\"caption\":\"Melkerson y Nott SL\"},\"image\":{\"@id\":\"https:\\\/\\\/lightweb.dev\\\/l\\\/svm-temp\\\/#\\\/schema\\\/logo\\\/image\\\/\"},\"sameAs\":[\"https:\\\/\\\/www.facebook.com\\\/svenskamagasinet\",\"https:\\\/\\\/x.com\\\/SvenskaMagasine\"]},{\"@type\":\"Person\",\"@id\":\"https:\\\/\\\/lightweb.dev\\\/l\\\/svm-temp\\\/#\\\/schema\\\/person\\\/206a3bda5b607b0c25e1749191e4d837\",\"name\":\"Redaktionen SvM\",\"description\":\"Redaktionen\",\"sameAs\":[\"https:\\\/\\\/lightweb.dev\\\/l\\\/svm-temp\"],\"url\":\"https:\\\/\\\/lightweb.dev\\\/l\\\/svm-temp\\\/reporter\\\/redaktionen\\\/\"}]}<\/script>\n<!-- \/ Yoast SEO Premium plugin. -->","yoast_head_json":{"title":"Rum\u00e4nsk familj misst\u00e4nks ha f\u00f6rs\u00f6kt s\u00e4lja sin 14-\u00e5riga dotter - Svenska Magasinet","robots":{"index":"noindex","follow":"follow","max-snippet":"max-snippet:-1","max-image-preview":"max-image-preview:large","max-video-preview":"max-video-preview:-1"},"og_locale":"sv_SE","og_type":"article","og_title":"Rum\u00e4nsk familj misst\u00e4nks ha f\u00f6rs\u00f6kt s\u00e4lja sin 14-\u00e5riga dotter","og_description":"M\u00e1lagapolisen har inlett en utredning d\u00e4r en rum\u00e4nsk familj ska ha f\u00f6rs\u00f6kt s\u00e4lja sin 14-\u00e5riga dotter till pojkv\u00e4nnen f\u00f6r 15.000 euro. Pojkv\u00e4nnen \u00e4r ocks\u00e5 rum\u00e4n. Flickan har lokaliserats och bor i nul\u00e4get vid ett skyddat boende f\u00f6r ungdomar. Dagstidningen Diario SUR uppger att misstankarna uppkom efter ett uttalande fr\u00e5n flickans mamma som bad om 15.000 [&hellip;]","og_url":"https:\/\/lightweb.dev\/l\/svm-temp\/nyheter\/rumansk-familj-misstanks-ha-forsokt-salja-sin-14-ariga-dotter\/","og_site_name":"Svenska Magasinet","article_publisher":"https:\/\/www.facebook.com\/svenskamagasinet","article_published_time":"2013-10-29T23:00:00+00:00","author":"Redaktionen SvM","twitter_card":"summary_large_image","twitter_creator":"@SvenskaMagasine","twitter_site":"@SvenskaMagasine","schema":{"@context":"https:\/\/schema.org","@graph":[{"@type":"Article","@id":"https:\/\/lightweb.dev\/l\/svm-temp\/nyheter\/rumansk-familj-misstanks-ha-forsokt-salja-sin-14-ariga-dotter\/#article","isPartOf":{"@id":"https:\/\/lightweb.dev\/l\/svm-temp\/nyheter\/rumansk-familj-misstanks-ha-forsokt-salja-sin-14-ariga-dotter\/"},"author":{"name":"Redaktionen SvM","@id":"https:\/\/lightweb.dev\/l\/svm-temp\/#\/schema\/person\/206a3bda5b607b0c25e1749191e4d837"},"headline":"Rum\u00e4nsk familj misst\u00e4nks ha f\u00f6rs\u00f6kt s\u00e4lja sin 14-\u00e5riga dotter","datePublished":"2013-10-29T23:00:00+00:00","mainEntityOfPage":{"@id":"https:\/\/lightweb.dev\/l\/svm-temp\/nyheter\/rumansk-familj-misstanks-ha-forsokt-salja-sin-14-ariga-dotter\/"},"wordCount":174,"commentCount":0,"publisher":{"@id":"https:\/\/lightweb.dev\/l\/svm-temp\/#organization"},"image":{"@id":"https:\/\/lightweb.dev\/l\/svm-temp\/nyheter\/rumansk-familj-misstanks-ha-forsokt-salja-sin-14-ariga-dotter\/#primaryimage"},"thumbnailUrl":"https:\/\/lightweb.dev\/l\/svm-temp\/wp-content\/uploads\/2022\/06\/rumansk-familj-misstanks-ha-forsokt-salja-sin-14ariga-dotter.png","articleSection":["Arkiv","Nyheter"],"inLanguage":"sv-SE"},{"@type":"WebPage","@id":"https:\/\/lightweb.dev\/l\/svm-temp\/nyheter\/rumansk-familj-misstanks-ha-forsokt-salja-sin-14-ariga-dotter\/","url":"https:\/\/lightweb.dev\/l\/svm-temp\/nyheter\/rumansk-familj-misstanks-ha-forsokt-salja-sin-14-ariga-dotter\/","name":"Rum\u00e4nsk familj misst\u00e4nks ha f\u00f6rs\u00f6kt s\u00e4lja sin 14-\u00e5riga dotter - Svenska Magasinet","isPartOf":{"@id":"https:\/\/lightweb.dev\/l\/svm-temp\/#website"},"primaryImageOfPage":{"@id":"https:\/\/lightweb.dev\/l\/svm-temp\/nyheter\/rumansk-familj-misstanks-ha-forsokt-salja-sin-14-ariga-dotter\/#primaryimage"},"image":{"@id":"https:\/\/lightweb.dev\/l\/svm-temp\/nyheter\/rumansk-familj-misstanks-ha-forsokt-salja-sin-14-ariga-dotter\/#primaryimage"},"thumbnailUrl":"https:\/\/lightweb.dev\/l\/svm-temp\/wp-content\/uploads\/2022\/06\/rumansk-familj-misstanks-ha-forsokt-salja-sin-14ariga-dotter.png","datePublished":"2013-10-29T23:00:00+00:00","breadcrumb":{"@id":"https:\/\/lightweb.dev\/l\/svm-temp\/nyheter\/rumansk-familj-misstanks-ha-forsokt-salja-sin-14-ariga-dotter\/#breadcrumb"},"inLanguage":"sv-SE","potentialAction":[{"@type":"ReadAction","target":["https:\/\/lightweb.dev\/l\/svm-temp\/nyheter\/rumansk-familj-misstanks-ha-forsokt-salja-sin-14-ariga-dotter\/"]}]},{"@type":"ImageObject","inLanguage":"sv-SE","@id":"https:\/\/lightweb.dev\/l\/svm-temp\/nyheter\/rumansk-familj-misstanks-ha-forsokt-salja-sin-14-ariga-dotter\/#primaryimage","url":"https:\/\/lightweb.dev\/l\/svm-temp\/wp-content\/uploads\/2022\/06\/rumansk-familj-misstanks-ha-forsokt-salja-sin-14ariga-dotter.png","contentUrl":"https:\/\/lightweb.dev\/l\/svm-temp\/wp-content\/uploads\/2022\/06\/rumansk-familj-misstanks-ha-forsokt-salja-sin-14ariga-dotter.png","width":280,"height":210},{"@type":"BreadcrumbList","@id":"https:\/\/lightweb.dev\/l\/svm-temp\/nyheter\/rumansk-familj-misstanks-ha-forsokt-salja-sin-14-ariga-dotter\/#breadcrumb","itemListElement":[{"@type":"ListItem","position":1,"name":"Hem","item":"https:\/\/lightweb.dev\/l\/svm-temp\/"},{"@type":"ListItem","position":2,"name":"Rum\u00e4nsk familj misst\u00e4nks ha f\u00f6rs\u00f6kt s\u00e4lja sin 14-\u00e5riga dotter"}]},{"@type":"WebSite","@id":"https:\/\/lightweb.dev\/l\/svm-temp\/#website","url":"https:\/\/lightweb.dev\/l\/svm-temp\/","name":"Svenska Magasinet","description":"Dina Spanska nyheter p&aring; Svenska","publisher":{"@id":"https:\/\/lightweb.dev\/l\/svm-temp\/#organization"},"potentialAction":[{"@type":"SearchAction","target":{"@type":"EntryPoint","urlTemplate":"https:\/\/lightweb.dev\/l\/svm-temp\/?s={search_term_string}"},"query-input":{"@type":"PropertyValueSpecification","valueRequired":true,"valueName":"search_term_string"}}],"inLanguage":"sv-SE"},{"@type":"Organization","@id":"https:\/\/lightweb.dev\/l\/svm-temp\/#organization","name":"Melkerson y Nott SL","alternateName":"Svenska Magasinet","url":"https:\/\/lightweb.dev\/l\/svm-temp\/","logo":{"@type":"ImageObject","inLanguage":"sv-SE","@id":"https:\/\/lightweb.dev\/l\/svm-temp\/#\/schema\/logo\/image\/","url":"https:\/\/lightweb.dev\/l\/svm-temp\/wp-content\/uploads\/2025\/02\/SvM-logo-Xtra-Centrerad-SVART.png","contentUrl":"https:\/\/lightweb.dev\/l\/svm-temp\/wp-content\/uploads\/2025\/02\/SvM-logo-Xtra-Centrerad-SVART.png","width":300,"height":99,"caption":"Melkerson y Nott SL"},"image":{"@id":"https:\/\/lightweb.dev\/l\/svm-temp\/#\/schema\/logo\/image\/"},"sameAs":["https:\/\/www.facebook.com\/svenskamagasinet","https:\/\/x.com\/SvenskaMagasine"]},{"@type":"Person","@id":"https:\/\/lightweb.dev\/l\/svm-temp\/#\/schema\/person\/206a3bda5b607b0c25e1749191e4d837","name":"Redaktionen SvM","description":"Redaktionen","sameAs":["https:\/\/lightweb.dev\/l\/svm-temp"],"url":"https:\/\/lightweb.dev\/l\/svm-temp\/reporter\/redaktionen\/"}]}},"_links":{"self":[{"href":"https:\/\/lightweb.dev\/l\/svm-temp\/wp-json\/wp\/v2\/posts\/28639","targetHints":{"allow":["GET"]}}],"collection":[{"href":"https:\/\/lightweb.dev\/l\/svm-temp\/wp-json\/wp\/v2\/posts"}],"about":[{"href":"https:\/\/lightweb.dev\/l\/svm-temp\/wp-json\/wp\/v2\/types\/post"}],"author":[{"embeddable":true,"href":"https:\/\/lightweb.dev\/l\/svm-temp\/wp-json\/wp\/v2\/users\/8"}],"replies":[{"embeddable":true,"href":"https:\/\/lightweb.dev\/l\/svm-temp\/wp-json\/wp\/v2\/comments?post=28639"}],"version-history":[{"count":0,"href":"https:\/\/lightweb.dev\/l\/svm-temp\/wp-json\/wp\/v2\/posts\/28639\/revisions"}],"wp:featuredmedia":[{"embeddable":true,"href":"https:\/\/lightweb.dev\/l\/svm-temp\/wp-json\/wp\/v2\/media\/28642"}],"wp:attachment":[{"href":"https:\/\/lightweb.dev\/l\/svm-temp\/wp-json\/wp\/v2\/media?parent=28639"}],"wp:term":[{"taxonomy":"category","embeddable":true,"href":"https:\/\/lightweb.dev\/l\/svm-temp\/wp-json\/wp\/v2\/categories?post=28639"},{"taxonomy":"post_tag","embeddable":true,"href":"https:\/\/lightweb.dev\/l\/svm-temp\/wp-json\/wp\/v2\/tags?post=28639"}],"curies":[{"name":"wp","href":"https:\/\/api.w.org\/{rel}","templated":true}]}}