{"id":28647,"date":"2013-10-29T00:00:00","date_gmt":"2013-10-28T23:00:00","guid":{"rendered":"https:\/\/lightweb.dev\/l\/svm-temp\/nyheter\/pojkdrom-svensk-fick-taga-in-med-malagas-fotbollsstjarnor\/"},"modified":"2013-10-29T00:00:00","modified_gmt":"2013-10-28T23:00:00","slug":"pojkdrom-svensk-fick-taga-in-med-malagas-fotbollsstjarnor","status":"publish","type":"post","link":"https:\/\/lightweb.dev\/l\/svm-temp\/nyheter\/pojkdrom-svensk-fick-taga-in-med-malagas-fotbollsstjarnor\/","title":{"rendered":"Pojkdr\u00f6m: Svensk fick t\u00e5ga in med M\u00e1lagas fotbollsstj\u00e4rnor"},"content":{"rendered":"<p> Bertil Gereonsson fick den stora \u00e4ran att g\u00e5 in tillsammans med M\u00e1lagas fotbollslag i La Liga-matchen mot Celta Vigo p\u00e5 La Rosaleda i helgen. F\u00f6rlust f\u00f6r M\u00e1laga med 0-5 men h\u00e4ndelsen gl\u00f6mmer inte Bertil i f\u00f6rsta taget.<\/p>\n<p>Tack vare M\u00e1lagas svenska supporterf\u00f6rening Pe\u00f1a Malaguista de Suecia fick Bertil t\u00e5ga in p\u00e5 gr\u00e4splanen tillsammans med M\u00e1lagas spelare. Barn mellan fem och tio \u00e5r har m\u00f6jligheten att g\u00e5 in med spelarna n\u00e4r M\u00e1laga spelar hemma p\u00e5 La Rosaleda.<\/p>\n<p>Bertil och mamma Emma satte sig p\u00e5 planet fr\u00e5n Sverige i all hast n\u00e4r fr\u00e5gan d\u00f6k upp, och i l\u00f6rdags fanns Bertil med inf\u00f6r m\u00f6tet mot Celta Vigo ber\u00e4ttar de svenska M\u00e1lagafansen p\u00e5 sin webbplats (svenskafans.com\/spanien\/malaga).<\/p>\n<p>Bertil har h\u00f6stlov och bes\u00f6ker mormors hus i Torremuelle i Benalm\u00e1dena. Bertils mamma Emma skriver i all hast efter matchen:<\/p>\n<p>\u201dBertil blev j\u00e4tteglad att f\u00e5 komma s\u00e5 n\u00e4ra sina idoler. El Hamdaoui st\u00e4llde sig bakom Bertil. Vi missade f\u00f6rsta m\u00e5let i matchen, d\u00e5 vi sprang runt arenan till v\u00e5ra platser. Tyv\u00e4rr s\u00e5g vi de andra fyra m\u00e5len i fel kasse&#8230;\u201d.<\/p>\n<p>M\u00e1lagas SvenskaFans och Pe\u00f1a Malaguista de Suecia gl\u00e4ds enormt med Bertil.<br \/>\n\u201dMatchen \u00e4r gl\u00f6md sedan l\u00e4nge men ditt framtr\u00e4dande v\u00e4rmer l\u00e4nge, l\u00e4nge\u201d. <\/p>\n","protected":false},"excerpt":{"rendered":"<p>Bertil Gereonsson fick den stora \u00e4ran att g\u00e5 in tillsammans med M\u00e1lagas fotbollslag i La Liga-matchen mot Celta Vigo p\u00e5 La Rosaleda i helgen. F\u00f6rlust f\u00f6r M\u00e1laga med 0-5 men h\u00e4ndelsen gl\u00f6mmer inte Bertil i f\u00f6rsta taget. Tack vare M\u00e1lagas svenska supporterf\u00f6rening Pe\u00f1a Malaguista de Suecia fick Bertil t\u00e5ga in p\u00e5 gr\u00e4splanen tillsammans med M\u00e1lagas [&hellip;]<\/p>\n","protected":false},"author":8,"featured_media":28650,"comment_status":"open","ping_status":"open","sticky":false,"template":"","format":"standard","meta":{"_et_pb_use_builder":"","_et_pb_old_content":"","_et_gb_content_width":"","footnotes":""},"categories":[395,3],"tags":[],"class_list":["post-28647","post","type-post","status-publish","format-standard","has-post-thumbnail","hentry","category-arkiv-nyheter","category-nyheter"],"yoast_head":"<!-- This site is optimized with the Yoast SEO Premium plugin v26.2 (Yoast SEO v27.4) - https:\/\/yoast.com\/product\/yoast-seo-premium-wordpress\/ -->\n<title>Pojkdr\u00f6m: Svensk fick t\u00e5ga in med M\u00e1lagas fotbollsstj\u00e4rnor - Svenska Magasinet<\/title>\n<meta name=\"robots\" content=\"noindex, follow, max-snippet:-1, max-image-preview:large, max-video-preview:-1\" \/>\n<meta property=\"og:locale\" content=\"sv_SE\" \/>\n<meta property=\"og:type\" content=\"article\" \/>\n<meta property=\"og:title\" content=\"Pojkdr\u00f6m: Svensk fick t\u00e5ga in med M\u00e1lagas fotbollsstj\u00e4rnor\" \/>\n<meta property=\"og:description\" content=\"Bertil Gereonsson fick den stora \u00e4ran att g\u00e5 in tillsammans med M\u00e1lagas fotbollslag i La Liga-matchen mot Celta Vigo p\u00e5 La Rosaleda i helgen. F\u00f6rlust f\u00f6r M\u00e1laga med 0-5 men h\u00e4ndelsen gl\u00f6mmer inte Bertil i f\u00f6rsta taget. Tack vare M\u00e1lagas svenska supporterf\u00f6rening Pe\u00f1a Malaguista de Suecia fick Bertil t\u00e5ga in p\u00e5 gr\u00e4splanen tillsammans med M\u00e1lagas [&hellip;]\" \/>\n<meta property=\"og:url\" content=\"https:\/\/lightweb.dev\/l\/svm-temp\/nyheter\/pojkdrom-svensk-fick-taga-in-med-malagas-fotbollsstjarnor\/\" \/>\n<meta property=\"og:site_name\" content=\"Svenska Magasinet\" \/>\n<meta property=\"article:publisher\" content=\"https:\/\/www.facebook.com\/svenskamagasinet\" \/>\n<meta property=\"article:published_time\" content=\"2013-10-28T23:00:00+00:00\" \/>\n<meta name=\"author\" content=\"Redaktionen SvM\" \/>\n<meta name=\"twitter:card\" content=\"summary_large_image\" \/>\n<meta name=\"twitter:creator\" content=\"@SvenskaMagasine\" \/>\n<meta name=\"twitter:site\" content=\"@SvenskaMagasine\" \/>\n<script type=\"application\/ld+json\" class=\"yoast-schema-graph\">{\"@context\":\"https:\\\/\\\/schema.org\",\"@graph\":[{\"@type\":\"Article\",\"@id\":\"https:\\\/\\\/lightweb.dev\\\/l\\\/svm-temp\\\/nyheter\\\/pojkdrom-svensk-fick-taga-in-med-malagas-fotbollsstjarnor\\\/#article\",\"isPartOf\":{\"@id\":\"https:\\\/\\\/lightweb.dev\\\/l\\\/svm-temp\\\/nyheter\\\/pojkdrom-svensk-fick-taga-in-med-malagas-fotbollsstjarnor\\\/\"},\"author\":{\"name\":\"Redaktionen SvM\",\"@id\":\"https:\\\/\\\/lightweb.dev\\\/l\\\/svm-temp\\\/#\\\/schema\\\/person\\\/206a3bda5b607b0c25e1749191e4d837\"},\"headline\":\"Pojkdr\u00f6m: Svensk fick t\u00e5ga in med M\u00e1lagas fotbollsstj\u00e4rnor\",\"datePublished\":\"2013-10-28T23:00:00+00:00\",\"mainEntityOfPage\":{\"@id\":\"https:\\\/\\\/lightweb.dev\\\/l\\\/svm-temp\\\/nyheter\\\/pojkdrom-svensk-fick-taga-in-med-malagas-fotbollsstjarnor\\\/\"},\"wordCount\":255,\"commentCount\":0,\"publisher\":{\"@id\":\"https:\\\/\\\/lightweb.dev\\\/l\\\/svm-temp\\\/#organization\"},\"image\":{\"@id\":\"https:\\\/\\\/lightweb.dev\\\/l\\\/svm-temp\\\/nyheter\\\/pojkdrom-svensk-fick-taga-in-med-malagas-fotbollsstjarnor\\\/#primaryimage\"},\"thumbnailUrl\":\"https:\\\/\\\/lightweb.dev\\\/l\\\/svm-temp\\\/wp-content\\\/uploads\\\/2022\\\/06\\\/pojkdrom-svensk-fick-taga-in-med-malagas-fotbollsstjarnor.png\",\"articleSection\":[\"Arkiv\",\"Nyheter\"],\"inLanguage\":\"sv-SE\"},{\"@type\":\"WebPage\",\"@id\":\"https:\\\/\\\/lightweb.dev\\\/l\\\/svm-temp\\\/nyheter\\\/pojkdrom-svensk-fick-taga-in-med-malagas-fotbollsstjarnor\\\/\",\"url\":\"https:\\\/\\\/lightweb.dev\\\/l\\\/svm-temp\\\/nyheter\\\/pojkdrom-svensk-fick-taga-in-med-malagas-fotbollsstjarnor\\\/\",\"name\":\"Pojkdr\u00f6m: Svensk fick t\u00e5ga in med M\u00e1lagas fotbollsstj\u00e4rnor - Svenska Magasinet\",\"isPartOf\":{\"@id\":\"https:\\\/\\\/lightweb.dev\\\/l\\\/svm-temp\\\/#website\"},\"primaryImageOfPage\":{\"@id\":\"https:\\\/\\\/lightweb.dev\\\/l\\\/svm-temp\\\/nyheter\\\/pojkdrom-svensk-fick-taga-in-med-malagas-fotbollsstjarnor\\\/#primaryimage\"},\"image\":{\"@id\":\"https:\\\/\\\/lightweb.dev\\\/l\\\/svm-temp\\\/nyheter\\\/pojkdrom-svensk-fick-taga-in-med-malagas-fotbollsstjarnor\\\/#primaryimage\"},\"thumbnailUrl\":\"https:\\\/\\\/lightweb.dev\\\/l\\\/svm-temp\\\/wp-content\\\/uploads\\\/2022\\\/06\\\/pojkdrom-svensk-fick-taga-in-med-malagas-fotbollsstjarnor.png\",\"datePublished\":\"2013-10-28T23:00:00+00:00\",\"breadcrumb\":{\"@id\":\"https:\\\/\\\/lightweb.dev\\\/l\\\/svm-temp\\\/nyheter\\\/pojkdrom-svensk-fick-taga-in-med-malagas-fotbollsstjarnor\\\/#breadcrumb\"},\"inLanguage\":\"sv-SE\",\"potentialAction\":[{\"@type\":\"ReadAction\",\"target\":[\"https:\\\/\\\/lightweb.dev\\\/l\\\/svm-temp\\\/nyheter\\\/pojkdrom-svensk-fick-taga-in-med-malagas-fotbollsstjarnor\\\/\"]}]},{\"@type\":\"ImageObject\",\"inLanguage\":\"sv-SE\",\"@id\":\"https:\\\/\\\/lightweb.dev\\\/l\\\/svm-temp\\\/nyheter\\\/pojkdrom-svensk-fick-taga-in-med-malagas-fotbollsstjarnor\\\/#primaryimage\",\"url\":\"https:\\\/\\\/lightweb.dev\\\/l\\\/svm-temp\\\/wp-content\\\/uploads\\\/2022\\\/06\\\/pojkdrom-svensk-fick-taga-in-med-malagas-fotbollsstjarnor.png\",\"contentUrl\":\"https:\\\/\\\/lightweb.dev\\\/l\\\/svm-temp\\\/wp-content\\\/uploads\\\/2022\\\/06\\\/pojkdrom-svensk-fick-taga-in-med-malagas-fotbollsstjarnor.png\",\"width\":357,\"height\":200},{\"@type\":\"BreadcrumbList\",\"@id\":\"https:\\\/\\\/lightweb.dev\\\/l\\\/svm-temp\\\/nyheter\\\/pojkdrom-svensk-fick-taga-in-med-malagas-fotbollsstjarnor\\\/#breadcrumb\",\"itemListElement\":[{\"@type\":\"ListItem\",\"position\":1,\"name\":\"Hem\",\"item\":\"https:\\\/\\\/lightweb.dev\\\/l\\\/svm-temp\\\/\"},{\"@type\":\"ListItem\",\"position\":2,\"name\":\"Pojkdr\u00f6m: Svensk fick t\u00e5ga in med M\u00e1lagas fotbollsstj\u00e4rnor\"}]},{\"@type\":\"WebSite\",\"@id\":\"https:\\\/\\\/lightweb.dev\\\/l\\\/svm-temp\\\/#website\",\"url\":\"https:\\\/\\\/lightweb.dev\\\/l\\\/svm-temp\\\/\",\"name\":\"Svenska Magasinet\",\"description\":\"Dina Spanska nyheter p&aring; Svenska\",\"publisher\":{\"@id\":\"https:\\\/\\\/lightweb.dev\\\/l\\\/svm-temp\\\/#organization\"},\"potentialAction\":[{\"@type\":\"SearchAction\",\"target\":{\"@type\":\"EntryPoint\",\"urlTemplate\":\"https:\\\/\\\/lightweb.dev\\\/l\\\/svm-temp\\\/?s={search_term_string}\"},\"query-input\":{\"@type\":\"PropertyValueSpecification\",\"valueRequired\":true,\"valueName\":\"search_term_string\"}}],\"inLanguage\":\"sv-SE\"},{\"@type\":\"Organization\",\"@id\":\"https:\\\/\\\/lightweb.dev\\\/l\\\/svm-temp\\\/#organization\",\"name\":\"Melkerson y Nott SL\",\"alternateName\":\"Svenska Magasinet\",\"url\":\"https:\\\/\\\/lightweb.dev\\\/l\\\/svm-temp\\\/\",\"logo\":{\"@type\":\"ImageObject\",\"inLanguage\":\"sv-SE\",\"@id\":\"https:\\\/\\\/lightweb.dev\\\/l\\\/svm-temp\\\/#\\\/schema\\\/logo\\\/image\\\/\",\"url\":\"https:\\\/\\\/lightweb.dev\\\/l\\\/svm-temp\\\/wp-content\\\/uploads\\\/2025\\\/02\\\/SvM-logo-Xtra-Centrerad-SVART.png\",\"contentUrl\":\"https:\\\/\\\/lightweb.dev\\\/l\\\/svm-temp\\\/wp-content\\\/uploads\\\/2025\\\/02\\\/SvM-logo-Xtra-Centrerad-SVART.png\",\"width\":300,\"height\":99,\"caption\":\"Melkerson y Nott SL\"},\"image\":{\"@id\":\"https:\\\/\\\/lightweb.dev\\\/l\\\/svm-temp\\\/#\\\/schema\\\/logo\\\/image\\\/\"},\"sameAs\":[\"https:\\\/\\\/www.facebook.com\\\/svenskamagasinet\",\"https:\\\/\\\/x.com\\\/SvenskaMagasine\"]},{\"@type\":\"Person\",\"@id\":\"https:\\\/\\\/lightweb.dev\\\/l\\\/svm-temp\\\/#\\\/schema\\\/person\\\/206a3bda5b607b0c25e1749191e4d837\",\"name\":\"Redaktionen SvM\",\"description\":\"Redaktionen\",\"sameAs\":[\"https:\\\/\\\/lightweb.dev\\\/l\\\/svm-temp\"],\"url\":\"https:\\\/\\\/lightweb.dev\\\/l\\\/svm-temp\\\/reporter\\\/redaktionen\\\/\"}]}<\/script>\n<!-- \/ Yoast SEO Premium plugin. -->","yoast_head_json":{"title":"Pojkdr\u00f6m: Svensk fick t\u00e5ga in med M\u00e1lagas fotbollsstj\u00e4rnor - Svenska Magasinet","robots":{"index":"noindex","follow":"follow","max-snippet":"max-snippet:-1","max-image-preview":"max-image-preview:large","max-video-preview":"max-video-preview:-1"},"og_locale":"sv_SE","og_type":"article","og_title":"Pojkdr\u00f6m: Svensk fick t\u00e5ga in med M\u00e1lagas fotbollsstj\u00e4rnor","og_description":"Bertil Gereonsson fick den stora \u00e4ran att g\u00e5 in tillsammans med M\u00e1lagas fotbollslag i La Liga-matchen mot Celta Vigo p\u00e5 La Rosaleda i helgen. F\u00f6rlust f\u00f6r M\u00e1laga med 0-5 men h\u00e4ndelsen gl\u00f6mmer inte Bertil i f\u00f6rsta taget. Tack vare M\u00e1lagas svenska supporterf\u00f6rening Pe\u00f1a Malaguista de Suecia fick Bertil t\u00e5ga in p\u00e5 gr\u00e4splanen tillsammans med M\u00e1lagas [&hellip;]","og_url":"https:\/\/lightweb.dev\/l\/svm-temp\/nyheter\/pojkdrom-svensk-fick-taga-in-med-malagas-fotbollsstjarnor\/","og_site_name":"Svenska Magasinet","article_publisher":"https:\/\/www.facebook.com\/svenskamagasinet","article_published_time":"2013-10-28T23:00:00+00:00","author":"Redaktionen SvM","twitter_card":"summary_large_image","twitter_creator":"@SvenskaMagasine","twitter_site":"@SvenskaMagasine","schema":{"@context":"https:\/\/schema.org","@graph":[{"@type":"Article","@id":"https:\/\/lightweb.dev\/l\/svm-temp\/nyheter\/pojkdrom-svensk-fick-taga-in-med-malagas-fotbollsstjarnor\/#article","isPartOf":{"@id":"https:\/\/lightweb.dev\/l\/svm-temp\/nyheter\/pojkdrom-svensk-fick-taga-in-med-malagas-fotbollsstjarnor\/"},"author":{"name":"Redaktionen SvM","@id":"https:\/\/lightweb.dev\/l\/svm-temp\/#\/schema\/person\/206a3bda5b607b0c25e1749191e4d837"},"headline":"Pojkdr\u00f6m: Svensk fick t\u00e5ga in med M\u00e1lagas fotbollsstj\u00e4rnor","datePublished":"2013-10-28T23:00:00+00:00","mainEntityOfPage":{"@id":"https:\/\/lightweb.dev\/l\/svm-temp\/nyheter\/pojkdrom-svensk-fick-taga-in-med-malagas-fotbollsstjarnor\/"},"wordCount":255,"commentCount":0,"publisher":{"@id":"https:\/\/lightweb.dev\/l\/svm-temp\/#organization"},"image":{"@id":"https:\/\/lightweb.dev\/l\/svm-temp\/nyheter\/pojkdrom-svensk-fick-taga-in-med-malagas-fotbollsstjarnor\/#primaryimage"},"thumbnailUrl":"https:\/\/lightweb.dev\/l\/svm-temp\/wp-content\/uploads\/2022\/06\/pojkdrom-svensk-fick-taga-in-med-malagas-fotbollsstjarnor.png","articleSection":["Arkiv","Nyheter"],"inLanguage":"sv-SE"},{"@type":"WebPage","@id":"https:\/\/lightweb.dev\/l\/svm-temp\/nyheter\/pojkdrom-svensk-fick-taga-in-med-malagas-fotbollsstjarnor\/","url":"https:\/\/lightweb.dev\/l\/svm-temp\/nyheter\/pojkdrom-svensk-fick-taga-in-med-malagas-fotbollsstjarnor\/","name":"Pojkdr\u00f6m: Svensk fick t\u00e5ga in med M\u00e1lagas fotbollsstj\u00e4rnor - Svenska Magasinet","isPartOf":{"@id":"https:\/\/lightweb.dev\/l\/svm-temp\/#website"},"primaryImageOfPage":{"@id":"https:\/\/lightweb.dev\/l\/svm-temp\/nyheter\/pojkdrom-svensk-fick-taga-in-med-malagas-fotbollsstjarnor\/#primaryimage"},"image":{"@id":"https:\/\/lightweb.dev\/l\/svm-temp\/nyheter\/pojkdrom-svensk-fick-taga-in-med-malagas-fotbollsstjarnor\/#primaryimage"},"thumbnailUrl":"https:\/\/lightweb.dev\/l\/svm-temp\/wp-content\/uploads\/2022\/06\/pojkdrom-svensk-fick-taga-in-med-malagas-fotbollsstjarnor.png","datePublished":"2013-10-28T23:00:00+00:00","breadcrumb":{"@id":"https:\/\/lightweb.dev\/l\/svm-temp\/nyheter\/pojkdrom-svensk-fick-taga-in-med-malagas-fotbollsstjarnor\/#breadcrumb"},"inLanguage":"sv-SE","potentialAction":[{"@type":"ReadAction","target":["https:\/\/lightweb.dev\/l\/svm-temp\/nyheter\/pojkdrom-svensk-fick-taga-in-med-malagas-fotbollsstjarnor\/"]}]},{"@type":"ImageObject","inLanguage":"sv-SE","@id":"https:\/\/lightweb.dev\/l\/svm-temp\/nyheter\/pojkdrom-svensk-fick-taga-in-med-malagas-fotbollsstjarnor\/#primaryimage","url":"https:\/\/lightweb.dev\/l\/svm-temp\/wp-content\/uploads\/2022\/06\/pojkdrom-svensk-fick-taga-in-med-malagas-fotbollsstjarnor.png","contentUrl":"https:\/\/lightweb.dev\/l\/svm-temp\/wp-content\/uploads\/2022\/06\/pojkdrom-svensk-fick-taga-in-med-malagas-fotbollsstjarnor.png","width":357,"height":200},{"@type":"BreadcrumbList","@id":"https:\/\/lightweb.dev\/l\/svm-temp\/nyheter\/pojkdrom-svensk-fick-taga-in-med-malagas-fotbollsstjarnor\/#breadcrumb","itemListElement":[{"@type":"ListItem","position":1,"name":"Hem","item":"https:\/\/lightweb.dev\/l\/svm-temp\/"},{"@type":"ListItem","position":2,"name":"Pojkdr\u00f6m: Svensk fick t\u00e5ga in med M\u00e1lagas fotbollsstj\u00e4rnor"}]},{"@type":"WebSite","@id":"https:\/\/lightweb.dev\/l\/svm-temp\/#website","url":"https:\/\/lightweb.dev\/l\/svm-temp\/","name":"Svenska Magasinet","description":"Dina Spanska nyheter p&aring; Svenska","publisher":{"@id":"https:\/\/lightweb.dev\/l\/svm-temp\/#organization"},"potentialAction":[{"@type":"SearchAction","target":{"@type":"EntryPoint","urlTemplate":"https:\/\/lightweb.dev\/l\/svm-temp\/?s={search_term_string}"},"query-input":{"@type":"PropertyValueSpecification","valueRequired":true,"valueName":"search_term_string"}}],"inLanguage":"sv-SE"},{"@type":"Organization","@id":"https:\/\/lightweb.dev\/l\/svm-temp\/#organization","name":"Melkerson y Nott SL","alternateName":"Svenska Magasinet","url":"https:\/\/lightweb.dev\/l\/svm-temp\/","logo":{"@type":"ImageObject","inLanguage":"sv-SE","@id":"https:\/\/lightweb.dev\/l\/svm-temp\/#\/schema\/logo\/image\/","url":"https:\/\/lightweb.dev\/l\/svm-temp\/wp-content\/uploads\/2025\/02\/SvM-logo-Xtra-Centrerad-SVART.png","contentUrl":"https:\/\/lightweb.dev\/l\/svm-temp\/wp-content\/uploads\/2025\/02\/SvM-logo-Xtra-Centrerad-SVART.png","width":300,"height":99,"caption":"Melkerson y Nott SL"},"image":{"@id":"https:\/\/lightweb.dev\/l\/svm-temp\/#\/schema\/logo\/image\/"},"sameAs":["https:\/\/www.facebook.com\/svenskamagasinet","https:\/\/x.com\/SvenskaMagasine"]},{"@type":"Person","@id":"https:\/\/lightweb.dev\/l\/svm-temp\/#\/schema\/person\/206a3bda5b607b0c25e1749191e4d837","name":"Redaktionen SvM","description":"Redaktionen","sameAs":["https:\/\/lightweb.dev\/l\/svm-temp"],"url":"https:\/\/lightweb.dev\/l\/svm-temp\/reporter\/redaktionen\/"}]}},"_links":{"self":[{"href":"https:\/\/lightweb.dev\/l\/svm-temp\/wp-json\/wp\/v2\/posts\/28647","targetHints":{"allow":["GET"]}}],"collection":[{"href":"https:\/\/lightweb.dev\/l\/svm-temp\/wp-json\/wp\/v2\/posts"}],"about":[{"href":"https:\/\/lightweb.dev\/l\/svm-temp\/wp-json\/wp\/v2\/types\/post"}],"author":[{"embeddable":true,"href":"https:\/\/lightweb.dev\/l\/svm-temp\/wp-json\/wp\/v2\/users\/8"}],"replies":[{"embeddable":true,"href":"https:\/\/lightweb.dev\/l\/svm-temp\/wp-json\/wp\/v2\/comments?post=28647"}],"version-history":[{"count":0,"href":"https:\/\/lightweb.dev\/l\/svm-temp\/wp-json\/wp\/v2\/posts\/28647\/revisions"}],"wp:featuredmedia":[{"embeddable":true,"href":"https:\/\/lightweb.dev\/l\/svm-temp\/wp-json\/wp\/v2\/media\/28650"}],"wp:attachment":[{"href":"https:\/\/lightweb.dev\/l\/svm-temp\/wp-json\/wp\/v2\/media?parent=28647"}],"wp:term":[{"taxonomy":"category","embeddable":true,"href":"https:\/\/lightweb.dev\/l\/svm-temp\/wp-json\/wp\/v2\/categories?post=28647"},{"taxonomy":"post_tag","embeddable":true,"href":"https:\/\/lightweb.dev\/l\/svm-temp\/wp-json\/wp\/v2\/tags?post=28647"}],"curies":[{"name":"wp","href":"https:\/\/api.w.org\/{rel}","templated":true}]}}