{"id":2865,"date":"2009-06-02T00:00:00","date_gmt":"2009-06-01T22:00:00","guid":{"rendered":"https:\/\/lightweb.dev\/l\/svm-temp\/spanien-just-nu-malmo-ff-vs-fc-barcelona\/"},"modified":"2009-06-02T00:00:00","modified_gmt":"2009-06-01T22:00:00","slug":"spanien-just-nu-malmo-ff-vs-fc-barcelona","status":"publish","type":"post","link":"https:\/\/lightweb.dev\/l\/svm-temp\/artiklar\/spanien-just-nu-malmo-ff-vs-fc-barcelona\/","title":{"rendered":"Spanien just nu \u2013 Malm\u00f6 FF vs FC Barcelona"},"content":{"rendered":"<p> N\u00e4r Bosse Larssons Malm\u00f6 FF spelade final i Europacupen f\u00f6r m\u00e4starlag den 30 maj 1979 mot Nottingham Forest p\u00e5 Olympiastadion i M\u00fcnchen m\u00f6nstrade \u201diff-iff\u201d en startelva med bara sk\u00e5ningar. Jag t\u00e4nkte p\u00e5 det n\u00e4r jag f\u00f6ljde tv-s\u00e4ndningen av Champions League-finalen Barcelona-Manchester United Av Ola Josefsson<\/p>\n<p>Barcelona hade elva utl\u00e4ndska spelare fr\u00e5n sju olika nationaliteter i truppen. Tiden st\u00e5r inte stilla och f\u00f6ruts\u00e4ttningarna f\u00f6r\u00e4ndras vilket jag \u00e4r medveten om.<\/p>\n<p>Det ins\u00e5g \u00e4ven Europas toppklubbar p\u00e5 90-talet och hotade med att starta en privat liga med gigantiska tv-avtal som skulle ge klirr i kassan till Europas b\u00e4sta klubbar. I b\u00f6rjan p\u00e5 2000-talet satte klubbarna extra press p\u00e5 UEFA och Champions League. Utmanarna gick under namnet G-14 och bestod, trots namnet, av Europas 18 rikaste klubbar. \u00c5rets vinnare Barcelona har aldrig varit med i klubben, d\u00e4remot Valencia och Real Madrid. Den 15 januari 2008 uppl\u00f6stes visserligen organisationen, och ersattes av European Club Association med 100 medlemsklubbar.<\/p>\n<p>De rikaste klubbarna och UEFA skulle komma att m\u00f6tas p\u00e5 halva v\u00e4gen. De rikaste klubbarna ville vara garanterade en plats i Champions League \u00e4ven om de kanske inte blev m\u00e4stare i sin liga. Och s\u00e5 blev det.<\/p>\n<p>N\u00e4r Europacupen f\u00f6r m\u00e4starlag gjordes om till Champions League s\u00e4songen 1992\/1993 skulle det inneb\u00e4ra ett rej\u00e4lt uppsving f\u00f6r de b\u00e4sta klubbarna i Europa. Men f\u00f6r\u00e4ndringen skulle \u00e4ven inneb\u00e4ra att glappet \u00f6kade mellan de b\u00e4sta och de lite s\u00e4mre klubbarna.<\/p>\n<p>Fram till 1997 fick m\u00e4starlagen endast spela i Champions League. Sedan s\u00e4songen 1997\/1998 kan \u00e4ven lag placerade som tv\u00e5a, trea och fyra i vissa ligor delta i Champions League. Andra l\u00e4nder (l\u00e4s: s\u00e4mre l\u00e4nder) som norska, danska och svenska m\u00e5ste spela upp till tre kvalmatcher f\u00f6r att kvalificera sig.<\/p>\n<p>Barcelonas seger mot Manchester United v\u00e4rderades till otroliga 1,1 miljarder svenska kronor vilket skapar oerh\u00f6rda ekonomiska muskler inf\u00f6r framtiden. Barcelona kan k\u00e4nna sig s\u00e4kra p\u00e5 en plats i n\u00e4sta \u00e5rs Champions League d\u00e5 Spanien i stort sett har fyra platser vikta. Spanska La Liga i all \u00e4ra men det \u00e4r Champions League som g\u00e4ller f\u00f6r Europas storklubbar. Den egna ligan \u00e4r bara ett delm\u00e5l.<\/p>\n<p>Att det har varit val till Europaparlamentet har g\u00e5tt obem\u00e4rkt f\u00f6rbi f\u00f6r m\u00e5nga madrile\u00f1os. Valet till president i laget och institutionen Real Madrid ses av m\u00e5nga som betydligt viktigare i storstan. Den 28 maj presenterades den 62-\u00e5rige f\u00f6retagaren Fiorentino P\u00e9rez som presidentkandidat inf\u00f6r ett hundratal journalister. I skrivande stund tvivlar ingen p\u00e5 att n\u00e5gon annan kan komma ifr\u00e5ga som president i Real Madrid.<\/p>\n<p>Se\u00f1or P\u00e9rez var president mellan \u00e5ren 2000-2006. Den g\u00e5ngen vann han valet p\u00e5 att han lovade k\u00f6p in de b\u00e4sta spelarna till Real Madrid och att g\u00f6ra laget till v\u00e4rldens b\u00e4sta klubblag. Det gjorde han den g\u00e5ngen med nyf\u00f6rv\u00e4rv som Beckham och Zidane och samma toner h\u00f6rs igen.<\/p>\n<p>Fiorentino P\u00e9rez har en ny slogan, \u201dVuelve la ilusi\u00f3n\u201d \u2013 illusionen \u00e5terv\u00e4nder \u2013 och s\u00e4ger \u201datt under 70 \u00e5r har Real Madrid varit ett riktm\u00e4rke p\u00e5 den h\u00e4r planeten. Vi ska \u00e5terta v\u00e5r plats i v\u00e4rlden och vi lever med illusionen att v\u00e4rlden v\u00e4ntar p\u00e5 oss\u201d.<\/p>\n<p>N\u00e4sta \u00e5r \u00e4r Santiago Bernab\u00e9u-stadion i Madrid spelplats f\u00f6r finalen i Champions League. D\u00e5 kan scenen vara en annan j\u00e4mf\u00f6rt med i \u00e5r. Som exempelvis att Real Madrid har vunnit ligan, Copa del Rey och spelar final p\u00e5 hemmaplan i Champions League \u2013 och vinner.<\/p>\n<p>Det l\u00e4r knappast n\u00e5gon annan spansk La Liga-klubb klara av \u2013 Barcelona och Madrid spelar helt enkelt i egen division. Skillnaderna kommer att forts\u00e4tta att \u00f6ka mellan de b\u00e4sta och de lite s\u00e4mre klubbarna.<\/p>\n<p>Klubbarna kommer \u00e4ven i forts\u00e4ttningen att likna fr\u00e4mlingslegioner. Utom m\u00f6jligtvis Athletic Bilbao som bara till\u00e5ter spelare fr\u00e5n Baskien. Att Athletic g\u00f6r om bedriften att vinna La Liga tv\u00e5 \u00e5r i f\u00f6ljd som man gjorde 1983\/1984 och 1984\/1985 \u00e4r numera lika om\u00f6jligt som att s\u00e4lja sand i Sahara. <\/p>\n","protected":false},"excerpt":{"rendered":"<p>N\u00e4r Bosse Larssons Malm\u00f6 FF spelade final i Europacupen f\u00f6r m\u00e4starlag den 30 maj 1979 mot Nottingham Forest p\u00e5 Olympiastadion i M\u00fcnchen m\u00f6nstrade \u201diff-iff\u201d en startelva med bara sk\u00e5ningar. Jag t\u00e4nkte p\u00e5 det n\u00e4r jag f\u00f6ljde tv-s\u00e4ndningen av Champions League-finalen Barcelona-Manchester United Av Ola Josefsson Barcelona hade elva utl\u00e4ndska spelare fr\u00e5n sju olika nationaliteter i [&hellip;]<\/p>\n","protected":false},"author":8,"featured_media":2866,"comment_status":"open","ping_status":"open","sticky":false,"template":"","format":"standard","meta":{"_et_pb_use_builder":"","_et_pb_old_content":"","_et_gb_content_width":"","footnotes":""},"categories":[4,36],"tags":[],"class_list":["post-2865","post","type-post","status-publish","format-standard","has-post-thumbnail","hentry","category-artiklar","category-spanien-just-nu"],"yoast_head":"<!-- This site is optimized with the Yoast SEO Premium plugin v26.2 (Yoast SEO v28.2) - https:\/\/yoast.com\/product\/yoast-seo-premium-wordpress\/ -->\n<title>Spanien just nu \u2013 Malm\u00f6 FF vs FC Barcelona - Svenska Magasinet<\/title>\n<meta name=\"robots\" content=\"noindex, follow, max-snippet:-1, max-image-preview:large, max-video-preview:-1\" \/>\n<meta property=\"og:locale\" content=\"sv_SE\" \/>\n<meta property=\"og:type\" content=\"article\" \/>\n<meta property=\"og:title\" content=\"Spanien just nu \u2013 Malm\u00f6 FF vs FC Barcelona\" \/>\n<meta property=\"og:description\" content=\"N\u00e4r Bosse Larssons Malm\u00f6 FF spelade final i Europacupen f\u00f6r m\u00e4starlag den 30 maj 1979 mot Nottingham Forest p\u00e5 Olympiastadion i M\u00fcnchen m\u00f6nstrade \u201diff-iff\u201d en startelva med bara sk\u00e5ningar. Jag t\u00e4nkte p\u00e5 det n\u00e4r jag f\u00f6ljde tv-s\u00e4ndningen av Champions League-finalen Barcelona-Manchester United Av Ola Josefsson Barcelona hade elva utl\u00e4ndska spelare fr\u00e5n sju olika nationaliteter i [&hellip;]\" \/>\n<meta property=\"og:url\" content=\"https:\/\/lightweb.dev\/l\/svm-temp\/artiklar\/spanien-just-nu-malmo-ff-vs-fc-barcelona\/\" \/>\n<meta property=\"og:site_name\" content=\"Svenska Magasinet\" \/>\n<meta property=\"article:publisher\" content=\"https:\/\/www.facebook.com\/svenskamagasinet\" \/>\n<meta property=\"article:published_time\" content=\"2009-06-01T22:00:00+00:00\" \/>\n<meta property=\"og:image\" content=\"https:\/\/lightweb.dev\/l\/svm-temp\/wp-content\/uploads\/2022\/04\/spanien-just-nu-malm-ff-vs-fc-barcelona.png\" \/>\n\t<meta property=\"og:image:width\" content=\"280\" \/>\n\t<meta property=\"og:image:height\" content=\"373\" \/>\n\t<meta property=\"og:image:type\" content=\"image\/png\" \/>\n<meta name=\"author\" content=\"Redaktionen SvM\" \/>\n<meta name=\"twitter:card\" content=\"summary_large_image\" \/>\n<meta name=\"twitter:creator\" content=\"@SvenskaMagasine\" \/>\n<meta name=\"twitter:site\" content=\"@SvenskaMagasine\" \/>\n<script type=\"application\/ld+json\" class=\"yoast-schema-graph\">{\"@context\":\"https:\\\/\\\/schema.org\",\"@graph\":[{\"@type\":\"Article\",\"@id\":\"https:\\\/\\\/lightweb.dev\\\/l\\\/svm-temp\\\/artiklar\\\/spanien-just-nu-malmo-ff-vs-fc-barcelona\\\/#article\",\"isPartOf\":{\"@id\":\"https:\\\/\\\/lightweb.dev\\\/l\\\/svm-temp\\\/artiklar\\\/spanien-just-nu-malmo-ff-vs-fc-barcelona\\\/\"},\"author\":{\"name\":\"Redaktionen SvM\",\"@id\":\"https:\\\/\\\/lightweb.dev\\\/l\\\/svm-temp\\\/#\\\/schema\\\/person\\\/206a3bda5b607b0c25e1749191e4d837\"},\"headline\":\"Spanien just nu \u2013 Malm\u00f6 FF vs FC Barcelona\",\"datePublished\":\"2009-06-01T22:00:00+00:00\",\"mainEntityOfPage\":{\"@id\":\"https:\\\/\\\/lightweb.dev\\\/l\\\/svm-temp\\\/artiklar\\\/spanien-just-nu-malmo-ff-vs-fc-barcelona\\\/\"},\"wordCount\":725,\"commentCount\":0,\"publisher\":{\"@id\":\"https:\\\/\\\/lightweb.dev\\\/l\\\/svm-temp\\\/#organization\"},\"image\":{\"@id\":\"https:\\\/\\\/lightweb.dev\\\/l\\\/svm-temp\\\/artiklar\\\/spanien-just-nu-malmo-ff-vs-fc-barcelona\\\/#primaryimage\"},\"thumbnailUrl\":\"https:\\\/\\\/lightweb.dev\\\/l\\\/svm-temp\\\/wp-content\\\/uploads\\\/2022\\\/04\\\/spanien-just-nu-malm-ff-vs-fc-barcelona.png\",\"articleSection\":[\"Artiklar\",\"Spanien just nu\"],\"inLanguage\":\"sv-SE\"},{\"@type\":\"WebPage\",\"@id\":\"https:\\\/\\\/lightweb.dev\\\/l\\\/svm-temp\\\/artiklar\\\/spanien-just-nu-malmo-ff-vs-fc-barcelona\\\/\",\"url\":\"https:\\\/\\\/lightweb.dev\\\/l\\\/svm-temp\\\/artiklar\\\/spanien-just-nu-malmo-ff-vs-fc-barcelona\\\/\",\"name\":\"Spanien just nu \u2013 Malm\u00f6 FF vs FC Barcelona - Svenska Magasinet\",\"isPartOf\":{\"@id\":\"https:\\\/\\\/lightweb.dev\\\/l\\\/svm-temp\\\/#website\"},\"primaryImageOfPage\":{\"@id\":\"https:\\\/\\\/lightweb.dev\\\/l\\\/svm-temp\\\/artiklar\\\/spanien-just-nu-malmo-ff-vs-fc-barcelona\\\/#primaryimage\"},\"image\":{\"@id\":\"https:\\\/\\\/lightweb.dev\\\/l\\\/svm-temp\\\/artiklar\\\/spanien-just-nu-malmo-ff-vs-fc-barcelona\\\/#primaryimage\"},\"thumbnailUrl\":\"https:\\\/\\\/lightweb.dev\\\/l\\\/svm-temp\\\/wp-content\\\/uploads\\\/2022\\\/04\\\/spanien-just-nu-malm-ff-vs-fc-barcelona.png\",\"datePublished\":\"2009-06-01T22:00:00+00:00\",\"breadcrumb\":{\"@id\":\"https:\\\/\\\/lightweb.dev\\\/l\\\/svm-temp\\\/artiklar\\\/spanien-just-nu-malmo-ff-vs-fc-barcelona\\\/#breadcrumb\"},\"inLanguage\":\"sv-SE\",\"potentialAction\":[{\"@type\":\"ReadAction\",\"target\":[\"https:\\\/\\\/lightweb.dev\\\/l\\\/svm-temp\\\/artiklar\\\/spanien-just-nu-malmo-ff-vs-fc-barcelona\\\/\"]}]},{\"@type\":\"ImageObject\",\"inLanguage\":\"sv-SE\",\"@id\":\"https:\\\/\\\/lightweb.dev\\\/l\\\/svm-temp\\\/artiklar\\\/spanien-just-nu-malmo-ff-vs-fc-barcelona\\\/#primaryimage\",\"url\":\"https:\\\/\\\/lightweb.dev\\\/l\\\/svm-temp\\\/wp-content\\\/uploads\\\/2022\\\/04\\\/spanien-just-nu-malm-ff-vs-fc-barcelona.png\",\"contentUrl\":\"https:\\\/\\\/lightweb.dev\\\/l\\\/svm-temp\\\/wp-content\\\/uploads\\\/2022\\\/04\\\/spanien-just-nu-malm-ff-vs-fc-barcelona.png\",\"width\":280,\"height\":373},{\"@type\":\"BreadcrumbList\",\"@id\":\"https:\\\/\\\/lightweb.dev\\\/l\\\/svm-temp\\\/artiklar\\\/spanien-just-nu-malmo-ff-vs-fc-barcelona\\\/#breadcrumb\",\"itemListElement\":[{\"@type\":\"ListItem\",\"position\":1,\"name\":\"Hem\",\"item\":\"https:\\\/\\\/lightweb.dev\\\/l\\\/svm-temp\\\/\"},{\"@type\":\"ListItem\",\"position\":2,\"name\":\"Spanien just nu \u2013 Malm\u00f6 FF vs FC Barcelona\"}]},{\"@type\":\"WebSite\",\"@id\":\"https:\\\/\\\/lightweb.dev\\\/l\\\/svm-temp\\\/#website\",\"url\":\"https:\\\/\\\/lightweb.dev\\\/l\\\/svm-temp\\\/\",\"name\":\"Svenska Magasinet\",\"description\":\"Dina Spanska nyheter p&aring; Svenska\",\"publisher\":{\"@id\":\"https:\\\/\\\/lightweb.dev\\\/l\\\/svm-temp\\\/#organization\"},\"potentialAction\":[{\"@type\":\"SearchAction\",\"target\":{\"@type\":\"EntryPoint\",\"urlTemplate\":\"https:\\\/\\\/lightweb.dev\\\/l\\\/svm-temp\\\/?s={search_term_string}\"},\"query-input\":{\"@type\":\"PropertyValueSpecification\",\"valueRequired\":true,\"valueName\":\"search_term_string\"}}],\"inLanguage\":\"sv-SE\"},{\"@type\":\"Organization\",\"@id\":\"https:\\\/\\\/lightweb.dev\\\/l\\\/svm-temp\\\/#organization\",\"name\":\"Melkerson y Nott SL\",\"alternateName\":\"Svenska Magasinet\",\"url\":\"https:\\\/\\\/lightweb.dev\\\/l\\\/svm-temp\\\/\",\"logo\":{\"@type\":\"ImageObject\",\"inLanguage\":\"sv-SE\",\"@id\":\"https:\\\/\\\/lightweb.dev\\\/l\\\/svm-temp\\\/#\\\/schema\\\/logo\\\/image\\\/\",\"url\":\"https:\\\/\\\/lightweb.dev\\\/l\\\/svm-temp\\\/wp-content\\\/uploads\\\/2025\\\/02\\\/SvM-logo-Xtra-Centrerad-SVART.png\",\"contentUrl\":\"https:\\\/\\\/lightweb.dev\\\/l\\\/svm-temp\\\/wp-content\\\/uploads\\\/2025\\\/02\\\/SvM-logo-Xtra-Centrerad-SVART.png\",\"width\":300,\"height\":99,\"caption\":\"Melkerson y Nott SL\"},\"image\":{\"@id\":\"https:\\\/\\\/lightweb.dev\\\/l\\\/svm-temp\\\/#\\\/schema\\\/logo\\\/image\\\/\"},\"sameAs\":[\"https:\\\/\\\/www.facebook.com\\\/svenskamagasinet\",\"https:\\\/\\\/x.com\\\/SvenskaMagasine\"]},{\"@type\":\"Person\",\"@id\":\"https:\\\/\\\/lightweb.dev\\\/l\\\/svm-temp\\\/#\\\/schema\\\/person\\\/206a3bda5b607b0c25e1749191e4d837\",\"name\":\"Redaktionen SvM\",\"description\":\"Redaktionen\",\"sameAs\":[\"https:\\\/\\\/lightweb.dev\\\/l\\\/svm-temp\"],\"url\":\"https:\\\/\\\/lightweb.dev\\\/l\\\/svm-temp\\\/reporter\\\/redaktionen\\\/\"}]}<\/script>\n<!-- \/ Yoast SEO Premium plugin. -->","yoast_head_json":{"title":"Spanien just nu \u2013 Malm\u00f6 FF vs FC Barcelona - Svenska Magasinet","robots":{"index":"noindex","follow":"follow","max-snippet":"max-snippet:-1","max-image-preview":"max-image-preview:large","max-video-preview":"max-video-preview:-1"},"og_locale":"sv_SE","og_type":"article","og_title":"Spanien just nu \u2013 Malm\u00f6 FF vs FC Barcelona","og_description":"N\u00e4r Bosse Larssons Malm\u00f6 FF spelade final i Europacupen f\u00f6r m\u00e4starlag den 30 maj 1979 mot Nottingham Forest p\u00e5 Olympiastadion i M\u00fcnchen m\u00f6nstrade \u201diff-iff\u201d en startelva med bara sk\u00e5ningar. Jag t\u00e4nkte p\u00e5 det n\u00e4r jag f\u00f6ljde tv-s\u00e4ndningen av Champions League-finalen Barcelona-Manchester United Av Ola Josefsson Barcelona hade elva utl\u00e4ndska spelare fr\u00e5n sju olika nationaliteter i [&hellip;]","og_url":"https:\/\/lightweb.dev\/l\/svm-temp\/artiklar\/spanien-just-nu-malmo-ff-vs-fc-barcelona\/","og_site_name":"Svenska Magasinet","article_publisher":"https:\/\/www.facebook.com\/svenskamagasinet","article_published_time":"2009-06-01T22:00:00+00:00","og_image":[{"width":280,"height":373,"url":"https:\/\/lightweb.dev\/l\/svm-temp\/wp-content\/uploads\/2022\/04\/spanien-just-nu-malm-ff-vs-fc-barcelona.png","type":"image\/png"}],"author":"Redaktionen SvM","twitter_card":"summary_large_image","twitter_creator":"@SvenskaMagasine","twitter_site":"@SvenskaMagasine","schema":{"@context":"https:\/\/schema.org","@graph":[{"@type":"Article","@id":"https:\/\/lightweb.dev\/l\/svm-temp\/artiklar\/spanien-just-nu-malmo-ff-vs-fc-barcelona\/#article","isPartOf":{"@id":"https:\/\/lightweb.dev\/l\/svm-temp\/artiklar\/spanien-just-nu-malmo-ff-vs-fc-barcelona\/"},"author":{"name":"Redaktionen SvM","@id":"https:\/\/lightweb.dev\/l\/svm-temp\/#\/schema\/person\/206a3bda5b607b0c25e1749191e4d837"},"headline":"Spanien just nu \u2013 Malm\u00f6 FF vs FC Barcelona","datePublished":"2009-06-01T22:00:00+00:00","mainEntityOfPage":{"@id":"https:\/\/lightweb.dev\/l\/svm-temp\/artiklar\/spanien-just-nu-malmo-ff-vs-fc-barcelona\/"},"wordCount":725,"commentCount":0,"publisher":{"@id":"https:\/\/lightweb.dev\/l\/svm-temp\/#organization"},"image":{"@id":"https:\/\/lightweb.dev\/l\/svm-temp\/artiklar\/spanien-just-nu-malmo-ff-vs-fc-barcelona\/#primaryimage"},"thumbnailUrl":"https:\/\/lightweb.dev\/l\/svm-temp\/wp-content\/uploads\/2022\/04\/spanien-just-nu-malm-ff-vs-fc-barcelona.png","articleSection":["Artiklar","Spanien just nu"],"inLanguage":"sv-SE"},{"@type":"WebPage","@id":"https:\/\/lightweb.dev\/l\/svm-temp\/artiklar\/spanien-just-nu-malmo-ff-vs-fc-barcelona\/","url":"https:\/\/lightweb.dev\/l\/svm-temp\/artiklar\/spanien-just-nu-malmo-ff-vs-fc-barcelona\/","name":"Spanien just nu \u2013 Malm\u00f6 FF vs FC Barcelona - Svenska Magasinet","isPartOf":{"@id":"https:\/\/lightweb.dev\/l\/svm-temp\/#website"},"primaryImageOfPage":{"@id":"https:\/\/lightweb.dev\/l\/svm-temp\/artiklar\/spanien-just-nu-malmo-ff-vs-fc-barcelona\/#primaryimage"},"image":{"@id":"https:\/\/lightweb.dev\/l\/svm-temp\/artiklar\/spanien-just-nu-malmo-ff-vs-fc-barcelona\/#primaryimage"},"thumbnailUrl":"https:\/\/lightweb.dev\/l\/svm-temp\/wp-content\/uploads\/2022\/04\/spanien-just-nu-malm-ff-vs-fc-barcelona.png","datePublished":"2009-06-01T22:00:00+00:00","breadcrumb":{"@id":"https:\/\/lightweb.dev\/l\/svm-temp\/artiklar\/spanien-just-nu-malmo-ff-vs-fc-barcelona\/#breadcrumb"},"inLanguage":"sv-SE","potentialAction":[{"@type":"ReadAction","target":["https:\/\/lightweb.dev\/l\/svm-temp\/artiklar\/spanien-just-nu-malmo-ff-vs-fc-barcelona\/"]}]},{"@type":"ImageObject","inLanguage":"sv-SE","@id":"https:\/\/lightweb.dev\/l\/svm-temp\/artiklar\/spanien-just-nu-malmo-ff-vs-fc-barcelona\/#primaryimage","url":"https:\/\/lightweb.dev\/l\/svm-temp\/wp-content\/uploads\/2022\/04\/spanien-just-nu-malm-ff-vs-fc-barcelona.png","contentUrl":"https:\/\/lightweb.dev\/l\/svm-temp\/wp-content\/uploads\/2022\/04\/spanien-just-nu-malm-ff-vs-fc-barcelona.png","width":280,"height":373},{"@type":"BreadcrumbList","@id":"https:\/\/lightweb.dev\/l\/svm-temp\/artiklar\/spanien-just-nu-malmo-ff-vs-fc-barcelona\/#breadcrumb","itemListElement":[{"@type":"ListItem","position":1,"name":"Hem","item":"https:\/\/lightweb.dev\/l\/svm-temp\/"},{"@type":"ListItem","position":2,"name":"Spanien just nu \u2013 Malm\u00f6 FF vs FC Barcelona"}]},{"@type":"WebSite","@id":"https:\/\/lightweb.dev\/l\/svm-temp\/#website","url":"https:\/\/lightweb.dev\/l\/svm-temp\/","name":"Svenska Magasinet","description":"Dina Spanska nyheter p&aring; Svenska","publisher":{"@id":"https:\/\/lightweb.dev\/l\/svm-temp\/#organization"},"potentialAction":[{"@type":"SearchAction","target":{"@type":"EntryPoint","urlTemplate":"https:\/\/lightweb.dev\/l\/svm-temp\/?s={search_term_string}"},"query-input":{"@type":"PropertyValueSpecification","valueRequired":true,"valueName":"search_term_string"}}],"inLanguage":"sv-SE"},{"@type":"Organization","@id":"https:\/\/lightweb.dev\/l\/svm-temp\/#organization","name":"Melkerson y Nott SL","alternateName":"Svenska Magasinet","url":"https:\/\/lightweb.dev\/l\/svm-temp\/","logo":{"@type":"ImageObject","inLanguage":"sv-SE","@id":"https:\/\/lightweb.dev\/l\/svm-temp\/#\/schema\/logo\/image\/","url":"https:\/\/lightweb.dev\/l\/svm-temp\/wp-content\/uploads\/2025\/02\/SvM-logo-Xtra-Centrerad-SVART.png","contentUrl":"https:\/\/lightweb.dev\/l\/svm-temp\/wp-content\/uploads\/2025\/02\/SvM-logo-Xtra-Centrerad-SVART.png","width":300,"height":99,"caption":"Melkerson y Nott SL"},"image":{"@id":"https:\/\/lightweb.dev\/l\/svm-temp\/#\/schema\/logo\/image\/"},"sameAs":["https:\/\/www.facebook.com\/svenskamagasinet","https:\/\/x.com\/SvenskaMagasine"]},{"@type":"Person","@id":"https:\/\/lightweb.dev\/l\/svm-temp\/#\/schema\/person\/206a3bda5b607b0c25e1749191e4d837","name":"Redaktionen SvM","description":"Redaktionen","sameAs":["https:\/\/lightweb.dev\/l\/svm-temp"],"url":"https:\/\/lightweb.dev\/l\/svm-temp\/reporter\/redaktionen\/"}]}},"_links":{"self":[{"href":"https:\/\/lightweb.dev\/l\/svm-temp\/wp-json\/wp\/v2\/posts\/2865","targetHints":{"allow":["GET"]}}],"collection":[{"href":"https:\/\/lightweb.dev\/l\/svm-temp\/wp-json\/wp\/v2\/posts"}],"about":[{"href":"https:\/\/lightweb.dev\/l\/svm-temp\/wp-json\/wp\/v2\/types\/post"}],"author":[{"embeddable":true,"href":"https:\/\/lightweb.dev\/l\/svm-temp\/wp-json\/wp\/v2\/users\/8"}],"replies":[{"embeddable":true,"href":"https:\/\/lightweb.dev\/l\/svm-temp\/wp-json\/wp\/v2\/comments?post=2865"}],"version-history":[{"count":0,"href":"https:\/\/lightweb.dev\/l\/svm-temp\/wp-json\/wp\/v2\/posts\/2865\/revisions"}],"wp:featuredmedia":[{"embeddable":true,"href":"https:\/\/lightweb.dev\/l\/svm-temp\/wp-json\/wp\/v2\/media\/2866"}],"wp:attachment":[{"href":"https:\/\/lightweb.dev\/l\/svm-temp\/wp-json\/wp\/v2\/media?parent=2865"}],"wp:term":[{"taxonomy":"category","embeddable":true,"href":"https:\/\/lightweb.dev\/l\/svm-temp\/wp-json\/wp\/v2\/categories?post=2865"},{"taxonomy":"post_tag","embeddable":true,"href":"https:\/\/lightweb.dev\/l\/svm-temp\/wp-json\/wp\/v2\/tags?post=2865"}],"curies":[{"name":"wp","href":"https:\/\/api.w.org\/{rel}","templated":true}]}}