{"id":28655,"date":"2013-10-28T00:00:00","date_gmt":"2013-10-27T23:00:00","guid":{"rendered":"https:\/\/lightweb.dev\/l\/svm-temp\/nyheter\/iptv-bolaget-boxtv-tillbakavisar-anklagelser\/"},"modified":"2013-10-28T00:00:00","modified_gmt":"2013-10-27T23:00:00","slug":"iptv-bolaget-boxtv-tillbakavisar-anklagelser","status":"publish","type":"post","link":"https:\/\/lightweb.dev\/l\/svm-temp\/nyheter\/iptv-bolaget-boxtv-tillbakavisar-anklagelser\/","title":{"rendered":"IPTV-bolaget BoxTV tillbakavisar anklagelser"},"content":{"rendered":"<p> Efter att Svenska Magasinet i septembernumret ber\u00e4ttade om att SVT och andra nordiska tv-bolag \u00e4r tr\u00f6tta p\u00e5 olagliga IPTV-s\u00e4ndningar och kommer att vidta \u00e5tg\u00e4rder tillbakavisar TD Sat &#038; Sound och Danelca, som ligger bakom BoxTV anklagelser om olagliga TV-s\u00e4ndningar via ett pressmeddelande.<\/p>\n<p>TD Sat &#038; Sound och Danelca f\u00f6rv\u00e5nas \u00f6ver anklagelserna och k\u00e4nner sig felaktigt utpekade.<\/p>\n<p>\u201dPersonen som g\u00e5r ut med dessa uppgifter drar alla bolag \u00f6ver en kam och utser alla IPTV-bolag till syndabockar\u201d menar en av \u00e4garna, Tomas Davidsson.<\/p>\n<p>\u201dVi betalar r\u00e4ttigheter, \u00e4r lagliga, har EU-intyg och betalar dessutom moms i Spanien, till skillnad fr\u00e5n vissa f\u00f6retag som \u00e4r skrivna i skatteparadis. Hon f\u00e5r se till att ha en f\u00e4llande dom innan hon g\u00e5r ut och anklagar andra bolag f\u00f6r att vara olagliga. Annars kan det bli aktuellt med r\u00e4ttsliga \u00e5tg\u00e4rder&#8221;.<\/p>\n<p>TD Sat &#038; Sound menar att de \u00e4r lagliga och har blandats ihop med mindre seri\u00f6sa f\u00f6retagare p\u00e5 kusten. De tycker sj\u00e4lva att oseri\u00f6sa bolag \u00e4r ett problem och att m\u00e5nga k\u00f6pare inte \u00e4r medvetna om riskerna.<\/p>\n<p>-Som kund \u00e4r det viktigt att k\u00e4nna till vad det egentligen \u00e4r man k\u00f6per f\u00f6rklarar Tomas Davidssson p\u00e5 TD Sat &#038; Sunds S.L som \u00e4r den som skrivit pressmeddelandet tillsammans med Grupo Danelca S.L<\/p>\n<p>\u201dDet finns bolag som \u00e4r skrivna p\u00e5 \u00f6ar i Indiska Oceanen, som tar betalt via PayPal eller \u00f6verf\u00f6ring till utl\u00e4ndska konton och inte betalar moms i Spanien. Vem garanterar att de inte m\u00e5ste st\u00e4nga ner n\u00e5gra m\u00e5nader senare? Prisskillnaden \u00e4r inte stor, s\u00e5 det betalar sig att ta reda p\u00e5 vem man har att g\u00f6ra med. \u00c4ven deras \u00e5terf\u00f6rs\u00e4ljare borde t\u00e4nka sig f\u00f6r om de g\u00f6r sig skyldiga till en olaglig verksamhet. Jag hade ett m\u00f6te i f\u00f6rra veckan med v\u00e5r advokat och det \u00e4r ett klart brott att s\u00e4lja en olaglig produkt som f\u00f6retag eller privatperson\u201d skriver Tomas Davidsson och forts\u00e4tter:<\/p>\n<p>\u201dSj\u00e4lva betalar vi v\u00e5ra r\u00e4ttigheter i Danmark och \u00e4ven h\u00e4r i Spanien. Redan fr\u00e5n starten 2010 var det viktigt f\u00f6r oss att kunna erbjuda b\u00e5de kvalitet och s\u00e4kerhet. Det kan man bara g\u00f6ra om man har alla papper i ordning. Vi kan s\u00e4nda nordiska kanaler, f\u00f6rutom de finska, som ingen har tillst\u00e5nd att s\u00e4nda. Nu utvidgar vi med engelska kanaler, men bara de fria kanalerna. Ingen beh\u00f6ver vara orolig f\u00f6r att vi s\u00e4nder otill\u00e5tna kanaler. V\u00e5rt bolag kan d\u00e4remot skadas av felaktig information och om propagandan forts\u00e4tter m\u00e5ste vi vidta r\u00e4ttsliga \u00e5tg\u00e4rder\u201d.<\/p>\n<p>De st\u00e4ller sig \u00e4ven fr\u00e5gande till H\u00e4nninens roll:<\/p>\n<p>\u201dVem representerar hon egentligen? Hon \u00e4r ju pension\u00e4r och har jobbat f\u00f6r SVT World, som \u00e4r en frist\u00e5ende firma fr\u00e5n SVT. Kan man nu som privatperson g\u00e5 ut p\u00e5 detta vis och anklaga andra f\u00f6r att vara olagliga?\u201d<br \/>\n&#8221;Riffa har inte koll p\u00e5 vad hon talar om, hon vet inte ens vilka de andra bolagen \u00e4r eller vilka som \u00e4r deras \u00e5terf\u00f6rs\u00e4ljare. Hon kunde ju fr\u00e5gat s\u00e5 kan vi kanske dela med oss av det material vi har samlat ihop\u201d skriver Tomas Davidsson som trots att han anser att f\u00f6retaget blivit or\u00e4ttvist behandlat och f\u00e5tt negativ publicitet inte \u00e4r s\u00e4rskilt orolig.<\/p>\n<p>De har i dagsl\u00e4get \u00f6ver 1.300 kunder och kundkretsen v\u00e4xer st\u00e4ndigt. Kanske kan en av f\u00f6rklaringarna till SVT Worlds oro vara att deras eget utbud helt enkelt \u00e4r f\u00f6r d\u00e5ligt och att de tappar mycket kunder tror Tomas Davidsson. SVT vill stoppa olagliga IPTV-leverant\u00f6rer<\/p>\n","protected":false},"excerpt":{"rendered":"<p>Efter att Svenska Magasinet i septembernumret ber\u00e4ttade om att SVT och andra nordiska tv-bolag \u00e4r tr\u00f6tta p\u00e5 olagliga IPTV-s\u00e4ndningar och kommer att vidta \u00e5tg\u00e4rder tillbakavisar TD Sat &#038; Sound och Danelca, som ligger bakom BoxTV anklagelser om olagliga TV-s\u00e4ndningar via ett pressmeddelande. TD Sat &#038; Sound och Danelca f\u00f6rv\u00e5nas \u00f6ver anklagelserna och k\u00e4nner sig felaktigt [&hellip;]<\/p>\n","protected":false},"author":8,"featured_media":28658,"comment_status":"open","ping_status":"open","sticky":false,"template":"","format":"standard","meta":{"_et_pb_use_builder":"","_et_pb_old_content":"","_et_gb_content_width":"","footnotes":""},"categories":[395,3],"tags":[],"class_list":["post-28655","post","type-post","status-publish","format-standard","has-post-thumbnail","hentry","category-arkiv-nyheter","category-nyheter"],"yoast_head":"<!-- This site is optimized with the Yoast SEO Premium plugin v26.2 (Yoast SEO v27.4) - https:\/\/yoast.com\/product\/yoast-seo-premium-wordpress\/ -->\n<title>IPTV-bolaget BoxTV tillbakavisar anklagelser - Svenska Magasinet<\/title>\n<meta name=\"robots\" content=\"noindex, follow, max-snippet:-1, max-image-preview:large, max-video-preview:-1\" \/>\n<meta property=\"og:locale\" content=\"sv_SE\" \/>\n<meta property=\"og:type\" content=\"article\" \/>\n<meta property=\"og:title\" content=\"IPTV-bolaget BoxTV tillbakavisar anklagelser\" \/>\n<meta property=\"og:description\" content=\"Efter att Svenska Magasinet i septembernumret ber\u00e4ttade om att SVT och andra nordiska tv-bolag \u00e4r tr\u00f6tta p\u00e5 olagliga IPTV-s\u00e4ndningar och kommer att vidta \u00e5tg\u00e4rder tillbakavisar TD Sat &#038; Sound och Danelca, som ligger bakom BoxTV anklagelser om olagliga TV-s\u00e4ndningar via ett pressmeddelande. TD Sat &#038; Sound och Danelca f\u00f6rv\u00e5nas \u00f6ver anklagelserna och k\u00e4nner sig felaktigt [&hellip;]\" \/>\n<meta property=\"og:url\" content=\"https:\/\/lightweb.dev\/l\/svm-temp\/nyheter\/iptv-bolaget-boxtv-tillbakavisar-anklagelser\/\" \/>\n<meta property=\"og:site_name\" content=\"Svenska Magasinet\" \/>\n<meta property=\"article:publisher\" content=\"https:\/\/www.facebook.com\/svenskamagasinet\" \/>\n<meta property=\"article:published_time\" content=\"2013-10-27T23:00:00+00:00\" \/>\n<meta name=\"author\" content=\"Redaktionen SvM\" \/>\n<meta name=\"twitter:card\" content=\"summary_large_image\" \/>\n<meta name=\"twitter:creator\" content=\"@SvenskaMagasine\" \/>\n<meta name=\"twitter:site\" content=\"@SvenskaMagasine\" \/>\n<script type=\"application\/ld+json\" class=\"yoast-schema-graph\">{\"@context\":\"https:\\\/\\\/schema.org\",\"@graph\":[{\"@type\":\"Article\",\"@id\":\"https:\\\/\\\/lightweb.dev\\\/l\\\/svm-temp\\\/nyheter\\\/iptv-bolaget-boxtv-tillbakavisar-anklagelser\\\/#article\",\"isPartOf\":{\"@id\":\"https:\\\/\\\/lightweb.dev\\\/l\\\/svm-temp\\\/nyheter\\\/iptv-bolaget-boxtv-tillbakavisar-anklagelser\\\/\"},\"author\":{\"name\":\"Redaktionen SvM\",\"@id\":\"https:\\\/\\\/lightweb.dev\\\/l\\\/svm-temp\\\/#\\\/schema\\\/person\\\/206a3bda5b607b0c25e1749191e4d837\"},\"headline\":\"IPTV-bolaget BoxTV tillbakavisar anklagelser\",\"datePublished\":\"2013-10-27T23:00:00+00:00\",\"mainEntityOfPage\":{\"@id\":\"https:\\\/\\\/lightweb.dev\\\/l\\\/svm-temp\\\/nyheter\\\/iptv-bolaget-boxtv-tillbakavisar-anklagelser\\\/\"},\"wordCount\":641,\"commentCount\":0,\"publisher\":{\"@id\":\"https:\\\/\\\/lightweb.dev\\\/l\\\/svm-temp\\\/#organization\"},\"image\":{\"@id\":\"https:\\\/\\\/lightweb.dev\\\/l\\\/svm-temp\\\/nyheter\\\/iptv-bolaget-boxtv-tillbakavisar-anklagelser\\\/#primaryimage\"},\"thumbnailUrl\":\"https:\\\/\\\/lightweb.dev\\\/l\\\/svm-temp\\\/wp-content\\\/uploads\\\/2022\\\/06\\\/iptvbolaget-boxtv-tillbakavisar-anklagelser.png\",\"articleSection\":[\"Arkiv\",\"Nyheter\"],\"inLanguage\":\"sv-SE\"},{\"@type\":\"WebPage\",\"@id\":\"https:\\\/\\\/lightweb.dev\\\/l\\\/svm-temp\\\/nyheter\\\/iptv-bolaget-boxtv-tillbakavisar-anklagelser\\\/\",\"url\":\"https:\\\/\\\/lightweb.dev\\\/l\\\/svm-temp\\\/nyheter\\\/iptv-bolaget-boxtv-tillbakavisar-anklagelser\\\/\",\"name\":\"IPTV-bolaget BoxTV tillbakavisar anklagelser - Svenska Magasinet\",\"isPartOf\":{\"@id\":\"https:\\\/\\\/lightweb.dev\\\/l\\\/svm-temp\\\/#website\"},\"primaryImageOfPage\":{\"@id\":\"https:\\\/\\\/lightweb.dev\\\/l\\\/svm-temp\\\/nyheter\\\/iptv-bolaget-boxtv-tillbakavisar-anklagelser\\\/#primaryimage\"},\"image\":{\"@id\":\"https:\\\/\\\/lightweb.dev\\\/l\\\/svm-temp\\\/nyheter\\\/iptv-bolaget-boxtv-tillbakavisar-anklagelser\\\/#primaryimage\"},\"thumbnailUrl\":\"https:\\\/\\\/lightweb.dev\\\/l\\\/svm-temp\\\/wp-content\\\/uploads\\\/2022\\\/06\\\/iptvbolaget-boxtv-tillbakavisar-anklagelser.png\",\"datePublished\":\"2013-10-27T23:00:00+00:00\",\"breadcrumb\":{\"@id\":\"https:\\\/\\\/lightweb.dev\\\/l\\\/svm-temp\\\/nyheter\\\/iptv-bolaget-boxtv-tillbakavisar-anklagelser\\\/#breadcrumb\"},\"inLanguage\":\"sv-SE\",\"potentialAction\":[{\"@type\":\"ReadAction\",\"target\":[\"https:\\\/\\\/lightweb.dev\\\/l\\\/svm-temp\\\/nyheter\\\/iptv-bolaget-boxtv-tillbakavisar-anklagelser\\\/\"]}]},{\"@type\":\"ImageObject\",\"inLanguage\":\"sv-SE\",\"@id\":\"https:\\\/\\\/lightweb.dev\\\/l\\\/svm-temp\\\/nyheter\\\/iptv-bolaget-boxtv-tillbakavisar-anklagelser\\\/#primaryimage\",\"url\":\"https:\\\/\\\/lightweb.dev\\\/l\\\/svm-temp\\\/wp-content\\\/uploads\\\/2022\\\/06\\\/iptvbolaget-boxtv-tillbakavisar-anklagelser.png\",\"contentUrl\":\"https:\\\/\\\/lightweb.dev\\\/l\\\/svm-temp\\\/wp-content\\\/uploads\\\/2022\\\/06\\\/iptvbolaget-boxtv-tillbakavisar-anklagelser.png\",\"width\":519,\"height\":200},{\"@type\":\"BreadcrumbList\",\"@id\":\"https:\\\/\\\/lightweb.dev\\\/l\\\/svm-temp\\\/nyheter\\\/iptv-bolaget-boxtv-tillbakavisar-anklagelser\\\/#breadcrumb\",\"itemListElement\":[{\"@type\":\"ListItem\",\"position\":1,\"name\":\"Hem\",\"item\":\"https:\\\/\\\/lightweb.dev\\\/l\\\/svm-temp\\\/\"},{\"@type\":\"ListItem\",\"position\":2,\"name\":\"IPTV-bolaget BoxTV tillbakavisar anklagelser\"}]},{\"@type\":\"WebSite\",\"@id\":\"https:\\\/\\\/lightweb.dev\\\/l\\\/svm-temp\\\/#website\",\"url\":\"https:\\\/\\\/lightweb.dev\\\/l\\\/svm-temp\\\/\",\"name\":\"Svenska Magasinet\",\"description\":\"Dina Spanska nyheter p&aring; Svenska\",\"publisher\":{\"@id\":\"https:\\\/\\\/lightweb.dev\\\/l\\\/svm-temp\\\/#organization\"},\"potentialAction\":[{\"@type\":\"SearchAction\",\"target\":{\"@type\":\"EntryPoint\",\"urlTemplate\":\"https:\\\/\\\/lightweb.dev\\\/l\\\/svm-temp\\\/?s={search_term_string}\"},\"query-input\":{\"@type\":\"PropertyValueSpecification\",\"valueRequired\":true,\"valueName\":\"search_term_string\"}}],\"inLanguage\":\"sv-SE\"},{\"@type\":\"Organization\",\"@id\":\"https:\\\/\\\/lightweb.dev\\\/l\\\/svm-temp\\\/#organization\",\"name\":\"Melkerson y Nott SL\",\"alternateName\":\"Svenska Magasinet\",\"url\":\"https:\\\/\\\/lightweb.dev\\\/l\\\/svm-temp\\\/\",\"logo\":{\"@type\":\"ImageObject\",\"inLanguage\":\"sv-SE\",\"@id\":\"https:\\\/\\\/lightweb.dev\\\/l\\\/svm-temp\\\/#\\\/schema\\\/logo\\\/image\\\/\",\"url\":\"https:\\\/\\\/lightweb.dev\\\/l\\\/svm-temp\\\/wp-content\\\/uploads\\\/2025\\\/02\\\/SvM-logo-Xtra-Centrerad-SVART.png\",\"contentUrl\":\"https:\\\/\\\/lightweb.dev\\\/l\\\/svm-temp\\\/wp-content\\\/uploads\\\/2025\\\/02\\\/SvM-logo-Xtra-Centrerad-SVART.png\",\"width\":300,\"height\":99,\"caption\":\"Melkerson y Nott SL\"},\"image\":{\"@id\":\"https:\\\/\\\/lightweb.dev\\\/l\\\/svm-temp\\\/#\\\/schema\\\/logo\\\/image\\\/\"},\"sameAs\":[\"https:\\\/\\\/www.facebook.com\\\/svenskamagasinet\",\"https:\\\/\\\/x.com\\\/SvenskaMagasine\"]},{\"@type\":\"Person\",\"@id\":\"https:\\\/\\\/lightweb.dev\\\/l\\\/svm-temp\\\/#\\\/schema\\\/person\\\/206a3bda5b607b0c25e1749191e4d837\",\"name\":\"Redaktionen SvM\",\"description\":\"Redaktionen\",\"sameAs\":[\"https:\\\/\\\/lightweb.dev\\\/l\\\/svm-temp\"],\"url\":\"https:\\\/\\\/lightweb.dev\\\/l\\\/svm-temp\\\/reporter\\\/redaktionen\\\/\"}]}<\/script>\n<!-- \/ Yoast SEO Premium plugin. -->","yoast_head_json":{"title":"IPTV-bolaget BoxTV tillbakavisar anklagelser - Svenska Magasinet","robots":{"index":"noindex","follow":"follow","max-snippet":"max-snippet:-1","max-image-preview":"max-image-preview:large","max-video-preview":"max-video-preview:-1"},"og_locale":"sv_SE","og_type":"article","og_title":"IPTV-bolaget BoxTV tillbakavisar anklagelser","og_description":"Efter att Svenska Magasinet i septembernumret ber\u00e4ttade om att SVT och andra nordiska tv-bolag \u00e4r tr\u00f6tta p\u00e5 olagliga IPTV-s\u00e4ndningar och kommer att vidta \u00e5tg\u00e4rder tillbakavisar TD Sat &#038; Sound och Danelca, som ligger bakom BoxTV anklagelser om olagliga TV-s\u00e4ndningar via ett pressmeddelande. TD Sat &#038; Sound och Danelca f\u00f6rv\u00e5nas \u00f6ver anklagelserna och k\u00e4nner sig felaktigt [&hellip;]","og_url":"https:\/\/lightweb.dev\/l\/svm-temp\/nyheter\/iptv-bolaget-boxtv-tillbakavisar-anklagelser\/","og_site_name":"Svenska Magasinet","article_publisher":"https:\/\/www.facebook.com\/svenskamagasinet","article_published_time":"2013-10-27T23:00:00+00:00","author":"Redaktionen SvM","twitter_card":"summary_large_image","twitter_creator":"@SvenskaMagasine","twitter_site":"@SvenskaMagasine","schema":{"@context":"https:\/\/schema.org","@graph":[{"@type":"Article","@id":"https:\/\/lightweb.dev\/l\/svm-temp\/nyheter\/iptv-bolaget-boxtv-tillbakavisar-anklagelser\/#article","isPartOf":{"@id":"https:\/\/lightweb.dev\/l\/svm-temp\/nyheter\/iptv-bolaget-boxtv-tillbakavisar-anklagelser\/"},"author":{"name":"Redaktionen SvM","@id":"https:\/\/lightweb.dev\/l\/svm-temp\/#\/schema\/person\/206a3bda5b607b0c25e1749191e4d837"},"headline":"IPTV-bolaget BoxTV tillbakavisar anklagelser","datePublished":"2013-10-27T23:00:00+00:00","mainEntityOfPage":{"@id":"https:\/\/lightweb.dev\/l\/svm-temp\/nyheter\/iptv-bolaget-boxtv-tillbakavisar-anklagelser\/"},"wordCount":641,"commentCount":0,"publisher":{"@id":"https:\/\/lightweb.dev\/l\/svm-temp\/#organization"},"image":{"@id":"https:\/\/lightweb.dev\/l\/svm-temp\/nyheter\/iptv-bolaget-boxtv-tillbakavisar-anklagelser\/#primaryimage"},"thumbnailUrl":"https:\/\/lightweb.dev\/l\/svm-temp\/wp-content\/uploads\/2022\/06\/iptvbolaget-boxtv-tillbakavisar-anklagelser.png","articleSection":["Arkiv","Nyheter"],"inLanguage":"sv-SE"},{"@type":"WebPage","@id":"https:\/\/lightweb.dev\/l\/svm-temp\/nyheter\/iptv-bolaget-boxtv-tillbakavisar-anklagelser\/","url":"https:\/\/lightweb.dev\/l\/svm-temp\/nyheter\/iptv-bolaget-boxtv-tillbakavisar-anklagelser\/","name":"IPTV-bolaget BoxTV tillbakavisar anklagelser - Svenska Magasinet","isPartOf":{"@id":"https:\/\/lightweb.dev\/l\/svm-temp\/#website"},"primaryImageOfPage":{"@id":"https:\/\/lightweb.dev\/l\/svm-temp\/nyheter\/iptv-bolaget-boxtv-tillbakavisar-anklagelser\/#primaryimage"},"image":{"@id":"https:\/\/lightweb.dev\/l\/svm-temp\/nyheter\/iptv-bolaget-boxtv-tillbakavisar-anklagelser\/#primaryimage"},"thumbnailUrl":"https:\/\/lightweb.dev\/l\/svm-temp\/wp-content\/uploads\/2022\/06\/iptvbolaget-boxtv-tillbakavisar-anklagelser.png","datePublished":"2013-10-27T23:00:00+00:00","breadcrumb":{"@id":"https:\/\/lightweb.dev\/l\/svm-temp\/nyheter\/iptv-bolaget-boxtv-tillbakavisar-anklagelser\/#breadcrumb"},"inLanguage":"sv-SE","potentialAction":[{"@type":"ReadAction","target":["https:\/\/lightweb.dev\/l\/svm-temp\/nyheter\/iptv-bolaget-boxtv-tillbakavisar-anklagelser\/"]}]},{"@type":"ImageObject","inLanguage":"sv-SE","@id":"https:\/\/lightweb.dev\/l\/svm-temp\/nyheter\/iptv-bolaget-boxtv-tillbakavisar-anklagelser\/#primaryimage","url":"https:\/\/lightweb.dev\/l\/svm-temp\/wp-content\/uploads\/2022\/06\/iptvbolaget-boxtv-tillbakavisar-anklagelser.png","contentUrl":"https:\/\/lightweb.dev\/l\/svm-temp\/wp-content\/uploads\/2022\/06\/iptvbolaget-boxtv-tillbakavisar-anklagelser.png","width":519,"height":200},{"@type":"BreadcrumbList","@id":"https:\/\/lightweb.dev\/l\/svm-temp\/nyheter\/iptv-bolaget-boxtv-tillbakavisar-anklagelser\/#breadcrumb","itemListElement":[{"@type":"ListItem","position":1,"name":"Hem","item":"https:\/\/lightweb.dev\/l\/svm-temp\/"},{"@type":"ListItem","position":2,"name":"IPTV-bolaget BoxTV tillbakavisar anklagelser"}]},{"@type":"WebSite","@id":"https:\/\/lightweb.dev\/l\/svm-temp\/#website","url":"https:\/\/lightweb.dev\/l\/svm-temp\/","name":"Svenska Magasinet","description":"Dina Spanska nyheter p&aring; Svenska","publisher":{"@id":"https:\/\/lightweb.dev\/l\/svm-temp\/#organization"},"potentialAction":[{"@type":"SearchAction","target":{"@type":"EntryPoint","urlTemplate":"https:\/\/lightweb.dev\/l\/svm-temp\/?s={search_term_string}"},"query-input":{"@type":"PropertyValueSpecification","valueRequired":true,"valueName":"search_term_string"}}],"inLanguage":"sv-SE"},{"@type":"Organization","@id":"https:\/\/lightweb.dev\/l\/svm-temp\/#organization","name":"Melkerson y Nott SL","alternateName":"Svenska Magasinet","url":"https:\/\/lightweb.dev\/l\/svm-temp\/","logo":{"@type":"ImageObject","inLanguage":"sv-SE","@id":"https:\/\/lightweb.dev\/l\/svm-temp\/#\/schema\/logo\/image\/","url":"https:\/\/lightweb.dev\/l\/svm-temp\/wp-content\/uploads\/2025\/02\/SvM-logo-Xtra-Centrerad-SVART.png","contentUrl":"https:\/\/lightweb.dev\/l\/svm-temp\/wp-content\/uploads\/2025\/02\/SvM-logo-Xtra-Centrerad-SVART.png","width":300,"height":99,"caption":"Melkerson y Nott SL"},"image":{"@id":"https:\/\/lightweb.dev\/l\/svm-temp\/#\/schema\/logo\/image\/"},"sameAs":["https:\/\/www.facebook.com\/svenskamagasinet","https:\/\/x.com\/SvenskaMagasine"]},{"@type":"Person","@id":"https:\/\/lightweb.dev\/l\/svm-temp\/#\/schema\/person\/206a3bda5b607b0c25e1749191e4d837","name":"Redaktionen SvM","description":"Redaktionen","sameAs":["https:\/\/lightweb.dev\/l\/svm-temp"],"url":"https:\/\/lightweb.dev\/l\/svm-temp\/reporter\/redaktionen\/"}]}},"_links":{"self":[{"href":"https:\/\/lightweb.dev\/l\/svm-temp\/wp-json\/wp\/v2\/posts\/28655","targetHints":{"allow":["GET"]}}],"collection":[{"href":"https:\/\/lightweb.dev\/l\/svm-temp\/wp-json\/wp\/v2\/posts"}],"about":[{"href":"https:\/\/lightweb.dev\/l\/svm-temp\/wp-json\/wp\/v2\/types\/post"}],"author":[{"embeddable":true,"href":"https:\/\/lightweb.dev\/l\/svm-temp\/wp-json\/wp\/v2\/users\/8"}],"replies":[{"embeddable":true,"href":"https:\/\/lightweb.dev\/l\/svm-temp\/wp-json\/wp\/v2\/comments?post=28655"}],"version-history":[{"count":0,"href":"https:\/\/lightweb.dev\/l\/svm-temp\/wp-json\/wp\/v2\/posts\/28655\/revisions"}],"wp:featuredmedia":[{"embeddable":true,"href":"https:\/\/lightweb.dev\/l\/svm-temp\/wp-json\/wp\/v2\/media\/28658"}],"wp:attachment":[{"href":"https:\/\/lightweb.dev\/l\/svm-temp\/wp-json\/wp\/v2\/media?parent=28655"}],"wp:term":[{"taxonomy":"category","embeddable":true,"href":"https:\/\/lightweb.dev\/l\/svm-temp\/wp-json\/wp\/v2\/categories?post=28655"},{"taxonomy":"post_tag","embeddable":true,"href":"https:\/\/lightweb.dev\/l\/svm-temp\/wp-json\/wp\/v2\/tags?post=28655"}],"curies":[{"name":"wp","href":"https:\/\/api.w.org\/{rel}","templated":true}]}}