{"id":28665,"date":"2013-10-24T00:00:00","date_gmt":"2013-10-23T22:00:00","guid":{"rendered":"https:\/\/lightweb.dev\/l\/svm-temp\/nyheter\/stal-600-kilo-tropiska-frukter-polisen-ber-nu-allmanheten-om-hjalp\/"},"modified":"2013-10-24T00:00:00","modified_gmt":"2013-10-23T22:00:00","slug":"stal-600-kilo-tropiska-frukter-polisen-ber-nu-allmanheten-om-hjalp","status":"publish","type":"post","link":"https:\/\/lightweb.dev\/l\/svm-temp\/nyheter\/stal-600-kilo-tropiska-frukter-polisen-ber-nu-allmanheten-om-hjalp\/","title":{"rendered":"Stal 600 kilo tropiska frukter \u2013 polisen ber nu allm\u00e4nheten om hj\u00e4lp"},"content":{"rendered":"<p> St\u00f6lderna av frukt och gr\u00f6nt \u00f6kar i provinserna M\u00e1laga och Granada rapporterar spansk media. Enbart i Motril-omr\u00e5det i Granadaprovinsen har nationalpolisen i en r\u00e4d gripit tretton personer mellan 25 och 57 \u00e5r.<\/p>\n<p>De gripna har stulit 600 kilo avokado och chirimoya fr\u00e5n olika odlingar utanf\u00f6r Motril p\u00e5 Costa Tropical. Tack vare ett samarbete med inv\u00e5narna har polisen kommit de gripna p\u00e5 sp\u00e5ren i tillslaget som g\u00e5r under namnet \u201dOperaci\u00f3n Chirimoya 2013\u201d.<\/p>\n<p>En h\u00e4ndelse som ledde fram till en polisanm\u00e4lan intr\u00e4ffade den 9 oktober d\u00e5 en \u00e4gare till en g\u00e5rd fick se tre personer, tv\u00e5 kvinnor och en man, komma b\u00e4rande p\u00e5 400 kilo avokados.<\/p>\n<p>Organiserade frukt- och gr\u00f6nsaksst\u00f6lder har blivit ett s\u00e5 omfattande problem att Polic\u00eda Nacional ber allm\u00e4nheten vara observanta och ringa 091 vid misst\u00e4nka st\u00f6lder vid odlingar. <\/p>\n","protected":false},"excerpt":{"rendered":"<p>St\u00f6lderna av frukt och gr\u00f6nt \u00f6kar i provinserna M\u00e1laga och Granada rapporterar spansk media. Enbart i Motril-omr\u00e5det i Granadaprovinsen har nationalpolisen i en r\u00e4d gripit tretton personer mellan 25 och 57 \u00e5r. De gripna har stulit 600 kilo avokado och chirimoya fr\u00e5n olika odlingar utanf\u00f6r Motril p\u00e5 Costa Tropical. Tack vare ett samarbete med inv\u00e5narna [&hellip;]<\/p>\n","protected":false},"author":8,"featured_media":28668,"comment_status":"open","ping_status":"open","sticky":false,"template":"","format":"standard","meta":{"_et_pb_use_builder":"","_et_pb_old_content":"","_et_gb_content_width":"","footnotes":""},"categories":[395,3],"tags":[],"class_list":["post-28665","post","type-post","status-publish","format-standard","has-post-thumbnail","hentry","category-arkiv-nyheter","category-nyheter"],"yoast_head":"<!-- This site is optimized with the Yoast SEO Premium plugin v26.2 (Yoast SEO v27.4) - https:\/\/yoast.com\/product\/yoast-seo-premium-wordpress\/ -->\n<title>Stal 600 kilo tropiska frukter \u2013 polisen ber nu allm\u00e4nheten om hj\u00e4lp - Svenska Magasinet<\/title>\n<meta name=\"robots\" content=\"noindex, follow, max-snippet:-1, max-image-preview:large, max-video-preview:-1\" \/>\n<meta property=\"og:locale\" content=\"sv_SE\" \/>\n<meta property=\"og:type\" content=\"article\" \/>\n<meta property=\"og:title\" content=\"Stal 600 kilo tropiska frukter \u2013 polisen ber nu allm\u00e4nheten om hj\u00e4lp\" \/>\n<meta property=\"og:description\" content=\"St\u00f6lderna av frukt och gr\u00f6nt \u00f6kar i provinserna M\u00e1laga och Granada rapporterar spansk media. Enbart i Motril-omr\u00e5det i Granadaprovinsen har nationalpolisen i en r\u00e4d gripit tretton personer mellan 25 och 57 \u00e5r. De gripna har stulit 600 kilo avokado och chirimoya fr\u00e5n olika odlingar utanf\u00f6r Motril p\u00e5 Costa Tropical. Tack vare ett samarbete med inv\u00e5narna [&hellip;]\" \/>\n<meta property=\"og:url\" content=\"https:\/\/lightweb.dev\/l\/svm-temp\/nyheter\/stal-600-kilo-tropiska-frukter-polisen-ber-nu-allmanheten-om-hjalp\/\" \/>\n<meta property=\"og:site_name\" content=\"Svenska Magasinet\" \/>\n<meta property=\"article:publisher\" content=\"https:\/\/www.facebook.com\/svenskamagasinet\" \/>\n<meta property=\"article:published_time\" content=\"2013-10-23T22:00:00+00:00\" \/>\n<meta name=\"author\" content=\"Redaktionen SvM\" \/>\n<meta name=\"twitter:card\" content=\"summary_large_image\" \/>\n<meta name=\"twitter:creator\" content=\"@SvenskaMagasine\" \/>\n<meta name=\"twitter:site\" content=\"@SvenskaMagasine\" \/>\n<script type=\"application\/ld+json\" class=\"yoast-schema-graph\">{\"@context\":\"https:\\\/\\\/schema.org\",\"@graph\":[{\"@type\":\"Article\",\"@id\":\"https:\\\/\\\/lightweb.dev\\\/l\\\/svm-temp\\\/nyheter\\\/stal-600-kilo-tropiska-frukter-polisen-ber-nu-allmanheten-om-hjalp\\\/#article\",\"isPartOf\":{\"@id\":\"https:\\\/\\\/lightweb.dev\\\/l\\\/svm-temp\\\/nyheter\\\/stal-600-kilo-tropiska-frukter-polisen-ber-nu-allmanheten-om-hjalp\\\/\"},\"author\":{\"name\":\"Redaktionen SvM\",\"@id\":\"https:\\\/\\\/lightweb.dev\\\/l\\\/svm-temp\\\/#\\\/schema\\\/person\\\/206a3bda5b607b0c25e1749191e4d837\"},\"headline\":\"Stal 600 kilo tropiska frukter \u2013 polisen ber nu allm\u00e4nheten om hj\u00e4lp\",\"datePublished\":\"2013-10-23T22:00:00+00:00\",\"mainEntityOfPage\":{\"@id\":\"https:\\\/\\\/lightweb.dev\\\/l\\\/svm-temp\\\/nyheter\\\/stal-600-kilo-tropiska-frukter-polisen-ber-nu-allmanheten-om-hjalp\\\/\"},\"wordCount\":156,\"commentCount\":0,\"publisher\":{\"@id\":\"https:\\\/\\\/lightweb.dev\\\/l\\\/svm-temp\\\/#organization\"},\"image\":{\"@id\":\"https:\\\/\\\/lightweb.dev\\\/l\\\/svm-temp\\\/nyheter\\\/stal-600-kilo-tropiska-frukter-polisen-ber-nu-allmanheten-om-hjalp\\\/#primaryimage\"},\"thumbnailUrl\":\"https:\\\/\\\/lightweb.dev\\\/l\\\/svm-temp\\\/wp-content\\\/uploads\\\/2022\\\/06\\\/stal-600-kilo-tropiska-frukter-polisen-ber-nu-allmanheten-om-hjalp.png\",\"articleSection\":[\"Arkiv\",\"Nyheter\"],\"inLanguage\":\"sv-SE\"},{\"@type\":\"WebPage\",\"@id\":\"https:\\\/\\\/lightweb.dev\\\/l\\\/svm-temp\\\/nyheter\\\/stal-600-kilo-tropiska-frukter-polisen-ber-nu-allmanheten-om-hjalp\\\/\",\"url\":\"https:\\\/\\\/lightweb.dev\\\/l\\\/svm-temp\\\/nyheter\\\/stal-600-kilo-tropiska-frukter-polisen-ber-nu-allmanheten-om-hjalp\\\/\",\"name\":\"Stal 600 kilo tropiska frukter \u2013 polisen ber nu allm\u00e4nheten om hj\u00e4lp - Svenska Magasinet\",\"isPartOf\":{\"@id\":\"https:\\\/\\\/lightweb.dev\\\/l\\\/svm-temp\\\/#website\"},\"primaryImageOfPage\":{\"@id\":\"https:\\\/\\\/lightweb.dev\\\/l\\\/svm-temp\\\/nyheter\\\/stal-600-kilo-tropiska-frukter-polisen-ber-nu-allmanheten-om-hjalp\\\/#primaryimage\"},\"image\":{\"@id\":\"https:\\\/\\\/lightweb.dev\\\/l\\\/svm-temp\\\/nyheter\\\/stal-600-kilo-tropiska-frukter-polisen-ber-nu-allmanheten-om-hjalp\\\/#primaryimage\"},\"thumbnailUrl\":\"https:\\\/\\\/lightweb.dev\\\/l\\\/svm-temp\\\/wp-content\\\/uploads\\\/2022\\\/06\\\/stal-600-kilo-tropiska-frukter-polisen-ber-nu-allmanheten-om-hjalp.png\",\"datePublished\":\"2013-10-23T22:00:00+00:00\",\"breadcrumb\":{\"@id\":\"https:\\\/\\\/lightweb.dev\\\/l\\\/svm-temp\\\/nyheter\\\/stal-600-kilo-tropiska-frukter-polisen-ber-nu-allmanheten-om-hjalp\\\/#breadcrumb\"},\"inLanguage\":\"sv-SE\",\"potentialAction\":[{\"@type\":\"ReadAction\",\"target\":[\"https:\\\/\\\/lightweb.dev\\\/l\\\/svm-temp\\\/nyheter\\\/stal-600-kilo-tropiska-frukter-polisen-ber-nu-allmanheten-om-hjalp\\\/\"]}]},{\"@type\":\"ImageObject\",\"inLanguage\":\"sv-SE\",\"@id\":\"https:\\\/\\\/lightweb.dev\\\/l\\\/svm-temp\\\/nyheter\\\/stal-600-kilo-tropiska-frukter-polisen-ber-nu-allmanheten-om-hjalp\\\/#primaryimage\",\"url\":\"https:\\\/\\\/lightweb.dev\\\/l\\\/svm-temp\\\/wp-content\\\/uploads\\\/2022\\\/06\\\/stal-600-kilo-tropiska-frukter-polisen-ber-nu-allmanheten-om-hjalp.png\",\"contentUrl\":\"https:\\\/\\\/lightweb.dev\\\/l\\\/svm-temp\\\/wp-content\\\/uploads\\\/2022\\\/06\\\/stal-600-kilo-tropiska-frukter-polisen-ber-nu-allmanheten-om-hjalp.png\",\"width\":280,\"height\":242},{\"@type\":\"BreadcrumbList\",\"@id\":\"https:\\\/\\\/lightweb.dev\\\/l\\\/svm-temp\\\/nyheter\\\/stal-600-kilo-tropiska-frukter-polisen-ber-nu-allmanheten-om-hjalp\\\/#breadcrumb\",\"itemListElement\":[{\"@type\":\"ListItem\",\"position\":1,\"name\":\"Hem\",\"item\":\"https:\\\/\\\/lightweb.dev\\\/l\\\/svm-temp\\\/\"},{\"@type\":\"ListItem\",\"position\":2,\"name\":\"Stal 600 kilo tropiska frukter \u2013 polisen ber nu allm\u00e4nheten om hj\u00e4lp\"}]},{\"@type\":\"WebSite\",\"@id\":\"https:\\\/\\\/lightweb.dev\\\/l\\\/svm-temp\\\/#website\",\"url\":\"https:\\\/\\\/lightweb.dev\\\/l\\\/svm-temp\\\/\",\"name\":\"Svenska Magasinet\",\"description\":\"Dina Spanska nyheter p&aring; Svenska\",\"publisher\":{\"@id\":\"https:\\\/\\\/lightweb.dev\\\/l\\\/svm-temp\\\/#organization\"},\"potentialAction\":[{\"@type\":\"SearchAction\",\"target\":{\"@type\":\"EntryPoint\",\"urlTemplate\":\"https:\\\/\\\/lightweb.dev\\\/l\\\/svm-temp\\\/?s={search_term_string}\"},\"query-input\":{\"@type\":\"PropertyValueSpecification\",\"valueRequired\":true,\"valueName\":\"search_term_string\"}}],\"inLanguage\":\"sv-SE\"},{\"@type\":\"Organization\",\"@id\":\"https:\\\/\\\/lightweb.dev\\\/l\\\/svm-temp\\\/#organization\",\"name\":\"Melkerson y Nott SL\",\"alternateName\":\"Svenska Magasinet\",\"url\":\"https:\\\/\\\/lightweb.dev\\\/l\\\/svm-temp\\\/\",\"logo\":{\"@type\":\"ImageObject\",\"inLanguage\":\"sv-SE\",\"@id\":\"https:\\\/\\\/lightweb.dev\\\/l\\\/svm-temp\\\/#\\\/schema\\\/logo\\\/image\\\/\",\"url\":\"https:\\\/\\\/lightweb.dev\\\/l\\\/svm-temp\\\/wp-content\\\/uploads\\\/2025\\\/02\\\/SvM-logo-Xtra-Centrerad-SVART.png\",\"contentUrl\":\"https:\\\/\\\/lightweb.dev\\\/l\\\/svm-temp\\\/wp-content\\\/uploads\\\/2025\\\/02\\\/SvM-logo-Xtra-Centrerad-SVART.png\",\"width\":300,\"height\":99,\"caption\":\"Melkerson y Nott SL\"},\"image\":{\"@id\":\"https:\\\/\\\/lightweb.dev\\\/l\\\/svm-temp\\\/#\\\/schema\\\/logo\\\/image\\\/\"},\"sameAs\":[\"https:\\\/\\\/www.facebook.com\\\/svenskamagasinet\",\"https:\\\/\\\/x.com\\\/SvenskaMagasine\"]},{\"@type\":\"Person\",\"@id\":\"https:\\\/\\\/lightweb.dev\\\/l\\\/svm-temp\\\/#\\\/schema\\\/person\\\/206a3bda5b607b0c25e1749191e4d837\",\"name\":\"Redaktionen SvM\",\"description\":\"Redaktionen\",\"sameAs\":[\"https:\\\/\\\/lightweb.dev\\\/l\\\/svm-temp\"],\"url\":\"https:\\\/\\\/lightweb.dev\\\/l\\\/svm-temp\\\/reporter\\\/redaktionen\\\/\"}]}<\/script>\n<!-- \/ Yoast SEO Premium plugin. -->","yoast_head_json":{"title":"Stal 600 kilo tropiska frukter \u2013 polisen ber nu allm\u00e4nheten om hj\u00e4lp - Svenska Magasinet","robots":{"index":"noindex","follow":"follow","max-snippet":"max-snippet:-1","max-image-preview":"max-image-preview:large","max-video-preview":"max-video-preview:-1"},"og_locale":"sv_SE","og_type":"article","og_title":"Stal 600 kilo tropiska frukter \u2013 polisen ber nu allm\u00e4nheten om hj\u00e4lp","og_description":"St\u00f6lderna av frukt och gr\u00f6nt \u00f6kar i provinserna M\u00e1laga och Granada rapporterar spansk media. Enbart i Motril-omr\u00e5det i Granadaprovinsen har nationalpolisen i en r\u00e4d gripit tretton personer mellan 25 och 57 \u00e5r. De gripna har stulit 600 kilo avokado och chirimoya fr\u00e5n olika odlingar utanf\u00f6r Motril p\u00e5 Costa Tropical. Tack vare ett samarbete med inv\u00e5narna [&hellip;]","og_url":"https:\/\/lightweb.dev\/l\/svm-temp\/nyheter\/stal-600-kilo-tropiska-frukter-polisen-ber-nu-allmanheten-om-hjalp\/","og_site_name":"Svenska Magasinet","article_publisher":"https:\/\/www.facebook.com\/svenskamagasinet","article_published_time":"2013-10-23T22:00:00+00:00","author":"Redaktionen SvM","twitter_card":"summary_large_image","twitter_creator":"@SvenskaMagasine","twitter_site":"@SvenskaMagasine","schema":{"@context":"https:\/\/schema.org","@graph":[{"@type":"Article","@id":"https:\/\/lightweb.dev\/l\/svm-temp\/nyheter\/stal-600-kilo-tropiska-frukter-polisen-ber-nu-allmanheten-om-hjalp\/#article","isPartOf":{"@id":"https:\/\/lightweb.dev\/l\/svm-temp\/nyheter\/stal-600-kilo-tropiska-frukter-polisen-ber-nu-allmanheten-om-hjalp\/"},"author":{"name":"Redaktionen SvM","@id":"https:\/\/lightweb.dev\/l\/svm-temp\/#\/schema\/person\/206a3bda5b607b0c25e1749191e4d837"},"headline":"Stal 600 kilo tropiska frukter \u2013 polisen ber nu allm\u00e4nheten om hj\u00e4lp","datePublished":"2013-10-23T22:00:00+00:00","mainEntityOfPage":{"@id":"https:\/\/lightweb.dev\/l\/svm-temp\/nyheter\/stal-600-kilo-tropiska-frukter-polisen-ber-nu-allmanheten-om-hjalp\/"},"wordCount":156,"commentCount":0,"publisher":{"@id":"https:\/\/lightweb.dev\/l\/svm-temp\/#organization"},"image":{"@id":"https:\/\/lightweb.dev\/l\/svm-temp\/nyheter\/stal-600-kilo-tropiska-frukter-polisen-ber-nu-allmanheten-om-hjalp\/#primaryimage"},"thumbnailUrl":"https:\/\/lightweb.dev\/l\/svm-temp\/wp-content\/uploads\/2022\/06\/stal-600-kilo-tropiska-frukter-polisen-ber-nu-allmanheten-om-hjalp.png","articleSection":["Arkiv","Nyheter"],"inLanguage":"sv-SE"},{"@type":"WebPage","@id":"https:\/\/lightweb.dev\/l\/svm-temp\/nyheter\/stal-600-kilo-tropiska-frukter-polisen-ber-nu-allmanheten-om-hjalp\/","url":"https:\/\/lightweb.dev\/l\/svm-temp\/nyheter\/stal-600-kilo-tropiska-frukter-polisen-ber-nu-allmanheten-om-hjalp\/","name":"Stal 600 kilo tropiska frukter \u2013 polisen ber nu allm\u00e4nheten om hj\u00e4lp - Svenska Magasinet","isPartOf":{"@id":"https:\/\/lightweb.dev\/l\/svm-temp\/#website"},"primaryImageOfPage":{"@id":"https:\/\/lightweb.dev\/l\/svm-temp\/nyheter\/stal-600-kilo-tropiska-frukter-polisen-ber-nu-allmanheten-om-hjalp\/#primaryimage"},"image":{"@id":"https:\/\/lightweb.dev\/l\/svm-temp\/nyheter\/stal-600-kilo-tropiska-frukter-polisen-ber-nu-allmanheten-om-hjalp\/#primaryimage"},"thumbnailUrl":"https:\/\/lightweb.dev\/l\/svm-temp\/wp-content\/uploads\/2022\/06\/stal-600-kilo-tropiska-frukter-polisen-ber-nu-allmanheten-om-hjalp.png","datePublished":"2013-10-23T22:00:00+00:00","breadcrumb":{"@id":"https:\/\/lightweb.dev\/l\/svm-temp\/nyheter\/stal-600-kilo-tropiska-frukter-polisen-ber-nu-allmanheten-om-hjalp\/#breadcrumb"},"inLanguage":"sv-SE","potentialAction":[{"@type":"ReadAction","target":["https:\/\/lightweb.dev\/l\/svm-temp\/nyheter\/stal-600-kilo-tropiska-frukter-polisen-ber-nu-allmanheten-om-hjalp\/"]}]},{"@type":"ImageObject","inLanguage":"sv-SE","@id":"https:\/\/lightweb.dev\/l\/svm-temp\/nyheter\/stal-600-kilo-tropiska-frukter-polisen-ber-nu-allmanheten-om-hjalp\/#primaryimage","url":"https:\/\/lightweb.dev\/l\/svm-temp\/wp-content\/uploads\/2022\/06\/stal-600-kilo-tropiska-frukter-polisen-ber-nu-allmanheten-om-hjalp.png","contentUrl":"https:\/\/lightweb.dev\/l\/svm-temp\/wp-content\/uploads\/2022\/06\/stal-600-kilo-tropiska-frukter-polisen-ber-nu-allmanheten-om-hjalp.png","width":280,"height":242},{"@type":"BreadcrumbList","@id":"https:\/\/lightweb.dev\/l\/svm-temp\/nyheter\/stal-600-kilo-tropiska-frukter-polisen-ber-nu-allmanheten-om-hjalp\/#breadcrumb","itemListElement":[{"@type":"ListItem","position":1,"name":"Hem","item":"https:\/\/lightweb.dev\/l\/svm-temp\/"},{"@type":"ListItem","position":2,"name":"Stal 600 kilo tropiska frukter \u2013 polisen ber nu allm\u00e4nheten om hj\u00e4lp"}]},{"@type":"WebSite","@id":"https:\/\/lightweb.dev\/l\/svm-temp\/#website","url":"https:\/\/lightweb.dev\/l\/svm-temp\/","name":"Svenska Magasinet","description":"Dina Spanska nyheter p&aring; Svenska","publisher":{"@id":"https:\/\/lightweb.dev\/l\/svm-temp\/#organization"},"potentialAction":[{"@type":"SearchAction","target":{"@type":"EntryPoint","urlTemplate":"https:\/\/lightweb.dev\/l\/svm-temp\/?s={search_term_string}"},"query-input":{"@type":"PropertyValueSpecification","valueRequired":true,"valueName":"search_term_string"}}],"inLanguage":"sv-SE"},{"@type":"Organization","@id":"https:\/\/lightweb.dev\/l\/svm-temp\/#organization","name":"Melkerson y Nott SL","alternateName":"Svenska Magasinet","url":"https:\/\/lightweb.dev\/l\/svm-temp\/","logo":{"@type":"ImageObject","inLanguage":"sv-SE","@id":"https:\/\/lightweb.dev\/l\/svm-temp\/#\/schema\/logo\/image\/","url":"https:\/\/lightweb.dev\/l\/svm-temp\/wp-content\/uploads\/2025\/02\/SvM-logo-Xtra-Centrerad-SVART.png","contentUrl":"https:\/\/lightweb.dev\/l\/svm-temp\/wp-content\/uploads\/2025\/02\/SvM-logo-Xtra-Centrerad-SVART.png","width":300,"height":99,"caption":"Melkerson y Nott SL"},"image":{"@id":"https:\/\/lightweb.dev\/l\/svm-temp\/#\/schema\/logo\/image\/"},"sameAs":["https:\/\/www.facebook.com\/svenskamagasinet","https:\/\/x.com\/SvenskaMagasine"]},{"@type":"Person","@id":"https:\/\/lightweb.dev\/l\/svm-temp\/#\/schema\/person\/206a3bda5b607b0c25e1749191e4d837","name":"Redaktionen SvM","description":"Redaktionen","sameAs":["https:\/\/lightweb.dev\/l\/svm-temp"],"url":"https:\/\/lightweb.dev\/l\/svm-temp\/reporter\/redaktionen\/"}]}},"_links":{"self":[{"href":"https:\/\/lightweb.dev\/l\/svm-temp\/wp-json\/wp\/v2\/posts\/28665","targetHints":{"allow":["GET"]}}],"collection":[{"href":"https:\/\/lightweb.dev\/l\/svm-temp\/wp-json\/wp\/v2\/posts"}],"about":[{"href":"https:\/\/lightweb.dev\/l\/svm-temp\/wp-json\/wp\/v2\/types\/post"}],"author":[{"embeddable":true,"href":"https:\/\/lightweb.dev\/l\/svm-temp\/wp-json\/wp\/v2\/users\/8"}],"replies":[{"embeddable":true,"href":"https:\/\/lightweb.dev\/l\/svm-temp\/wp-json\/wp\/v2\/comments?post=28665"}],"version-history":[{"count":0,"href":"https:\/\/lightweb.dev\/l\/svm-temp\/wp-json\/wp\/v2\/posts\/28665\/revisions"}],"wp:featuredmedia":[{"embeddable":true,"href":"https:\/\/lightweb.dev\/l\/svm-temp\/wp-json\/wp\/v2\/media\/28668"}],"wp:attachment":[{"href":"https:\/\/lightweb.dev\/l\/svm-temp\/wp-json\/wp\/v2\/media?parent=28665"}],"wp:term":[{"taxonomy":"category","embeddable":true,"href":"https:\/\/lightweb.dev\/l\/svm-temp\/wp-json\/wp\/v2\/categories?post=28665"},{"taxonomy":"post_tag","embeddable":true,"href":"https:\/\/lightweb.dev\/l\/svm-temp\/wp-json\/wp\/v2\/tags?post=28665"}],"curies":[{"name":"wp","href":"https:\/\/api.w.org\/{rel}","templated":true}]}}