{"id":28669,"date":"2013-10-24T00:00:00","date_gmt":"2013-10-23T22:00:00","guid":{"rendered":"https:\/\/lightweb.dev\/l\/svm-temp\/nyheter\/eftertradare-till-kanslist-vid-svenska-konsulatet-har-hoppat-av\/"},"modified":"2013-10-24T00:00:00","modified_gmt":"2013-10-23T22:00:00","slug":"eftertradare-till-kanslist-vid-svenska-konsulatet-har-hoppat-av","status":"publish","type":"post","link":"https:\/\/lightweb.dev\/l\/svm-temp\/nyheter\/eftertradare-till-kanslist-vid-svenska-konsulatet-har-hoppat-av\/","title":{"rendered":"Eftertr\u00e4dare till kanslist vid svenska konsulatet har hoppat av"},"content":{"rendered":"<p> \u00c4nnu \u00e4r det inte helt klart vem som blir eftertr\u00e4dare till Gunilla Ekberg som har arbetat som kanslist vid det svenska honor\u00e4rkonsulatet i M\u00e1laga sedan 1985. Som Svenska Magasinet ber\u00e4ttade f\u00f6r ett \u00e5r sedan skulle Gunilla Ekberg, 67, g\u00e5tt i pension i somras. Av Ola Josefsson<\/p>\n<p>En eftertr\u00e4dare var utsedd tidigare i \u00e5r men har senare blivit tvungen att s\u00e4ga nej. Enligt uppgifter till Svenska Magasinet var det en person fr\u00e5n Sverige som tidigare hade hoppat in som vikarie p\u00e5 konsulatet. Den personen skulle flytta till Solkusten och ta \u00f6ver posten som kanslist vid M\u00e1lagakonsulatet som betj\u00e4nar tiotusentals svenskar.<\/p>\n<p>Vem som nu eftertr\u00e4der Gunilla Ekberg diskuterades n\u00e4r ambassad\u00f6r Cecilia Julin tr\u00e4ffade den svenske honor\u00e4rkonsuln Pedro Meg\u00edas Gonz\u00e1lez under sitt bes\u00f6k i M\u00e1laga i m\u00e5ndags d\u00e5 utst\u00e4llningen med konstverk av Hilma af Klint invigdes.<\/p>\n<p>&#8211; Det finns ett nytt namn, mer vet jag inte, s\u00e4ger Monika Jagerman, ambassadr\u00e5d i Madrid som i nul\u00e4get \u00e4r p\u00e5 semester i Sverige.<\/p>\n<p>Gunilla Ekberg som slutar vid \u00e5rsskiftet b\u00f6rjade som kanslist 1985 n\u00e4r det var ett generalkonsulat i M\u00e1laga. Sedan 2007 d\u00e5 Inga-Lill Karlesson slutade har Gunilla varit ensam kanslist. Nu fortg\u00e5r arbetet med att hitta en eftertr\u00e4dare som kommer att l\u00e4ras upp och g\u00e5 parallellt med Gunilla under en tid.<\/p>\n<p>Det \u00e4r inte helt troligt att Gunilla Ekberg slutar helt. Situationen vid konsulatet i M\u00e1laga \u00e4r pressad periodvis och det kan bli aktuellt att Gunilla hoppar in som extra personal vid behov.<\/p>\n<p>M\u00e1laga \u00e4r ett av de st\u00f6rsta och viktigaste svenska konsulaten i Spanien. Det \u00e4r exempelvis ett av fyra konsulat som kan utf\u00e4rda provisoriska pass. Provinsen M\u00e1laga har haft ett svenskt konsulat sedan 1737.<\/p>\n<p>L\u00e4s mer h\u00e4r Svenskt konsulat i M\u00e1laga sedan 1737<\/p>\n","protected":false},"excerpt":{"rendered":"<p>\u00c4nnu \u00e4r det inte helt klart vem som blir eftertr\u00e4dare till Gunilla Ekberg som har arbetat som kanslist vid det svenska honor\u00e4rkonsulatet i M\u00e1laga sedan 1985. Som Svenska Magasinet ber\u00e4ttade f\u00f6r ett \u00e5r sedan skulle Gunilla Ekberg, 67, g\u00e5tt i pension i somras. Av Ola Josefsson En eftertr\u00e4dare var utsedd tidigare i \u00e5r men har [&hellip;]<\/p>\n","protected":false},"author":8,"featured_media":28672,"comment_status":"open","ping_status":"open","sticky":false,"template":"","format":"standard","meta":{"_et_pb_use_builder":"","_et_pb_old_content":"","_et_gb_content_width":"","footnotes":""},"categories":[395,3],"tags":[],"class_list":["post-28669","post","type-post","status-publish","format-standard","has-post-thumbnail","hentry","category-arkiv-nyheter","category-nyheter"],"yoast_head":"<!-- This site is optimized with the Yoast SEO Premium plugin v26.2 (Yoast SEO v27.4) - https:\/\/yoast.com\/product\/yoast-seo-premium-wordpress\/ -->\n<title>Eftertr\u00e4dare till kanslist vid svenska konsulatet har hoppat av - Svenska Magasinet<\/title>\n<meta name=\"robots\" content=\"noindex, follow, max-snippet:-1, max-image-preview:large, max-video-preview:-1\" \/>\n<meta property=\"og:locale\" content=\"sv_SE\" \/>\n<meta property=\"og:type\" content=\"article\" \/>\n<meta property=\"og:title\" content=\"Eftertr\u00e4dare till kanslist vid svenska konsulatet har hoppat av\" \/>\n<meta property=\"og:description\" content=\"\u00c4nnu \u00e4r det inte helt klart vem som blir eftertr\u00e4dare till Gunilla Ekberg som har arbetat som kanslist vid det svenska honor\u00e4rkonsulatet i M\u00e1laga sedan 1985. Som Svenska Magasinet ber\u00e4ttade f\u00f6r ett \u00e5r sedan skulle Gunilla Ekberg, 67, g\u00e5tt i pension i somras. Av Ola Josefsson En eftertr\u00e4dare var utsedd tidigare i \u00e5r men har [&hellip;]\" \/>\n<meta property=\"og:url\" content=\"https:\/\/lightweb.dev\/l\/svm-temp\/nyheter\/eftertradare-till-kanslist-vid-svenska-konsulatet-har-hoppat-av\/\" \/>\n<meta property=\"og:site_name\" content=\"Svenska Magasinet\" \/>\n<meta property=\"article:publisher\" content=\"https:\/\/www.facebook.com\/svenskamagasinet\" \/>\n<meta property=\"article:published_time\" content=\"2013-10-23T22:00:00+00:00\" \/>\n<meta name=\"author\" content=\"Redaktionen SvM\" \/>\n<meta name=\"twitter:card\" content=\"summary_large_image\" \/>\n<meta name=\"twitter:creator\" content=\"@SvenskaMagasine\" \/>\n<meta name=\"twitter:site\" content=\"@SvenskaMagasine\" \/>\n<script type=\"application\/ld+json\" class=\"yoast-schema-graph\">{\"@context\":\"https:\\\/\\\/schema.org\",\"@graph\":[{\"@type\":\"Article\",\"@id\":\"https:\\\/\\\/lightweb.dev\\\/l\\\/svm-temp\\\/nyheter\\\/eftertradare-till-kanslist-vid-svenska-konsulatet-har-hoppat-av\\\/#article\",\"isPartOf\":{\"@id\":\"https:\\\/\\\/lightweb.dev\\\/l\\\/svm-temp\\\/nyheter\\\/eftertradare-till-kanslist-vid-svenska-konsulatet-har-hoppat-av\\\/\"},\"author\":{\"name\":\"Redaktionen SvM\",\"@id\":\"https:\\\/\\\/lightweb.dev\\\/l\\\/svm-temp\\\/#\\\/schema\\\/person\\\/206a3bda5b607b0c25e1749191e4d837\"},\"headline\":\"Eftertr\u00e4dare till kanslist vid svenska konsulatet har hoppat av\",\"datePublished\":\"2013-10-23T22:00:00+00:00\",\"mainEntityOfPage\":{\"@id\":\"https:\\\/\\\/lightweb.dev\\\/l\\\/svm-temp\\\/nyheter\\\/eftertradare-till-kanslist-vid-svenska-konsulatet-har-hoppat-av\\\/\"},\"wordCount\":323,\"commentCount\":0,\"publisher\":{\"@id\":\"https:\\\/\\\/lightweb.dev\\\/l\\\/svm-temp\\\/#organization\"},\"image\":{\"@id\":\"https:\\\/\\\/lightweb.dev\\\/l\\\/svm-temp\\\/nyheter\\\/eftertradare-till-kanslist-vid-svenska-konsulatet-har-hoppat-av\\\/#primaryimage\"},\"thumbnailUrl\":\"https:\\\/\\\/lightweb.dev\\\/l\\\/svm-temp\\\/wp-content\\\/uploads\\\/2022\\\/06\\\/eftertradare-till-kanslist-vid-svenska-konsulatet-har-hoppat-av.png\",\"articleSection\":[\"Arkiv\",\"Nyheter\"],\"inLanguage\":\"sv-SE\"},{\"@type\":\"WebPage\",\"@id\":\"https:\\\/\\\/lightweb.dev\\\/l\\\/svm-temp\\\/nyheter\\\/eftertradare-till-kanslist-vid-svenska-konsulatet-har-hoppat-av\\\/\",\"url\":\"https:\\\/\\\/lightweb.dev\\\/l\\\/svm-temp\\\/nyheter\\\/eftertradare-till-kanslist-vid-svenska-konsulatet-har-hoppat-av\\\/\",\"name\":\"Eftertr\u00e4dare till kanslist vid svenska konsulatet har hoppat av - Svenska Magasinet\",\"isPartOf\":{\"@id\":\"https:\\\/\\\/lightweb.dev\\\/l\\\/svm-temp\\\/#website\"},\"primaryImageOfPage\":{\"@id\":\"https:\\\/\\\/lightweb.dev\\\/l\\\/svm-temp\\\/nyheter\\\/eftertradare-till-kanslist-vid-svenska-konsulatet-har-hoppat-av\\\/#primaryimage\"},\"image\":{\"@id\":\"https:\\\/\\\/lightweb.dev\\\/l\\\/svm-temp\\\/nyheter\\\/eftertradare-till-kanslist-vid-svenska-konsulatet-har-hoppat-av\\\/#primaryimage\"},\"thumbnailUrl\":\"https:\\\/\\\/lightweb.dev\\\/l\\\/svm-temp\\\/wp-content\\\/uploads\\\/2022\\\/06\\\/eftertradare-till-kanslist-vid-svenska-konsulatet-har-hoppat-av.png\",\"datePublished\":\"2013-10-23T22:00:00+00:00\",\"breadcrumb\":{\"@id\":\"https:\\\/\\\/lightweb.dev\\\/l\\\/svm-temp\\\/nyheter\\\/eftertradare-till-kanslist-vid-svenska-konsulatet-har-hoppat-av\\\/#breadcrumb\"},\"inLanguage\":\"sv-SE\",\"potentialAction\":[{\"@type\":\"ReadAction\",\"target\":[\"https:\\\/\\\/lightweb.dev\\\/l\\\/svm-temp\\\/nyheter\\\/eftertradare-till-kanslist-vid-svenska-konsulatet-har-hoppat-av\\\/\"]}]},{\"@type\":\"ImageObject\",\"inLanguage\":\"sv-SE\",\"@id\":\"https:\\\/\\\/lightweb.dev\\\/l\\\/svm-temp\\\/nyheter\\\/eftertradare-till-kanslist-vid-svenska-konsulatet-har-hoppat-av\\\/#primaryimage\",\"url\":\"https:\\\/\\\/lightweb.dev\\\/l\\\/svm-temp\\\/wp-content\\\/uploads\\\/2022\\\/06\\\/eftertradare-till-kanslist-vid-svenska-konsulatet-har-hoppat-av.png\",\"contentUrl\":\"https:\\\/\\\/lightweb.dev\\\/l\\\/svm-temp\\\/wp-content\\\/uploads\\\/2022\\\/06\\\/eftertradare-till-kanslist-vid-svenska-konsulatet-har-hoppat-av.png\",\"width\":299,\"height\":200},{\"@type\":\"BreadcrumbList\",\"@id\":\"https:\\\/\\\/lightweb.dev\\\/l\\\/svm-temp\\\/nyheter\\\/eftertradare-till-kanslist-vid-svenska-konsulatet-har-hoppat-av\\\/#breadcrumb\",\"itemListElement\":[{\"@type\":\"ListItem\",\"position\":1,\"name\":\"Hem\",\"item\":\"https:\\\/\\\/lightweb.dev\\\/l\\\/svm-temp\\\/\"},{\"@type\":\"ListItem\",\"position\":2,\"name\":\"Eftertr\u00e4dare till kanslist vid svenska konsulatet har hoppat av\"}]},{\"@type\":\"WebSite\",\"@id\":\"https:\\\/\\\/lightweb.dev\\\/l\\\/svm-temp\\\/#website\",\"url\":\"https:\\\/\\\/lightweb.dev\\\/l\\\/svm-temp\\\/\",\"name\":\"Svenska Magasinet\",\"description\":\"Dina Spanska nyheter p&aring; Svenska\",\"publisher\":{\"@id\":\"https:\\\/\\\/lightweb.dev\\\/l\\\/svm-temp\\\/#organization\"},\"potentialAction\":[{\"@type\":\"SearchAction\",\"target\":{\"@type\":\"EntryPoint\",\"urlTemplate\":\"https:\\\/\\\/lightweb.dev\\\/l\\\/svm-temp\\\/?s={search_term_string}\"},\"query-input\":{\"@type\":\"PropertyValueSpecification\",\"valueRequired\":true,\"valueName\":\"search_term_string\"}}],\"inLanguage\":\"sv-SE\"},{\"@type\":\"Organization\",\"@id\":\"https:\\\/\\\/lightweb.dev\\\/l\\\/svm-temp\\\/#organization\",\"name\":\"Melkerson y Nott SL\",\"alternateName\":\"Svenska Magasinet\",\"url\":\"https:\\\/\\\/lightweb.dev\\\/l\\\/svm-temp\\\/\",\"logo\":{\"@type\":\"ImageObject\",\"inLanguage\":\"sv-SE\",\"@id\":\"https:\\\/\\\/lightweb.dev\\\/l\\\/svm-temp\\\/#\\\/schema\\\/logo\\\/image\\\/\",\"url\":\"https:\\\/\\\/lightweb.dev\\\/l\\\/svm-temp\\\/wp-content\\\/uploads\\\/2025\\\/02\\\/SvM-logo-Xtra-Centrerad-SVART.png\",\"contentUrl\":\"https:\\\/\\\/lightweb.dev\\\/l\\\/svm-temp\\\/wp-content\\\/uploads\\\/2025\\\/02\\\/SvM-logo-Xtra-Centrerad-SVART.png\",\"width\":300,\"height\":99,\"caption\":\"Melkerson y Nott SL\"},\"image\":{\"@id\":\"https:\\\/\\\/lightweb.dev\\\/l\\\/svm-temp\\\/#\\\/schema\\\/logo\\\/image\\\/\"},\"sameAs\":[\"https:\\\/\\\/www.facebook.com\\\/svenskamagasinet\",\"https:\\\/\\\/x.com\\\/SvenskaMagasine\"]},{\"@type\":\"Person\",\"@id\":\"https:\\\/\\\/lightweb.dev\\\/l\\\/svm-temp\\\/#\\\/schema\\\/person\\\/206a3bda5b607b0c25e1749191e4d837\",\"name\":\"Redaktionen SvM\",\"description\":\"Redaktionen\",\"sameAs\":[\"https:\\\/\\\/lightweb.dev\\\/l\\\/svm-temp\"],\"url\":\"https:\\\/\\\/lightweb.dev\\\/l\\\/svm-temp\\\/reporter\\\/redaktionen\\\/\"}]}<\/script>\n<!-- \/ Yoast SEO Premium plugin. -->","yoast_head_json":{"title":"Eftertr\u00e4dare till kanslist vid svenska konsulatet har hoppat av - Svenska Magasinet","robots":{"index":"noindex","follow":"follow","max-snippet":"max-snippet:-1","max-image-preview":"max-image-preview:large","max-video-preview":"max-video-preview:-1"},"og_locale":"sv_SE","og_type":"article","og_title":"Eftertr\u00e4dare till kanslist vid svenska konsulatet har hoppat av","og_description":"\u00c4nnu \u00e4r det inte helt klart vem som blir eftertr\u00e4dare till Gunilla Ekberg som har arbetat som kanslist vid det svenska honor\u00e4rkonsulatet i M\u00e1laga sedan 1985. Som Svenska Magasinet ber\u00e4ttade f\u00f6r ett \u00e5r sedan skulle Gunilla Ekberg, 67, g\u00e5tt i pension i somras. Av Ola Josefsson En eftertr\u00e4dare var utsedd tidigare i \u00e5r men har [&hellip;]","og_url":"https:\/\/lightweb.dev\/l\/svm-temp\/nyheter\/eftertradare-till-kanslist-vid-svenska-konsulatet-har-hoppat-av\/","og_site_name":"Svenska Magasinet","article_publisher":"https:\/\/www.facebook.com\/svenskamagasinet","article_published_time":"2013-10-23T22:00:00+00:00","author":"Redaktionen SvM","twitter_card":"summary_large_image","twitter_creator":"@SvenskaMagasine","twitter_site":"@SvenskaMagasine","schema":{"@context":"https:\/\/schema.org","@graph":[{"@type":"Article","@id":"https:\/\/lightweb.dev\/l\/svm-temp\/nyheter\/eftertradare-till-kanslist-vid-svenska-konsulatet-har-hoppat-av\/#article","isPartOf":{"@id":"https:\/\/lightweb.dev\/l\/svm-temp\/nyheter\/eftertradare-till-kanslist-vid-svenska-konsulatet-har-hoppat-av\/"},"author":{"name":"Redaktionen SvM","@id":"https:\/\/lightweb.dev\/l\/svm-temp\/#\/schema\/person\/206a3bda5b607b0c25e1749191e4d837"},"headline":"Eftertr\u00e4dare till kanslist vid svenska konsulatet har hoppat av","datePublished":"2013-10-23T22:00:00+00:00","mainEntityOfPage":{"@id":"https:\/\/lightweb.dev\/l\/svm-temp\/nyheter\/eftertradare-till-kanslist-vid-svenska-konsulatet-har-hoppat-av\/"},"wordCount":323,"commentCount":0,"publisher":{"@id":"https:\/\/lightweb.dev\/l\/svm-temp\/#organization"},"image":{"@id":"https:\/\/lightweb.dev\/l\/svm-temp\/nyheter\/eftertradare-till-kanslist-vid-svenska-konsulatet-har-hoppat-av\/#primaryimage"},"thumbnailUrl":"https:\/\/lightweb.dev\/l\/svm-temp\/wp-content\/uploads\/2022\/06\/eftertradare-till-kanslist-vid-svenska-konsulatet-har-hoppat-av.png","articleSection":["Arkiv","Nyheter"],"inLanguage":"sv-SE"},{"@type":"WebPage","@id":"https:\/\/lightweb.dev\/l\/svm-temp\/nyheter\/eftertradare-till-kanslist-vid-svenska-konsulatet-har-hoppat-av\/","url":"https:\/\/lightweb.dev\/l\/svm-temp\/nyheter\/eftertradare-till-kanslist-vid-svenska-konsulatet-har-hoppat-av\/","name":"Eftertr\u00e4dare till kanslist vid svenska konsulatet har hoppat av - Svenska Magasinet","isPartOf":{"@id":"https:\/\/lightweb.dev\/l\/svm-temp\/#website"},"primaryImageOfPage":{"@id":"https:\/\/lightweb.dev\/l\/svm-temp\/nyheter\/eftertradare-till-kanslist-vid-svenska-konsulatet-har-hoppat-av\/#primaryimage"},"image":{"@id":"https:\/\/lightweb.dev\/l\/svm-temp\/nyheter\/eftertradare-till-kanslist-vid-svenska-konsulatet-har-hoppat-av\/#primaryimage"},"thumbnailUrl":"https:\/\/lightweb.dev\/l\/svm-temp\/wp-content\/uploads\/2022\/06\/eftertradare-till-kanslist-vid-svenska-konsulatet-har-hoppat-av.png","datePublished":"2013-10-23T22:00:00+00:00","breadcrumb":{"@id":"https:\/\/lightweb.dev\/l\/svm-temp\/nyheter\/eftertradare-till-kanslist-vid-svenska-konsulatet-har-hoppat-av\/#breadcrumb"},"inLanguage":"sv-SE","potentialAction":[{"@type":"ReadAction","target":["https:\/\/lightweb.dev\/l\/svm-temp\/nyheter\/eftertradare-till-kanslist-vid-svenska-konsulatet-har-hoppat-av\/"]}]},{"@type":"ImageObject","inLanguage":"sv-SE","@id":"https:\/\/lightweb.dev\/l\/svm-temp\/nyheter\/eftertradare-till-kanslist-vid-svenska-konsulatet-har-hoppat-av\/#primaryimage","url":"https:\/\/lightweb.dev\/l\/svm-temp\/wp-content\/uploads\/2022\/06\/eftertradare-till-kanslist-vid-svenska-konsulatet-har-hoppat-av.png","contentUrl":"https:\/\/lightweb.dev\/l\/svm-temp\/wp-content\/uploads\/2022\/06\/eftertradare-till-kanslist-vid-svenska-konsulatet-har-hoppat-av.png","width":299,"height":200},{"@type":"BreadcrumbList","@id":"https:\/\/lightweb.dev\/l\/svm-temp\/nyheter\/eftertradare-till-kanslist-vid-svenska-konsulatet-har-hoppat-av\/#breadcrumb","itemListElement":[{"@type":"ListItem","position":1,"name":"Hem","item":"https:\/\/lightweb.dev\/l\/svm-temp\/"},{"@type":"ListItem","position":2,"name":"Eftertr\u00e4dare till kanslist vid svenska konsulatet har hoppat av"}]},{"@type":"WebSite","@id":"https:\/\/lightweb.dev\/l\/svm-temp\/#website","url":"https:\/\/lightweb.dev\/l\/svm-temp\/","name":"Svenska Magasinet","description":"Dina Spanska nyheter p&aring; Svenska","publisher":{"@id":"https:\/\/lightweb.dev\/l\/svm-temp\/#organization"},"potentialAction":[{"@type":"SearchAction","target":{"@type":"EntryPoint","urlTemplate":"https:\/\/lightweb.dev\/l\/svm-temp\/?s={search_term_string}"},"query-input":{"@type":"PropertyValueSpecification","valueRequired":true,"valueName":"search_term_string"}}],"inLanguage":"sv-SE"},{"@type":"Organization","@id":"https:\/\/lightweb.dev\/l\/svm-temp\/#organization","name":"Melkerson y Nott SL","alternateName":"Svenska Magasinet","url":"https:\/\/lightweb.dev\/l\/svm-temp\/","logo":{"@type":"ImageObject","inLanguage":"sv-SE","@id":"https:\/\/lightweb.dev\/l\/svm-temp\/#\/schema\/logo\/image\/","url":"https:\/\/lightweb.dev\/l\/svm-temp\/wp-content\/uploads\/2025\/02\/SvM-logo-Xtra-Centrerad-SVART.png","contentUrl":"https:\/\/lightweb.dev\/l\/svm-temp\/wp-content\/uploads\/2025\/02\/SvM-logo-Xtra-Centrerad-SVART.png","width":300,"height":99,"caption":"Melkerson y Nott SL"},"image":{"@id":"https:\/\/lightweb.dev\/l\/svm-temp\/#\/schema\/logo\/image\/"},"sameAs":["https:\/\/www.facebook.com\/svenskamagasinet","https:\/\/x.com\/SvenskaMagasine"]},{"@type":"Person","@id":"https:\/\/lightweb.dev\/l\/svm-temp\/#\/schema\/person\/206a3bda5b607b0c25e1749191e4d837","name":"Redaktionen SvM","description":"Redaktionen","sameAs":["https:\/\/lightweb.dev\/l\/svm-temp"],"url":"https:\/\/lightweb.dev\/l\/svm-temp\/reporter\/redaktionen\/"}]}},"_links":{"self":[{"href":"https:\/\/lightweb.dev\/l\/svm-temp\/wp-json\/wp\/v2\/posts\/28669","targetHints":{"allow":["GET"]}}],"collection":[{"href":"https:\/\/lightweb.dev\/l\/svm-temp\/wp-json\/wp\/v2\/posts"}],"about":[{"href":"https:\/\/lightweb.dev\/l\/svm-temp\/wp-json\/wp\/v2\/types\/post"}],"author":[{"embeddable":true,"href":"https:\/\/lightweb.dev\/l\/svm-temp\/wp-json\/wp\/v2\/users\/8"}],"replies":[{"embeddable":true,"href":"https:\/\/lightweb.dev\/l\/svm-temp\/wp-json\/wp\/v2\/comments?post=28669"}],"version-history":[{"count":0,"href":"https:\/\/lightweb.dev\/l\/svm-temp\/wp-json\/wp\/v2\/posts\/28669\/revisions"}],"wp:featuredmedia":[{"embeddable":true,"href":"https:\/\/lightweb.dev\/l\/svm-temp\/wp-json\/wp\/v2\/media\/28672"}],"wp:attachment":[{"href":"https:\/\/lightweb.dev\/l\/svm-temp\/wp-json\/wp\/v2\/media?parent=28669"}],"wp:term":[{"taxonomy":"category","embeddable":true,"href":"https:\/\/lightweb.dev\/l\/svm-temp\/wp-json\/wp\/v2\/categories?post=28669"},{"taxonomy":"post_tag","embeddable":true,"href":"https:\/\/lightweb.dev\/l\/svm-temp\/wp-json\/wp\/v2\/tags?post=28669"}],"curies":[{"name":"wp","href":"https:\/\/api.w.org\/{rel}","templated":true}]}}