{"id":28676,"date":"2013-10-23T00:00:00","date_gmt":"2013-10-22T22:00:00","guid":{"rendered":"https:\/\/lightweb.dev\/l\/svm-temp\/nyheter\/stor-katastrofovning-pa-solkusten-pa-fredag\/"},"modified":"2013-10-23T00:00:00","modified_gmt":"2013-10-22T22:00:00","slug":"stor-katastrofovning-pa-solkusten-pa-fredag","status":"publish","type":"post","link":"https:\/\/lightweb.dev\/l\/svm-temp\/nyheter\/stor-katastrofovning-pa-solkusten-pa-fredag\/","title":{"rendered":"Stor katastrof\u00f6vning p\u00e5 Solkusten p\u00e5 fredag"},"content":{"rendered":"<p> Minst 20 skadade personer i en seriekrock med 30 bilar inblandade. Ambulanser, helikoptrar och polisbilar som k\u00f6r skytteltrafik med skadade m\u00e4nniskor mellan motorv\u00e4gen A 7:an och sjukhusen p\u00e5 Costa del Sol. Det blir scenariot p\u00e5 fredag f\u00f6rmiddag d\u00e5 motorv\u00e4gen ocks\u00e5 kommer att st\u00e4ngas av under n\u00e5gra timmar i samband med \u00f6vningen.<\/p>\n<p>En stor katastrof\u00f6vning \u00e4r planerad till fredag f\u00f6rmiddag. Ett rektorsbrev har g\u00e5tt ut till ber\u00f6rda vid Norska skolan som ligger strax nedanf\u00f6r A 7:an d\u00e4r katastrof\u00f6vningen \u00e4r planerad. Detta bekr\u00e4ftas idag enligt personer vid Norska skolan som Svenska Magasinet har varit i kontakt med.<\/p>\n<p>Hur l\u00e4nge A 7:an kommer att vara st\u00e4ngd \u00e4r n\u00e5got oklart. Men enligt uppgifter till Svenska Magasinet kommer motorv\u00e4gen att vara avst\u00e4ngd fr\u00e5n cirka 10.30 mellan El Higueron och Torremolinos. Den Norska skolan kommer att vara med till vissa delar i katastrof\u00f6vningen d\u00e5 en evakuering \u00e4r planerad.<\/p>\n<p>\u201dDet \u00e4r en \u00f6vning som kommer att m\u00e4rkas. Det blir mycket ljud i omr\u00e5det och norska skolan kommer \u00e4ven att medverka i en brand\u00f6vning n\u00e4r civilf\u00f6rsvarets sirener g\u00e5r cirka klockan 11\u201d skriver rektorn i brevet.<\/p>\n<p>\u201dM\u00e5nga av v\u00e5ra barn beh\u00f6ver d\u00e4rf\u00f6r f\u00f6rberedas. F\u00f6rbered dem p\u00e5 att detta \u00e4r en \u00f6vning och att man ska bli duktig p\u00e5 att hj\u00e4lpa m\u00e4nniskor om det sker olyckor p\u00e5 A 7:an\u201d.<\/p>\n<p>Vad Svenska Magasinet erfar kommer andra byggnader i omr\u00e5det att evakueras, bland annat ett sjukhem.<\/p>\n<p>Det kan vara en god id\u00e9 att vara ute i mycket god tid om man ska med flyg p\u00e5 fredag f\u00f6rmiddag s\u00e5 att man kommer fram till M\u00e1laga flygplats i tid. En avst\u00e4ngd A 7:a under n\u00e5gra timmar kommer att inneb\u00e4ra stora trafikstockningar p\u00e5 gamla kustv\u00e4gen N-340. <\/p>\n","protected":false},"excerpt":{"rendered":"<p>Minst 20 skadade personer i en seriekrock med 30 bilar inblandade. Ambulanser, helikoptrar och polisbilar som k\u00f6r skytteltrafik med skadade m\u00e4nniskor mellan motorv\u00e4gen A 7:an och sjukhusen p\u00e5 Costa del Sol. Det blir scenariot p\u00e5 fredag f\u00f6rmiddag d\u00e5 motorv\u00e4gen ocks\u00e5 kommer att st\u00e4ngas av under n\u00e5gra timmar i samband med \u00f6vningen. En stor katastrof\u00f6vning \u00e4r [&hellip;]<\/p>\n","protected":false},"author":8,"featured_media":28679,"comment_status":"open","ping_status":"open","sticky":false,"template":"","format":"standard","meta":{"_et_pb_use_builder":"","_et_pb_old_content":"","_et_gb_content_width":"","footnotes":""},"categories":[395,3],"tags":[],"class_list":["post-28676","post","type-post","status-publish","format-standard","has-post-thumbnail","hentry","category-arkiv-nyheter","category-nyheter"],"yoast_head":"<!-- This site is optimized with the Yoast SEO Premium plugin v26.2 (Yoast SEO v27.4) - https:\/\/yoast.com\/product\/yoast-seo-premium-wordpress\/ -->\n<title>Stor katastrof\u00f6vning p\u00e5 Solkusten p\u00e5 fredag - Svenska Magasinet<\/title>\n<meta name=\"robots\" content=\"noindex, follow, max-snippet:-1, max-image-preview:large, max-video-preview:-1\" \/>\n<meta property=\"og:locale\" content=\"sv_SE\" \/>\n<meta property=\"og:type\" content=\"article\" \/>\n<meta property=\"og:title\" content=\"Stor katastrof\u00f6vning p\u00e5 Solkusten p\u00e5 fredag\" \/>\n<meta property=\"og:description\" content=\"Minst 20 skadade personer i en seriekrock med 30 bilar inblandade. Ambulanser, helikoptrar och polisbilar som k\u00f6r skytteltrafik med skadade m\u00e4nniskor mellan motorv\u00e4gen A 7:an och sjukhusen p\u00e5 Costa del Sol. Det blir scenariot p\u00e5 fredag f\u00f6rmiddag d\u00e5 motorv\u00e4gen ocks\u00e5 kommer att st\u00e4ngas av under n\u00e5gra timmar i samband med \u00f6vningen. En stor katastrof\u00f6vning \u00e4r [&hellip;]\" \/>\n<meta property=\"og:url\" content=\"https:\/\/lightweb.dev\/l\/svm-temp\/nyheter\/stor-katastrofovning-pa-solkusten-pa-fredag\/\" \/>\n<meta property=\"og:site_name\" content=\"Svenska Magasinet\" \/>\n<meta property=\"article:publisher\" content=\"https:\/\/www.facebook.com\/svenskamagasinet\" \/>\n<meta property=\"article:published_time\" content=\"2013-10-22T22:00:00+00:00\" \/>\n<meta name=\"author\" content=\"Redaktionen SvM\" \/>\n<meta name=\"twitter:card\" content=\"summary_large_image\" \/>\n<meta name=\"twitter:creator\" content=\"@SvenskaMagasine\" \/>\n<meta name=\"twitter:site\" content=\"@SvenskaMagasine\" \/>\n<script type=\"application\/ld+json\" class=\"yoast-schema-graph\">{\"@context\":\"https:\\\/\\\/schema.org\",\"@graph\":[{\"@type\":\"Article\",\"@id\":\"https:\\\/\\\/lightweb.dev\\\/l\\\/svm-temp\\\/nyheter\\\/stor-katastrofovning-pa-solkusten-pa-fredag\\\/#article\",\"isPartOf\":{\"@id\":\"https:\\\/\\\/lightweb.dev\\\/l\\\/svm-temp\\\/nyheter\\\/stor-katastrofovning-pa-solkusten-pa-fredag\\\/\"},\"author\":{\"name\":\"Redaktionen SvM\",\"@id\":\"https:\\\/\\\/lightweb.dev\\\/l\\\/svm-temp\\\/#\\\/schema\\\/person\\\/206a3bda5b607b0c25e1749191e4d837\"},\"headline\":\"Stor katastrof\u00f6vning p\u00e5 Solkusten p\u00e5 fredag\",\"datePublished\":\"2013-10-22T22:00:00+00:00\",\"mainEntityOfPage\":{\"@id\":\"https:\\\/\\\/lightweb.dev\\\/l\\\/svm-temp\\\/nyheter\\\/stor-katastrofovning-pa-solkusten-pa-fredag\\\/\"},\"wordCount\":318,\"commentCount\":0,\"publisher\":{\"@id\":\"https:\\\/\\\/lightweb.dev\\\/l\\\/svm-temp\\\/#organization\"},\"image\":{\"@id\":\"https:\\\/\\\/lightweb.dev\\\/l\\\/svm-temp\\\/nyheter\\\/stor-katastrofovning-pa-solkusten-pa-fredag\\\/#primaryimage\"},\"thumbnailUrl\":\"https:\\\/\\\/lightweb.dev\\\/l\\\/svm-temp\\\/wp-content\\\/uploads\\\/2022\\\/06\\\/stor-katastrofovning-pa-solkusten-pa-fredag.png\",\"articleSection\":[\"Arkiv\",\"Nyheter\"],\"inLanguage\":\"sv-SE\"},{\"@type\":\"WebPage\",\"@id\":\"https:\\\/\\\/lightweb.dev\\\/l\\\/svm-temp\\\/nyheter\\\/stor-katastrofovning-pa-solkusten-pa-fredag\\\/\",\"url\":\"https:\\\/\\\/lightweb.dev\\\/l\\\/svm-temp\\\/nyheter\\\/stor-katastrofovning-pa-solkusten-pa-fredag\\\/\",\"name\":\"Stor katastrof\u00f6vning p\u00e5 Solkusten p\u00e5 fredag - Svenska Magasinet\",\"isPartOf\":{\"@id\":\"https:\\\/\\\/lightweb.dev\\\/l\\\/svm-temp\\\/#website\"},\"primaryImageOfPage\":{\"@id\":\"https:\\\/\\\/lightweb.dev\\\/l\\\/svm-temp\\\/nyheter\\\/stor-katastrofovning-pa-solkusten-pa-fredag\\\/#primaryimage\"},\"image\":{\"@id\":\"https:\\\/\\\/lightweb.dev\\\/l\\\/svm-temp\\\/nyheter\\\/stor-katastrofovning-pa-solkusten-pa-fredag\\\/#primaryimage\"},\"thumbnailUrl\":\"https:\\\/\\\/lightweb.dev\\\/l\\\/svm-temp\\\/wp-content\\\/uploads\\\/2022\\\/06\\\/stor-katastrofovning-pa-solkusten-pa-fredag.png\",\"datePublished\":\"2013-10-22T22:00:00+00:00\",\"breadcrumb\":{\"@id\":\"https:\\\/\\\/lightweb.dev\\\/l\\\/svm-temp\\\/nyheter\\\/stor-katastrofovning-pa-solkusten-pa-fredag\\\/#breadcrumb\"},\"inLanguage\":\"sv-SE\",\"potentialAction\":[{\"@type\":\"ReadAction\",\"target\":[\"https:\\\/\\\/lightweb.dev\\\/l\\\/svm-temp\\\/nyheter\\\/stor-katastrofovning-pa-solkusten-pa-fredag\\\/\"]}]},{\"@type\":\"ImageObject\",\"inLanguage\":\"sv-SE\",\"@id\":\"https:\\\/\\\/lightweb.dev\\\/l\\\/svm-temp\\\/nyheter\\\/stor-katastrofovning-pa-solkusten-pa-fredag\\\/#primaryimage\",\"url\":\"https:\\\/\\\/lightweb.dev\\\/l\\\/svm-temp\\\/wp-content\\\/uploads\\\/2022\\\/06\\\/stor-katastrofovning-pa-solkusten-pa-fredag.png\",\"contentUrl\":\"https:\\\/\\\/lightweb.dev\\\/l\\\/svm-temp\\\/wp-content\\\/uploads\\\/2022\\\/06\\\/stor-katastrofovning-pa-solkusten-pa-fredag.png\",\"width\":280,\"height\":210},{\"@type\":\"BreadcrumbList\",\"@id\":\"https:\\\/\\\/lightweb.dev\\\/l\\\/svm-temp\\\/nyheter\\\/stor-katastrofovning-pa-solkusten-pa-fredag\\\/#breadcrumb\",\"itemListElement\":[{\"@type\":\"ListItem\",\"position\":1,\"name\":\"Hem\",\"item\":\"https:\\\/\\\/lightweb.dev\\\/l\\\/svm-temp\\\/\"},{\"@type\":\"ListItem\",\"position\":2,\"name\":\"Stor katastrof\u00f6vning p\u00e5 Solkusten p\u00e5 fredag\"}]},{\"@type\":\"WebSite\",\"@id\":\"https:\\\/\\\/lightweb.dev\\\/l\\\/svm-temp\\\/#website\",\"url\":\"https:\\\/\\\/lightweb.dev\\\/l\\\/svm-temp\\\/\",\"name\":\"Svenska Magasinet\",\"description\":\"Dina Spanska nyheter p&aring; Svenska\",\"publisher\":{\"@id\":\"https:\\\/\\\/lightweb.dev\\\/l\\\/svm-temp\\\/#organization\"},\"potentialAction\":[{\"@type\":\"SearchAction\",\"target\":{\"@type\":\"EntryPoint\",\"urlTemplate\":\"https:\\\/\\\/lightweb.dev\\\/l\\\/svm-temp\\\/?s={search_term_string}\"},\"query-input\":{\"@type\":\"PropertyValueSpecification\",\"valueRequired\":true,\"valueName\":\"search_term_string\"}}],\"inLanguage\":\"sv-SE\"},{\"@type\":\"Organization\",\"@id\":\"https:\\\/\\\/lightweb.dev\\\/l\\\/svm-temp\\\/#organization\",\"name\":\"Melkerson y Nott SL\",\"alternateName\":\"Svenska Magasinet\",\"url\":\"https:\\\/\\\/lightweb.dev\\\/l\\\/svm-temp\\\/\",\"logo\":{\"@type\":\"ImageObject\",\"inLanguage\":\"sv-SE\",\"@id\":\"https:\\\/\\\/lightweb.dev\\\/l\\\/svm-temp\\\/#\\\/schema\\\/logo\\\/image\\\/\",\"url\":\"https:\\\/\\\/lightweb.dev\\\/l\\\/svm-temp\\\/wp-content\\\/uploads\\\/2025\\\/02\\\/SvM-logo-Xtra-Centrerad-SVART.png\",\"contentUrl\":\"https:\\\/\\\/lightweb.dev\\\/l\\\/svm-temp\\\/wp-content\\\/uploads\\\/2025\\\/02\\\/SvM-logo-Xtra-Centrerad-SVART.png\",\"width\":300,\"height\":99,\"caption\":\"Melkerson y Nott SL\"},\"image\":{\"@id\":\"https:\\\/\\\/lightweb.dev\\\/l\\\/svm-temp\\\/#\\\/schema\\\/logo\\\/image\\\/\"},\"sameAs\":[\"https:\\\/\\\/www.facebook.com\\\/svenskamagasinet\",\"https:\\\/\\\/x.com\\\/SvenskaMagasine\"]},{\"@type\":\"Person\",\"@id\":\"https:\\\/\\\/lightweb.dev\\\/l\\\/svm-temp\\\/#\\\/schema\\\/person\\\/206a3bda5b607b0c25e1749191e4d837\",\"name\":\"Redaktionen SvM\",\"description\":\"Redaktionen\",\"sameAs\":[\"https:\\\/\\\/lightweb.dev\\\/l\\\/svm-temp\"],\"url\":\"https:\\\/\\\/lightweb.dev\\\/l\\\/svm-temp\\\/reporter\\\/redaktionen\\\/\"}]}<\/script>\n<!-- \/ Yoast SEO Premium plugin. -->","yoast_head_json":{"title":"Stor katastrof\u00f6vning p\u00e5 Solkusten p\u00e5 fredag - Svenska Magasinet","robots":{"index":"noindex","follow":"follow","max-snippet":"max-snippet:-1","max-image-preview":"max-image-preview:large","max-video-preview":"max-video-preview:-1"},"og_locale":"sv_SE","og_type":"article","og_title":"Stor katastrof\u00f6vning p\u00e5 Solkusten p\u00e5 fredag","og_description":"Minst 20 skadade personer i en seriekrock med 30 bilar inblandade. Ambulanser, helikoptrar och polisbilar som k\u00f6r skytteltrafik med skadade m\u00e4nniskor mellan motorv\u00e4gen A 7:an och sjukhusen p\u00e5 Costa del Sol. Det blir scenariot p\u00e5 fredag f\u00f6rmiddag d\u00e5 motorv\u00e4gen ocks\u00e5 kommer att st\u00e4ngas av under n\u00e5gra timmar i samband med \u00f6vningen. En stor katastrof\u00f6vning \u00e4r [&hellip;]","og_url":"https:\/\/lightweb.dev\/l\/svm-temp\/nyheter\/stor-katastrofovning-pa-solkusten-pa-fredag\/","og_site_name":"Svenska Magasinet","article_publisher":"https:\/\/www.facebook.com\/svenskamagasinet","article_published_time":"2013-10-22T22:00:00+00:00","author":"Redaktionen SvM","twitter_card":"summary_large_image","twitter_creator":"@SvenskaMagasine","twitter_site":"@SvenskaMagasine","schema":{"@context":"https:\/\/schema.org","@graph":[{"@type":"Article","@id":"https:\/\/lightweb.dev\/l\/svm-temp\/nyheter\/stor-katastrofovning-pa-solkusten-pa-fredag\/#article","isPartOf":{"@id":"https:\/\/lightweb.dev\/l\/svm-temp\/nyheter\/stor-katastrofovning-pa-solkusten-pa-fredag\/"},"author":{"name":"Redaktionen SvM","@id":"https:\/\/lightweb.dev\/l\/svm-temp\/#\/schema\/person\/206a3bda5b607b0c25e1749191e4d837"},"headline":"Stor katastrof\u00f6vning p\u00e5 Solkusten p\u00e5 fredag","datePublished":"2013-10-22T22:00:00+00:00","mainEntityOfPage":{"@id":"https:\/\/lightweb.dev\/l\/svm-temp\/nyheter\/stor-katastrofovning-pa-solkusten-pa-fredag\/"},"wordCount":318,"commentCount":0,"publisher":{"@id":"https:\/\/lightweb.dev\/l\/svm-temp\/#organization"},"image":{"@id":"https:\/\/lightweb.dev\/l\/svm-temp\/nyheter\/stor-katastrofovning-pa-solkusten-pa-fredag\/#primaryimage"},"thumbnailUrl":"https:\/\/lightweb.dev\/l\/svm-temp\/wp-content\/uploads\/2022\/06\/stor-katastrofovning-pa-solkusten-pa-fredag.png","articleSection":["Arkiv","Nyheter"],"inLanguage":"sv-SE"},{"@type":"WebPage","@id":"https:\/\/lightweb.dev\/l\/svm-temp\/nyheter\/stor-katastrofovning-pa-solkusten-pa-fredag\/","url":"https:\/\/lightweb.dev\/l\/svm-temp\/nyheter\/stor-katastrofovning-pa-solkusten-pa-fredag\/","name":"Stor katastrof\u00f6vning p\u00e5 Solkusten p\u00e5 fredag - Svenska Magasinet","isPartOf":{"@id":"https:\/\/lightweb.dev\/l\/svm-temp\/#website"},"primaryImageOfPage":{"@id":"https:\/\/lightweb.dev\/l\/svm-temp\/nyheter\/stor-katastrofovning-pa-solkusten-pa-fredag\/#primaryimage"},"image":{"@id":"https:\/\/lightweb.dev\/l\/svm-temp\/nyheter\/stor-katastrofovning-pa-solkusten-pa-fredag\/#primaryimage"},"thumbnailUrl":"https:\/\/lightweb.dev\/l\/svm-temp\/wp-content\/uploads\/2022\/06\/stor-katastrofovning-pa-solkusten-pa-fredag.png","datePublished":"2013-10-22T22:00:00+00:00","breadcrumb":{"@id":"https:\/\/lightweb.dev\/l\/svm-temp\/nyheter\/stor-katastrofovning-pa-solkusten-pa-fredag\/#breadcrumb"},"inLanguage":"sv-SE","potentialAction":[{"@type":"ReadAction","target":["https:\/\/lightweb.dev\/l\/svm-temp\/nyheter\/stor-katastrofovning-pa-solkusten-pa-fredag\/"]}]},{"@type":"ImageObject","inLanguage":"sv-SE","@id":"https:\/\/lightweb.dev\/l\/svm-temp\/nyheter\/stor-katastrofovning-pa-solkusten-pa-fredag\/#primaryimage","url":"https:\/\/lightweb.dev\/l\/svm-temp\/wp-content\/uploads\/2022\/06\/stor-katastrofovning-pa-solkusten-pa-fredag.png","contentUrl":"https:\/\/lightweb.dev\/l\/svm-temp\/wp-content\/uploads\/2022\/06\/stor-katastrofovning-pa-solkusten-pa-fredag.png","width":280,"height":210},{"@type":"BreadcrumbList","@id":"https:\/\/lightweb.dev\/l\/svm-temp\/nyheter\/stor-katastrofovning-pa-solkusten-pa-fredag\/#breadcrumb","itemListElement":[{"@type":"ListItem","position":1,"name":"Hem","item":"https:\/\/lightweb.dev\/l\/svm-temp\/"},{"@type":"ListItem","position":2,"name":"Stor katastrof\u00f6vning p\u00e5 Solkusten p\u00e5 fredag"}]},{"@type":"WebSite","@id":"https:\/\/lightweb.dev\/l\/svm-temp\/#website","url":"https:\/\/lightweb.dev\/l\/svm-temp\/","name":"Svenska Magasinet","description":"Dina Spanska nyheter p&aring; Svenska","publisher":{"@id":"https:\/\/lightweb.dev\/l\/svm-temp\/#organization"},"potentialAction":[{"@type":"SearchAction","target":{"@type":"EntryPoint","urlTemplate":"https:\/\/lightweb.dev\/l\/svm-temp\/?s={search_term_string}"},"query-input":{"@type":"PropertyValueSpecification","valueRequired":true,"valueName":"search_term_string"}}],"inLanguage":"sv-SE"},{"@type":"Organization","@id":"https:\/\/lightweb.dev\/l\/svm-temp\/#organization","name":"Melkerson y Nott SL","alternateName":"Svenska Magasinet","url":"https:\/\/lightweb.dev\/l\/svm-temp\/","logo":{"@type":"ImageObject","inLanguage":"sv-SE","@id":"https:\/\/lightweb.dev\/l\/svm-temp\/#\/schema\/logo\/image\/","url":"https:\/\/lightweb.dev\/l\/svm-temp\/wp-content\/uploads\/2025\/02\/SvM-logo-Xtra-Centrerad-SVART.png","contentUrl":"https:\/\/lightweb.dev\/l\/svm-temp\/wp-content\/uploads\/2025\/02\/SvM-logo-Xtra-Centrerad-SVART.png","width":300,"height":99,"caption":"Melkerson y Nott SL"},"image":{"@id":"https:\/\/lightweb.dev\/l\/svm-temp\/#\/schema\/logo\/image\/"},"sameAs":["https:\/\/www.facebook.com\/svenskamagasinet","https:\/\/x.com\/SvenskaMagasine"]},{"@type":"Person","@id":"https:\/\/lightweb.dev\/l\/svm-temp\/#\/schema\/person\/206a3bda5b607b0c25e1749191e4d837","name":"Redaktionen SvM","description":"Redaktionen","sameAs":["https:\/\/lightweb.dev\/l\/svm-temp"],"url":"https:\/\/lightweb.dev\/l\/svm-temp\/reporter\/redaktionen\/"}]}},"_links":{"self":[{"href":"https:\/\/lightweb.dev\/l\/svm-temp\/wp-json\/wp\/v2\/posts\/28676","targetHints":{"allow":["GET"]}}],"collection":[{"href":"https:\/\/lightweb.dev\/l\/svm-temp\/wp-json\/wp\/v2\/posts"}],"about":[{"href":"https:\/\/lightweb.dev\/l\/svm-temp\/wp-json\/wp\/v2\/types\/post"}],"author":[{"embeddable":true,"href":"https:\/\/lightweb.dev\/l\/svm-temp\/wp-json\/wp\/v2\/users\/8"}],"replies":[{"embeddable":true,"href":"https:\/\/lightweb.dev\/l\/svm-temp\/wp-json\/wp\/v2\/comments?post=28676"}],"version-history":[{"count":0,"href":"https:\/\/lightweb.dev\/l\/svm-temp\/wp-json\/wp\/v2\/posts\/28676\/revisions"}],"wp:featuredmedia":[{"embeddable":true,"href":"https:\/\/lightweb.dev\/l\/svm-temp\/wp-json\/wp\/v2\/media\/28679"}],"wp:attachment":[{"href":"https:\/\/lightweb.dev\/l\/svm-temp\/wp-json\/wp\/v2\/media?parent=28676"}],"wp:term":[{"taxonomy":"category","embeddable":true,"href":"https:\/\/lightweb.dev\/l\/svm-temp\/wp-json\/wp\/v2\/categories?post=28676"},{"taxonomy":"post_tag","embeddable":true,"href":"https:\/\/lightweb.dev\/l\/svm-temp\/wp-json\/wp\/v2\/tags?post=28676"}],"curies":[{"name":"wp","href":"https:\/\/api.w.org\/{rel}","templated":true}]}}