{"id":28691,"date":"2013-10-22T00:00:00","date_gmt":"2013-10-21T22:00:00","guid":{"rendered":"https:\/\/lightweb.dev\/l\/svm-temp\/nyheter\/sveriges-ambassador-utstallningen-visar-att-vi-kan-tavla-med-spansk-konst\/"},"modified":"2013-10-22T00:00:00","modified_gmt":"2013-10-21T22:00:00","slug":"sveriges-ambassador-utstallningen-visar-att-vi-kan-tavla-med-spansk-konst","status":"publish","type":"post","link":"https:\/\/lightweb.dev\/l\/svm-temp\/nyheter\/sveriges-ambassador-utstallningen-visar-att-vi-kan-tavla-med-spansk-konst\/","title":{"rendered":"Sveriges ambassad\u00f6r: \u201dUtst\u00e4llningen visar att vi kan t\u00e4vla med spansk konst\u201d"},"content":{"rendered":"<p> Sveriges Spanienambassad\u00f6r Cecilia Julin n\u00e4rvarade vid invigningen av utst\u00e4llningen \u201dAbstrakt pionj\u00e4r\u201d med 214 konstverk av Hilma af Klints p\u00e5 Picassomuseet i M\u00e1laga. Av Ola Josefsson<\/p>\n<p>&#8211; Det k\u00e4nns verkligen j\u00e4tteroligt med ett s\u00e5dant stort svenskt konstprojekt i Spanien. Det \u00e4r den f\u00f6rsta stora utst\u00e4llningen med verk av en svensk konstn\u00e4r som jag n\u00e4rvarar vid efter mina tv\u00e5 \u00e5r i Spanien. Jag \u00e4r glad att jag hade m\u00f6jlighet att komma hit, s\u00e4ger Cecilia Julin n\u00e4r Svenska Magasinet m\u00f6ter henne i samband med g\u00e5rdagens invigning.<\/p>\n<p>Den svenska ambassad\u00f6ren gl\u00e4ds ocks\u00e5 \u00e5t att en svensk konstn\u00e4r kan t\u00e4vla med Spaniens stora m\u00e4stare.<br \/>\n&#8211; Utst\u00e4llningen har redan v\u00e4ckt stort intresse och det \u00e4r roligt att svensk konst och kultur uppm\u00e4rksammas i Spanien som har flera stora konstn\u00e4rer. Med denna utst\u00e4llning visar vi att Sverige kan t\u00e4vla mot de stora spanska m\u00e4starna.<\/p>\n<p>Att utst\u00e4llningen har kommit till M\u00e1laga kan vi tacka Moderna museet i Stockholm f\u00f6r.<br \/>\n&#8211; Det \u00e4r ett initiativ som har tagits efter kontakter mellan dessa museum. Utst\u00e4llningskommissarien Iris M\u00fcller-Westermann vid Moderna museet i Stockholm k\u00e4nde till Picassomuseet i M\u00e1laga \u2013 och nu \u00e4r utst\u00e4llningen h\u00e4r, ber\u00e4ttar ambassad\u00f6ren.<\/p>\n<p>Cecilia Julin har varit ambassad\u00f6r i Spanien i tv\u00e5 \u00e5r och har d\u00e4rmed kommit halvv\u00e4gs i tj\u00e4nstg\u00f6ringen.<br \/>\n&#8211; Normalt tj\u00e4nstg\u00f6r ambassad\u00f6rer p\u00e5 ett st\u00e4lle mellan tre till fem \u00e5r. Det har varit en intressant tid. Med tanke p\u00e5 den ekonomiska krisen har det varit mycket fokus p\u00e5 Spanien vilket g\u00f6r att \u00e4ven ambassadens och mitt arbete hamnar mer i fokus, s\u00e4ger Cecilia Julin.<\/p>\n","protected":false},"excerpt":{"rendered":"<p>Sveriges Spanienambassad\u00f6r Cecilia Julin n\u00e4rvarade vid invigningen av utst\u00e4llningen \u201dAbstrakt pionj\u00e4r\u201d med 214 konstverk av Hilma af Klints p\u00e5 Picassomuseet i M\u00e1laga. Av Ola Josefsson &#8211; Det k\u00e4nns verkligen j\u00e4tteroligt med ett s\u00e5dant stort svenskt konstprojekt i Spanien. Det \u00e4r den f\u00f6rsta stora utst\u00e4llningen med verk av en svensk konstn\u00e4r som jag n\u00e4rvarar vid efter [&hellip;]<\/p>\n","protected":false},"author":8,"featured_media":28694,"comment_status":"open","ping_status":"open","sticky":false,"template":"","format":"standard","meta":{"_et_pb_use_builder":"","_et_pb_old_content":"","_et_gb_content_width":"","footnotes":""},"categories":[395,3],"tags":[],"class_list":["post-28691","post","type-post","status-publish","format-standard","has-post-thumbnail","hentry","category-arkiv-nyheter","category-nyheter"],"yoast_head":"<!-- This site is optimized with the Yoast SEO Premium plugin v26.2 (Yoast SEO v27.4) - https:\/\/yoast.com\/product\/yoast-seo-premium-wordpress\/ -->\n<title>Sveriges ambassad\u00f6r: \u201dUtst\u00e4llningen visar att vi kan t\u00e4vla med spansk konst\u201d - Svenska Magasinet<\/title>\n<meta name=\"robots\" content=\"noindex, follow, max-snippet:-1, max-image-preview:large, max-video-preview:-1\" \/>\n<meta property=\"og:locale\" content=\"sv_SE\" \/>\n<meta property=\"og:type\" content=\"article\" \/>\n<meta property=\"og:title\" content=\"Sveriges ambassad\u00f6r: \u201dUtst\u00e4llningen visar att vi kan t\u00e4vla med spansk konst\u201d\" \/>\n<meta property=\"og:description\" content=\"Sveriges Spanienambassad\u00f6r Cecilia Julin n\u00e4rvarade vid invigningen av utst\u00e4llningen \u201dAbstrakt pionj\u00e4r\u201d med 214 konstverk av Hilma af Klints p\u00e5 Picassomuseet i M\u00e1laga. Av Ola Josefsson &#8211; Det k\u00e4nns verkligen j\u00e4tteroligt med ett s\u00e5dant stort svenskt konstprojekt i Spanien. Det \u00e4r den f\u00f6rsta stora utst\u00e4llningen med verk av en svensk konstn\u00e4r som jag n\u00e4rvarar vid efter [&hellip;]\" \/>\n<meta property=\"og:url\" content=\"https:\/\/lightweb.dev\/l\/svm-temp\/nyheter\/sveriges-ambassador-utstallningen-visar-att-vi-kan-tavla-med-spansk-konst\/\" \/>\n<meta property=\"og:site_name\" content=\"Svenska Magasinet\" \/>\n<meta property=\"article:publisher\" content=\"https:\/\/www.facebook.com\/svenskamagasinet\" \/>\n<meta property=\"article:published_time\" content=\"2013-10-21T22:00:00+00:00\" \/>\n<meta name=\"author\" content=\"Redaktionen SvM\" \/>\n<meta name=\"twitter:card\" content=\"summary_large_image\" \/>\n<meta name=\"twitter:creator\" content=\"@SvenskaMagasine\" \/>\n<meta name=\"twitter:site\" content=\"@SvenskaMagasine\" \/>\n<script type=\"application\/ld+json\" class=\"yoast-schema-graph\">{\"@context\":\"https:\\\/\\\/schema.org\",\"@graph\":[{\"@type\":\"Article\",\"@id\":\"https:\\\/\\\/lightweb.dev\\\/l\\\/svm-temp\\\/nyheter\\\/sveriges-ambassador-utstallningen-visar-att-vi-kan-tavla-med-spansk-konst\\\/#article\",\"isPartOf\":{\"@id\":\"https:\\\/\\\/lightweb.dev\\\/l\\\/svm-temp\\\/nyheter\\\/sveriges-ambassador-utstallningen-visar-att-vi-kan-tavla-med-spansk-konst\\\/\"},\"author\":{\"name\":\"Redaktionen SvM\",\"@id\":\"https:\\\/\\\/lightweb.dev\\\/l\\\/svm-temp\\\/#\\\/schema\\\/person\\\/206a3bda5b607b0c25e1749191e4d837\"},\"headline\":\"Sveriges ambassad\u00f6r: \u201dUtst\u00e4llningen visar att vi kan t\u00e4vla med spansk konst\u201d\",\"datePublished\":\"2013-10-21T22:00:00+00:00\",\"mainEntityOfPage\":{\"@id\":\"https:\\\/\\\/lightweb.dev\\\/l\\\/svm-temp\\\/nyheter\\\/sveriges-ambassador-utstallningen-visar-att-vi-kan-tavla-med-spansk-konst\\\/\"},\"wordCount\":311,\"commentCount\":0,\"publisher\":{\"@id\":\"https:\\\/\\\/lightweb.dev\\\/l\\\/svm-temp\\\/#organization\"},\"image\":{\"@id\":\"https:\\\/\\\/lightweb.dev\\\/l\\\/svm-temp\\\/nyheter\\\/sveriges-ambassador-utstallningen-visar-att-vi-kan-tavla-med-spansk-konst\\\/#primaryimage\"},\"thumbnailUrl\":\"https:\\\/\\\/lightweb.dev\\\/l\\\/svm-temp\\\/wp-content\\\/uploads\\\/2022\\\/06\\\/sveriges-ambassador-utstallningen-visar-att-vi-kan-tavla-med-spansk-konst.png\",\"articleSection\":[\"Arkiv\",\"Nyheter\"],\"inLanguage\":\"sv-SE\"},{\"@type\":\"WebPage\",\"@id\":\"https:\\\/\\\/lightweb.dev\\\/l\\\/svm-temp\\\/nyheter\\\/sveriges-ambassador-utstallningen-visar-att-vi-kan-tavla-med-spansk-konst\\\/\",\"url\":\"https:\\\/\\\/lightweb.dev\\\/l\\\/svm-temp\\\/nyheter\\\/sveriges-ambassador-utstallningen-visar-att-vi-kan-tavla-med-spansk-konst\\\/\",\"name\":\"Sveriges ambassad\u00f6r: \u201dUtst\u00e4llningen visar att vi kan t\u00e4vla med spansk konst\u201d - Svenska Magasinet\",\"isPartOf\":{\"@id\":\"https:\\\/\\\/lightweb.dev\\\/l\\\/svm-temp\\\/#website\"},\"primaryImageOfPage\":{\"@id\":\"https:\\\/\\\/lightweb.dev\\\/l\\\/svm-temp\\\/nyheter\\\/sveriges-ambassador-utstallningen-visar-att-vi-kan-tavla-med-spansk-konst\\\/#primaryimage\"},\"image\":{\"@id\":\"https:\\\/\\\/lightweb.dev\\\/l\\\/svm-temp\\\/nyheter\\\/sveriges-ambassador-utstallningen-visar-att-vi-kan-tavla-med-spansk-konst\\\/#primaryimage\"},\"thumbnailUrl\":\"https:\\\/\\\/lightweb.dev\\\/l\\\/svm-temp\\\/wp-content\\\/uploads\\\/2022\\\/06\\\/sveriges-ambassador-utstallningen-visar-att-vi-kan-tavla-med-spansk-konst.png\",\"datePublished\":\"2013-10-21T22:00:00+00:00\",\"breadcrumb\":{\"@id\":\"https:\\\/\\\/lightweb.dev\\\/l\\\/svm-temp\\\/nyheter\\\/sveriges-ambassador-utstallningen-visar-att-vi-kan-tavla-med-spansk-konst\\\/#breadcrumb\"},\"inLanguage\":\"sv-SE\",\"potentialAction\":[{\"@type\":\"ReadAction\",\"target\":[\"https:\\\/\\\/lightweb.dev\\\/l\\\/svm-temp\\\/nyheter\\\/sveriges-ambassador-utstallningen-visar-att-vi-kan-tavla-med-spansk-konst\\\/\"]}]},{\"@type\":\"ImageObject\",\"inLanguage\":\"sv-SE\",\"@id\":\"https:\\\/\\\/lightweb.dev\\\/l\\\/svm-temp\\\/nyheter\\\/sveriges-ambassador-utstallningen-visar-att-vi-kan-tavla-med-spansk-konst\\\/#primaryimage\",\"url\":\"https:\\\/\\\/lightweb.dev\\\/l\\\/svm-temp\\\/wp-content\\\/uploads\\\/2022\\\/06\\\/sveriges-ambassador-utstallningen-visar-att-vi-kan-tavla-med-spansk-konst.png\",\"contentUrl\":\"https:\\\/\\\/lightweb.dev\\\/l\\\/svm-temp\\\/wp-content\\\/uploads\\\/2022\\\/06\\\/sveriges-ambassador-utstallningen-visar-att-vi-kan-tavla-med-spansk-konst.png\",\"width\":280,\"height\":419},{\"@type\":\"BreadcrumbList\",\"@id\":\"https:\\\/\\\/lightweb.dev\\\/l\\\/svm-temp\\\/nyheter\\\/sveriges-ambassador-utstallningen-visar-att-vi-kan-tavla-med-spansk-konst\\\/#breadcrumb\",\"itemListElement\":[{\"@type\":\"ListItem\",\"position\":1,\"name\":\"Hem\",\"item\":\"https:\\\/\\\/lightweb.dev\\\/l\\\/svm-temp\\\/\"},{\"@type\":\"ListItem\",\"position\":2,\"name\":\"Sveriges ambassad\u00f6r: \u201dUtst\u00e4llningen visar att vi kan t\u00e4vla med spansk konst\u201d\"}]},{\"@type\":\"WebSite\",\"@id\":\"https:\\\/\\\/lightweb.dev\\\/l\\\/svm-temp\\\/#website\",\"url\":\"https:\\\/\\\/lightweb.dev\\\/l\\\/svm-temp\\\/\",\"name\":\"Svenska Magasinet\",\"description\":\"Dina Spanska nyheter p&aring; Svenska\",\"publisher\":{\"@id\":\"https:\\\/\\\/lightweb.dev\\\/l\\\/svm-temp\\\/#organization\"},\"potentialAction\":[{\"@type\":\"SearchAction\",\"target\":{\"@type\":\"EntryPoint\",\"urlTemplate\":\"https:\\\/\\\/lightweb.dev\\\/l\\\/svm-temp\\\/?s={search_term_string}\"},\"query-input\":{\"@type\":\"PropertyValueSpecification\",\"valueRequired\":true,\"valueName\":\"search_term_string\"}}],\"inLanguage\":\"sv-SE\"},{\"@type\":\"Organization\",\"@id\":\"https:\\\/\\\/lightweb.dev\\\/l\\\/svm-temp\\\/#organization\",\"name\":\"Melkerson y Nott SL\",\"alternateName\":\"Svenska Magasinet\",\"url\":\"https:\\\/\\\/lightweb.dev\\\/l\\\/svm-temp\\\/\",\"logo\":{\"@type\":\"ImageObject\",\"inLanguage\":\"sv-SE\",\"@id\":\"https:\\\/\\\/lightweb.dev\\\/l\\\/svm-temp\\\/#\\\/schema\\\/logo\\\/image\\\/\",\"url\":\"https:\\\/\\\/lightweb.dev\\\/l\\\/svm-temp\\\/wp-content\\\/uploads\\\/2025\\\/02\\\/SvM-logo-Xtra-Centrerad-SVART.png\",\"contentUrl\":\"https:\\\/\\\/lightweb.dev\\\/l\\\/svm-temp\\\/wp-content\\\/uploads\\\/2025\\\/02\\\/SvM-logo-Xtra-Centrerad-SVART.png\",\"width\":300,\"height\":99,\"caption\":\"Melkerson y Nott SL\"},\"image\":{\"@id\":\"https:\\\/\\\/lightweb.dev\\\/l\\\/svm-temp\\\/#\\\/schema\\\/logo\\\/image\\\/\"},\"sameAs\":[\"https:\\\/\\\/www.facebook.com\\\/svenskamagasinet\",\"https:\\\/\\\/x.com\\\/SvenskaMagasine\"]},{\"@type\":\"Person\",\"@id\":\"https:\\\/\\\/lightweb.dev\\\/l\\\/svm-temp\\\/#\\\/schema\\\/person\\\/206a3bda5b607b0c25e1749191e4d837\",\"name\":\"Redaktionen SvM\",\"description\":\"Redaktionen\",\"sameAs\":[\"https:\\\/\\\/lightweb.dev\\\/l\\\/svm-temp\"],\"url\":\"https:\\\/\\\/lightweb.dev\\\/l\\\/svm-temp\\\/reporter\\\/redaktionen\\\/\"}]}<\/script>\n<!-- \/ Yoast SEO Premium plugin. -->","yoast_head_json":{"title":"Sveriges ambassad\u00f6r: \u201dUtst\u00e4llningen visar att vi kan t\u00e4vla med spansk konst\u201d - Svenska Magasinet","robots":{"index":"noindex","follow":"follow","max-snippet":"max-snippet:-1","max-image-preview":"max-image-preview:large","max-video-preview":"max-video-preview:-1"},"og_locale":"sv_SE","og_type":"article","og_title":"Sveriges ambassad\u00f6r: \u201dUtst\u00e4llningen visar att vi kan t\u00e4vla med spansk konst\u201d","og_description":"Sveriges Spanienambassad\u00f6r Cecilia Julin n\u00e4rvarade vid invigningen av utst\u00e4llningen \u201dAbstrakt pionj\u00e4r\u201d med 214 konstverk av Hilma af Klints p\u00e5 Picassomuseet i M\u00e1laga. Av Ola Josefsson &#8211; Det k\u00e4nns verkligen j\u00e4tteroligt med ett s\u00e5dant stort svenskt konstprojekt i Spanien. Det \u00e4r den f\u00f6rsta stora utst\u00e4llningen med verk av en svensk konstn\u00e4r som jag n\u00e4rvarar vid efter [&hellip;]","og_url":"https:\/\/lightweb.dev\/l\/svm-temp\/nyheter\/sveriges-ambassador-utstallningen-visar-att-vi-kan-tavla-med-spansk-konst\/","og_site_name":"Svenska Magasinet","article_publisher":"https:\/\/www.facebook.com\/svenskamagasinet","article_published_time":"2013-10-21T22:00:00+00:00","author":"Redaktionen SvM","twitter_card":"summary_large_image","twitter_creator":"@SvenskaMagasine","twitter_site":"@SvenskaMagasine","schema":{"@context":"https:\/\/schema.org","@graph":[{"@type":"Article","@id":"https:\/\/lightweb.dev\/l\/svm-temp\/nyheter\/sveriges-ambassador-utstallningen-visar-att-vi-kan-tavla-med-spansk-konst\/#article","isPartOf":{"@id":"https:\/\/lightweb.dev\/l\/svm-temp\/nyheter\/sveriges-ambassador-utstallningen-visar-att-vi-kan-tavla-med-spansk-konst\/"},"author":{"name":"Redaktionen SvM","@id":"https:\/\/lightweb.dev\/l\/svm-temp\/#\/schema\/person\/206a3bda5b607b0c25e1749191e4d837"},"headline":"Sveriges ambassad\u00f6r: \u201dUtst\u00e4llningen visar att vi kan t\u00e4vla med spansk konst\u201d","datePublished":"2013-10-21T22:00:00+00:00","mainEntityOfPage":{"@id":"https:\/\/lightweb.dev\/l\/svm-temp\/nyheter\/sveriges-ambassador-utstallningen-visar-att-vi-kan-tavla-med-spansk-konst\/"},"wordCount":311,"commentCount":0,"publisher":{"@id":"https:\/\/lightweb.dev\/l\/svm-temp\/#organization"},"image":{"@id":"https:\/\/lightweb.dev\/l\/svm-temp\/nyheter\/sveriges-ambassador-utstallningen-visar-att-vi-kan-tavla-med-spansk-konst\/#primaryimage"},"thumbnailUrl":"https:\/\/lightweb.dev\/l\/svm-temp\/wp-content\/uploads\/2022\/06\/sveriges-ambassador-utstallningen-visar-att-vi-kan-tavla-med-spansk-konst.png","articleSection":["Arkiv","Nyheter"],"inLanguage":"sv-SE"},{"@type":"WebPage","@id":"https:\/\/lightweb.dev\/l\/svm-temp\/nyheter\/sveriges-ambassador-utstallningen-visar-att-vi-kan-tavla-med-spansk-konst\/","url":"https:\/\/lightweb.dev\/l\/svm-temp\/nyheter\/sveriges-ambassador-utstallningen-visar-att-vi-kan-tavla-med-spansk-konst\/","name":"Sveriges ambassad\u00f6r: \u201dUtst\u00e4llningen visar att vi kan t\u00e4vla med spansk konst\u201d - Svenska Magasinet","isPartOf":{"@id":"https:\/\/lightweb.dev\/l\/svm-temp\/#website"},"primaryImageOfPage":{"@id":"https:\/\/lightweb.dev\/l\/svm-temp\/nyheter\/sveriges-ambassador-utstallningen-visar-att-vi-kan-tavla-med-spansk-konst\/#primaryimage"},"image":{"@id":"https:\/\/lightweb.dev\/l\/svm-temp\/nyheter\/sveriges-ambassador-utstallningen-visar-att-vi-kan-tavla-med-spansk-konst\/#primaryimage"},"thumbnailUrl":"https:\/\/lightweb.dev\/l\/svm-temp\/wp-content\/uploads\/2022\/06\/sveriges-ambassador-utstallningen-visar-att-vi-kan-tavla-med-spansk-konst.png","datePublished":"2013-10-21T22:00:00+00:00","breadcrumb":{"@id":"https:\/\/lightweb.dev\/l\/svm-temp\/nyheter\/sveriges-ambassador-utstallningen-visar-att-vi-kan-tavla-med-spansk-konst\/#breadcrumb"},"inLanguage":"sv-SE","potentialAction":[{"@type":"ReadAction","target":["https:\/\/lightweb.dev\/l\/svm-temp\/nyheter\/sveriges-ambassador-utstallningen-visar-att-vi-kan-tavla-med-spansk-konst\/"]}]},{"@type":"ImageObject","inLanguage":"sv-SE","@id":"https:\/\/lightweb.dev\/l\/svm-temp\/nyheter\/sveriges-ambassador-utstallningen-visar-att-vi-kan-tavla-med-spansk-konst\/#primaryimage","url":"https:\/\/lightweb.dev\/l\/svm-temp\/wp-content\/uploads\/2022\/06\/sveriges-ambassador-utstallningen-visar-att-vi-kan-tavla-med-spansk-konst.png","contentUrl":"https:\/\/lightweb.dev\/l\/svm-temp\/wp-content\/uploads\/2022\/06\/sveriges-ambassador-utstallningen-visar-att-vi-kan-tavla-med-spansk-konst.png","width":280,"height":419},{"@type":"BreadcrumbList","@id":"https:\/\/lightweb.dev\/l\/svm-temp\/nyheter\/sveriges-ambassador-utstallningen-visar-att-vi-kan-tavla-med-spansk-konst\/#breadcrumb","itemListElement":[{"@type":"ListItem","position":1,"name":"Hem","item":"https:\/\/lightweb.dev\/l\/svm-temp\/"},{"@type":"ListItem","position":2,"name":"Sveriges ambassad\u00f6r: \u201dUtst\u00e4llningen visar att vi kan t\u00e4vla med spansk konst\u201d"}]},{"@type":"WebSite","@id":"https:\/\/lightweb.dev\/l\/svm-temp\/#website","url":"https:\/\/lightweb.dev\/l\/svm-temp\/","name":"Svenska Magasinet","description":"Dina Spanska nyheter p&aring; Svenska","publisher":{"@id":"https:\/\/lightweb.dev\/l\/svm-temp\/#organization"},"potentialAction":[{"@type":"SearchAction","target":{"@type":"EntryPoint","urlTemplate":"https:\/\/lightweb.dev\/l\/svm-temp\/?s={search_term_string}"},"query-input":{"@type":"PropertyValueSpecification","valueRequired":true,"valueName":"search_term_string"}}],"inLanguage":"sv-SE"},{"@type":"Organization","@id":"https:\/\/lightweb.dev\/l\/svm-temp\/#organization","name":"Melkerson y Nott SL","alternateName":"Svenska Magasinet","url":"https:\/\/lightweb.dev\/l\/svm-temp\/","logo":{"@type":"ImageObject","inLanguage":"sv-SE","@id":"https:\/\/lightweb.dev\/l\/svm-temp\/#\/schema\/logo\/image\/","url":"https:\/\/lightweb.dev\/l\/svm-temp\/wp-content\/uploads\/2025\/02\/SvM-logo-Xtra-Centrerad-SVART.png","contentUrl":"https:\/\/lightweb.dev\/l\/svm-temp\/wp-content\/uploads\/2025\/02\/SvM-logo-Xtra-Centrerad-SVART.png","width":300,"height":99,"caption":"Melkerson y Nott SL"},"image":{"@id":"https:\/\/lightweb.dev\/l\/svm-temp\/#\/schema\/logo\/image\/"},"sameAs":["https:\/\/www.facebook.com\/svenskamagasinet","https:\/\/x.com\/SvenskaMagasine"]},{"@type":"Person","@id":"https:\/\/lightweb.dev\/l\/svm-temp\/#\/schema\/person\/206a3bda5b607b0c25e1749191e4d837","name":"Redaktionen SvM","description":"Redaktionen","sameAs":["https:\/\/lightweb.dev\/l\/svm-temp"],"url":"https:\/\/lightweb.dev\/l\/svm-temp\/reporter\/redaktionen\/"}]}},"_links":{"self":[{"href":"https:\/\/lightweb.dev\/l\/svm-temp\/wp-json\/wp\/v2\/posts\/28691","targetHints":{"allow":["GET"]}}],"collection":[{"href":"https:\/\/lightweb.dev\/l\/svm-temp\/wp-json\/wp\/v2\/posts"}],"about":[{"href":"https:\/\/lightweb.dev\/l\/svm-temp\/wp-json\/wp\/v2\/types\/post"}],"author":[{"embeddable":true,"href":"https:\/\/lightweb.dev\/l\/svm-temp\/wp-json\/wp\/v2\/users\/8"}],"replies":[{"embeddable":true,"href":"https:\/\/lightweb.dev\/l\/svm-temp\/wp-json\/wp\/v2\/comments?post=28691"}],"version-history":[{"count":0,"href":"https:\/\/lightweb.dev\/l\/svm-temp\/wp-json\/wp\/v2\/posts\/28691\/revisions"}],"wp:featuredmedia":[{"embeddable":true,"href":"https:\/\/lightweb.dev\/l\/svm-temp\/wp-json\/wp\/v2\/media\/28694"}],"wp:attachment":[{"href":"https:\/\/lightweb.dev\/l\/svm-temp\/wp-json\/wp\/v2\/media?parent=28691"}],"wp:term":[{"taxonomy":"category","embeddable":true,"href":"https:\/\/lightweb.dev\/l\/svm-temp\/wp-json\/wp\/v2\/categories?post=28691"},{"taxonomy":"post_tag","embeddable":true,"href":"https:\/\/lightweb.dev\/l\/svm-temp\/wp-json\/wp\/v2\/tags?post=28691"}],"curies":[{"name":"wp","href":"https:\/\/api.w.org\/{rel}","templated":true}]}}