{"id":28704,"date":"2013-10-21T00:00:00","date_gmt":"2013-10-20T22:00:00","guid":{"rendered":"https:\/\/lightweb.dev\/l\/svm-temp\/nyheter\/varm-host-ger-farre-inkop-av-vinterklader\/"},"modified":"2013-10-21T00:00:00","modified_gmt":"2013-10-20T22:00:00","slug":"varm-host-ger-farre-inkop-av-vinterklader","status":"publish","type":"post","link":"https:\/\/lightweb.dev\/l\/svm-temp\/nyheter\/varm-host-ger-farre-inkop-av-vinterklader\/","title":{"rendered":"Varm h\u00f6st ger f\u00e4rre ink\u00f6p av vinterkl\u00e4der"},"content":{"rendered":"<p> Det varma h\u00f6stv\u00e4dret p\u00e5 Costa det Sol g\u00f6r att kl\u00e4dbutikerna inte s\u00e4ljer n\u00e5gra vinterkl\u00e4der. Butikerna \u00e4r fyllda med vinterns kollektioner men det lockar inte n\u00e4r kvicksilvret i skuggan st\u00e5r p\u00e5 omkring 25 grader.<\/p>\n<p>\u201dVi hade inte v\u00e4ntat oss att sommaren skulle bli s\u00e5 l\u00e5ng\u201d s\u00e4ger Enrique Gil vid handlarnas f\u00f6rening Fecoma.<\/p>\n<p>Det \u00e4r f\u00e5 som g\u00f6r ink\u00f6p av de nya vinterkollektionerna s\u00e5 l\u00e4nge sommartemperaturerna h\u00e5ller i sig.<br \/>\n\u201d I nul\u00e4get f\u00e5r handlarna knappast n\u00e5gon hj\u00e4lp av klimatet\u201d s\u00e4ger en butiks\u00e4gare.<\/p>\n<p>Pilar Tornay som \u00e4r butiks\u00e4gare s\u00e4ger till dagstidningen SUR att ink\u00f6pen hittills i h\u00f6st har varit f\u00e4rre j\u00e4mf\u00f6rt med tidigare \u00e5r. Andra butiker som skoaff\u00e4rer har v\u00e4ntat med att st\u00e4lla fram vinterskor i skyltf\u00f6nstren.<\/p>\n<p>Om n\u00e5gra m\u00e5nader ska n\u00e4sta \u00e5rs v\u00e5rkollektion fram i skyltf\u00f6nstren. Kommer inte vintern den n\u00e4rmaste tiden v\u00e4ntar rabatter p\u00e5 s\u00e4songens vinterkollektion. <\/p>\n","protected":false},"excerpt":{"rendered":"<p>Det varma h\u00f6stv\u00e4dret p\u00e5 Costa det Sol g\u00f6r att kl\u00e4dbutikerna inte s\u00e4ljer n\u00e5gra vinterkl\u00e4der. Butikerna \u00e4r fyllda med vinterns kollektioner men det lockar inte n\u00e4r kvicksilvret i skuggan st\u00e5r p\u00e5 omkring 25 grader. \u201dVi hade inte v\u00e4ntat oss att sommaren skulle bli s\u00e5 l\u00e5ng\u201d s\u00e4ger Enrique Gil vid handlarnas f\u00f6rening Fecoma. Det \u00e4r f\u00e5 som [&hellip;]<\/p>\n","protected":false},"author":8,"featured_media":28706,"comment_status":"open","ping_status":"open","sticky":false,"template":"","format":"standard","meta":{"_et_pb_use_builder":"","_et_pb_old_content":"","_et_gb_content_width":"","footnotes":""},"categories":[395,3],"tags":[],"class_list":["post-28704","post","type-post","status-publish","format-standard","has-post-thumbnail","hentry","category-arkiv-nyheter","category-nyheter"],"yoast_head":"<!-- This site is optimized with the Yoast SEO Premium plugin v26.2 (Yoast SEO v27.4) - https:\/\/yoast.com\/product\/yoast-seo-premium-wordpress\/ -->\n<title>Varm h\u00f6st ger f\u00e4rre ink\u00f6p av vinterkl\u00e4der - Svenska Magasinet<\/title>\n<meta name=\"robots\" content=\"noindex, follow, max-snippet:-1, max-image-preview:large, max-video-preview:-1\" \/>\n<meta property=\"og:locale\" content=\"sv_SE\" \/>\n<meta property=\"og:type\" content=\"article\" \/>\n<meta property=\"og:title\" content=\"Varm h\u00f6st ger f\u00e4rre ink\u00f6p av vinterkl\u00e4der\" \/>\n<meta property=\"og:description\" content=\"Det varma h\u00f6stv\u00e4dret p\u00e5 Costa det Sol g\u00f6r att kl\u00e4dbutikerna inte s\u00e4ljer n\u00e5gra vinterkl\u00e4der. Butikerna \u00e4r fyllda med vinterns kollektioner men det lockar inte n\u00e4r kvicksilvret i skuggan st\u00e5r p\u00e5 omkring 25 grader. \u201dVi hade inte v\u00e4ntat oss att sommaren skulle bli s\u00e5 l\u00e5ng\u201d s\u00e4ger Enrique Gil vid handlarnas f\u00f6rening Fecoma. Det \u00e4r f\u00e5 som [&hellip;]\" \/>\n<meta property=\"og:url\" content=\"https:\/\/lightweb.dev\/l\/svm-temp\/nyheter\/varm-host-ger-farre-inkop-av-vinterklader\/\" \/>\n<meta property=\"og:site_name\" content=\"Svenska Magasinet\" \/>\n<meta property=\"article:publisher\" content=\"https:\/\/www.facebook.com\/svenskamagasinet\" \/>\n<meta property=\"article:published_time\" content=\"2013-10-20T22:00:00+00:00\" \/>\n<meta name=\"author\" content=\"Redaktionen SvM\" \/>\n<meta name=\"twitter:card\" content=\"summary_large_image\" \/>\n<meta name=\"twitter:creator\" content=\"@SvenskaMagasine\" \/>\n<meta name=\"twitter:site\" content=\"@SvenskaMagasine\" \/>\n<script type=\"application\/ld+json\" class=\"yoast-schema-graph\">{\"@context\":\"https:\\\/\\\/schema.org\",\"@graph\":[{\"@type\":\"Article\",\"@id\":\"https:\\\/\\\/lightweb.dev\\\/l\\\/svm-temp\\\/nyheter\\\/varm-host-ger-farre-inkop-av-vinterklader\\\/#article\",\"isPartOf\":{\"@id\":\"https:\\\/\\\/lightweb.dev\\\/l\\\/svm-temp\\\/nyheter\\\/varm-host-ger-farre-inkop-av-vinterklader\\\/\"},\"author\":{\"name\":\"Redaktionen SvM\",\"@id\":\"https:\\\/\\\/lightweb.dev\\\/l\\\/svm-temp\\\/#\\\/schema\\\/person\\\/206a3bda5b607b0c25e1749191e4d837\"},\"headline\":\"Varm h\u00f6st ger f\u00e4rre ink\u00f6p av vinterkl\u00e4der\",\"datePublished\":\"2013-10-20T22:00:00+00:00\",\"mainEntityOfPage\":{\"@id\":\"https:\\\/\\\/lightweb.dev\\\/l\\\/svm-temp\\\/nyheter\\\/varm-host-ger-farre-inkop-av-vinterklader\\\/\"},\"wordCount\":186,\"commentCount\":0,\"publisher\":{\"@id\":\"https:\\\/\\\/lightweb.dev\\\/l\\\/svm-temp\\\/#organization\"},\"image\":{\"@id\":\"https:\\\/\\\/lightweb.dev\\\/l\\\/svm-temp\\\/nyheter\\\/varm-host-ger-farre-inkop-av-vinterklader\\\/#primaryimage\"},\"thumbnailUrl\":\"https:\\\/\\\/lightweb.dev\\\/l\\\/svm-temp\\\/wp-content\\\/uploads\\\/2022\\\/06\\\/varm-host-ger-farre-inkop-av-vinterklader.png\",\"articleSection\":[\"Arkiv\",\"Nyheter\"],\"inLanguage\":\"sv-SE\"},{\"@type\":\"WebPage\",\"@id\":\"https:\\\/\\\/lightweb.dev\\\/l\\\/svm-temp\\\/nyheter\\\/varm-host-ger-farre-inkop-av-vinterklader\\\/\",\"url\":\"https:\\\/\\\/lightweb.dev\\\/l\\\/svm-temp\\\/nyheter\\\/varm-host-ger-farre-inkop-av-vinterklader\\\/\",\"name\":\"Varm h\u00f6st ger f\u00e4rre ink\u00f6p av vinterkl\u00e4der - Svenska Magasinet\",\"isPartOf\":{\"@id\":\"https:\\\/\\\/lightweb.dev\\\/l\\\/svm-temp\\\/#website\"},\"primaryImageOfPage\":{\"@id\":\"https:\\\/\\\/lightweb.dev\\\/l\\\/svm-temp\\\/nyheter\\\/varm-host-ger-farre-inkop-av-vinterklader\\\/#primaryimage\"},\"image\":{\"@id\":\"https:\\\/\\\/lightweb.dev\\\/l\\\/svm-temp\\\/nyheter\\\/varm-host-ger-farre-inkop-av-vinterklader\\\/#primaryimage\"},\"thumbnailUrl\":\"https:\\\/\\\/lightweb.dev\\\/l\\\/svm-temp\\\/wp-content\\\/uploads\\\/2022\\\/06\\\/varm-host-ger-farre-inkop-av-vinterklader.png\",\"datePublished\":\"2013-10-20T22:00:00+00:00\",\"breadcrumb\":{\"@id\":\"https:\\\/\\\/lightweb.dev\\\/l\\\/svm-temp\\\/nyheter\\\/varm-host-ger-farre-inkop-av-vinterklader\\\/#breadcrumb\"},\"inLanguage\":\"sv-SE\",\"potentialAction\":[{\"@type\":\"ReadAction\",\"target\":[\"https:\\\/\\\/lightweb.dev\\\/l\\\/svm-temp\\\/nyheter\\\/varm-host-ger-farre-inkop-av-vinterklader\\\/\"]}]},{\"@type\":\"ImageObject\",\"inLanguage\":\"sv-SE\",\"@id\":\"https:\\\/\\\/lightweb.dev\\\/l\\\/svm-temp\\\/nyheter\\\/varm-host-ger-farre-inkop-av-vinterklader\\\/#primaryimage\",\"url\":\"https:\\\/\\\/lightweb.dev\\\/l\\\/svm-temp\\\/wp-content\\\/uploads\\\/2022\\\/06\\\/varm-host-ger-farre-inkop-av-vinterklader.png\",\"contentUrl\":\"https:\\\/\\\/lightweb.dev\\\/l\\\/svm-temp\\\/wp-content\\\/uploads\\\/2022\\\/06\\\/varm-host-ger-farre-inkop-av-vinterklader.png\",\"width\":299,\"height\":200},{\"@type\":\"BreadcrumbList\",\"@id\":\"https:\\\/\\\/lightweb.dev\\\/l\\\/svm-temp\\\/nyheter\\\/varm-host-ger-farre-inkop-av-vinterklader\\\/#breadcrumb\",\"itemListElement\":[{\"@type\":\"ListItem\",\"position\":1,\"name\":\"Hem\",\"item\":\"https:\\\/\\\/lightweb.dev\\\/l\\\/svm-temp\\\/\"},{\"@type\":\"ListItem\",\"position\":2,\"name\":\"Varm h\u00f6st ger f\u00e4rre ink\u00f6p av vinterkl\u00e4der\"}]},{\"@type\":\"WebSite\",\"@id\":\"https:\\\/\\\/lightweb.dev\\\/l\\\/svm-temp\\\/#website\",\"url\":\"https:\\\/\\\/lightweb.dev\\\/l\\\/svm-temp\\\/\",\"name\":\"Svenska Magasinet\",\"description\":\"Dina Spanska nyheter p&aring; Svenska\",\"publisher\":{\"@id\":\"https:\\\/\\\/lightweb.dev\\\/l\\\/svm-temp\\\/#organization\"},\"potentialAction\":[{\"@type\":\"SearchAction\",\"target\":{\"@type\":\"EntryPoint\",\"urlTemplate\":\"https:\\\/\\\/lightweb.dev\\\/l\\\/svm-temp\\\/?s={search_term_string}\"},\"query-input\":{\"@type\":\"PropertyValueSpecification\",\"valueRequired\":true,\"valueName\":\"search_term_string\"}}],\"inLanguage\":\"sv-SE\"},{\"@type\":\"Organization\",\"@id\":\"https:\\\/\\\/lightweb.dev\\\/l\\\/svm-temp\\\/#organization\",\"name\":\"Melkerson y Nott SL\",\"alternateName\":\"Svenska Magasinet\",\"url\":\"https:\\\/\\\/lightweb.dev\\\/l\\\/svm-temp\\\/\",\"logo\":{\"@type\":\"ImageObject\",\"inLanguage\":\"sv-SE\",\"@id\":\"https:\\\/\\\/lightweb.dev\\\/l\\\/svm-temp\\\/#\\\/schema\\\/logo\\\/image\\\/\",\"url\":\"https:\\\/\\\/lightweb.dev\\\/l\\\/svm-temp\\\/wp-content\\\/uploads\\\/2025\\\/02\\\/SvM-logo-Xtra-Centrerad-SVART.png\",\"contentUrl\":\"https:\\\/\\\/lightweb.dev\\\/l\\\/svm-temp\\\/wp-content\\\/uploads\\\/2025\\\/02\\\/SvM-logo-Xtra-Centrerad-SVART.png\",\"width\":300,\"height\":99,\"caption\":\"Melkerson y Nott SL\"},\"image\":{\"@id\":\"https:\\\/\\\/lightweb.dev\\\/l\\\/svm-temp\\\/#\\\/schema\\\/logo\\\/image\\\/\"},\"sameAs\":[\"https:\\\/\\\/www.facebook.com\\\/svenskamagasinet\",\"https:\\\/\\\/x.com\\\/SvenskaMagasine\"]},{\"@type\":\"Person\",\"@id\":\"https:\\\/\\\/lightweb.dev\\\/l\\\/svm-temp\\\/#\\\/schema\\\/person\\\/206a3bda5b607b0c25e1749191e4d837\",\"name\":\"Redaktionen SvM\",\"description\":\"Redaktionen\",\"sameAs\":[\"https:\\\/\\\/lightweb.dev\\\/l\\\/svm-temp\"],\"url\":\"https:\\\/\\\/lightweb.dev\\\/l\\\/svm-temp\\\/reporter\\\/redaktionen\\\/\"}]}<\/script>\n<!-- \/ Yoast SEO Premium plugin. -->","yoast_head_json":{"title":"Varm h\u00f6st ger f\u00e4rre ink\u00f6p av vinterkl\u00e4der - Svenska Magasinet","robots":{"index":"noindex","follow":"follow","max-snippet":"max-snippet:-1","max-image-preview":"max-image-preview:large","max-video-preview":"max-video-preview:-1"},"og_locale":"sv_SE","og_type":"article","og_title":"Varm h\u00f6st ger f\u00e4rre ink\u00f6p av vinterkl\u00e4der","og_description":"Det varma h\u00f6stv\u00e4dret p\u00e5 Costa det Sol g\u00f6r att kl\u00e4dbutikerna inte s\u00e4ljer n\u00e5gra vinterkl\u00e4der. Butikerna \u00e4r fyllda med vinterns kollektioner men det lockar inte n\u00e4r kvicksilvret i skuggan st\u00e5r p\u00e5 omkring 25 grader. \u201dVi hade inte v\u00e4ntat oss att sommaren skulle bli s\u00e5 l\u00e5ng\u201d s\u00e4ger Enrique Gil vid handlarnas f\u00f6rening Fecoma. Det \u00e4r f\u00e5 som [&hellip;]","og_url":"https:\/\/lightweb.dev\/l\/svm-temp\/nyheter\/varm-host-ger-farre-inkop-av-vinterklader\/","og_site_name":"Svenska Magasinet","article_publisher":"https:\/\/www.facebook.com\/svenskamagasinet","article_published_time":"2013-10-20T22:00:00+00:00","author":"Redaktionen SvM","twitter_card":"summary_large_image","twitter_creator":"@SvenskaMagasine","twitter_site":"@SvenskaMagasine","schema":{"@context":"https:\/\/schema.org","@graph":[{"@type":"Article","@id":"https:\/\/lightweb.dev\/l\/svm-temp\/nyheter\/varm-host-ger-farre-inkop-av-vinterklader\/#article","isPartOf":{"@id":"https:\/\/lightweb.dev\/l\/svm-temp\/nyheter\/varm-host-ger-farre-inkop-av-vinterklader\/"},"author":{"name":"Redaktionen SvM","@id":"https:\/\/lightweb.dev\/l\/svm-temp\/#\/schema\/person\/206a3bda5b607b0c25e1749191e4d837"},"headline":"Varm h\u00f6st ger f\u00e4rre ink\u00f6p av vinterkl\u00e4der","datePublished":"2013-10-20T22:00:00+00:00","mainEntityOfPage":{"@id":"https:\/\/lightweb.dev\/l\/svm-temp\/nyheter\/varm-host-ger-farre-inkop-av-vinterklader\/"},"wordCount":186,"commentCount":0,"publisher":{"@id":"https:\/\/lightweb.dev\/l\/svm-temp\/#organization"},"image":{"@id":"https:\/\/lightweb.dev\/l\/svm-temp\/nyheter\/varm-host-ger-farre-inkop-av-vinterklader\/#primaryimage"},"thumbnailUrl":"https:\/\/lightweb.dev\/l\/svm-temp\/wp-content\/uploads\/2022\/06\/varm-host-ger-farre-inkop-av-vinterklader.png","articleSection":["Arkiv","Nyheter"],"inLanguage":"sv-SE"},{"@type":"WebPage","@id":"https:\/\/lightweb.dev\/l\/svm-temp\/nyheter\/varm-host-ger-farre-inkop-av-vinterklader\/","url":"https:\/\/lightweb.dev\/l\/svm-temp\/nyheter\/varm-host-ger-farre-inkop-av-vinterklader\/","name":"Varm h\u00f6st ger f\u00e4rre ink\u00f6p av vinterkl\u00e4der - Svenska Magasinet","isPartOf":{"@id":"https:\/\/lightweb.dev\/l\/svm-temp\/#website"},"primaryImageOfPage":{"@id":"https:\/\/lightweb.dev\/l\/svm-temp\/nyheter\/varm-host-ger-farre-inkop-av-vinterklader\/#primaryimage"},"image":{"@id":"https:\/\/lightweb.dev\/l\/svm-temp\/nyheter\/varm-host-ger-farre-inkop-av-vinterklader\/#primaryimage"},"thumbnailUrl":"https:\/\/lightweb.dev\/l\/svm-temp\/wp-content\/uploads\/2022\/06\/varm-host-ger-farre-inkop-av-vinterklader.png","datePublished":"2013-10-20T22:00:00+00:00","breadcrumb":{"@id":"https:\/\/lightweb.dev\/l\/svm-temp\/nyheter\/varm-host-ger-farre-inkop-av-vinterklader\/#breadcrumb"},"inLanguage":"sv-SE","potentialAction":[{"@type":"ReadAction","target":["https:\/\/lightweb.dev\/l\/svm-temp\/nyheter\/varm-host-ger-farre-inkop-av-vinterklader\/"]}]},{"@type":"ImageObject","inLanguage":"sv-SE","@id":"https:\/\/lightweb.dev\/l\/svm-temp\/nyheter\/varm-host-ger-farre-inkop-av-vinterklader\/#primaryimage","url":"https:\/\/lightweb.dev\/l\/svm-temp\/wp-content\/uploads\/2022\/06\/varm-host-ger-farre-inkop-av-vinterklader.png","contentUrl":"https:\/\/lightweb.dev\/l\/svm-temp\/wp-content\/uploads\/2022\/06\/varm-host-ger-farre-inkop-av-vinterklader.png","width":299,"height":200},{"@type":"BreadcrumbList","@id":"https:\/\/lightweb.dev\/l\/svm-temp\/nyheter\/varm-host-ger-farre-inkop-av-vinterklader\/#breadcrumb","itemListElement":[{"@type":"ListItem","position":1,"name":"Hem","item":"https:\/\/lightweb.dev\/l\/svm-temp\/"},{"@type":"ListItem","position":2,"name":"Varm h\u00f6st ger f\u00e4rre ink\u00f6p av vinterkl\u00e4der"}]},{"@type":"WebSite","@id":"https:\/\/lightweb.dev\/l\/svm-temp\/#website","url":"https:\/\/lightweb.dev\/l\/svm-temp\/","name":"Svenska Magasinet","description":"Dina Spanska nyheter p&aring; Svenska","publisher":{"@id":"https:\/\/lightweb.dev\/l\/svm-temp\/#organization"},"potentialAction":[{"@type":"SearchAction","target":{"@type":"EntryPoint","urlTemplate":"https:\/\/lightweb.dev\/l\/svm-temp\/?s={search_term_string}"},"query-input":{"@type":"PropertyValueSpecification","valueRequired":true,"valueName":"search_term_string"}}],"inLanguage":"sv-SE"},{"@type":"Organization","@id":"https:\/\/lightweb.dev\/l\/svm-temp\/#organization","name":"Melkerson y Nott SL","alternateName":"Svenska Magasinet","url":"https:\/\/lightweb.dev\/l\/svm-temp\/","logo":{"@type":"ImageObject","inLanguage":"sv-SE","@id":"https:\/\/lightweb.dev\/l\/svm-temp\/#\/schema\/logo\/image\/","url":"https:\/\/lightweb.dev\/l\/svm-temp\/wp-content\/uploads\/2025\/02\/SvM-logo-Xtra-Centrerad-SVART.png","contentUrl":"https:\/\/lightweb.dev\/l\/svm-temp\/wp-content\/uploads\/2025\/02\/SvM-logo-Xtra-Centrerad-SVART.png","width":300,"height":99,"caption":"Melkerson y Nott SL"},"image":{"@id":"https:\/\/lightweb.dev\/l\/svm-temp\/#\/schema\/logo\/image\/"},"sameAs":["https:\/\/www.facebook.com\/svenskamagasinet","https:\/\/x.com\/SvenskaMagasine"]},{"@type":"Person","@id":"https:\/\/lightweb.dev\/l\/svm-temp\/#\/schema\/person\/206a3bda5b607b0c25e1749191e4d837","name":"Redaktionen SvM","description":"Redaktionen","sameAs":["https:\/\/lightweb.dev\/l\/svm-temp"],"url":"https:\/\/lightweb.dev\/l\/svm-temp\/reporter\/redaktionen\/"}]}},"_links":{"self":[{"href":"https:\/\/lightweb.dev\/l\/svm-temp\/wp-json\/wp\/v2\/posts\/28704","targetHints":{"allow":["GET"]}}],"collection":[{"href":"https:\/\/lightweb.dev\/l\/svm-temp\/wp-json\/wp\/v2\/posts"}],"about":[{"href":"https:\/\/lightweb.dev\/l\/svm-temp\/wp-json\/wp\/v2\/types\/post"}],"author":[{"embeddable":true,"href":"https:\/\/lightweb.dev\/l\/svm-temp\/wp-json\/wp\/v2\/users\/8"}],"replies":[{"embeddable":true,"href":"https:\/\/lightweb.dev\/l\/svm-temp\/wp-json\/wp\/v2\/comments?post=28704"}],"version-history":[{"count":0,"href":"https:\/\/lightweb.dev\/l\/svm-temp\/wp-json\/wp\/v2\/posts\/28704\/revisions"}],"wp:featuredmedia":[{"embeddable":true,"href":"https:\/\/lightweb.dev\/l\/svm-temp\/wp-json\/wp\/v2\/media\/28706"}],"wp:attachment":[{"href":"https:\/\/lightweb.dev\/l\/svm-temp\/wp-json\/wp\/v2\/media?parent=28704"}],"wp:term":[{"taxonomy":"category","embeddable":true,"href":"https:\/\/lightweb.dev\/l\/svm-temp\/wp-json\/wp\/v2\/categories?post=28704"},{"taxonomy":"post_tag","embeddable":true,"href":"https:\/\/lightweb.dev\/l\/svm-temp\/wp-json\/wp\/v2\/tags?post=28704"}],"curies":[{"name":"wp","href":"https:\/\/api.w.org\/{rel}","templated":true}]}}