{"id":28709,"date":"2013-10-18T00:00:00","date_gmt":"2013-10-17T22:00:00","guid":{"rendered":"https:\/\/lightweb.dev\/l\/svm-temp\/nyheter\/fritt-intrade-till-hilma-af-klint-nar-picassomuseet-fyller-tio-ar\/"},"modified":"2013-10-18T00:00:00","modified_gmt":"2013-10-17T22:00:00","slug":"fritt-intrade-till-hilma-af-klint-nar-picassomuseet-fyller-tio-ar","status":"publish","type":"post","link":"https:\/\/lightweb.dev\/l\/svm-temp\/nyheter\/fritt-intrade-till-hilma-af-klint-nar-picassomuseet-fyller-tio-ar\/","title":{"rendered":"Fritt intr\u00e4de till Hilma af Klint n\u00e4r Picassomuseet fyller tio \u00e5r"},"content":{"rendered":"<p> P\u00e5 m\u00e5ndag invigs den omtalade tempor\u00e4ra utst\u00e4llningen med konstverk av svenskan Hilma af Klint p\u00e5 Picassomuseet i M\u00e1laga. Som Svenska Magasinet ber\u00e4ttade ig\u00e5r firar Picassomuseet i M\u00e1laga tio\u00e5rsjubileum n\u00e4sta veckoslut med fritt intr\u00e4de.<\/p>\n<p>Det betyder att du har m\u00f6jlighet att se utst\u00e4llningen med konstverk av Hilma af Klint helt gratis l\u00f6rdagen den 26 oktober mellan klockan 20 och midnatt samt p\u00e5 s\u00f6ndagen den 27 oktober mellan klockan 10 och 20.<\/p>\n<p>Det meddelar Picassomuseet. Den tempor\u00e4ra utst\u00e4llningen med Hilma af Klint ing\u00e5r i de gratisevenemang som h\u00e5lls i samband med tio\u00e5rsjubileet.<\/p>\n<p>P\u00e5 m\u00e5ndag klockan 20 invigs utst\u00e4llningen med Hilma af Klint. Speciellt inbjudna personer n\u00e4rvarar vid utst\u00e4llningen. Enligt uppgifter till Svenska Magasinet kommer Sveriges Madridambassad\u00f6r Cecilia Julin och ambassadr\u00e5det Monika Jagerman liksom M\u00e1lagas borgm\u00e4stare Francsisco de la Torre. \u00c4ven Christine Ruiz-Picasso kommer att n\u00e4rvara.<\/p>\n<p>Sedan Picassomuseet \u00f6ppnade f\u00f6r snart tio \u00e5r sedan har museet haft 3,55 miljoner bes\u00f6kare. 36 tempor\u00e4ra utst\u00e4llningar har arrangerats. <\/p>\n","protected":false},"excerpt":{"rendered":"<p>P\u00e5 m\u00e5ndag invigs den omtalade tempor\u00e4ra utst\u00e4llningen med konstverk av svenskan Hilma af Klint p\u00e5 Picassomuseet i M\u00e1laga. Som Svenska Magasinet ber\u00e4ttade ig\u00e5r firar Picassomuseet i M\u00e1laga tio\u00e5rsjubileum n\u00e4sta veckoslut med fritt intr\u00e4de. Det betyder att du har m\u00f6jlighet att se utst\u00e4llningen med konstverk av Hilma af Klint helt gratis l\u00f6rdagen den 26 oktober mellan [&hellip;]<\/p>\n","protected":false},"author":8,"featured_media":28712,"comment_status":"open","ping_status":"open","sticky":false,"template":"","format":"standard","meta":{"_et_pb_use_builder":"","_et_pb_old_content":"","_et_gb_content_width":"","footnotes":""},"categories":[395,3],"tags":[],"class_list":["post-28709","post","type-post","status-publish","format-standard","has-post-thumbnail","hentry","category-arkiv-nyheter","category-nyheter"],"yoast_head":"<!-- This site is optimized with the Yoast SEO Premium plugin v26.2 (Yoast SEO v27.4) - https:\/\/yoast.com\/product\/yoast-seo-premium-wordpress\/ -->\n<title>Fritt intr\u00e4de till Hilma af Klint n\u00e4r Picassomuseet fyller tio \u00e5r - Svenska Magasinet<\/title>\n<meta name=\"robots\" content=\"noindex, follow, max-snippet:-1, max-image-preview:large, max-video-preview:-1\" \/>\n<meta property=\"og:locale\" content=\"sv_SE\" \/>\n<meta property=\"og:type\" content=\"article\" \/>\n<meta property=\"og:title\" content=\"Fritt intr\u00e4de till Hilma af Klint n\u00e4r Picassomuseet fyller tio \u00e5r\" \/>\n<meta property=\"og:description\" content=\"P\u00e5 m\u00e5ndag invigs den omtalade tempor\u00e4ra utst\u00e4llningen med konstverk av svenskan Hilma af Klint p\u00e5 Picassomuseet i M\u00e1laga. Som Svenska Magasinet ber\u00e4ttade ig\u00e5r firar Picassomuseet i M\u00e1laga tio\u00e5rsjubileum n\u00e4sta veckoslut med fritt intr\u00e4de. Det betyder att du har m\u00f6jlighet att se utst\u00e4llningen med konstverk av Hilma af Klint helt gratis l\u00f6rdagen den 26 oktober mellan [&hellip;]\" \/>\n<meta property=\"og:url\" content=\"https:\/\/lightweb.dev\/l\/svm-temp\/nyheter\/fritt-intrade-till-hilma-af-klint-nar-picassomuseet-fyller-tio-ar\/\" \/>\n<meta property=\"og:site_name\" content=\"Svenska Magasinet\" \/>\n<meta property=\"article:publisher\" content=\"https:\/\/www.facebook.com\/svenskamagasinet\" \/>\n<meta property=\"article:published_time\" content=\"2013-10-17T22:00:00+00:00\" \/>\n<meta name=\"author\" content=\"Redaktionen SvM\" \/>\n<meta name=\"twitter:card\" content=\"summary_large_image\" \/>\n<meta name=\"twitter:creator\" content=\"@SvenskaMagasine\" \/>\n<meta name=\"twitter:site\" content=\"@SvenskaMagasine\" \/>\n<script type=\"application\/ld+json\" class=\"yoast-schema-graph\">{\"@context\":\"https:\\\/\\\/schema.org\",\"@graph\":[{\"@type\":\"Article\",\"@id\":\"https:\\\/\\\/lightweb.dev\\\/l\\\/svm-temp\\\/nyheter\\\/fritt-intrade-till-hilma-af-klint-nar-picassomuseet-fyller-tio-ar\\\/#article\",\"isPartOf\":{\"@id\":\"https:\\\/\\\/lightweb.dev\\\/l\\\/svm-temp\\\/nyheter\\\/fritt-intrade-till-hilma-af-klint-nar-picassomuseet-fyller-tio-ar\\\/\"},\"author\":{\"name\":\"Redaktionen SvM\",\"@id\":\"https:\\\/\\\/lightweb.dev\\\/l\\\/svm-temp\\\/#\\\/schema\\\/person\\\/206a3bda5b607b0c25e1749191e4d837\"},\"headline\":\"Fritt intr\u00e4de till Hilma af Klint n\u00e4r Picassomuseet fyller tio \u00e5r\",\"datePublished\":\"2013-10-17T22:00:00+00:00\",\"mainEntityOfPage\":{\"@id\":\"https:\\\/\\\/lightweb.dev\\\/l\\\/svm-temp\\\/nyheter\\\/fritt-intrade-till-hilma-af-klint-nar-picassomuseet-fyller-tio-ar\\\/\"},\"wordCount\":189,\"commentCount\":0,\"publisher\":{\"@id\":\"https:\\\/\\\/lightweb.dev\\\/l\\\/svm-temp\\\/#organization\"},\"image\":{\"@id\":\"https:\\\/\\\/lightweb.dev\\\/l\\\/svm-temp\\\/nyheter\\\/fritt-intrade-till-hilma-af-klint-nar-picassomuseet-fyller-tio-ar\\\/#primaryimage\"},\"thumbnailUrl\":\"https:\\\/\\\/lightweb.dev\\\/l\\\/svm-temp\\\/wp-content\\\/uploads\\\/2022\\\/06\\\/fritt-intrade-till-hilma-af-klint-nar-picassomuseet-fyller-tio-ar.png\",\"articleSection\":[\"Arkiv\",\"Nyheter\"],\"inLanguage\":\"sv-SE\"},{\"@type\":\"WebPage\",\"@id\":\"https:\\\/\\\/lightweb.dev\\\/l\\\/svm-temp\\\/nyheter\\\/fritt-intrade-till-hilma-af-klint-nar-picassomuseet-fyller-tio-ar\\\/\",\"url\":\"https:\\\/\\\/lightweb.dev\\\/l\\\/svm-temp\\\/nyheter\\\/fritt-intrade-till-hilma-af-klint-nar-picassomuseet-fyller-tio-ar\\\/\",\"name\":\"Fritt intr\u00e4de till Hilma af Klint n\u00e4r Picassomuseet fyller tio \u00e5r - Svenska Magasinet\",\"isPartOf\":{\"@id\":\"https:\\\/\\\/lightweb.dev\\\/l\\\/svm-temp\\\/#website\"},\"primaryImageOfPage\":{\"@id\":\"https:\\\/\\\/lightweb.dev\\\/l\\\/svm-temp\\\/nyheter\\\/fritt-intrade-till-hilma-af-klint-nar-picassomuseet-fyller-tio-ar\\\/#primaryimage\"},\"image\":{\"@id\":\"https:\\\/\\\/lightweb.dev\\\/l\\\/svm-temp\\\/nyheter\\\/fritt-intrade-till-hilma-af-klint-nar-picassomuseet-fyller-tio-ar\\\/#primaryimage\"},\"thumbnailUrl\":\"https:\\\/\\\/lightweb.dev\\\/l\\\/svm-temp\\\/wp-content\\\/uploads\\\/2022\\\/06\\\/fritt-intrade-till-hilma-af-klint-nar-picassomuseet-fyller-tio-ar.png\",\"datePublished\":\"2013-10-17T22:00:00+00:00\",\"breadcrumb\":{\"@id\":\"https:\\\/\\\/lightweb.dev\\\/l\\\/svm-temp\\\/nyheter\\\/fritt-intrade-till-hilma-af-klint-nar-picassomuseet-fyller-tio-ar\\\/#breadcrumb\"},\"inLanguage\":\"sv-SE\",\"potentialAction\":[{\"@type\":\"ReadAction\",\"target\":[\"https:\\\/\\\/lightweb.dev\\\/l\\\/svm-temp\\\/nyheter\\\/fritt-intrade-till-hilma-af-klint-nar-picassomuseet-fyller-tio-ar\\\/\"]}]},{\"@type\":\"ImageObject\",\"inLanguage\":\"sv-SE\",\"@id\":\"https:\\\/\\\/lightweb.dev\\\/l\\\/svm-temp\\\/nyheter\\\/fritt-intrade-till-hilma-af-klint-nar-picassomuseet-fyller-tio-ar\\\/#primaryimage\",\"url\":\"https:\\\/\\\/lightweb.dev\\\/l\\\/svm-temp\\\/wp-content\\\/uploads\\\/2022\\\/06\\\/fritt-intrade-till-hilma-af-klint-nar-picassomuseet-fyller-tio-ar.png\",\"contentUrl\":\"https:\\\/\\\/lightweb.dev\\\/l\\\/svm-temp\\\/wp-content\\\/uploads\\\/2022\\\/06\\\/fritt-intrade-till-hilma-af-klint-nar-picassomuseet-fyller-tio-ar.png\",\"width\":299,\"height\":200},{\"@type\":\"BreadcrumbList\",\"@id\":\"https:\\\/\\\/lightweb.dev\\\/l\\\/svm-temp\\\/nyheter\\\/fritt-intrade-till-hilma-af-klint-nar-picassomuseet-fyller-tio-ar\\\/#breadcrumb\",\"itemListElement\":[{\"@type\":\"ListItem\",\"position\":1,\"name\":\"Hem\",\"item\":\"https:\\\/\\\/lightweb.dev\\\/l\\\/svm-temp\\\/\"},{\"@type\":\"ListItem\",\"position\":2,\"name\":\"Fritt intr\u00e4de till Hilma af Klint n\u00e4r Picassomuseet fyller tio \u00e5r\"}]},{\"@type\":\"WebSite\",\"@id\":\"https:\\\/\\\/lightweb.dev\\\/l\\\/svm-temp\\\/#website\",\"url\":\"https:\\\/\\\/lightweb.dev\\\/l\\\/svm-temp\\\/\",\"name\":\"Svenska Magasinet\",\"description\":\"Dina Spanska nyheter p&aring; Svenska\",\"publisher\":{\"@id\":\"https:\\\/\\\/lightweb.dev\\\/l\\\/svm-temp\\\/#organization\"},\"potentialAction\":[{\"@type\":\"SearchAction\",\"target\":{\"@type\":\"EntryPoint\",\"urlTemplate\":\"https:\\\/\\\/lightweb.dev\\\/l\\\/svm-temp\\\/?s={search_term_string}\"},\"query-input\":{\"@type\":\"PropertyValueSpecification\",\"valueRequired\":true,\"valueName\":\"search_term_string\"}}],\"inLanguage\":\"sv-SE\"},{\"@type\":\"Organization\",\"@id\":\"https:\\\/\\\/lightweb.dev\\\/l\\\/svm-temp\\\/#organization\",\"name\":\"Melkerson y Nott SL\",\"alternateName\":\"Svenska Magasinet\",\"url\":\"https:\\\/\\\/lightweb.dev\\\/l\\\/svm-temp\\\/\",\"logo\":{\"@type\":\"ImageObject\",\"inLanguage\":\"sv-SE\",\"@id\":\"https:\\\/\\\/lightweb.dev\\\/l\\\/svm-temp\\\/#\\\/schema\\\/logo\\\/image\\\/\",\"url\":\"https:\\\/\\\/lightweb.dev\\\/l\\\/svm-temp\\\/wp-content\\\/uploads\\\/2025\\\/02\\\/SvM-logo-Xtra-Centrerad-SVART.png\",\"contentUrl\":\"https:\\\/\\\/lightweb.dev\\\/l\\\/svm-temp\\\/wp-content\\\/uploads\\\/2025\\\/02\\\/SvM-logo-Xtra-Centrerad-SVART.png\",\"width\":300,\"height\":99,\"caption\":\"Melkerson y Nott SL\"},\"image\":{\"@id\":\"https:\\\/\\\/lightweb.dev\\\/l\\\/svm-temp\\\/#\\\/schema\\\/logo\\\/image\\\/\"},\"sameAs\":[\"https:\\\/\\\/www.facebook.com\\\/svenskamagasinet\",\"https:\\\/\\\/x.com\\\/SvenskaMagasine\"]},{\"@type\":\"Person\",\"@id\":\"https:\\\/\\\/lightweb.dev\\\/l\\\/svm-temp\\\/#\\\/schema\\\/person\\\/206a3bda5b607b0c25e1749191e4d837\",\"name\":\"Redaktionen SvM\",\"description\":\"Redaktionen\",\"sameAs\":[\"https:\\\/\\\/lightweb.dev\\\/l\\\/svm-temp\"],\"url\":\"https:\\\/\\\/lightweb.dev\\\/l\\\/svm-temp\\\/reporter\\\/redaktionen\\\/\"}]}<\/script>\n<!-- \/ Yoast SEO Premium plugin. -->","yoast_head_json":{"title":"Fritt intr\u00e4de till Hilma af Klint n\u00e4r Picassomuseet fyller tio \u00e5r - Svenska Magasinet","robots":{"index":"noindex","follow":"follow","max-snippet":"max-snippet:-1","max-image-preview":"max-image-preview:large","max-video-preview":"max-video-preview:-1"},"og_locale":"sv_SE","og_type":"article","og_title":"Fritt intr\u00e4de till Hilma af Klint n\u00e4r Picassomuseet fyller tio \u00e5r","og_description":"P\u00e5 m\u00e5ndag invigs den omtalade tempor\u00e4ra utst\u00e4llningen med konstverk av svenskan Hilma af Klint p\u00e5 Picassomuseet i M\u00e1laga. Som Svenska Magasinet ber\u00e4ttade ig\u00e5r firar Picassomuseet i M\u00e1laga tio\u00e5rsjubileum n\u00e4sta veckoslut med fritt intr\u00e4de. Det betyder att du har m\u00f6jlighet att se utst\u00e4llningen med konstverk av Hilma af Klint helt gratis l\u00f6rdagen den 26 oktober mellan [&hellip;]","og_url":"https:\/\/lightweb.dev\/l\/svm-temp\/nyheter\/fritt-intrade-till-hilma-af-klint-nar-picassomuseet-fyller-tio-ar\/","og_site_name":"Svenska Magasinet","article_publisher":"https:\/\/www.facebook.com\/svenskamagasinet","article_published_time":"2013-10-17T22:00:00+00:00","author":"Redaktionen SvM","twitter_card":"summary_large_image","twitter_creator":"@SvenskaMagasine","twitter_site":"@SvenskaMagasine","schema":{"@context":"https:\/\/schema.org","@graph":[{"@type":"Article","@id":"https:\/\/lightweb.dev\/l\/svm-temp\/nyheter\/fritt-intrade-till-hilma-af-klint-nar-picassomuseet-fyller-tio-ar\/#article","isPartOf":{"@id":"https:\/\/lightweb.dev\/l\/svm-temp\/nyheter\/fritt-intrade-till-hilma-af-klint-nar-picassomuseet-fyller-tio-ar\/"},"author":{"name":"Redaktionen SvM","@id":"https:\/\/lightweb.dev\/l\/svm-temp\/#\/schema\/person\/206a3bda5b607b0c25e1749191e4d837"},"headline":"Fritt intr\u00e4de till Hilma af Klint n\u00e4r Picassomuseet fyller tio \u00e5r","datePublished":"2013-10-17T22:00:00+00:00","mainEntityOfPage":{"@id":"https:\/\/lightweb.dev\/l\/svm-temp\/nyheter\/fritt-intrade-till-hilma-af-klint-nar-picassomuseet-fyller-tio-ar\/"},"wordCount":189,"commentCount":0,"publisher":{"@id":"https:\/\/lightweb.dev\/l\/svm-temp\/#organization"},"image":{"@id":"https:\/\/lightweb.dev\/l\/svm-temp\/nyheter\/fritt-intrade-till-hilma-af-klint-nar-picassomuseet-fyller-tio-ar\/#primaryimage"},"thumbnailUrl":"https:\/\/lightweb.dev\/l\/svm-temp\/wp-content\/uploads\/2022\/06\/fritt-intrade-till-hilma-af-klint-nar-picassomuseet-fyller-tio-ar.png","articleSection":["Arkiv","Nyheter"],"inLanguage":"sv-SE"},{"@type":"WebPage","@id":"https:\/\/lightweb.dev\/l\/svm-temp\/nyheter\/fritt-intrade-till-hilma-af-klint-nar-picassomuseet-fyller-tio-ar\/","url":"https:\/\/lightweb.dev\/l\/svm-temp\/nyheter\/fritt-intrade-till-hilma-af-klint-nar-picassomuseet-fyller-tio-ar\/","name":"Fritt intr\u00e4de till Hilma af Klint n\u00e4r Picassomuseet fyller tio \u00e5r - Svenska Magasinet","isPartOf":{"@id":"https:\/\/lightweb.dev\/l\/svm-temp\/#website"},"primaryImageOfPage":{"@id":"https:\/\/lightweb.dev\/l\/svm-temp\/nyheter\/fritt-intrade-till-hilma-af-klint-nar-picassomuseet-fyller-tio-ar\/#primaryimage"},"image":{"@id":"https:\/\/lightweb.dev\/l\/svm-temp\/nyheter\/fritt-intrade-till-hilma-af-klint-nar-picassomuseet-fyller-tio-ar\/#primaryimage"},"thumbnailUrl":"https:\/\/lightweb.dev\/l\/svm-temp\/wp-content\/uploads\/2022\/06\/fritt-intrade-till-hilma-af-klint-nar-picassomuseet-fyller-tio-ar.png","datePublished":"2013-10-17T22:00:00+00:00","breadcrumb":{"@id":"https:\/\/lightweb.dev\/l\/svm-temp\/nyheter\/fritt-intrade-till-hilma-af-klint-nar-picassomuseet-fyller-tio-ar\/#breadcrumb"},"inLanguage":"sv-SE","potentialAction":[{"@type":"ReadAction","target":["https:\/\/lightweb.dev\/l\/svm-temp\/nyheter\/fritt-intrade-till-hilma-af-klint-nar-picassomuseet-fyller-tio-ar\/"]}]},{"@type":"ImageObject","inLanguage":"sv-SE","@id":"https:\/\/lightweb.dev\/l\/svm-temp\/nyheter\/fritt-intrade-till-hilma-af-klint-nar-picassomuseet-fyller-tio-ar\/#primaryimage","url":"https:\/\/lightweb.dev\/l\/svm-temp\/wp-content\/uploads\/2022\/06\/fritt-intrade-till-hilma-af-klint-nar-picassomuseet-fyller-tio-ar.png","contentUrl":"https:\/\/lightweb.dev\/l\/svm-temp\/wp-content\/uploads\/2022\/06\/fritt-intrade-till-hilma-af-klint-nar-picassomuseet-fyller-tio-ar.png","width":299,"height":200},{"@type":"BreadcrumbList","@id":"https:\/\/lightweb.dev\/l\/svm-temp\/nyheter\/fritt-intrade-till-hilma-af-klint-nar-picassomuseet-fyller-tio-ar\/#breadcrumb","itemListElement":[{"@type":"ListItem","position":1,"name":"Hem","item":"https:\/\/lightweb.dev\/l\/svm-temp\/"},{"@type":"ListItem","position":2,"name":"Fritt intr\u00e4de till Hilma af Klint n\u00e4r Picassomuseet fyller tio \u00e5r"}]},{"@type":"WebSite","@id":"https:\/\/lightweb.dev\/l\/svm-temp\/#website","url":"https:\/\/lightweb.dev\/l\/svm-temp\/","name":"Svenska Magasinet","description":"Dina Spanska nyheter p&aring; Svenska","publisher":{"@id":"https:\/\/lightweb.dev\/l\/svm-temp\/#organization"},"potentialAction":[{"@type":"SearchAction","target":{"@type":"EntryPoint","urlTemplate":"https:\/\/lightweb.dev\/l\/svm-temp\/?s={search_term_string}"},"query-input":{"@type":"PropertyValueSpecification","valueRequired":true,"valueName":"search_term_string"}}],"inLanguage":"sv-SE"},{"@type":"Organization","@id":"https:\/\/lightweb.dev\/l\/svm-temp\/#organization","name":"Melkerson y Nott SL","alternateName":"Svenska Magasinet","url":"https:\/\/lightweb.dev\/l\/svm-temp\/","logo":{"@type":"ImageObject","inLanguage":"sv-SE","@id":"https:\/\/lightweb.dev\/l\/svm-temp\/#\/schema\/logo\/image\/","url":"https:\/\/lightweb.dev\/l\/svm-temp\/wp-content\/uploads\/2025\/02\/SvM-logo-Xtra-Centrerad-SVART.png","contentUrl":"https:\/\/lightweb.dev\/l\/svm-temp\/wp-content\/uploads\/2025\/02\/SvM-logo-Xtra-Centrerad-SVART.png","width":300,"height":99,"caption":"Melkerson y Nott SL"},"image":{"@id":"https:\/\/lightweb.dev\/l\/svm-temp\/#\/schema\/logo\/image\/"},"sameAs":["https:\/\/www.facebook.com\/svenskamagasinet","https:\/\/x.com\/SvenskaMagasine"]},{"@type":"Person","@id":"https:\/\/lightweb.dev\/l\/svm-temp\/#\/schema\/person\/206a3bda5b607b0c25e1749191e4d837","name":"Redaktionen SvM","description":"Redaktionen","sameAs":["https:\/\/lightweb.dev\/l\/svm-temp"],"url":"https:\/\/lightweb.dev\/l\/svm-temp\/reporter\/redaktionen\/"}]}},"_links":{"self":[{"href":"https:\/\/lightweb.dev\/l\/svm-temp\/wp-json\/wp\/v2\/posts\/28709","targetHints":{"allow":["GET"]}}],"collection":[{"href":"https:\/\/lightweb.dev\/l\/svm-temp\/wp-json\/wp\/v2\/posts"}],"about":[{"href":"https:\/\/lightweb.dev\/l\/svm-temp\/wp-json\/wp\/v2\/types\/post"}],"author":[{"embeddable":true,"href":"https:\/\/lightweb.dev\/l\/svm-temp\/wp-json\/wp\/v2\/users\/8"}],"replies":[{"embeddable":true,"href":"https:\/\/lightweb.dev\/l\/svm-temp\/wp-json\/wp\/v2\/comments?post=28709"}],"version-history":[{"count":0,"href":"https:\/\/lightweb.dev\/l\/svm-temp\/wp-json\/wp\/v2\/posts\/28709\/revisions"}],"wp:featuredmedia":[{"embeddable":true,"href":"https:\/\/lightweb.dev\/l\/svm-temp\/wp-json\/wp\/v2\/media\/28712"}],"wp:attachment":[{"href":"https:\/\/lightweb.dev\/l\/svm-temp\/wp-json\/wp\/v2\/media?parent=28709"}],"wp:term":[{"taxonomy":"category","embeddable":true,"href":"https:\/\/lightweb.dev\/l\/svm-temp\/wp-json\/wp\/v2\/categories?post=28709"},{"taxonomy":"post_tag","embeddable":true,"href":"https:\/\/lightweb.dev\/l\/svm-temp\/wp-json\/wp\/v2\/tags?post=28709"}],"curies":[{"name":"wp","href":"https:\/\/api.w.org\/{rel}","templated":true}]}}