{"id":28723,"date":"2013-10-17T00:00:00","date_gmt":"2013-10-16T22:00:00","guid":{"rendered":"https:\/\/lightweb.dev\/l\/svm-temp\/nyheter\/picasso-museet-firar-tio-ar-med-gratis-intrade-under-ett-dygn\/"},"modified":"2013-10-17T00:00:00","modified_gmt":"2013-10-16T22:00:00","slug":"picasso-museet-firar-tio-ar-med-gratis-intrade-under-ett-dygn","status":"publish","type":"post","link":"https:\/\/lightweb.dev\/l\/svm-temp\/nyheter\/picasso-museet-firar-tio-ar-med-gratis-intrade-under-ett-dygn\/","title":{"rendered":"Picasso-museet firar tio \u00e5r med gratis intr\u00e4de under ett dygn"},"content":{"rendered":"<p> S\u00f6ndagen den 27 oktober firar vackra Museo Picasso i M\u00e1laga tio\u00e5rsjubileum med fritt intr\u00e4de hela dygnet. Det blir en h\u00f6gtidsdag med konst, musik, teater, fotografier, f\u00f6rel\u00e4sningar och historia.<\/p>\n<p>S\u00e5ngerskan Mayte Mart\u00edn och jazzmusikern Jorge Pardo upptr\u00e4der i tr\u00e4dg\u00e5rden till Palacio de Buenavista fr\u00e5n klockan 22. K\u00e4ndiskocken Dani Garc\u00eda medverkar ocks\u00e5 under programmet som inleds p\u00e5 l\u00f6rdagskv\u00e4llen den 26 oktober klockan 20 och p\u00e5g\u00e5r till s\u00f6ndagen den 27 oktober klockan 20.<\/p>\n<p>P\u00e5 s\u00f6ndagen s\u00e4tts det fokus p\u00e5 familjer med start klockan 11 med en dockteater i museets tr\u00e4dg\u00e5rd som \u00e4ven visas klockan 15.<\/p>\n<p>Foto: Eduardo Grund \u00a9 Museo Picasso M\u00e1laga <\/p>\n","protected":false},"excerpt":{"rendered":"<p>S\u00f6ndagen den 27 oktober firar vackra Museo Picasso i M\u00e1laga tio\u00e5rsjubileum med fritt intr\u00e4de hela dygnet. Det blir en h\u00f6gtidsdag med konst, musik, teater, fotografier, f\u00f6rel\u00e4sningar och historia. S\u00e5ngerskan Mayte Mart\u00edn och jazzmusikern Jorge Pardo upptr\u00e4der i tr\u00e4dg\u00e5rden till Palacio de Buenavista fr\u00e5n klockan 22. K\u00e4ndiskocken Dani Garc\u00eda medverkar ocks\u00e5 under programmet som inleds p\u00e5 [&hellip;]<\/p>\n","protected":false},"author":8,"featured_media":28726,"comment_status":"open","ping_status":"open","sticky":false,"template":"","format":"standard","meta":{"_et_pb_use_builder":"","_et_pb_old_content":"","_et_gb_content_width":"","footnotes":""},"categories":[395,3],"tags":[],"class_list":["post-28723","post","type-post","status-publish","format-standard","has-post-thumbnail","hentry","category-arkiv-nyheter","category-nyheter"],"yoast_head":"<!-- This site is optimized with the Yoast SEO Premium plugin v26.2 (Yoast SEO v27.4) - https:\/\/yoast.com\/product\/yoast-seo-premium-wordpress\/ -->\n<title>Picasso-museet firar tio \u00e5r med gratis intr\u00e4de under ett dygn - Svenska Magasinet<\/title>\n<meta name=\"robots\" content=\"noindex, follow, max-snippet:-1, max-image-preview:large, max-video-preview:-1\" \/>\n<meta property=\"og:locale\" content=\"sv_SE\" \/>\n<meta property=\"og:type\" content=\"article\" \/>\n<meta property=\"og:title\" content=\"Picasso-museet firar tio \u00e5r med gratis intr\u00e4de under ett dygn\" \/>\n<meta property=\"og:description\" content=\"S\u00f6ndagen den 27 oktober firar vackra Museo Picasso i M\u00e1laga tio\u00e5rsjubileum med fritt intr\u00e4de hela dygnet. Det blir en h\u00f6gtidsdag med konst, musik, teater, fotografier, f\u00f6rel\u00e4sningar och historia. S\u00e5ngerskan Mayte Mart\u00edn och jazzmusikern Jorge Pardo upptr\u00e4der i tr\u00e4dg\u00e5rden till Palacio de Buenavista fr\u00e5n klockan 22. K\u00e4ndiskocken Dani Garc\u00eda medverkar ocks\u00e5 under programmet som inleds p\u00e5 [&hellip;]\" \/>\n<meta property=\"og:url\" content=\"https:\/\/lightweb.dev\/l\/svm-temp\/nyheter\/picasso-museet-firar-tio-ar-med-gratis-intrade-under-ett-dygn\/\" \/>\n<meta property=\"og:site_name\" content=\"Svenska Magasinet\" \/>\n<meta property=\"article:publisher\" content=\"https:\/\/www.facebook.com\/svenskamagasinet\" \/>\n<meta property=\"article:published_time\" content=\"2013-10-16T22:00:00+00:00\" \/>\n<meta name=\"author\" content=\"Redaktionen SvM\" \/>\n<meta name=\"twitter:card\" content=\"summary_large_image\" \/>\n<meta name=\"twitter:creator\" content=\"@SvenskaMagasine\" \/>\n<meta name=\"twitter:site\" content=\"@SvenskaMagasine\" \/>\n<script type=\"application\/ld+json\" class=\"yoast-schema-graph\">{\"@context\":\"https:\\\/\\\/schema.org\",\"@graph\":[{\"@type\":\"Article\",\"@id\":\"https:\\\/\\\/lightweb.dev\\\/l\\\/svm-temp\\\/nyheter\\\/picasso-museet-firar-tio-ar-med-gratis-intrade-under-ett-dygn\\\/#article\",\"isPartOf\":{\"@id\":\"https:\\\/\\\/lightweb.dev\\\/l\\\/svm-temp\\\/nyheter\\\/picasso-museet-firar-tio-ar-med-gratis-intrade-under-ett-dygn\\\/\"},\"author\":{\"name\":\"Redaktionen SvM\",\"@id\":\"https:\\\/\\\/lightweb.dev\\\/l\\\/svm-temp\\\/#\\\/schema\\\/person\\\/206a3bda5b607b0c25e1749191e4d837\"},\"headline\":\"Picasso-museet firar tio \u00e5r med gratis intr\u00e4de under ett dygn\",\"datePublished\":\"2013-10-16T22:00:00+00:00\",\"mainEntityOfPage\":{\"@id\":\"https:\\\/\\\/lightweb.dev\\\/l\\\/svm-temp\\\/nyheter\\\/picasso-museet-firar-tio-ar-med-gratis-intrade-under-ett-dygn\\\/\"},\"wordCount\":126,\"commentCount\":0,\"publisher\":{\"@id\":\"https:\\\/\\\/lightweb.dev\\\/l\\\/svm-temp\\\/#organization\"},\"image\":{\"@id\":\"https:\\\/\\\/lightweb.dev\\\/l\\\/svm-temp\\\/nyheter\\\/picasso-museet-firar-tio-ar-med-gratis-intrade-under-ett-dygn\\\/#primaryimage\"},\"thumbnailUrl\":\"https:\\\/\\\/lightweb.dev\\\/l\\\/svm-temp\\\/wp-content\\\/uploads\\\/2022\\\/06\\\/picassomuseet-firar-tio-ar-med-gratis-intrade-under-ett-dygn.png\",\"articleSection\":[\"Arkiv\",\"Nyheter\"],\"inLanguage\":\"sv-SE\"},{\"@type\":\"WebPage\",\"@id\":\"https:\\\/\\\/lightweb.dev\\\/l\\\/svm-temp\\\/nyheter\\\/picasso-museet-firar-tio-ar-med-gratis-intrade-under-ett-dygn\\\/\",\"url\":\"https:\\\/\\\/lightweb.dev\\\/l\\\/svm-temp\\\/nyheter\\\/picasso-museet-firar-tio-ar-med-gratis-intrade-under-ett-dygn\\\/\",\"name\":\"Picasso-museet firar tio \u00e5r med gratis intr\u00e4de under ett dygn - Svenska Magasinet\",\"isPartOf\":{\"@id\":\"https:\\\/\\\/lightweb.dev\\\/l\\\/svm-temp\\\/#website\"},\"primaryImageOfPage\":{\"@id\":\"https:\\\/\\\/lightweb.dev\\\/l\\\/svm-temp\\\/nyheter\\\/picasso-museet-firar-tio-ar-med-gratis-intrade-under-ett-dygn\\\/#primaryimage\"},\"image\":{\"@id\":\"https:\\\/\\\/lightweb.dev\\\/l\\\/svm-temp\\\/nyheter\\\/picasso-museet-firar-tio-ar-med-gratis-intrade-under-ett-dygn\\\/#primaryimage\"},\"thumbnailUrl\":\"https:\\\/\\\/lightweb.dev\\\/l\\\/svm-temp\\\/wp-content\\\/uploads\\\/2022\\\/06\\\/picassomuseet-firar-tio-ar-med-gratis-intrade-under-ett-dygn.png\",\"datePublished\":\"2013-10-16T22:00:00+00:00\",\"breadcrumb\":{\"@id\":\"https:\\\/\\\/lightweb.dev\\\/l\\\/svm-temp\\\/nyheter\\\/picasso-museet-firar-tio-ar-med-gratis-intrade-under-ett-dygn\\\/#breadcrumb\"},\"inLanguage\":\"sv-SE\",\"potentialAction\":[{\"@type\":\"ReadAction\",\"target\":[\"https:\\\/\\\/lightweb.dev\\\/l\\\/svm-temp\\\/nyheter\\\/picasso-museet-firar-tio-ar-med-gratis-intrade-under-ett-dygn\\\/\"]}]},{\"@type\":\"ImageObject\",\"inLanguage\":\"sv-SE\",\"@id\":\"https:\\\/\\\/lightweb.dev\\\/l\\\/svm-temp\\\/nyheter\\\/picasso-museet-firar-tio-ar-med-gratis-intrade-under-ett-dygn\\\/#primaryimage\",\"url\":\"https:\\\/\\\/lightweb.dev\\\/l\\\/svm-temp\\\/wp-content\\\/uploads\\\/2022\\\/06\\\/picassomuseet-firar-tio-ar-med-gratis-intrade-under-ett-dygn.png\",\"contentUrl\":\"https:\\\/\\\/lightweb.dev\\\/l\\\/svm-temp\\\/wp-content\\\/uploads\\\/2022\\\/06\\\/picassomuseet-firar-tio-ar-med-gratis-intrade-under-ett-dygn.png\",\"width\":280,\"height\":420},{\"@type\":\"BreadcrumbList\",\"@id\":\"https:\\\/\\\/lightweb.dev\\\/l\\\/svm-temp\\\/nyheter\\\/picasso-museet-firar-tio-ar-med-gratis-intrade-under-ett-dygn\\\/#breadcrumb\",\"itemListElement\":[{\"@type\":\"ListItem\",\"position\":1,\"name\":\"Hem\",\"item\":\"https:\\\/\\\/lightweb.dev\\\/l\\\/svm-temp\\\/\"},{\"@type\":\"ListItem\",\"position\":2,\"name\":\"Picasso-museet firar tio \u00e5r med gratis intr\u00e4de under ett dygn\"}]},{\"@type\":\"WebSite\",\"@id\":\"https:\\\/\\\/lightweb.dev\\\/l\\\/svm-temp\\\/#website\",\"url\":\"https:\\\/\\\/lightweb.dev\\\/l\\\/svm-temp\\\/\",\"name\":\"Svenska Magasinet\",\"description\":\"Dina Spanska nyheter p&aring; Svenska\",\"publisher\":{\"@id\":\"https:\\\/\\\/lightweb.dev\\\/l\\\/svm-temp\\\/#organization\"},\"potentialAction\":[{\"@type\":\"SearchAction\",\"target\":{\"@type\":\"EntryPoint\",\"urlTemplate\":\"https:\\\/\\\/lightweb.dev\\\/l\\\/svm-temp\\\/?s={search_term_string}\"},\"query-input\":{\"@type\":\"PropertyValueSpecification\",\"valueRequired\":true,\"valueName\":\"search_term_string\"}}],\"inLanguage\":\"sv-SE\"},{\"@type\":\"Organization\",\"@id\":\"https:\\\/\\\/lightweb.dev\\\/l\\\/svm-temp\\\/#organization\",\"name\":\"Melkerson y Nott SL\",\"alternateName\":\"Svenska Magasinet\",\"url\":\"https:\\\/\\\/lightweb.dev\\\/l\\\/svm-temp\\\/\",\"logo\":{\"@type\":\"ImageObject\",\"inLanguage\":\"sv-SE\",\"@id\":\"https:\\\/\\\/lightweb.dev\\\/l\\\/svm-temp\\\/#\\\/schema\\\/logo\\\/image\\\/\",\"url\":\"https:\\\/\\\/lightweb.dev\\\/l\\\/svm-temp\\\/wp-content\\\/uploads\\\/2025\\\/02\\\/SvM-logo-Xtra-Centrerad-SVART.png\",\"contentUrl\":\"https:\\\/\\\/lightweb.dev\\\/l\\\/svm-temp\\\/wp-content\\\/uploads\\\/2025\\\/02\\\/SvM-logo-Xtra-Centrerad-SVART.png\",\"width\":300,\"height\":99,\"caption\":\"Melkerson y Nott SL\"},\"image\":{\"@id\":\"https:\\\/\\\/lightweb.dev\\\/l\\\/svm-temp\\\/#\\\/schema\\\/logo\\\/image\\\/\"},\"sameAs\":[\"https:\\\/\\\/www.facebook.com\\\/svenskamagasinet\",\"https:\\\/\\\/x.com\\\/SvenskaMagasine\"]},{\"@type\":\"Person\",\"@id\":\"https:\\\/\\\/lightweb.dev\\\/l\\\/svm-temp\\\/#\\\/schema\\\/person\\\/206a3bda5b607b0c25e1749191e4d837\",\"name\":\"Redaktionen SvM\",\"description\":\"Redaktionen\",\"sameAs\":[\"https:\\\/\\\/lightweb.dev\\\/l\\\/svm-temp\"],\"url\":\"https:\\\/\\\/lightweb.dev\\\/l\\\/svm-temp\\\/reporter\\\/redaktionen\\\/\"}]}<\/script>\n<!-- \/ Yoast SEO Premium plugin. -->","yoast_head_json":{"title":"Picasso-museet firar tio \u00e5r med gratis intr\u00e4de under ett dygn - Svenska Magasinet","robots":{"index":"noindex","follow":"follow","max-snippet":"max-snippet:-1","max-image-preview":"max-image-preview:large","max-video-preview":"max-video-preview:-1"},"og_locale":"sv_SE","og_type":"article","og_title":"Picasso-museet firar tio \u00e5r med gratis intr\u00e4de under ett dygn","og_description":"S\u00f6ndagen den 27 oktober firar vackra Museo Picasso i M\u00e1laga tio\u00e5rsjubileum med fritt intr\u00e4de hela dygnet. Det blir en h\u00f6gtidsdag med konst, musik, teater, fotografier, f\u00f6rel\u00e4sningar och historia. S\u00e5ngerskan Mayte Mart\u00edn och jazzmusikern Jorge Pardo upptr\u00e4der i tr\u00e4dg\u00e5rden till Palacio de Buenavista fr\u00e5n klockan 22. K\u00e4ndiskocken Dani Garc\u00eda medverkar ocks\u00e5 under programmet som inleds p\u00e5 [&hellip;]","og_url":"https:\/\/lightweb.dev\/l\/svm-temp\/nyheter\/picasso-museet-firar-tio-ar-med-gratis-intrade-under-ett-dygn\/","og_site_name":"Svenska Magasinet","article_publisher":"https:\/\/www.facebook.com\/svenskamagasinet","article_published_time":"2013-10-16T22:00:00+00:00","author":"Redaktionen SvM","twitter_card":"summary_large_image","twitter_creator":"@SvenskaMagasine","twitter_site":"@SvenskaMagasine","schema":{"@context":"https:\/\/schema.org","@graph":[{"@type":"Article","@id":"https:\/\/lightweb.dev\/l\/svm-temp\/nyheter\/picasso-museet-firar-tio-ar-med-gratis-intrade-under-ett-dygn\/#article","isPartOf":{"@id":"https:\/\/lightweb.dev\/l\/svm-temp\/nyheter\/picasso-museet-firar-tio-ar-med-gratis-intrade-under-ett-dygn\/"},"author":{"name":"Redaktionen SvM","@id":"https:\/\/lightweb.dev\/l\/svm-temp\/#\/schema\/person\/206a3bda5b607b0c25e1749191e4d837"},"headline":"Picasso-museet firar tio \u00e5r med gratis intr\u00e4de under ett dygn","datePublished":"2013-10-16T22:00:00+00:00","mainEntityOfPage":{"@id":"https:\/\/lightweb.dev\/l\/svm-temp\/nyheter\/picasso-museet-firar-tio-ar-med-gratis-intrade-under-ett-dygn\/"},"wordCount":126,"commentCount":0,"publisher":{"@id":"https:\/\/lightweb.dev\/l\/svm-temp\/#organization"},"image":{"@id":"https:\/\/lightweb.dev\/l\/svm-temp\/nyheter\/picasso-museet-firar-tio-ar-med-gratis-intrade-under-ett-dygn\/#primaryimage"},"thumbnailUrl":"https:\/\/lightweb.dev\/l\/svm-temp\/wp-content\/uploads\/2022\/06\/picassomuseet-firar-tio-ar-med-gratis-intrade-under-ett-dygn.png","articleSection":["Arkiv","Nyheter"],"inLanguage":"sv-SE"},{"@type":"WebPage","@id":"https:\/\/lightweb.dev\/l\/svm-temp\/nyheter\/picasso-museet-firar-tio-ar-med-gratis-intrade-under-ett-dygn\/","url":"https:\/\/lightweb.dev\/l\/svm-temp\/nyheter\/picasso-museet-firar-tio-ar-med-gratis-intrade-under-ett-dygn\/","name":"Picasso-museet firar tio \u00e5r med gratis intr\u00e4de under ett dygn - Svenska Magasinet","isPartOf":{"@id":"https:\/\/lightweb.dev\/l\/svm-temp\/#website"},"primaryImageOfPage":{"@id":"https:\/\/lightweb.dev\/l\/svm-temp\/nyheter\/picasso-museet-firar-tio-ar-med-gratis-intrade-under-ett-dygn\/#primaryimage"},"image":{"@id":"https:\/\/lightweb.dev\/l\/svm-temp\/nyheter\/picasso-museet-firar-tio-ar-med-gratis-intrade-under-ett-dygn\/#primaryimage"},"thumbnailUrl":"https:\/\/lightweb.dev\/l\/svm-temp\/wp-content\/uploads\/2022\/06\/picassomuseet-firar-tio-ar-med-gratis-intrade-under-ett-dygn.png","datePublished":"2013-10-16T22:00:00+00:00","breadcrumb":{"@id":"https:\/\/lightweb.dev\/l\/svm-temp\/nyheter\/picasso-museet-firar-tio-ar-med-gratis-intrade-under-ett-dygn\/#breadcrumb"},"inLanguage":"sv-SE","potentialAction":[{"@type":"ReadAction","target":["https:\/\/lightweb.dev\/l\/svm-temp\/nyheter\/picasso-museet-firar-tio-ar-med-gratis-intrade-under-ett-dygn\/"]}]},{"@type":"ImageObject","inLanguage":"sv-SE","@id":"https:\/\/lightweb.dev\/l\/svm-temp\/nyheter\/picasso-museet-firar-tio-ar-med-gratis-intrade-under-ett-dygn\/#primaryimage","url":"https:\/\/lightweb.dev\/l\/svm-temp\/wp-content\/uploads\/2022\/06\/picassomuseet-firar-tio-ar-med-gratis-intrade-under-ett-dygn.png","contentUrl":"https:\/\/lightweb.dev\/l\/svm-temp\/wp-content\/uploads\/2022\/06\/picassomuseet-firar-tio-ar-med-gratis-intrade-under-ett-dygn.png","width":280,"height":420},{"@type":"BreadcrumbList","@id":"https:\/\/lightweb.dev\/l\/svm-temp\/nyheter\/picasso-museet-firar-tio-ar-med-gratis-intrade-under-ett-dygn\/#breadcrumb","itemListElement":[{"@type":"ListItem","position":1,"name":"Hem","item":"https:\/\/lightweb.dev\/l\/svm-temp\/"},{"@type":"ListItem","position":2,"name":"Picasso-museet firar tio \u00e5r med gratis intr\u00e4de under ett dygn"}]},{"@type":"WebSite","@id":"https:\/\/lightweb.dev\/l\/svm-temp\/#website","url":"https:\/\/lightweb.dev\/l\/svm-temp\/","name":"Svenska Magasinet","description":"Dina Spanska nyheter p&aring; Svenska","publisher":{"@id":"https:\/\/lightweb.dev\/l\/svm-temp\/#organization"},"potentialAction":[{"@type":"SearchAction","target":{"@type":"EntryPoint","urlTemplate":"https:\/\/lightweb.dev\/l\/svm-temp\/?s={search_term_string}"},"query-input":{"@type":"PropertyValueSpecification","valueRequired":true,"valueName":"search_term_string"}}],"inLanguage":"sv-SE"},{"@type":"Organization","@id":"https:\/\/lightweb.dev\/l\/svm-temp\/#organization","name":"Melkerson y Nott SL","alternateName":"Svenska Magasinet","url":"https:\/\/lightweb.dev\/l\/svm-temp\/","logo":{"@type":"ImageObject","inLanguage":"sv-SE","@id":"https:\/\/lightweb.dev\/l\/svm-temp\/#\/schema\/logo\/image\/","url":"https:\/\/lightweb.dev\/l\/svm-temp\/wp-content\/uploads\/2025\/02\/SvM-logo-Xtra-Centrerad-SVART.png","contentUrl":"https:\/\/lightweb.dev\/l\/svm-temp\/wp-content\/uploads\/2025\/02\/SvM-logo-Xtra-Centrerad-SVART.png","width":300,"height":99,"caption":"Melkerson y Nott SL"},"image":{"@id":"https:\/\/lightweb.dev\/l\/svm-temp\/#\/schema\/logo\/image\/"},"sameAs":["https:\/\/www.facebook.com\/svenskamagasinet","https:\/\/x.com\/SvenskaMagasine"]},{"@type":"Person","@id":"https:\/\/lightweb.dev\/l\/svm-temp\/#\/schema\/person\/206a3bda5b607b0c25e1749191e4d837","name":"Redaktionen SvM","description":"Redaktionen","sameAs":["https:\/\/lightweb.dev\/l\/svm-temp"],"url":"https:\/\/lightweb.dev\/l\/svm-temp\/reporter\/redaktionen\/"}]}},"_links":{"self":[{"href":"https:\/\/lightweb.dev\/l\/svm-temp\/wp-json\/wp\/v2\/posts\/28723","targetHints":{"allow":["GET"]}}],"collection":[{"href":"https:\/\/lightweb.dev\/l\/svm-temp\/wp-json\/wp\/v2\/posts"}],"about":[{"href":"https:\/\/lightweb.dev\/l\/svm-temp\/wp-json\/wp\/v2\/types\/post"}],"author":[{"embeddable":true,"href":"https:\/\/lightweb.dev\/l\/svm-temp\/wp-json\/wp\/v2\/users\/8"}],"replies":[{"embeddable":true,"href":"https:\/\/lightweb.dev\/l\/svm-temp\/wp-json\/wp\/v2\/comments?post=28723"}],"version-history":[{"count":0,"href":"https:\/\/lightweb.dev\/l\/svm-temp\/wp-json\/wp\/v2\/posts\/28723\/revisions"}],"wp:featuredmedia":[{"embeddable":true,"href":"https:\/\/lightweb.dev\/l\/svm-temp\/wp-json\/wp\/v2\/media\/28726"}],"wp:attachment":[{"href":"https:\/\/lightweb.dev\/l\/svm-temp\/wp-json\/wp\/v2\/media?parent=28723"}],"wp:term":[{"taxonomy":"category","embeddable":true,"href":"https:\/\/lightweb.dev\/l\/svm-temp\/wp-json\/wp\/v2\/categories?post=28723"},{"taxonomy":"post_tag","embeddable":true,"href":"https:\/\/lightweb.dev\/l\/svm-temp\/wp-json\/wp\/v2\/tags?post=28723"}],"curies":[{"name":"wp","href":"https:\/\/api.w.org\/{rel}","templated":true}]}}