{"id":28727,"date":"2013-10-17T00:00:00","date_gmt":"2013-10-16T22:00:00","guid":{"rendered":"https:\/\/lightweb.dev\/l\/svm-temp\/nyheter\/tio-ganger-storre-risk-for-zigenare-att-bli-stoppad-pa-gatan\/"},"modified":"2013-10-17T00:00:00","modified_gmt":"2013-10-16T22:00:00","slug":"tio-ganger-storre-risk-for-zigenare-att-bli-stoppad-pa-gatan","status":"publish","type":"post","link":"https:\/\/lightweb.dev\/l\/svm-temp\/nyheter\/tio-ganger-storre-risk-for-zigenare-att-bli-stoppad-pa-gatan\/","title":{"rendered":"Tio g\u00e5nger st\u00f6rre risk f\u00f6r zigenare att bli stoppad p\u00e5 gatan"},"content":{"rendered":"<p> Det \u00e4r tio g\u00e5nger st\u00f6rre risk att zigenare, nordafrikaner och m\u00e4nniskor fr\u00e5n Latinamerika stoppas av polisen f\u00f6r att identifieras p\u00e5 gator i Spanien j\u00e4mf\u00f6rt med spanjorerna sj\u00e4lva. Det visar rapporten Metroscopia fr\u00e5n Valencias universitet och Oxford universitet som har intervjuat 2.800 personer.<\/p>\n<p>Rapporten som publicerades under torsdagen bygger p\u00e5 7,9 miljoner poliskontroller som utf\u00f6rdes under fjol\u00e5ret. Den visar \u201dkategoriskt\u201d att det i Spanien finns det \u201ddiskriminerande behandling av vissa minoritetsgrupper som baseras p\u00e5 deras nationalitet och etniska utseende\u201d.<\/p>\n<p>Enligt rapporten handlar det om diskriminering som bygger p\u00e5 ras och etnicitet d\u00e4r zigenare, nordafrikaner, latinamerikaner och f\u00e4rgade afrikaner \u00e4r mest utsatta. Zigenare blir stoppade och tvingas identifiera sig tio g\u00e5nger s\u00e5 oftare \u00e4n europ\u00e9er, nordafrikaner 7,5 g\u00e5nger s\u00e5 oftare och latinamerikanare 6,5 g\u00e5nger s\u00e5 oftare \u00e4n europ\u00e9er skriver nyhetsbyr\u00e5n Europa Press. <\/p>\n","protected":false},"excerpt":{"rendered":"<p>Det \u00e4r tio g\u00e5nger st\u00f6rre risk att zigenare, nordafrikaner och m\u00e4nniskor fr\u00e5n Latinamerika stoppas av polisen f\u00f6r att identifieras p\u00e5 gator i Spanien j\u00e4mf\u00f6rt med spanjorerna sj\u00e4lva. Det visar rapporten Metroscopia fr\u00e5n Valencias universitet och Oxford universitet som har intervjuat 2.800 personer. Rapporten som publicerades under torsdagen bygger p\u00e5 7,9 miljoner poliskontroller som utf\u00f6rdes under [&hellip;]<\/p>\n","protected":false},"author":8,"featured_media":28730,"comment_status":"open","ping_status":"open","sticky":false,"template":"","format":"standard","meta":{"_et_pb_use_builder":"","_et_pb_old_content":"","_et_gb_content_width":"","footnotes":""},"categories":[395,3],"tags":[],"class_list":["post-28727","post","type-post","status-publish","format-standard","has-post-thumbnail","hentry","category-arkiv-nyheter","category-nyheter"],"yoast_head":"<!-- This site is optimized with the Yoast SEO Premium plugin v26.2 (Yoast SEO v27.4) - https:\/\/yoast.com\/product\/yoast-seo-premium-wordpress\/ -->\n<title>Tio g\u00e5nger st\u00f6rre risk f\u00f6r zigenare att bli stoppad p\u00e5 gatan - Svenska Magasinet<\/title>\n<meta name=\"robots\" content=\"noindex, follow, max-snippet:-1, max-image-preview:large, max-video-preview:-1\" \/>\n<meta property=\"og:locale\" content=\"sv_SE\" \/>\n<meta property=\"og:type\" content=\"article\" \/>\n<meta property=\"og:title\" content=\"Tio g\u00e5nger st\u00f6rre risk f\u00f6r zigenare att bli stoppad p\u00e5 gatan\" \/>\n<meta property=\"og:description\" content=\"Det \u00e4r tio g\u00e5nger st\u00f6rre risk att zigenare, nordafrikaner och m\u00e4nniskor fr\u00e5n Latinamerika stoppas av polisen f\u00f6r att identifieras p\u00e5 gator i Spanien j\u00e4mf\u00f6rt med spanjorerna sj\u00e4lva. Det visar rapporten Metroscopia fr\u00e5n Valencias universitet och Oxford universitet som har intervjuat 2.800 personer. Rapporten som publicerades under torsdagen bygger p\u00e5 7,9 miljoner poliskontroller som utf\u00f6rdes under [&hellip;]\" \/>\n<meta property=\"og:url\" content=\"https:\/\/lightweb.dev\/l\/svm-temp\/nyheter\/tio-ganger-storre-risk-for-zigenare-att-bli-stoppad-pa-gatan\/\" \/>\n<meta property=\"og:site_name\" content=\"Svenska Magasinet\" \/>\n<meta property=\"article:publisher\" content=\"https:\/\/www.facebook.com\/svenskamagasinet\" \/>\n<meta property=\"article:published_time\" content=\"2013-10-16T22:00:00+00:00\" \/>\n<meta name=\"author\" content=\"Redaktionen SvM\" \/>\n<meta name=\"twitter:card\" content=\"summary_large_image\" \/>\n<meta name=\"twitter:creator\" content=\"@SvenskaMagasine\" \/>\n<meta name=\"twitter:site\" content=\"@SvenskaMagasine\" \/>\n<script type=\"application\/ld+json\" class=\"yoast-schema-graph\">{\"@context\":\"https:\\\/\\\/schema.org\",\"@graph\":[{\"@type\":\"Article\",\"@id\":\"https:\\\/\\\/lightweb.dev\\\/l\\\/svm-temp\\\/nyheter\\\/tio-ganger-storre-risk-for-zigenare-att-bli-stoppad-pa-gatan\\\/#article\",\"isPartOf\":{\"@id\":\"https:\\\/\\\/lightweb.dev\\\/l\\\/svm-temp\\\/nyheter\\\/tio-ganger-storre-risk-for-zigenare-att-bli-stoppad-pa-gatan\\\/\"},\"author\":{\"name\":\"Redaktionen SvM\",\"@id\":\"https:\\\/\\\/lightweb.dev\\\/l\\\/svm-temp\\\/#\\\/schema\\\/person\\\/206a3bda5b607b0c25e1749191e4d837\"},\"headline\":\"Tio g\u00e5nger st\u00f6rre risk f\u00f6r zigenare att bli stoppad p\u00e5 gatan\",\"datePublished\":\"2013-10-16T22:00:00+00:00\",\"mainEntityOfPage\":{\"@id\":\"https:\\\/\\\/lightweb.dev\\\/l\\\/svm-temp\\\/nyheter\\\/tio-ganger-storre-risk-for-zigenare-att-bli-stoppad-pa-gatan\\\/\"},\"wordCount\":159,\"commentCount\":0,\"publisher\":{\"@id\":\"https:\\\/\\\/lightweb.dev\\\/l\\\/svm-temp\\\/#organization\"},\"image\":{\"@id\":\"https:\\\/\\\/lightweb.dev\\\/l\\\/svm-temp\\\/nyheter\\\/tio-ganger-storre-risk-for-zigenare-att-bli-stoppad-pa-gatan\\\/#primaryimage\"},\"thumbnailUrl\":\"https:\\\/\\\/lightweb.dev\\\/l\\\/svm-temp\\\/wp-content\\\/uploads\\\/2022\\\/06\\\/tio-ganger-storre-risk-for-zigenare-att-bli-stoppad-pa-gatan.png\",\"articleSection\":[\"Arkiv\",\"Nyheter\"],\"inLanguage\":\"sv-SE\"},{\"@type\":\"WebPage\",\"@id\":\"https:\\\/\\\/lightweb.dev\\\/l\\\/svm-temp\\\/nyheter\\\/tio-ganger-storre-risk-for-zigenare-att-bli-stoppad-pa-gatan\\\/\",\"url\":\"https:\\\/\\\/lightweb.dev\\\/l\\\/svm-temp\\\/nyheter\\\/tio-ganger-storre-risk-for-zigenare-att-bli-stoppad-pa-gatan\\\/\",\"name\":\"Tio g\u00e5nger st\u00f6rre risk f\u00f6r zigenare att bli stoppad p\u00e5 gatan - Svenska Magasinet\",\"isPartOf\":{\"@id\":\"https:\\\/\\\/lightweb.dev\\\/l\\\/svm-temp\\\/#website\"},\"primaryImageOfPage\":{\"@id\":\"https:\\\/\\\/lightweb.dev\\\/l\\\/svm-temp\\\/nyheter\\\/tio-ganger-storre-risk-for-zigenare-att-bli-stoppad-pa-gatan\\\/#primaryimage\"},\"image\":{\"@id\":\"https:\\\/\\\/lightweb.dev\\\/l\\\/svm-temp\\\/nyheter\\\/tio-ganger-storre-risk-for-zigenare-att-bli-stoppad-pa-gatan\\\/#primaryimage\"},\"thumbnailUrl\":\"https:\\\/\\\/lightweb.dev\\\/l\\\/svm-temp\\\/wp-content\\\/uploads\\\/2022\\\/06\\\/tio-ganger-storre-risk-for-zigenare-att-bli-stoppad-pa-gatan.png\",\"datePublished\":\"2013-10-16T22:00:00+00:00\",\"breadcrumb\":{\"@id\":\"https:\\\/\\\/lightweb.dev\\\/l\\\/svm-temp\\\/nyheter\\\/tio-ganger-storre-risk-for-zigenare-att-bli-stoppad-pa-gatan\\\/#breadcrumb\"},\"inLanguage\":\"sv-SE\",\"potentialAction\":[{\"@type\":\"ReadAction\",\"target\":[\"https:\\\/\\\/lightweb.dev\\\/l\\\/svm-temp\\\/nyheter\\\/tio-ganger-storre-risk-for-zigenare-att-bli-stoppad-pa-gatan\\\/\"]}]},{\"@type\":\"ImageObject\",\"inLanguage\":\"sv-SE\",\"@id\":\"https:\\\/\\\/lightweb.dev\\\/l\\\/svm-temp\\\/nyheter\\\/tio-ganger-storre-risk-for-zigenare-att-bli-stoppad-pa-gatan\\\/#primaryimage\",\"url\":\"https:\\\/\\\/lightweb.dev\\\/l\\\/svm-temp\\\/wp-content\\\/uploads\\\/2022\\\/06\\\/tio-ganger-storre-risk-for-zigenare-att-bli-stoppad-pa-gatan.png\",\"contentUrl\":\"https:\\\/\\\/lightweb.dev\\\/l\\\/svm-temp\\\/wp-content\\\/uploads\\\/2022\\\/06\\\/tio-ganger-storre-risk-for-zigenare-att-bli-stoppad-pa-gatan.png\",\"width\":299,\"height\":200},{\"@type\":\"BreadcrumbList\",\"@id\":\"https:\\\/\\\/lightweb.dev\\\/l\\\/svm-temp\\\/nyheter\\\/tio-ganger-storre-risk-for-zigenare-att-bli-stoppad-pa-gatan\\\/#breadcrumb\",\"itemListElement\":[{\"@type\":\"ListItem\",\"position\":1,\"name\":\"Hem\",\"item\":\"https:\\\/\\\/lightweb.dev\\\/l\\\/svm-temp\\\/\"},{\"@type\":\"ListItem\",\"position\":2,\"name\":\"Tio g\u00e5nger st\u00f6rre risk f\u00f6r zigenare att bli stoppad p\u00e5 gatan\"}]},{\"@type\":\"WebSite\",\"@id\":\"https:\\\/\\\/lightweb.dev\\\/l\\\/svm-temp\\\/#website\",\"url\":\"https:\\\/\\\/lightweb.dev\\\/l\\\/svm-temp\\\/\",\"name\":\"Svenska Magasinet\",\"description\":\"Dina Spanska nyheter p&aring; Svenska\",\"publisher\":{\"@id\":\"https:\\\/\\\/lightweb.dev\\\/l\\\/svm-temp\\\/#organization\"},\"potentialAction\":[{\"@type\":\"SearchAction\",\"target\":{\"@type\":\"EntryPoint\",\"urlTemplate\":\"https:\\\/\\\/lightweb.dev\\\/l\\\/svm-temp\\\/?s={search_term_string}\"},\"query-input\":{\"@type\":\"PropertyValueSpecification\",\"valueRequired\":true,\"valueName\":\"search_term_string\"}}],\"inLanguage\":\"sv-SE\"},{\"@type\":\"Organization\",\"@id\":\"https:\\\/\\\/lightweb.dev\\\/l\\\/svm-temp\\\/#organization\",\"name\":\"Melkerson y Nott SL\",\"alternateName\":\"Svenska Magasinet\",\"url\":\"https:\\\/\\\/lightweb.dev\\\/l\\\/svm-temp\\\/\",\"logo\":{\"@type\":\"ImageObject\",\"inLanguage\":\"sv-SE\",\"@id\":\"https:\\\/\\\/lightweb.dev\\\/l\\\/svm-temp\\\/#\\\/schema\\\/logo\\\/image\\\/\",\"url\":\"https:\\\/\\\/lightweb.dev\\\/l\\\/svm-temp\\\/wp-content\\\/uploads\\\/2025\\\/02\\\/SvM-logo-Xtra-Centrerad-SVART.png\",\"contentUrl\":\"https:\\\/\\\/lightweb.dev\\\/l\\\/svm-temp\\\/wp-content\\\/uploads\\\/2025\\\/02\\\/SvM-logo-Xtra-Centrerad-SVART.png\",\"width\":300,\"height\":99,\"caption\":\"Melkerson y Nott SL\"},\"image\":{\"@id\":\"https:\\\/\\\/lightweb.dev\\\/l\\\/svm-temp\\\/#\\\/schema\\\/logo\\\/image\\\/\"},\"sameAs\":[\"https:\\\/\\\/www.facebook.com\\\/svenskamagasinet\",\"https:\\\/\\\/x.com\\\/SvenskaMagasine\"]},{\"@type\":\"Person\",\"@id\":\"https:\\\/\\\/lightweb.dev\\\/l\\\/svm-temp\\\/#\\\/schema\\\/person\\\/206a3bda5b607b0c25e1749191e4d837\",\"name\":\"Redaktionen SvM\",\"description\":\"Redaktionen\",\"sameAs\":[\"https:\\\/\\\/lightweb.dev\\\/l\\\/svm-temp\"],\"url\":\"https:\\\/\\\/lightweb.dev\\\/l\\\/svm-temp\\\/reporter\\\/redaktionen\\\/\"}]}<\/script>\n<!-- \/ Yoast SEO Premium plugin. -->","yoast_head_json":{"title":"Tio g\u00e5nger st\u00f6rre risk f\u00f6r zigenare att bli stoppad p\u00e5 gatan - Svenska Magasinet","robots":{"index":"noindex","follow":"follow","max-snippet":"max-snippet:-1","max-image-preview":"max-image-preview:large","max-video-preview":"max-video-preview:-1"},"og_locale":"sv_SE","og_type":"article","og_title":"Tio g\u00e5nger st\u00f6rre risk f\u00f6r zigenare att bli stoppad p\u00e5 gatan","og_description":"Det \u00e4r tio g\u00e5nger st\u00f6rre risk att zigenare, nordafrikaner och m\u00e4nniskor fr\u00e5n Latinamerika stoppas av polisen f\u00f6r att identifieras p\u00e5 gator i Spanien j\u00e4mf\u00f6rt med spanjorerna sj\u00e4lva. Det visar rapporten Metroscopia fr\u00e5n Valencias universitet och Oxford universitet som har intervjuat 2.800 personer. Rapporten som publicerades under torsdagen bygger p\u00e5 7,9 miljoner poliskontroller som utf\u00f6rdes under [&hellip;]","og_url":"https:\/\/lightweb.dev\/l\/svm-temp\/nyheter\/tio-ganger-storre-risk-for-zigenare-att-bli-stoppad-pa-gatan\/","og_site_name":"Svenska Magasinet","article_publisher":"https:\/\/www.facebook.com\/svenskamagasinet","article_published_time":"2013-10-16T22:00:00+00:00","author":"Redaktionen SvM","twitter_card":"summary_large_image","twitter_creator":"@SvenskaMagasine","twitter_site":"@SvenskaMagasine","schema":{"@context":"https:\/\/schema.org","@graph":[{"@type":"Article","@id":"https:\/\/lightweb.dev\/l\/svm-temp\/nyheter\/tio-ganger-storre-risk-for-zigenare-att-bli-stoppad-pa-gatan\/#article","isPartOf":{"@id":"https:\/\/lightweb.dev\/l\/svm-temp\/nyheter\/tio-ganger-storre-risk-for-zigenare-att-bli-stoppad-pa-gatan\/"},"author":{"name":"Redaktionen SvM","@id":"https:\/\/lightweb.dev\/l\/svm-temp\/#\/schema\/person\/206a3bda5b607b0c25e1749191e4d837"},"headline":"Tio g\u00e5nger st\u00f6rre risk f\u00f6r zigenare att bli stoppad p\u00e5 gatan","datePublished":"2013-10-16T22:00:00+00:00","mainEntityOfPage":{"@id":"https:\/\/lightweb.dev\/l\/svm-temp\/nyheter\/tio-ganger-storre-risk-for-zigenare-att-bli-stoppad-pa-gatan\/"},"wordCount":159,"commentCount":0,"publisher":{"@id":"https:\/\/lightweb.dev\/l\/svm-temp\/#organization"},"image":{"@id":"https:\/\/lightweb.dev\/l\/svm-temp\/nyheter\/tio-ganger-storre-risk-for-zigenare-att-bli-stoppad-pa-gatan\/#primaryimage"},"thumbnailUrl":"https:\/\/lightweb.dev\/l\/svm-temp\/wp-content\/uploads\/2022\/06\/tio-ganger-storre-risk-for-zigenare-att-bli-stoppad-pa-gatan.png","articleSection":["Arkiv","Nyheter"],"inLanguage":"sv-SE"},{"@type":"WebPage","@id":"https:\/\/lightweb.dev\/l\/svm-temp\/nyheter\/tio-ganger-storre-risk-for-zigenare-att-bli-stoppad-pa-gatan\/","url":"https:\/\/lightweb.dev\/l\/svm-temp\/nyheter\/tio-ganger-storre-risk-for-zigenare-att-bli-stoppad-pa-gatan\/","name":"Tio g\u00e5nger st\u00f6rre risk f\u00f6r zigenare att bli stoppad p\u00e5 gatan - Svenska Magasinet","isPartOf":{"@id":"https:\/\/lightweb.dev\/l\/svm-temp\/#website"},"primaryImageOfPage":{"@id":"https:\/\/lightweb.dev\/l\/svm-temp\/nyheter\/tio-ganger-storre-risk-for-zigenare-att-bli-stoppad-pa-gatan\/#primaryimage"},"image":{"@id":"https:\/\/lightweb.dev\/l\/svm-temp\/nyheter\/tio-ganger-storre-risk-for-zigenare-att-bli-stoppad-pa-gatan\/#primaryimage"},"thumbnailUrl":"https:\/\/lightweb.dev\/l\/svm-temp\/wp-content\/uploads\/2022\/06\/tio-ganger-storre-risk-for-zigenare-att-bli-stoppad-pa-gatan.png","datePublished":"2013-10-16T22:00:00+00:00","breadcrumb":{"@id":"https:\/\/lightweb.dev\/l\/svm-temp\/nyheter\/tio-ganger-storre-risk-for-zigenare-att-bli-stoppad-pa-gatan\/#breadcrumb"},"inLanguage":"sv-SE","potentialAction":[{"@type":"ReadAction","target":["https:\/\/lightweb.dev\/l\/svm-temp\/nyheter\/tio-ganger-storre-risk-for-zigenare-att-bli-stoppad-pa-gatan\/"]}]},{"@type":"ImageObject","inLanguage":"sv-SE","@id":"https:\/\/lightweb.dev\/l\/svm-temp\/nyheter\/tio-ganger-storre-risk-for-zigenare-att-bli-stoppad-pa-gatan\/#primaryimage","url":"https:\/\/lightweb.dev\/l\/svm-temp\/wp-content\/uploads\/2022\/06\/tio-ganger-storre-risk-for-zigenare-att-bli-stoppad-pa-gatan.png","contentUrl":"https:\/\/lightweb.dev\/l\/svm-temp\/wp-content\/uploads\/2022\/06\/tio-ganger-storre-risk-for-zigenare-att-bli-stoppad-pa-gatan.png","width":299,"height":200},{"@type":"BreadcrumbList","@id":"https:\/\/lightweb.dev\/l\/svm-temp\/nyheter\/tio-ganger-storre-risk-for-zigenare-att-bli-stoppad-pa-gatan\/#breadcrumb","itemListElement":[{"@type":"ListItem","position":1,"name":"Hem","item":"https:\/\/lightweb.dev\/l\/svm-temp\/"},{"@type":"ListItem","position":2,"name":"Tio g\u00e5nger st\u00f6rre risk f\u00f6r zigenare att bli stoppad p\u00e5 gatan"}]},{"@type":"WebSite","@id":"https:\/\/lightweb.dev\/l\/svm-temp\/#website","url":"https:\/\/lightweb.dev\/l\/svm-temp\/","name":"Svenska Magasinet","description":"Dina Spanska nyheter p&aring; Svenska","publisher":{"@id":"https:\/\/lightweb.dev\/l\/svm-temp\/#organization"},"potentialAction":[{"@type":"SearchAction","target":{"@type":"EntryPoint","urlTemplate":"https:\/\/lightweb.dev\/l\/svm-temp\/?s={search_term_string}"},"query-input":{"@type":"PropertyValueSpecification","valueRequired":true,"valueName":"search_term_string"}}],"inLanguage":"sv-SE"},{"@type":"Organization","@id":"https:\/\/lightweb.dev\/l\/svm-temp\/#organization","name":"Melkerson y Nott SL","alternateName":"Svenska Magasinet","url":"https:\/\/lightweb.dev\/l\/svm-temp\/","logo":{"@type":"ImageObject","inLanguage":"sv-SE","@id":"https:\/\/lightweb.dev\/l\/svm-temp\/#\/schema\/logo\/image\/","url":"https:\/\/lightweb.dev\/l\/svm-temp\/wp-content\/uploads\/2025\/02\/SvM-logo-Xtra-Centrerad-SVART.png","contentUrl":"https:\/\/lightweb.dev\/l\/svm-temp\/wp-content\/uploads\/2025\/02\/SvM-logo-Xtra-Centrerad-SVART.png","width":300,"height":99,"caption":"Melkerson y Nott SL"},"image":{"@id":"https:\/\/lightweb.dev\/l\/svm-temp\/#\/schema\/logo\/image\/"},"sameAs":["https:\/\/www.facebook.com\/svenskamagasinet","https:\/\/x.com\/SvenskaMagasine"]},{"@type":"Person","@id":"https:\/\/lightweb.dev\/l\/svm-temp\/#\/schema\/person\/206a3bda5b607b0c25e1749191e4d837","name":"Redaktionen SvM","description":"Redaktionen","sameAs":["https:\/\/lightweb.dev\/l\/svm-temp"],"url":"https:\/\/lightweb.dev\/l\/svm-temp\/reporter\/redaktionen\/"}]}},"_links":{"self":[{"href":"https:\/\/lightweb.dev\/l\/svm-temp\/wp-json\/wp\/v2\/posts\/28727","targetHints":{"allow":["GET"]}}],"collection":[{"href":"https:\/\/lightweb.dev\/l\/svm-temp\/wp-json\/wp\/v2\/posts"}],"about":[{"href":"https:\/\/lightweb.dev\/l\/svm-temp\/wp-json\/wp\/v2\/types\/post"}],"author":[{"embeddable":true,"href":"https:\/\/lightweb.dev\/l\/svm-temp\/wp-json\/wp\/v2\/users\/8"}],"replies":[{"embeddable":true,"href":"https:\/\/lightweb.dev\/l\/svm-temp\/wp-json\/wp\/v2\/comments?post=28727"}],"version-history":[{"count":0,"href":"https:\/\/lightweb.dev\/l\/svm-temp\/wp-json\/wp\/v2\/posts\/28727\/revisions"}],"wp:featuredmedia":[{"embeddable":true,"href":"https:\/\/lightweb.dev\/l\/svm-temp\/wp-json\/wp\/v2\/media\/28730"}],"wp:attachment":[{"href":"https:\/\/lightweb.dev\/l\/svm-temp\/wp-json\/wp\/v2\/media?parent=28727"}],"wp:term":[{"taxonomy":"category","embeddable":true,"href":"https:\/\/lightweb.dev\/l\/svm-temp\/wp-json\/wp\/v2\/categories?post=28727"},{"taxonomy":"post_tag","embeddable":true,"href":"https:\/\/lightweb.dev\/l\/svm-temp\/wp-json\/wp\/v2\/tags?post=28727"}],"curies":[{"name":"wp","href":"https:\/\/api.w.org\/{rel}","templated":true}]}}